{"id":782,"date":"2014-06-20T16:52:14","date_gmt":"2014-06-20T16:52:14","guid":{"rendered":"http:\/\/kirstengomez.es\/bodas\/?p=782"},"modified":"2015-03-27T16:52:35","modified_gmt":"2015-03-27T16:52:35","slug":"el-inicio-de-la-aventura-de-e-e","status":"publish","type":"post","link":"http:\/\/kirstengomez.es\/bodas\/?p=782","title":{"rendered":"El inicio de la aventura de E &#038; E"},"content":{"rendered":"<p style=\"text-align: justify;\">Cada vez falta menos para la celebraci\u00f3n del enlace de E&amp;E, estoy muy contenta de haber podido acompa\u00f1arlos en todo momento. Aqu\u00ed fuimos al juzgado para las entrevistas con las testigos. Me hizo gracia lo que nos dijeron los empleados de all\u00ed:<\/p>\n<p style=\"text-align: justify;\"><span style=\"color: #808080;\">&#8211; Sab\u00e9is que hoy no es el enlace, \u00bfverdad?<\/span><\/p>\n<p><span style=\"color: #808080;\">&#8211; \u00a1S\u00ed!<\/span><\/p>\n<p><span style=\"color: #808080;\">&#8211; \u00a1Como llev\u00e1is fot\u00f3grafa!<\/span><\/p>\n<p><span style=\"color: #808080;\">\ud83d\ude42<\/span><\/p>\n<p>&nbsp;<\/p>\n<p><a href=\"http:\/\/kirstengomez.es\/blog\/wp-content\/uploads\/2014\/06\/EE-4.jpg\"><br \/>\n<\/a><a href=\"https:\/\/i0.wp.com\/kirstengomez.es\/blog\/wp-content\/uploads\/2014\/06\/EE-71.jpg\"><img data-recalc-dims=\"1\" loading=\"lazy\" decoding=\"async\" data-attachment-id=\"4745\" data-permalink=\"http:\/\/kirstengomez.es\/bodas\/?attachment_id=4745\" data-orig-file=\"https:\/\/i0.wp.com\/kirstengomez.es\/bodas\/wp-content\/uploads\/2017\/07\/dxboda-123.jpg?fit=700%2C467\" data-orig-size=\"700,467\" data-comments-opened=\"1\" data-image-meta=\"{&quot;aperture&quot;:&quot;0&quot;,&quot;credit&quot;:&quot;&quot;,&quot;camera&quot;:&quot;&quot;,&quot;caption&quot;:&quot;&quot;,&quot;created_timestamp&quot;:&quot;0&quot;,&quot;copyright&quot;:&quot;&quot;,&quot;focal_length&quot;:&quot;0&quot;,&quot;iso&quot;:&quot;0&quot;,&quot;shutter_speed&quot;:&quot;0&quot;,&quot;title&quot;:&quot;&quot;,&quot;orientation&quot;:&quot;0&quot;}\" data-image-title=\"\" data-image-description=\"\" data-image-caption=\"\" data-large-file=\"https:\/\/i0.wp.com\/kirstengomez.es\/bodas\/wp-content\/uploads\/2017\/07\/dxboda-123.jpg?fit=700%2C467\" class=\"aligncenter size-full wp-image-4745\" src=\"https:\/\/i0.wp.com\/kirstengomez.es\/blog\/wp-content\/uploads\/2014\/06\/EE-71.jpg?resize=900%2C600\" alt=\"E&amp;E-7\" width=\"900\" height=\"600\" \/><\/a><\/p>\n<p><a href=\"https:\/\/i0.wp.com\/kirstengomez.es\/blog\/wp-content\/uploads\/2014\/06\/EE-51.jpg\"><img data-recalc-dims=\"1\" loading=\"lazy\" decoding=\"async\" data-attachment-id=\"4744\" data-permalink=\"http:\/\/kirstengomez.es\/bodas\/?attachment_id=4744\" data-orig-file=\"https:\/\/i0.wp.com\/kirstengomez.es\/bodas\/wp-content\/uploads\/2017\/07\/dxboda-122.jpg?fit=700%2C467\" data-orig-size=\"700,467\" data-comments-opened=\"1\" data-image-meta=\"{&quot;aperture&quot;:&quot;0&quot;,&quot;credit&quot;:&quot;&quot;,&quot;camera&quot;:&quot;&quot;,&quot;caption&quot;:&quot;&quot;,&quot;created_timestamp&quot;:&quot;0&quot;,&quot;copyright&quot;:&quot;&quot;,&quot;focal_length&quot;:&quot;0&quot;,&quot;iso&quot;:&quot;0&quot;,&quot;shutter_speed&quot;:&quot;0&quot;,&quot;title&quot;:&quot;&quot;,&quot;orientation&quot;:&quot;0&quot;}\" data-image-title=\"\" data-image-description=\"\" data-image-caption=\"\" data-large-file=\"https:\/\/i0.wp.com\/kirstengomez.es\/bodas\/wp-content\/uploads\/2017\/07\/dxboda-122.jpg?fit=700%2C467\" class=\"aligncenter size-full wp-image-4744\" src=\"https:\/\/i0.wp.com\/kirstengomez.es\/blog\/wp-content\/uploads\/2014\/06\/EE-51.jpg?resize=900%2C600\" alt=\"E&amp;E-5\" width=\"900\" height=\"600\" \/><\/a><\/p>\n<p><a href=\"https:\/\/i0.wp.com\/kirstengomez.es\/blog\/wp-content\/uploads\/2014\/06\/EE-20.jpg\"><img data-recalc-dims=\"1\" loading=\"lazy\" decoding=\"async\" data-attachment-id=\"4736\" data-permalink=\"http:\/\/kirstengomez.es\/bodas\/?attachment_id=4736\" data-orig-file=\"https:\/\/i0.wp.com\/kirstengomez.es\/bodas\/wp-content\/uploads\/2017\/07\/dxboda-114.jpg?fit=700%2C467\" data-orig-size=\"700,467\" data-comments-opened=\"1\" data-image-meta=\"{&quot;aperture&quot;:&quot;0&quot;,&quot;credit&quot;:&quot;&quot;,&quot;camera&quot;:&quot;&quot;,&quot;caption&quot;:&quot;&quot;,&quot;created_timestamp&quot;:&quot;0&quot;,&quot;copyright&quot;:&quot;&quot;,&quot;focal_length&quot;:&quot;0&quot;,&quot;iso&quot;:&quot;0&quot;,&quot;shutter_speed&quot;:&quot;0&quot;,&quot;title&quot;:&quot;&quot;,&quot;orientation&quot;:&quot;0&quot;}\" data-image-title=\"\" data-image-description=\"\" data-image-caption=\"\" data-large-file=\"https:\/\/i0.wp.com\/kirstengomez.es\/bodas\/wp-content\/uploads\/2017\/07\/dxboda-114.jpg?fit=700%2C467\" class=\"aligncenter size-full wp-image-4736\" src=\"https:\/\/i0.wp.com\/kirstengomez.es\/blog\/wp-content\/uploads\/2014\/06\/EE-20.jpg?resize=900%2C600\" alt=\"E&amp;E-20\" width=\"900\" height=\"600\" \/><\/a><\/p>\n<p><a href=\"https:\/\/i0.wp.com\/kirstengomez.es\/blog\/wp-content\/uploads\/2014\/06\/EE-11.jpg\"><img data-recalc-dims=\"1\" loading=\"lazy\" decoding=\"async\" data-attachment-id=\"4732\" data-permalink=\"http:\/\/kirstengomez.es\/bodas\/?attachment_id=4732\" data-orig-file=\"https:\/\/i0.wp.com\/kirstengomez.es\/bodas\/wp-content\/uploads\/2017\/07\/dxboda-110.jpg?fit=700%2C467\" data-orig-size=\"700,467\" data-comments-opened=\"1\" data-image-meta=\"{&quot;aperture&quot;:&quot;0&quot;,&quot;credit&quot;:&quot;&quot;,&quot;camera&quot;:&quot;&quot;,&quot;caption&quot;:&quot;&quot;,&quot;created_timestamp&quot;:&quot;0&quot;,&quot;copyright&quot;:&quot;&quot;,&quot;focal_length&quot;:&quot;0&quot;,&quot;iso&quot;:&quot;0&quot;,&quot;shutter_speed&quot;:&quot;0&quot;,&quot;title&quot;:&quot;&quot;,&quot;orientation&quot;:&quot;0&quot;}\" data-image-title=\"\" data-image-description=\"\" data-image-caption=\"\" data-large-file=\"https:\/\/i0.wp.com\/kirstengomez.es\/bodas\/wp-content\/uploads\/2017\/07\/dxboda-110.jpg?fit=700%2C467\" class=\"aligncenter size-full wp-image-4732\" src=\"https:\/\/i0.wp.com\/kirstengomez.es\/blog\/wp-content\/uploads\/2014\/06\/EE-11.jpg?resize=900%2C600\" alt=\"E&amp;E-11\" width=\"900\" height=\"600\" \/><\/a><\/p>\n<p><a href=\"https:\/\/i0.wp.com\/kirstengomez.es\/blog\/wp-content\/uploads\/2014\/06\/EE-13.jpg\"><img data-recalc-dims=\"1\" loading=\"lazy\" decoding=\"async\" data-attachment-id=\"4733\" data-permalink=\"http:\/\/kirstengomez.es\/bodas\/?attachment_id=4733\" data-orig-file=\"https:\/\/i0.wp.com\/kirstengomez.es\/bodas\/wp-content\/uploads\/2017\/07\/dxboda-111.jpg?fit=700%2C467\" data-orig-size=\"700,467\" data-comments-opened=\"1\" data-image-meta=\"{&quot;aperture&quot;:&quot;0&quot;,&quot;credit&quot;:&quot;&quot;,&quot;camera&quot;:&quot;&quot;,&quot;caption&quot;:&quot;&quot;,&quot;created_timestamp&quot;:&quot;0&quot;,&quot;copyright&quot;:&quot;&quot;,&quot;focal_length&quot;:&quot;0&quot;,&quot;iso&quot;:&quot;0&quot;,&quot;shutter_speed&quot;:&quot;0&quot;,&quot;title&quot;:&quot;&quot;,&quot;orientation&quot;:&quot;0&quot;}\" data-image-title=\"\" data-image-description=\"\" data-image-caption=\"\" data-large-file=\"https:\/\/i0.wp.com\/kirstengomez.es\/bodas\/wp-content\/uploads\/2017\/07\/dxboda-111.jpg?fit=700%2C467\" class=\"aligncenter size-full wp-image-4733\" src=\"https:\/\/i0.wp.com\/kirstengomez.es\/blog\/wp-content\/uploads\/2014\/06\/EE-13.jpg?resize=900%2C600\" alt=\"E&amp;E\" width=\"900\" height=\"600\" \/><\/a><br \/>\n<a href=\"https:\/\/i0.wp.com\/kirstengomez.es\/blog\/wp-content\/uploads\/2014\/06\/EE-17.jpg\"><img data-recalc-dims=\"1\" loading=\"lazy\" decoding=\"async\" data-attachment-id=\"4735\" data-permalink=\"http:\/\/kirstengomez.es\/bodas\/?attachment_id=4735\" data-orig-file=\"https:\/\/i0.wp.com\/kirstengomez.es\/bodas\/wp-content\/uploads\/2017\/07\/dxboda-113.jpg?fit=700%2C467\" data-orig-size=\"700,467\" data-comments-opened=\"1\" data-image-meta=\"{&quot;aperture&quot;:&quot;0&quot;,&quot;credit&quot;:&quot;&quot;,&quot;camera&quot;:&quot;&quot;,&quot;caption&quot;:&quot;&quot;,&quot;created_timestamp&quot;:&quot;0&quot;,&quot;copyright&quot;:&quot;&quot;,&quot;focal_length&quot;:&quot;0&quot;,&quot;iso&quot;:&quot;0&quot;,&quot;shutter_speed&quot;:&quot;0&quot;,&quot;title&quot;:&quot;&quot;,&quot;orientation&quot;:&quot;0&quot;}\" data-image-title=\"\" data-image-description=\"\" data-image-caption=\"\" data-large-file=\"https:\/\/i0.wp.com\/kirstengomez.es\/bodas\/wp-content\/uploads\/2017\/07\/dxboda-113.jpg?fit=700%2C467\" class=\"aligncenter size-full wp-image-4735\" src=\"https:\/\/i0.wp.com\/kirstengomez.es\/blog\/wp-content\/uploads\/2014\/06\/EE-17.jpg?resize=600%2C900\" alt=\"E&amp;E-17\" width=\"600\" height=\"900\" \/><\/a><br \/>\n<a href=\"https:\/\/i0.wp.com\/kirstengomez.es\/blog\/wp-content\/uploads\/2014\/06\/EE-15.jpg\"><img data-recalc-dims=\"1\" loading=\"lazy\" decoding=\"async\" data-attachment-id=\"4734\" data-permalink=\"http:\/\/kirstengomez.es\/bodas\/?attachment_id=4734\" data-orig-file=\"https:\/\/i0.wp.com\/kirstengomez.es\/bodas\/wp-content\/uploads\/2017\/07\/dxboda-112.jpg?fit=700%2C467\" data-orig-size=\"700,467\" data-comments-opened=\"1\" data-image-meta=\"{&quot;aperture&quot;:&quot;0&quot;,&quot;credit&quot;:&quot;&quot;,&quot;camera&quot;:&quot;&quot;,&quot;caption&quot;:&quot;&quot;,&quot;created_timestamp&quot;:&quot;0&quot;,&quot;copyright&quot;:&quot;&quot;,&quot;focal_length&quot;:&quot;0&quot;,&quot;iso&quot;:&quot;0&quot;,&quot;shutter_speed&quot;:&quot;0&quot;,&quot;title&quot;:&quot;&quot;,&quot;orientation&quot;:&quot;0&quot;}\" data-image-title=\"\" data-image-description=\"\" data-image-caption=\"\" data-large-file=\"https:\/\/i0.wp.com\/kirstengomez.es\/bodas\/wp-content\/uploads\/2017\/07\/dxboda-112.jpg?fit=700%2C467\" class=\"aligncenter size-full wp-image-4734\" src=\"https:\/\/i0.wp.com\/kirstengomez.es\/blog\/wp-content\/uploads\/2014\/06\/EE-15.jpg?resize=600%2C900\" alt=\"E&amp;E-15\" width=\"600\" height=\"900\" \/><\/a><\/p>\n<p><a href=\"https:\/\/i0.wp.com\/kirstengomez.es\/blog\/wp-content\/uploads\/2014\/06\/EE-25.jpg\"><img data-recalc-dims=\"1\" loading=\"lazy\" decoding=\"async\" data-attachment-id=\"4739\" data-permalink=\"http:\/\/kirstengomez.es\/bodas\/?attachment_id=4739\" data-orig-file=\"https:\/\/i0.wp.com\/kirstengomez.es\/bodas\/wp-content\/uploads\/2017\/07\/dxboda-117.jpg?fit=700%2C467\" data-orig-size=\"700,467\" data-comments-opened=\"1\" data-image-meta=\"{&quot;aperture&quot;:&quot;0&quot;,&quot;credit&quot;:&quot;&quot;,&quot;camera&quot;:&quot;&quot;,&quot;caption&quot;:&quot;&quot;,&quot;created_timestamp&quot;:&quot;0&quot;,&quot;copyright&quot;:&quot;&quot;,&quot;focal_length&quot;:&quot;0&quot;,&quot;iso&quot;:&quot;0&quot;,&quot;shutter_speed&quot;:&quot;0&quot;,&quot;title&quot;:&quot;&quot;,&quot;orientation&quot;:&quot;0&quot;}\" data-image-title=\"\" data-image-description=\"\" data-image-caption=\"\" data-large-file=\"https:\/\/i0.wp.com\/kirstengomez.es\/bodas\/wp-content\/uploads\/2017\/07\/dxboda-117.jpg?fit=700%2C467\" class=\"aligncenter size-full wp-image-4739\" src=\"https:\/\/i0.wp.com\/kirstengomez.es\/blog\/wp-content\/uploads\/2014\/06\/EE-25.jpg?resize=600%2C900\" alt=\"E&amp;E-25\" width=\"600\" height=\"900\" \/><\/a><\/p>\n<p><a href=\"https:\/\/i0.wp.com\/kirstengomez.es\/blog\/wp-content\/uploads\/2014\/06\/EE-28.jpg\"><img data-recalc-dims=\"1\" loading=\"lazy\" decoding=\"async\" data-attachment-id=\"4742\" data-permalink=\"http:\/\/kirstengomez.es\/bodas\/?attachment_id=4742\" data-orig-file=\"https:\/\/i0.wp.com\/kirstengomez.es\/bodas\/wp-content\/uploads\/2017\/07\/dxboda-120.jpg?fit=700%2C467\" data-orig-size=\"700,467\" data-comments-opened=\"1\" data-image-meta=\"{&quot;aperture&quot;:&quot;0&quot;,&quot;credit&quot;:&quot;&quot;,&quot;camera&quot;:&quot;&quot;,&quot;caption&quot;:&quot;&quot;,&quot;created_timestamp&quot;:&quot;0&quot;,&quot;copyright&quot;:&quot;&quot;,&quot;focal_length&quot;:&quot;0&quot;,&quot;iso&quot;:&quot;0&quot;,&quot;shutter_speed&quot;:&quot;0&quot;,&quot;title&quot;:&quot;&quot;,&quot;orientation&quot;:&quot;0&quot;}\" data-image-title=\"\" data-image-description=\"\" data-image-caption=\"\" data-large-file=\"https:\/\/i0.wp.com\/kirstengomez.es\/bodas\/wp-content\/uploads\/2017\/07\/dxboda-120.jpg?fit=700%2C467\" class=\"aligncenter size-full wp-image-4742\" src=\"https:\/\/i0.wp.com\/kirstengomez.es\/blog\/wp-content\/uploads\/2014\/06\/EE-28.jpg?resize=900%2C600\" alt=\"E&amp;E-28\" width=\"900\" height=\"600\" \/><\/a><br \/>\n<a href=\"https:\/\/i0.wp.com\/kirstengomez.es\/blog\/wp-content\/uploads\/2014\/06\/EE-27.jpg\"><img data-recalc-dims=\"1\" loading=\"lazy\" decoding=\"async\" data-attachment-id=\"4741\" data-permalink=\"http:\/\/kirstengomez.es\/bodas\/?attachment_id=4741\" data-orig-file=\"https:\/\/i0.wp.com\/kirstengomez.es\/bodas\/wp-content\/uploads\/2017\/07\/dxboda-119.jpg?fit=700%2C467\" data-orig-size=\"700,467\" data-comments-opened=\"1\" data-image-meta=\"{&quot;aperture&quot;:&quot;0&quot;,&quot;credit&quot;:&quot;&quot;,&quot;camera&quot;:&quot;&quot;,&quot;caption&quot;:&quot;&quot;,&quot;created_timestamp&quot;:&quot;0&quot;,&quot;copyright&quot;:&quot;&quot;,&quot;focal_length&quot;:&quot;0&quot;,&quot;iso&quot;:&quot;0&quot;,&quot;shutter_speed&quot;:&quot;0&quot;,&quot;title&quot;:&quot;&quot;,&quot;orientation&quot;:&quot;0&quot;}\" data-image-title=\"\" data-image-description=\"\" data-image-caption=\"\" data-large-file=\"https:\/\/i0.wp.com\/kirstengomez.es\/bodas\/wp-content\/uploads\/2017\/07\/dxboda-119.jpg?fit=700%2C467\" class=\"aligncenter size-full wp-image-4741\" src=\"https:\/\/i0.wp.com\/kirstengomez.es\/blog\/wp-content\/uploads\/2014\/06\/EE-27.jpg?resize=900%2C600\" alt=\"E&amp;E-27\" width=\"900\" height=\"600\" \/><\/a><br \/>\n<a href=\"https:\/\/i0.wp.com\/kirstengomez.es\/blog\/wp-content\/uploads\/2014\/06\/EE-26.jpg\"><img data-recalc-dims=\"1\" loading=\"lazy\" decoding=\"async\" data-attachment-id=\"4740\" data-permalink=\"http:\/\/kirstengomez.es\/bodas\/?attachment_id=4740\" data-orig-file=\"https:\/\/i0.wp.com\/kirstengomez.es\/bodas\/wp-content\/uploads\/2017\/07\/dxboda-118.jpg?fit=700%2C467\" data-orig-size=\"700,467\" data-comments-opened=\"1\" data-image-meta=\"{&quot;aperture&quot;:&quot;0&quot;,&quot;credit&quot;:&quot;&quot;,&quot;camera&quot;:&quot;&quot;,&quot;caption&quot;:&quot;&quot;,&quot;created_timestamp&quot;:&quot;0&quot;,&quot;copyright&quot;:&quot;&quot;,&quot;focal_length&quot;:&quot;0&quot;,&quot;iso&quot;:&quot;0&quot;,&quot;shutter_speed&quot;:&quot;0&quot;,&quot;title&quot;:&quot;&quot;,&quot;orientation&quot;:&quot;0&quot;}\" data-image-title=\"\" data-image-description=\"\" data-image-caption=\"\" data-large-file=\"https:\/\/i0.wp.com\/kirstengomez.es\/bodas\/wp-content\/uploads\/2017\/07\/dxboda-118.jpg?fit=700%2C467\" class=\"aligncenter size-full wp-image-4740\" src=\"https:\/\/i0.wp.com\/kirstengomez.es\/blog\/wp-content\/uploads\/2014\/06\/EE-26.jpg?resize=900%2C600\" alt=\"E&amp;E-26\" width=\"900\" height=\"600\" \/><\/a><\/p>\n<p><a href=\"https:\/\/i0.wp.com\/kirstengomez.es\/blog\/wp-content\/uploads\/2014\/06\/EE-23.jpg\"><img data-recalc-dims=\"1\" loading=\"lazy\" decoding=\"async\" data-attachment-id=\"4738\" data-permalink=\"http:\/\/kirstengomez.es\/bodas\/?attachment_id=4738\" data-orig-file=\"https:\/\/i0.wp.com\/kirstengomez.es\/bodas\/wp-content\/uploads\/2017\/07\/dxboda-116.jpg?fit=700%2C467\" data-orig-size=\"700,467\" data-comments-opened=\"1\" data-image-meta=\"{&quot;aperture&quot;:&quot;0&quot;,&quot;credit&quot;:&quot;&quot;,&quot;camera&quot;:&quot;&quot;,&quot;caption&quot;:&quot;&quot;,&quot;created_timestamp&quot;:&quot;0&quot;,&quot;copyright&quot;:&quot;&quot;,&quot;focal_length&quot;:&quot;0&quot;,&quot;iso&quot;:&quot;0&quot;,&quot;shutter_speed&quot;:&quot;0&quot;,&quot;title&quot;:&quot;&quot;,&quot;orientation&quot;:&quot;0&quot;}\" data-image-title=\"\" data-image-description=\"\" data-image-caption=\"\" data-large-file=\"https:\/\/i0.wp.com\/kirstengomez.es\/bodas\/wp-content\/uploads\/2017\/07\/dxboda-116.jpg?fit=700%2C467\" class=\"aligncenter size-full wp-image-4738\" src=\"https:\/\/i0.wp.com\/kirstengomez.es\/blog\/wp-content\/uploads\/2014\/06\/EE-23.jpg?resize=900%2C600\" alt=\"E&amp;E-23\" width=\"900\" height=\"600\" \/><\/a><\/p>\n<p>&nbsp;<\/p>\n<p><a href=\"http:\/\/kirstengomez.es\/blog\/wp-content\/uploads\/2014\/06\/EE-12.jpg\"><br \/>\n<\/a><br \/>\n<a href=\"http:\/\/kirstengomez.es\/blog\/wp-content\/uploads\/2014\/06\/EE-2.jpg\"><br \/>\n<\/a><br \/>\n<a href=\"http:\/\/kirstengomez.es\/blog\/wp-content\/uploads\/2014\/06\/EE-5.jpg\"><br \/>\n<\/a><br \/>\n<a href=\"http:\/\/kirstengomez.es\/blog\/wp-content\/uploads\/2014\/06\/EE-6.jpg\"><br \/>\n<\/a><\/p>\n<p><a href=\"http:\/\/kirstengomez.es\/blog\/wp-content\/uploads\/2014\/06\/EE-8.jpg\"><br \/>\n<\/a><br \/>\n<a href=\"http:\/\/kirstengomez.es\/blog\/wp-content\/uploads\/2014\/06\/EE-9.jpg\"><br \/>\n<\/a><br \/>\n<a href=\"http:\/\/kirstengomez.es\/blog\/wp-content\/uploads\/2014\/06\/EE-10.jpg\"><br \/>\n<\/a><br \/>\n<a href=\"http:\/\/kirstengomez.es\/blog\/wp-content\/uploads\/2014\/06\/EE-11.jpg\"><br \/>\n<\/a><br \/>\n<a href=\"http:\/\/kirstengomez.es\/blog\/wp-content\/uploads\/2014\/06\/EE-12.jpg\"><br \/>\n<\/a><\/p>\n<p>&nbsp;<\/p>\n<p><a href=\"http:\/\/kirstengomez.es\/blog\/wp-content\/uploads\/2014\/06\/EE-14.jpg\"><br \/>\n<\/a><\/p>\n","protected":false},"excerpt":{"rendered":"<p>Cada vez falta menos para la celebraci\u00f3n del enlace de E&amp;E, estoy muy contenta de haber podido acompa\u00f1arlos en todo momento. Aqu\u00ed fuimos al juzgado para las entrevistas con las testigos. Me hizo gracia lo que nos dijeron los empleados de all\u00ed: &#8211; Sab\u00e9is que hoy no es el enlace, \u00bfverdad? &#8211; \u00a1S\u00ed! &#8211; \u00a1Como&#8230;<\/p>\n","protected":false},"author":1,"featured_media":784,"comment_status":"open","ping_status":"open","sticky":false,"template":"","format":"image","meta":{"jetpack_post_was_ever_published":false,"_jetpack_newsletter_access":"","_jetpack_dont_email_post_to_subs":false,"_jetpack_newsletter_tier_id":0,"_jetpack_memberships_contains_paywalled_content":false,"_jetpack_memberships_contains_paid_content":false,"footnotes":"","jetpack_publicize_message":"","jetpack_publicize_feature_enabled":true,"jetpack_social_post_already_shared":false,"jetpack_social_options":{"image_generator_settings":{"template":"highway","default_image_id":0,"font":"","enabled":false},"version":2}},"categories":[11],"tags":[],"class_list":["post-782","post","type-post","status-publish","format-image","has-post-thumbnail","hentry","category-fotografia","post_format-post-format-image"],"jetpack_publicize_connections":[],"jetpack_featured_media_url":"https:\/\/i0.wp.com\/kirstengomez.es\/bodas\/wp-content\/uploads\/2015\/03\/ee-23-copia.jpg?fit=900%2C600","jetpack_sharing_enabled":true,"jetpack_shortlink":"https:\/\/wp.me\/p5ZDAn-cC","_links":{"self":[{"href":"http:\/\/kirstengomez.es\/bodas\/index.php?rest_route=\/wp\/v2\/posts\/782","targetHints":{"allow":["GET"]}}],"collection":[{"href":"http:\/\/kirstengomez.es\/bodas\/index.php?rest_route=\/wp\/v2\/posts"}],"about":[{"href":"http:\/\/kirstengomez.es\/bodas\/index.php?rest_route=\/wp\/v2\/types\/post"}],"author":[{"embeddable":true,"href":"http:\/\/kirstengomez.es\/bodas\/index.php?rest_route=\/wp\/v2\/users\/1"}],"replies":[{"embeddable":true,"href":"http:\/\/kirstengomez.es\/bodas\/index.php?rest_route=%2Fwp%2Fv2%2Fcomments&post=782"}],"version-history":[{"count":1,"href":"http:\/\/kirstengomez.es\/bodas\/index.php?rest_route=\/wp\/v2\/posts\/782\/revisions"}],"predecessor-version":[{"id":783,"href":"http:\/\/kirstengomez.es\/bodas\/index.php?rest_route=\/wp\/v2\/posts\/782\/revisions\/783"}],"wp:featuredmedia":[{"embeddable":true,"href":"http:\/\/kirstengomez.es\/bodas\/index.php?rest_route=\/wp\/v2\/media\/784"}],"wp:attachment":[{"href":"http:\/\/kirstengomez.es\/bodas\/index.php?rest_route=%2Fwp%2Fv2%2Fmedia&parent=782"}],"wp:term":[{"taxonomy":"category","embeddable":true,"href":"http:\/\/kirstengomez.es\/bodas\/index.php?rest_route=%2Fwp%2Fv2%2Fcategories&post=782"},{"taxonomy":"post_tag","embeddable":true,"href":"http:\/\/kirstengomez.es\/bodas\/index.php?rest_route=%2Fwp%2Fv2%2Ftags&post=782"}],"curies":[{"name":"wp","href":"https:\/\/api.w.org\/{rel}","templated":true}]}}