{"id":4667,"date":"2017-07-21T22:04:38","date_gmt":"2017-07-21T22:04:38","guid":{"rendered":"http:\/\/kirstengomez.es\/bodas\/?p=4667"},"modified":"2017-12-03T09:00:24","modified_gmt":"2017-12-03T09:00:24","slug":"4667","status":"publish","type":"post","link":"http:\/\/kirstengomez.es\/bodas\/?p=4667","title":{"rendered":"D &#038; X"},"content":{"rendered":"<p>En un id\u00edlico lugar llamado Masia el Xaloc se celebr\u00f3 la boda de D&amp;X.<\/p>\n<p>&nbsp;<\/p>\n<p><img data-recalc-dims=\"1\" loading=\"lazy\" decoding=\"async\" data-attachment-id=\"4672\" data-permalink=\"http:\/\/kirstengomez.es\/bodas\/?attachment_id=4672\" data-orig-file=\"https:\/\/i0.wp.com\/kirstengomez.es\/bodas\/wp-content\/uploads\/2017\/07\/dxboda-48.jpg?fit=700%2C467\" data-orig-size=\"700,467\" data-comments-opened=\"1\" data-image-meta=\"{&quot;aperture&quot;:&quot;0&quot;,&quot;credit&quot;:&quot;&quot;,&quot;camera&quot;:&quot;&quot;,&quot;caption&quot;:&quot;&quot;,&quot;created_timestamp&quot;:&quot;0&quot;,&quot;copyright&quot;:&quot;&quot;,&quot;focal_length&quot;:&quot;0&quot;,&quot;iso&quot;:&quot;0&quot;,&quot;shutter_speed&quot;:&quot;0&quot;,&quot;title&quot;:&quot;&quot;,&quot;orientation&quot;:&quot;0&quot;}\" data-image-title=\"\" data-image-description=\"\" data-image-caption=\"\" data-large-file=\"https:\/\/i0.wp.com\/kirstengomez.es\/bodas\/wp-content\/uploads\/2017\/07\/dxboda-48.jpg?fit=700%2C467\" class=\"alignnone size-full wp-image-4672\" src=\"https:\/\/i0.wp.com\/kirstengomez.es\/bodas\/wp-content\/uploads\/2017\/07\/dxboda-48.jpg?resize=700%2C467\" alt=\"\" width=\"700\" height=\"467\" srcset=\"https:\/\/i0.wp.com\/kirstengomez.es\/bodas\/wp-content\/uploads\/2017\/07\/dxboda-48.jpg?w=700 700w, https:\/\/i0.wp.com\/kirstengomez.es\/bodas\/wp-content\/uploads\/2017\/07\/dxboda-48.jpg?resize=300%2C200 300w, https:\/\/i0.wp.com\/kirstengomez.es\/bodas\/wp-content\/uploads\/2017\/07\/dxboda-48.jpg?resize=500%2C334 500w\" sizes=\"auto, (max-width: 700px) 100vw, 700px\" \/><img data-recalc-dims=\"1\" loading=\"lazy\" decoding=\"async\" data-attachment-id=\"4668\" data-permalink=\"http:\/\/kirstengomez.es\/bodas\/?attachment_id=4668\" data-orig-file=\"https:\/\/i0.wp.com\/kirstengomez.es\/bodas\/wp-content\/uploads\/2017\/07\/dxboda-44.jpg?fit=700%2C467\" data-orig-size=\"700,467\" data-comments-opened=\"1\" data-image-meta=\"{&quot;aperture&quot;:&quot;0&quot;,&quot;credit&quot;:&quot;&quot;,&quot;camera&quot;:&quot;&quot;,&quot;caption&quot;:&quot;&quot;,&quot;created_timestamp&quot;:&quot;0&quot;,&quot;copyright&quot;:&quot;&quot;,&quot;focal_length&quot;:&quot;0&quot;,&quot;iso&quot;:&quot;0&quot;,&quot;shutter_speed&quot;:&quot;0&quot;,&quot;title&quot;:&quot;&quot;,&quot;orientation&quot;:&quot;0&quot;}\" data-image-title=\"\" data-image-description=\"\" data-image-caption=\"\" data-large-file=\"https:\/\/i0.wp.com\/kirstengomez.es\/bodas\/wp-content\/uploads\/2017\/07\/dxboda-44.jpg?fit=700%2C467\" class=\"alignnone size-full wp-image-4668\" src=\"https:\/\/i0.wp.com\/kirstengomez.es\/bodas\/wp-content\/uploads\/2017\/07\/dxboda-44.jpg?resize=700%2C467\" alt=\"\" width=\"700\" height=\"467\" srcset=\"https:\/\/i0.wp.com\/kirstengomez.es\/bodas\/wp-content\/uploads\/2017\/07\/dxboda-44.jpg?w=700 700w, https:\/\/i0.wp.com\/kirstengomez.es\/bodas\/wp-content\/uploads\/2017\/07\/dxboda-44.jpg?resize=300%2C200 300w, https:\/\/i0.wp.com\/kirstengomez.es\/bodas\/wp-content\/uploads\/2017\/07\/dxboda-44.jpg?resize=500%2C334 500w\" sizes=\"auto, (max-width: 700px) 100vw, 700px\" \/><img data-recalc-dims=\"1\" loading=\"lazy\" decoding=\"async\" data-attachment-id=\"4674\" data-permalink=\"http:\/\/kirstengomez.es\/bodas\/?attachment_id=4674\" data-orig-file=\"https:\/\/i0.wp.com\/kirstengomez.es\/bodas\/wp-content\/uploads\/2017\/07\/dxboda-50.jpg?fit=700%2C467\" data-orig-size=\"700,467\" data-comments-opened=\"1\" data-image-meta=\"{&quot;aperture&quot;:&quot;0&quot;,&quot;credit&quot;:&quot;&quot;,&quot;camera&quot;:&quot;&quot;,&quot;caption&quot;:&quot;&quot;,&quot;created_timestamp&quot;:&quot;0&quot;,&quot;copyright&quot;:&quot;&quot;,&quot;focal_length&quot;:&quot;0&quot;,&quot;iso&quot;:&quot;0&quot;,&quot;shutter_speed&quot;:&quot;0&quot;,&quot;title&quot;:&quot;&quot;,&quot;orientation&quot;:&quot;0&quot;}\" data-image-title=\"\" data-image-description=\"\" data-image-caption=\"\" data-large-file=\"https:\/\/i0.wp.com\/kirstengomez.es\/bodas\/wp-content\/uploads\/2017\/07\/dxboda-50.jpg?fit=700%2C467\" class=\"alignnone size-full wp-image-4674\" src=\"https:\/\/i0.wp.com\/kirstengomez.es\/bodas\/wp-content\/uploads\/2017\/07\/dxboda-50.jpg?resize=700%2C467\" alt=\"\" width=\"700\" height=\"467\" srcset=\"https:\/\/i0.wp.com\/kirstengomez.es\/bodas\/wp-content\/uploads\/2017\/07\/dxboda-50.jpg?w=700 700w, https:\/\/i0.wp.com\/kirstengomez.es\/bodas\/wp-content\/uploads\/2017\/07\/dxboda-50.jpg?resize=300%2C200 300w, https:\/\/i0.wp.com\/kirstengomez.es\/bodas\/wp-content\/uploads\/2017\/07\/dxboda-50.jpg?resize=500%2C334 500w\" sizes=\"auto, (max-width: 700px) 100vw, 700px\" \/><img data-recalc-dims=\"1\" loading=\"lazy\" decoding=\"async\" data-attachment-id=\"4673\" data-permalink=\"http:\/\/kirstengomez.es\/bodas\/?attachment_id=4673\" data-orig-file=\"https:\/\/i0.wp.com\/kirstengomez.es\/bodas\/wp-content\/uploads\/2017\/07\/dxboda-49.jpg?fit=700%2C467\" data-orig-size=\"700,467\" data-comments-opened=\"1\" data-image-meta=\"{&quot;aperture&quot;:&quot;0&quot;,&quot;credit&quot;:&quot;&quot;,&quot;camera&quot;:&quot;&quot;,&quot;caption&quot;:&quot;&quot;,&quot;created_timestamp&quot;:&quot;0&quot;,&quot;copyright&quot;:&quot;&quot;,&quot;focal_length&quot;:&quot;0&quot;,&quot;iso&quot;:&quot;0&quot;,&quot;shutter_speed&quot;:&quot;0&quot;,&quot;title&quot;:&quot;&quot;,&quot;orientation&quot;:&quot;0&quot;}\" data-image-title=\"\" data-image-description=\"\" data-image-caption=\"\" data-large-file=\"https:\/\/i0.wp.com\/kirstengomez.es\/bodas\/wp-content\/uploads\/2017\/07\/dxboda-49.jpg?fit=700%2C467\" class=\"alignnone size-full wp-image-4673\" src=\"https:\/\/i0.wp.com\/kirstengomez.es\/bodas\/wp-content\/uploads\/2017\/07\/dxboda-49.jpg?resize=700%2C467\" alt=\"\" width=\"700\" height=\"467\" srcset=\"https:\/\/i0.wp.com\/kirstengomez.es\/bodas\/wp-content\/uploads\/2017\/07\/dxboda-49.jpg?w=700 700w, https:\/\/i0.wp.com\/kirstengomez.es\/bodas\/wp-content\/uploads\/2017\/07\/dxboda-49.jpg?resize=300%2C200 300w, https:\/\/i0.wp.com\/kirstengomez.es\/bodas\/wp-content\/uploads\/2017\/07\/dxboda-49.jpg?resize=500%2C334 500w\" sizes=\"auto, (max-width: 700px) 100vw, 700px\" \/>\u00a0<img data-recalc-dims=\"1\" loading=\"lazy\" decoding=\"async\" data-attachment-id=\"4679\" data-permalink=\"http:\/\/kirstengomez.es\/bodas\/?attachment_id=4679\" data-orig-file=\"https:\/\/i0.wp.com\/kirstengomez.es\/bodas\/wp-content\/uploads\/2017\/07\/dxboda-55.jpg?fit=700%2C467\" data-orig-size=\"700,467\" data-comments-opened=\"1\" data-image-meta=\"{&quot;aperture&quot;:&quot;0&quot;,&quot;credit&quot;:&quot;&quot;,&quot;camera&quot;:&quot;&quot;,&quot;caption&quot;:&quot;&quot;,&quot;created_timestamp&quot;:&quot;0&quot;,&quot;copyright&quot;:&quot;&quot;,&quot;focal_length&quot;:&quot;0&quot;,&quot;iso&quot;:&quot;0&quot;,&quot;shutter_speed&quot;:&quot;0&quot;,&quot;title&quot;:&quot;&quot;,&quot;orientation&quot;:&quot;0&quot;}\" data-image-title=\"\" data-image-description=\"\" data-image-caption=\"\" data-large-file=\"https:\/\/i0.wp.com\/kirstengomez.es\/bodas\/wp-content\/uploads\/2017\/07\/dxboda-55.jpg?fit=700%2C467\" class=\"alignnone size-full wp-image-4679\" src=\"https:\/\/i0.wp.com\/kirstengomez.es\/bodas\/wp-content\/uploads\/2017\/07\/dxboda-55.jpg?resize=700%2C467\" alt=\"\" width=\"700\" height=\"467\" srcset=\"https:\/\/i0.wp.com\/kirstengomez.es\/bodas\/wp-content\/uploads\/2017\/07\/dxboda-55.jpg?w=700 700w, https:\/\/i0.wp.com\/kirstengomez.es\/bodas\/wp-content\/uploads\/2017\/07\/dxboda-55.jpg?resize=300%2C200 300w, https:\/\/i0.wp.com\/kirstengomez.es\/bodas\/wp-content\/uploads\/2017\/07\/dxboda-55.jpg?resize=500%2C334 500w\" sizes=\"auto, (max-width: 700px) 100vw, 700px\" \/><img data-recalc-dims=\"1\" loading=\"lazy\" decoding=\"async\" data-attachment-id=\"4683\" data-permalink=\"http:\/\/kirstengomez.es\/bodas\/?attachment_id=4683\" data-orig-file=\"https:\/\/i0.wp.com\/kirstengomez.es\/bodas\/wp-content\/uploads\/2017\/07\/dxboda-59.jpg?fit=700%2C467\" data-orig-size=\"700,467\" data-comments-opened=\"1\" data-image-meta=\"{&quot;aperture&quot;:&quot;0&quot;,&quot;credit&quot;:&quot;&quot;,&quot;camera&quot;:&quot;&quot;,&quot;caption&quot;:&quot;&quot;,&quot;created_timestamp&quot;:&quot;0&quot;,&quot;copyright&quot;:&quot;&quot;,&quot;focal_length&quot;:&quot;0&quot;,&quot;iso&quot;:&quot;0&quot;,&quot;shutter_speed&quot;:&quot;0&quot;,&quot;title&quot;:&quot;&quot;,&quot;orientation&quot;:&quot;0&quot;}\" data-image-title=\"\" data-image-description=\"\" data-image-caption=\"\" data-large-file=\"https:\/\/i0.wp.com\/kirstengomez.es\/bodas\/wp-content\/uploads\/2017\/07\/dxboda-59.jpg?fit=700%2C467\" class=\"alignnone size-full wp-image-4683\" src=\"https:\/\/i0.wp.com\/kirstengomez.es\/bodas\/wp-content\/uploads\/2017\/07\/dxboda-59.jpg?resize=700%2C467\" alt=\"\" width=\"700\" height=\"467\" srcset=\"https:\/\/i0.wp.com\/kirstengomez.es\/bodas\/wp-content\/uploads\/2017\/07\/dxboda-59.jpg?w=700 700w, https:\/\/i0.wp.com\/kirstengomez.es\/bodas\/wp-content\/uploads\/2017\/07\/dxboda-59.jpg?resize=300%2C200 300w, https:\/\/i0.wp.com\/kirstengomez.es\/bodas\/wp-content\/uploads\/2017\/07\/dxboda-59.jpg?resize=500%2C334 500w\" sizes=\"auto, (max-width: 700px) 100vw, 700px\" \/><img data-recalc-dims=\"1\" loading=\"lazy\" decoding=\"async\" data-attachment-id=\"4684\" data-permalink=\"http:\/\/kirstengomez.es\/bodas\/?attachment_id=4684\" data-orig-file=\"https:\/\/i0.wp.com\/kirstengomez.es\/bodas\/wp-content\/uploads\/2017\/07\/dxboda-60.jpg?fit=700%2C467\" data-orig-size=\"700,467\" data-comments-opened=\"1\" data-image-meta=\"{&quot;aperture&quot;:&quot;0&quot;,&quot;credit&quot;:&quot;&quot;,&quot;camera&quot;:&quot;&quot;,&quot;caption&quot;:&quot;&quot;,&quot;created_timestamp&quot;:&quot;0&quot;,&quot;copyright&quot;:&quot;&quot;,&quot;focal_length&quot;:&quot;0&quot;,&quot;iso&quot;:&quot;0&quot;,&quot;shutter_speed&quot;:&quot;0&quot;,&quot;title&quot;:&quot;&quot;,&quot;orientation&quot;:&quot;0&quot;}\" data-image-title=\"\" data-image-description=\"\" data-image-caption=\"\" data-large-file=\"https:\/\/i0.wp.com\/kirstengomez.es\/bodas\/wp-content\/uploads\/2017\/07\/dxboda-60.jpg?fit=700%2C467\" class=\"alignnone size-full wp-image-4684\" src=\"https:\/\/i0.wp.com\/kirstengomez.es\/bodas\/wp-content\/uploads\/2017\/07\/dxboda-60.jpg?resize=700%2C467\" alt=\"\" width=\"700\" height=\"467\" srcset=\"https:\/\/i0.wp.com\/kirstengomez.es\/bodas\/wp-content\/uploads\/2017\/07\/dxboda-60.jpg?w=700 700w, https:\/\/i0.wp.com\/kirstengomez.es\/bodas\/wp-content\/uploads\/2017\/07\/dxboda-60.jpg?resize=300%2C200 300w, https:\/\/i0.wp.com\/kirstengomez.es\/bodas\/wp-content\/uploads\/2017\/07\/dxboda-60.jpg?resize=500%2C334 500w\" sizes=\"auto, (max-width: 700px) 100vw, 700px\" \/><img data-recalc-dims=\"1\" loading=\"lazy\" decoding=\"async\" data-attachment-id=\"4680\" data-permalink=\"http:\/\/kirstengomez.es\/bodas\/?attachment_id=4680\" data-orig-file=\"https:\/\/i0.wp.com\/kirstengomez.es\/bodas\/wp-content\/uploads\/2017\/07\/dxboda-56.jpg?fit=700%2C467\" data-orig-size=\"700,467\" data-comments-opened=\"1\" data-image-meta=\"{&quot;aperture&quot;:&quot;0&quot;,&quot;credit&quot;:&quot;&quot;,&quot;camera&quot;:&quot;&quot;,&quot;caption&quot;:&quot;&quot;,&quot;created_timestamp&quot;:&quot;0&quot;,&quot;copyright&quot;:&quot;&quot;,&quot;focal_length&quot;:&quot;0&quot;,&quot;iso&quot;:&quot;0&quot;,&quot;shutter_speed&quot;:&quot;0&quot;,&quot;title&quot;:&quot;&quot;,&quot;orientation&quot;:&quot;0&quot;}\" data-image-title=\"\" data-image-description=\"\" data-image-caption=\"\" data-large-file=\"https:\/\/i0.wp.com\/kirstengomez.es\/bodas\/wp-content\/uploads\/2017\/07\/dxboda-56.jpg?fit=700%2C467\" class=\"alignnone size-full wp-image-4680\" src=\"https:\/\/i0.wp.com\/kirstengomez.es\/bodas\/wp-content\/uploads\/2017\/07\/dxboda-56.jpg?resize=700%2C467\" alt=\"\" width=\"700\" height=\"467\" srcset=\"https:\/\/i0.wp.com\/kirstengomez.es\/bodas\/wp-content\/uploads\/2017\/07\/dxboda-56.jpg?w=700 700w, https:\/\/i0.wp.com\/kirstengomez.es\/bodas\/wp-content\/uploads\/2017\/07\/dxboda-56.jpg?resize=300%2C200 300w, https:\/\/i0.wp.com\/kirstengomez.es\/bodas\/wp-content\/uploads\/2017\/07\/dxboda-56.jpg?resize=500%2C334 500w\" sizes=\"auto, (max-width: 700px) 100vw, 700px\" \/><img data-recalc-dims=\"1\" loading=\"lazy\" decoding=\"async\" data-attachment-id=\"4681\" data-permalink=\"http:\/\/kirstengomez.es\/bodas\/?attachment_id=4681\" data-orig-file=\"https:\/\/i0.wp.com\/kirstengomez.es\/bodas\/wp-content\/uploads\/2017\/07\/dxboda-57.jpg?fit=700%2C467\" data-orig-size=\"700,467\" data-comments-opened=\"1\" data-image-meta=\"{&quot;aperture&quot;:&quot;0&quot;,&quot;credit&quot;:&quot;&quot;,&quot;camera&quot;:&quot;&quot;,&quot;caption&quot;:&quot;&quot;,&quot;created_timestamp&quot;:&quot;0&quot;,&quot;copyright&quot;:&quot;&quot;,&quot;focal_length&quot;:&quot;0&quot;,&quot;iso&quot;:&quot;0&quot;,&quot;shutter_speed&quot;:&quot;0&quot;,&quot;title&quot;:&quot;&quot;,&quot;orientation&quot;:&quot;0&quot;}\" data-image-title=\"\" data-image-description=\"\" data-image-caption=\"\" data-large-file=\"https:\/\/i0.wp.com\/kirstengomez.es\/bodas\/wp-content\/uploads\/2017\/07\/dxboda-57.jpg?fit=700%2C467\" class=\"alignnone size-full wp-image-4681\" src=\"https:\/\/i0.wp.com\/kirstengomez.es\/bodas\/wp-content\/uploads\/2017\/07\/dxboda-57.jpg?resize=700%2C467\" alt=\"\" width=\"700\" height=\"467\" srcset=\"https:\/\/i0.wp.com\/kirstengomez.es\/bodas\/wp-content\/uploads\/2017\/07\/dxboda-57.jpg?w=700 700w, https:\/\/i0.wp.com\/kirstengomez.es\/bodas\/wp-content\/uploads\/2017\/07\/dxboda-57.jpg?resize=300%2C200 300w, https:\/\/i0.wp.com\/kirstengomez.es\/bodas\/wp-content\/uploads\/2017\/07\/dxboda-57.jpg?resize=500%2C334 500w\" sizes=\"auto, (max-width: 700px) 100vw, 700px\" \/><img data-recalc-dims=\"1\" loading=\"lazy\" decoding=\"async\" data-attachment-id=\"4682\" data-permalink=\"http:\/\/kirstengomez.es\/bodas\/?attachment_id=4682\" data-orig-file=\"https:\/\/i0.wp.com\/kirstengomez.es\/bodas\/wp-content\/uploads\/2017\/07\/dxboda-58.jpg?fit=700%2C467\" data-orig-size=\"700,467\" data-comments-opened=\"1\" data-image-meta=\"{&quot;aperture&quot;:&quot;0&quot;,&quot;credit&quot;:&quot;&quot;,&quot;camera&quot;:&quot;&quot;,&quot;caption&quot;:&quot;&quot;,&quot;created_timestamp&quot;:&quot;0&quot;,&quot;copyright&quot;:&quot;&quot;,&quot;focal_length&quot;:&quot;0&quot;,&quot;iso&quot;:&quot;0&quot;,&quot;shutter_speed&quot;:&quot;0&quot;,&quot;title&quot;:&quot;&quot;,&quot;orientation&quot;:&quot;0&quot;}\" data-image-title=\"\" data-image-description=\"\" data-image-caption=\"\" data-large-file=\"https:\/\/i0.wp.com\/kirstengomez.es\/bodas\/wp-content\/uploads\/2017\/07\/dxboda-58.jpg?fit=700%2C467\" class=\"alignnone size-full wp-image-4682\" src=\"https:\/\/i0.wp.com\/kirstengomez.es\/bodas\/wp-content\/uploads\/2017\/07\/dxboda-58.jpg?resize=700%2C467\" alt=\"\" width=\"700\" height=\"467\" srcset=\"https:\/\/i0.wp.com\/kirstengomez.es\/bodas\/wp-content\/uploads\/2017\/07\/dxboda-58.jpg?w=700 700w, https:\/\/i0.wp.com\/kirstengomez.es\/bodas\/wp-content\/uploads\/2017\/07\/dxboda-58.jpg?resize=300%2C200 300w, https:\/\/i0.wp.com\/kirstengomez.es\/bodas\/wp-content\/uploads\/2017\/07\/dxboda-58.jpg?resize=500%2C334 500w\" sizes=\"auto, (max-width: 700px) 100vw, 700px\" \/>\u00a0<img data-recalc-dims=\"1\" loading=\"lazy\" decoding=\"async\" data-attachment-id=\"4685\" data-permalink=\"http:\/\/kirstengomez.es\/bodas\/?attachment_id=4685\" data-orig-file=\"https:\/\/i0.wp.com\/kirstengomez.es\/bodas\/wp-content\/uploads\/2017\/07\/dxboda-61.jpg?fit=700%2C460\" data-orig-size=\"700,460\" data-comments-opened=\"1\" data-image-meta=\"{&quot;aperture&quot;:&quot;0&quot;,&quot;credit&quot;:&quot;&quot;,&quot;camera&quot;:&quot;&quot;,&quot;caption&quot;:&quot;&quot;,&quot;created_timestamp&quot;:&quot;0&quot;,&quot;copyright&quot;:&quot;&quot;,&quot;focal_length&quot;:&quot;0&quot;,&quot;iso&quot;:&quot;0&quot;,&quot;shutter_speed&quot;:&quot;0&quot;,&quot;title&quot;:&quot;&quot;,&quot;orientation&quot;:&quot;0&quot;}\" data-image-title=\"\" data-image-description=\"\" data-image-caption=\"\" data-large-file=\"https:\/\/i0.wp.com\/kirstengomez.es\/bodas\/wp-content\/uploads\/2017\/07\/dxboda-61.jpg?fit=700%2C460\" class=\"alignnone size-full wp-image-4685\" src=\"https:\/\/i0.wp.com\/kirstengomez.es\/bodas\/wp-content\/uploads\/2017\/07\/dxboda-61.jpg?resize=700%2C460\" alt=\"\" width=\"700\" height=\"460\" srcset=\"https:\/\/i0.wp.com\/kirstengomez.es\/bodas\/wp-content\/uploads\/2017\/07\/dxboda-61.jpg?w=700 700w, https:\/\/i0.wp.com\/kirstengomez.es\/bodas\/wp-content\/uploads\/2017\/07\/dxboda-61.jpg?resize=300%2C197 300w, https:\/\/i0.wp.com\/kirstengomez.es\/bodas\/wp-content\/uploads\/2017\/07\/dxboda-61.jpg?resize=500%2C329 500w\" sizes=\"auto, (max-width: 700px) 100vw, 700px\" \/> <img data-recalc-dims=\"1\" loading=\"lazy\" decoding=\"async\" data-attachment-id=\"4686\" data-permalink=\"http:\/\/kirstengomez.es\/bodas\/?attachment_id=4686\" data-orig-file=\"https:\/\/i0.wp.com\/kirstengomez.es\/bodas\/wp-content\/uploads\/2017\/07\/dxboda-62.jpg?fit=700%2C467\" data-orig-size=\"700,467\" data-comments-opened=\"1\" data-image-meta=\"{&quot;aperture&quot;:&quot;0&quot;,&quot;credit&quot;:&quot;&quot;,&quot;camera&quot;:&quot;&quot;,&quot;caption&quot;:&quot;&quot;,&quot;created_timestamp&quot;:&quot;0&quot;,&quot;copyright&quot;:&quot;&quot;,&quot;focal_length&quot;:&quot;0&quot;,&quot;iso&quot;:&quot;0&quot;,&quot;shutter_speed&quot;:&quot;0&quot;,&quot;title&quot;:&quot;&quot;,&quot;orientation&quot;:&quot;0&quot;}\" data-image-title=\"\" data-image-description=\"\" data-image-caption=\"\" data-large-file=\"https:\/\/i0.wp.com\/kirstengomez.es\/bodas\/wp-content\/uploads\/2017\/07\/dxboda-62.jpg?fit=700%2C467\" class=\"alignnone size-full wp-image-4686\" src=\"https:\/\/i0.wp.com\/kirstengomez.es\/bodas\/wp-content\/uploads\/2017\/07\/dxboda-62.jpg?resize=700%2C467\" alt=\"\" width=\"700\" height=\"467\" srcset=\"https:\/\/i0.wp.com\/kirstengomez.es\/bodas\/wp-content\/uploads\/2017\/07\/dxboda-62.jpg?w=700 700w, https:\/\/i0.wp.com\/kirstengomez.es\/bodas\/wp-content\/uploads\/2017\/07\/dxboda-62.jpg?resize=300%2C200 300w, https:\/\/i0.wp.com\/kirstengomez.es\/bodas\/wp-content\/uploads\/2017\/07\/dxboda-62.jpg?resize=500%2C334 500w\" sizes=\"auto, (max-width: 700px) 100vw, 700px\" \/><\/p>\n<p>&nbsp;<\/p>\n<p>Diana le escribi\u00f3 a Xavi, la historia de su romance.<\/p>\n<p>&#8211; \u00a1Con un par! \u00a1Como para no emocionarse!<\/p>\n<p>Sin lugar a duda el regalo m\u00e1s incre\u00edble que he visto hasta d\u00eda de hoy.<\/p>\n<p>&nbsp;<\/p>\n<p><img data-recalc-dims=\"1\" loading=\"lazy\" decoding=\"async\" data-attachment-id=\"4687\" data-permalink=\"http:\/\/kirstengomez.es\/bodas\/?attachment_id=4687\" data-orig-file=\"https:\/\/i0.wp.com\/kirstengomez.es\/bodas\/wp-content\/uploads\/2017\/07\/dxboda-63.jpg?fit=700%2C467\" data-orig-size=\"700,467\" data-comments-opened=\"1\" data-image-meta=\"{&quot;aperture&quot;:&quot;0&quot;,&quot;credit&quot;:&quot;&quot;,&quot;camera&quot;:&quot;&quot;,&quot;caption&quot;:&quot;&quot;,&quot;created_timestamp&quot;:&quot;0&quot;,&quot;copyright&quot;:&quot;&quot;,&quot;focal_length&quot;:&quot;0&quot;,&quot;iso&quot;:&quot;0&quot;,&quot;shutter_speed&quot;:&quot;0&quot;,&quot;title&quot;:&quot;&quot;,&quot;orientation&quot;:&quot;0&quot;}\" data-image-title=\"\" data-image-description=\"\" data-image-caption=\"\" data-large-file=\"https:\/\/i0.wp.com\/kirstengomez.es\/bodas\/wp-content\/uploads\/2017\/07\/dxboda-63.jpg?fit=700%2C467\" class=\"alignnone size-full wp-image-4687\" src=\"https:\/\/i0.wp.com\/kirstengomez.es\/bodas\/wp-content\/uploads\/2017\/07\/dxboda-63.jpg?resize=700%2C467\" alt=\"\" width=\"700\" height=\"467\" srcset=\"https:\/\/i0.wp.com\/kirstengomez.es\/bodas\/wp-content\/uploads\/2017\/07\/dxboda-63.jpg?w=700 700w, https:\/\/i0.wp.com\/kirstengomez.es\/bodas\/wp-content\/uploads\/2017\/07\/dxboda-63.jpg?resize=300%2C200 300w, https:\/\/i0.wp.com\/kirstengomez.es\/bodas\/wp-content\/uploads\/2017\/07\/dxboda-63.jpg?resize=500%2C334 500w\" sizes=\"auto, (max-width: 700px) 100vw, 700px\" \/><\/p>\n<p>&nbsp;<\/p>\n<p>En una de las preciosas habitaciones de la Masia, encontramos el vestido radiante de Diana.<\/p>\n<p>Con un vestido de boda de AIRE, zapatos de Chie mihara y un ramo y pulseras de damas de honor de Valentina nero.<\/p>\n<p>&nbsp;<\/p>\n<p><img data-recalc-dims=\"1\" loading=\"lazy\" decoding=\"async\" data-attachment-id=\"4675\" data-permalink=\"http:\/\/kirstengomez.es\/bodas\/?attachment_id=4675\" data-orig-file=\"https:\/\/i0.wp.com\/kirstengomez.es\/bodas\/wp-content\/uploads\/2017\/07\/dxboda-51.jpg?fit=700%2C467\" data-orig-size=\"700,467\" data-comments-opened=\"1\" data-image-meta=\"{&quot;aperture&quot;:&quot;0&quot;,&quot;credit&quot;:&quot;&quot;,&quot;camera&quot;:&quot;&quot;,&quot;caption&quot;:&quot;&quot;,&quot;created_timestamp&quot;:&quot;0&quot;,&quot;copyright&quot;:&quot;&quot;,&quot;focal_length&quot;:&quot;0&quot;,&quot;iso&quot;:&quot;0&quot;,&quot;shutter_speed&quot;:&quot;0&quot;,&quot;title&quot;:&quot;&quot;,&quot;orientation&quot;:&quot;0&quot;}\" data-image-title=\"\" data-image-description=\"\" data-image-caption=\"\" data-large-file=\"https:\/\/i0.wp.com\/kirstengomez.es\/bodas\/wp-content\/uploads\/2017\/07\/dxboda-51.jpg?fit=700%2C467\" class=\"alignnone size-full wp-image-4675\" src=\"https:\/\/i0.wp.com\/kirstengomez.es\/bodas\/wp-content\/uploads\/2017\/07\/dxboda-51.jpg?resize=700%2C467\" alt=\"\" width=\"700\" height=\"467\" srcset=\"https:\/\/i0.wp.com\/kirstengomez.es\/bodas\/wp-content\/uploads\/2017\/07\/dxboda-51.jpg?w=700 700w, https:\/\/i0.wp.com\/kirstengomez.es\/bodas\/wp-content\/uploads\/2017\/07\/dxboda-51.jpg?resize=300%2C200 300w, https:\/\/i0.wp.com\/kirstengomez.es\/bodas\/wp-content\/uploads\/2017\/07\/dxboda-51.jpg?resize=500%2C334 500w\" sizes=\"auto, (max-width: 700px) 100vw, 700px\" \/><img data-recalc-dims=\"1\" loading=\"lazy\" decoding=\"async\" data-attachment-id=\"4676\" data-permalink=\"http:\/\/kirstengomez.es\/bodas\/?attachment_id=4676\" data-orig-file=\"https:\/\/i0.wp.com\/kirstengomez.es\/bodas\/wp-content\/uploads\/2017\/07\/dxboda-52.jpg?fit=700%2C467\" data-orig-size=\"700,467\" data-comments-opened=\"1\" data-image-meta=\"{&quot;aperture&quot;:&quot;0&quot;,&quot;credit&quot;:&quot;&quot;,&quot;camera&quot;:&quot;&quot;,&quot;caption&quot;:&quot;&quot;,&quot;created_timestamp&quot;:&quot;0&quot;,&quot;copyright&quot;:&quot;&quot;,&quot;focal_length&quot;:&quot;0&quot;,&quot;iso&quot;:&quot;0&quot;,&quot;shutter_speed&quot;:&quot;0&quot;,&quot;title&quot;:&quot;&quot;,&quot;orientation&quot;:&quot;0&quot;}\" data-image-title=\"\" data-image-description=\"\" data-image-caption=\"\" data-large-file=\"https:\/\/i0.wp.com\/kirstengomez.es\/bodas\/wp-content\/uploads\/2017\/07\/dxboda-52.jpg?fit=700%2C467\" class=\"alignnone size-full wp-image-4676\" src=\"https:\/\/i0.wp.com\/kirstengomez.es\/bodas\/wp-content\/uploads\/2017\/07\/dxboda-52.jpg?resize=700%2C467\" alt=\"\" width=\"700\" height=\"467\" srcset=\"https:\/\/i0.wp.com\/kirstengomez.es\/bodas\/wp-content\/uploads\/2017\/07\/dxboda-52.jpg?w=700 700w, https:\/\/i0.wp.com\/kirstengomez.es\/bodas\/wp-content\/uploads\/2017\/07\/dxboda-52.jpg?resize=300%2C200 300w, https:\/\/i0.wp.com\/kirstengomez.es\/bodas\/wp-content\/uploads\/2017\/07\/dxboda-52.jpg?resize=500%2C334 500w\" sizes=\"auto, (max-width: 700px) 100vw, 700px\" \/><img data-recalc-dims=\"1\" loading=\"lazy\" decoding=\"async\" data-attachment-id=\"4671\" data-permalink=\"http:\/\/kirstengomez.es\/bodas\/?attachment_id=4671\" data-orig-file=\"https:\/\/i0.wp.com\/kirstengomez.es\/bodas\/wp-content\/uploads\/2017\/07\/dxboda-47.jpg?fit=700%2C467\" data-orig-size=\"700,467\" data-comments-opened=\"1\" data-image-meta=\"{&quot;aperture&quot;:&quot;0&quot;,&quot;credit&quot;:&quot;&quot;,&quot;camera&quot;:&quot;&quot;,&quot;caption&quot;:&quot;&quot;,&quot;created_timestamp&quot;:&quot;0&quot;,&quot;copyright&quot;:&quot;&quot;,&quot;focal_length&quot;:&quot;0&quot;,&quot;iso&quot;:&quot;0&quot;,&quot;shutter_speed&quot;:&quot;0&quot;,&quot;title&quot;:&quot;&quot;,&quot;orientation&quot;:&quot;0&quot;}\" data-image-title=\"\" data-image-description=\"\" data-image-caption=\"\" data-large-file=\"https:\/\/i0.wp.com\/kirstengomez.es\/bodas\/wp-content\/uploads\/2017\/07\/dxboda-47.jpg?fit=700%2C467\" class=\"alignnone size-full wp-image-4671\" src=\"https:\/\/i0.wp.com\/kirstengomez.es\/bodas\/wp-content\/uploads\/2017\/07\/dxboda-47.jpg?resize=700%2C467\" alt=\"\" width=\"700\" height=\"467\" srcset=\"https:\/\/i0.wp.com\/kirstengomez.es\/bodas\/wp-content\/uploads\/2017\/07\/dxboda-47.jpg?w=700 700w, https:\/\/i0.wp.com\/kirstengomez.es\/bodas\/wp-content\/uploads\/2017\/07\/dxboda-47.jpg?resize=300%2C200 300w, https:\/\/i0.wp.com\/kirstengomez.es\/bodas\/wp-content\/uploads\/2017\/07\/dxboda-47.jpg?resize=500%2C334 500w\" sizes=\"auto, (max-width: 700px) 100vw, 700px\" \/><img data-recalc-dims=\"1\" loading=\"lazy\" decoding=\"async\" data-attachment-id=\"4670\" data-permalink=\"http:\/\/kirstengomez.es\/bodas\/?attachment_id=4670\" data-orig-file=\"https:\/\/i0.wp.com\/kirstengomez.es\/bodas\/wp-content\/uploads\/2017\/07\/dxboda-46.jpg?fit=700%2C467\" data-orig-size=\"700,467\" data-comments-opened=\"1\" data-image-meta=\"{&quot;aperture&quot;:&quot;0&quot;,&quot;credit&quot;:&quot;&quot;,&quot;camera&quot;:&quot;&quot;,&quot;caption&quot;:&quot;&quot;,&quot;created_timestamp&quot;:&quot;0&quot;,&quot;copyright&quot;:&quot;&quot;,&quot;focal_length&quot;:&quot;0&quot;,&quot;iso&quot;:&quot;0&quot;,&quot;shutter_speed&quot;:&quot;0&quot;,&quot;title&quot;:&quot;&quot;,&quot;orientation&quot;:&quot;0&quot;}\" data-image-title=\"\" data-image-description=\"\" data-image-caption=\"\" data-large-file=\"https:\/\/i0.wp.com\/kirstengomez.es\/bodas\/wp-content\/uploads\/2017\/07\/dxboda-46.jpg?fit=700%2C467\" class=\"alignnone size-full wp-image-4670\" src=\"https:\/\/i0.wp.com\/kirstengomez.es\/bodas\/wp-content\/uploads\/2017\/07\/dxboda-46.jpg?resize=700%2C467\" alt=\"\" width=\"700\" height=\"467\" srcset=\"https:\/\/i0.wp.com\/kirstengomez.es\/bodas\/wp-content\/uploads\/2017\/07\/dxboda-46.jpg?w=700 700w, https:\/\/i0.wp.com\/kirstengomez.es\/bodas\/wp-content\/uploads\/2017\/07\/dxboda-46.jpg?resize=300%2C200 300w, https:\/\/i0.wp.com\/kirstengomez.es\/bodas\/wp-content\/uploads\/2017\/07\/dxboda-46.jpg?resize=500%2C334 500w\" sizes=\"auto, (max-width: 700px) 100vw, 700px\" \/><img data-recalc-dims=\"1\" loading=\"lazy\" decoding=\"async\" data-attachment-id=\"4669\" data-permalink=\"http:\/\/kirstengomez.es\/bodas\/?attachment_id=4669\" data-orig-file=\"https:\/\/i0.wp.com\/kirstengomez.es\/bodas\/wp-content\/uploads\/2017\/07\/dxboda-45.jpg?fit=700%2C467\" data-orig-size=\"700,467\" data-comments-opened=\"1\" data-image-meta=\"{&quot;aperture&quot;:&quot;0&quot;,&quot;credit&quot;:&quot;&quot;,&quot;camera&quot;:&quot;&quot;,&quot;caption&quot;:&quot;&quot;,&quot;created_timestamp&quot;:&quot;0&quot;,&quot;copyright&quot;:&quot;&quot;,&quot;focal_length&quot;:&quot;0&quot;,&quot;iso&quot;:&quot;0&quot;,&quot;shutter_speed&quot;:&quot;0&quot;,&quot;title&quot;:&quot;&quot;,&quot;orientation&quot;:&quot;0&quot;}\" data-image-title=\"\" data-image-description=\"\" data-image-caption=\"\" data-large-file=\"https:\/\/i0.wp.com\/kirstengomez.es\/bodas\/wp-content\/uploads\/2017\/07\/dxboda-45.jpg?fit=700%2C467\" class=\"alignnone size-full wp-image-4669\" src=\"https:\/\/i0.wp.com\/kirstengomez.es\/bodas\/wp-content\/uploads\/2017\/07\/dxboda-45.jpg?resize=700%2C467\" alt=\"\" width=\"700\" height=\"467\" srcset=\"https:\/\/i0.wp.com\/kirstengomez.es\/bodas\/wp-content\/uploads\/2017\/07\/dxboda-45.jpg?w=700 700w, https:\/\/i0.wp.com\/kirstengomez.es\/bodas\/wp-content\/uploads\/2017\/07\/dxboda-45.jpg?resize=300%2C200 300w, https:\/\/i0.wp.com\/kirstengomez.es\/bodas\/wp-content\/uploads\/2017\/07\/dxboda-45.jpg?resize=500%2C334 500w\" sizes=\"auto, (max-width: 700px) 100vw, 700px\" \/><img data-recalc-dims=\"1\" loading=\"lazy\" decoding=\"async\" data-attachment-id=\"4688\" data-permalink=\"http:\/\/kirstengomez.es\/bodas\/?attachment_id=4688\" data-orig-file=\"https:\/\/i0.wp.com\/kirstengomez.es\/bodas\/wp-content\/uploads\/2017\/07\/dxboda-66.jpg?fit=700%2C467\" data-orig-size=\"700,467\" data-comments-opened=\"1\" data-image-meta=\"{&quot;aperture&quot;:&quot;0&quot;,&quot;credit&quot;:&quot;&quot;,&quot;camera&quot;:&quot;&quot;,&quot;caption&quot;:&quot;&quot;,&quot;created_timestamp&quot;:&quot;0&quot;,&quot;copyright&quot;:&quot;&quot;,&quot;focal_length&quot;:&quot;0&quot;,&quot;iso&quot;:&quot;0&quot;,&quot;shutter_speed&quot;:&quot;0&quot;,&quot;title&quot;:&quot;&quot;,&quot;orientation&quot;:&quot;0&quot;}\" data-image-title=\"\" data-image-description=\"\" data-image-caption=\"\" data-large-file=\"https:\/\/i0.wp.com\/kirstengomez.es\/bodas\/wp-content\/uploads\/2017\/07\/dxboda-66.jpg?fit=700%2C467\" class=\"alignnone size-full wp-image-4688\" src=\"https:\/\/i0.wp.com\/kirstengomez.es\/bodas\/wp-content\/uploads\/2017\/07\/dxboda-66.jpg?resize=700%2C467\" alt=\"\" width=\"700\" height=\"467\" srcset=\"https:\/\/i0.wp.com\/kirstengomez.es\/bodas\/wp-content\/uploads\/2017\/07\/dxboda-66.jpg?w=700 700w, https:\/\/i0.wp.com\/kirstengomez.es\/bodas\/wp-content\/uploads\/2017\/07\/dxboda-66.jpg?resize=300%2C200 300w, https:\/\/i0.wp.com\/kirstengomez.es\/bodas\/wp-content\/uploads\/2017\/07\/dxboda-66.jpg?resize=500%2C334 500w\" sizes=\"auto, (max-width: 700px) 100vw, 700px\" \/><img data-recalc-dims=\"1\" loading=\"lazy\" decoding=\"async\" data-attachment-id=\"4692\" data-permalink=\"http:\/\/kirstengomez.es\/bodas\/?attachment_id=4692\" data-orig-file=\"https:\/\/i0.wp.com\/kirstengomez.es\/bodas\/wp-content\/uploads\/2017\/07\/dxboda-70.jpg?fit=700%2C467\" data-orig-size=\"700,467\" data-comments-opened=\"1\" data-image-meta=\"{&quot;aperture&quot;:&quot;0&quot;,&quot;credit&quot;:&quot;&quot;,&quot;camera&quot;:&quot;&quot;,&quot;caption&quot;:&quot;&quot;,&quot;created_timestamp&quot;:&quot;0&quot;,&quot;copyright&quot;:&quot;&quot;,&quot;focal_length&quot;:&quot;0&quot;,&quot;iso&quot;:&quot;0&quot;,&quot;shutter_speed&quot;:&quot;0&quot;,&quot;title&quot;:&quot;&quot;,&quot;orientation&quot;:&quot;0&quot;}\" data-image-title=\"\" data-image-description=\"\" data-image-caption=\"\" data-large-file=\"https:\/\/i0.wp.com\/kirstengomez.es\/bodas\/wp-content\/uploads\/2017\/07\/dxboda-70.jpg?fit=700%2C467\" class=\"alignnone size-full wp-image-4692\" src=\"https:\/\/i0.wp.com\/kirstengomez.es\/bodas\/wp-content\/uploads\/2017\/07\/dxboda-70.jpg?resize=700%2C467\" alt=\"\" width=\"700\" height=\"467\" srcset=\"https:\/\/i0.wp.com\/kirstengomez.es\/bodas\/wp-content\/uploads\/2017\/07\/dxboda-70.jpg?w=700 700w, https:\/\/i0.wp.com\/kirstengomez.es\/bodas\/wp-content\/uploads\/2017\/07\/dxboda-70.jpg?resize=300%2C200 300w, https:\/\/i0.wp.com\/kirstengomez.es\/bodas\/wp-content\/uploads\/2017\/07\/dxboda-70.jpg?resize=500%2C334 500w\" sizes=\"auto, (max-width: 700px) 100vw, 700px\" \/><img data-recalc-dims=\"1\" loading=\"lazy\" decoding=\"async\" data-attachment-id=\"4691\" data-permalink=\"http:\/\/kirstengomez.es\/bodas\/?attachment_id=4691\" data-orig-file=\"https:\/\/i0.wp.com\/kirstengomez.es\/bodas\/wp-content\/uploads\/2017\/07\/dxboda-69.jpg?fit=700%2C467\" data-orig-size=\"700,467\" data-comments-opened=\"1\" data-image-meta=\"{&quot;aperture&quot;:&quot;0&quot;,&quot;credit&quot;:&quot;&quot;,&quot;camera&quot;:&quot;&quot;,&quot;caption&quot;:&quot;&quot;,&quot;created_timestamp&quot;:&quot;0&quot;,&quot;copyright&quot;:&quot;&quot;,&quot;focal_length&quot;:&quot;0&quot;,&quot;iso&quot;:&quot;0&quot;,&quot;shutter_speed&quot;:&quot;0&quot;,&quot;title&quot;:&quot;&quot;,&quot;orientation&quot;:&quot;0&quot;}\" data-image-title=\"\" data-image-description=\"\" data-image-caption=\"\" data-large-file=\"https:\/\/i0.wp.com\/kirstengomez.es\/bodas\/wp-content\/uploads\/2017\/07\/dxboda-69.jpg?fit=700%2C467\" class=\"alignnone size-full wp-image-4691\" src=\"https:\/\/i0.wp.com\/kirstengomez.es\/bodas\/wp-content\/uploads\/2017\/07\/dxboda-69.jpg?resize=700%2C467\" alt=\"\" width=\"700\" height=\"467\" srcset=\"https:\/\/i0.wp.com\/kirstengomez.es\/bodas\/wp-content\/uploads\/2017\/07\/dxboda-69.jpg?w=700 700w, https:\/\/i0.wp.com\/kirstengomez.es\/bodas\/wp-content\/uploads\/2017\/07\/dxboda-69.jpg?resize=300%2C200 300w, https:\/\/i0.wp.com\/kirstengomez.es\/bodas\/wp-content\/uploads\/2017\/07\/dxboda-69.jpg?resize=500%2C334 500w\" sizes=\"auto, (max-width: 700px) 100vw, 700px\" \/><img data-recalc-dims=\"1\" loading=\"lazy\" decoding=\"async\" data-attachment-id=\"4689\" data-permalink=\"http:\/\/kirstengomez.es\/bodas\/?attachment_id=4689\" data-orig-file=\"https:\/\/i0.wp.com\/kirstengomez.es\/bodas\/wp-content\/uploads\/2017\/07\/dxboda-67.jpg?fit=700%2C467\" data-orig-size=\"700,467\" data-comments-opened=\"1\" data-image-meta=\"{&quot;aperture&quot;:&quot;0&quot;,&quot;credit&quot;:&quot;&quot;,&quot;camera&quot;:&quot;&quot;,&quot;caption&quot;:&quot;&quot;,&quot;created_timestamp&quot;:&quot;0&quot;,&quot;copyright&quot;:&quot;&quot;,&quot;focal_length&quot;:&quot;0&quot;,&quot;iso&quot;:&quot;0&quot;,&quot;shutter_speed&quot;:&quot;0&quot;,&quot;title&quot;:&quot;&quot;,&quot;orientation&quot;:&quot;0&quot;}\" data-image-title=\"\" data-image-description=\"\" data-image-caption=\"\" data-large-file=\"https:\/\/i0.wp.com\/kirstengomez.es\/bodas\/wp-content\/uploads\/2017\/07\/dxboda-67.jpg?fit=700%2C467\" class=\"alignnone size-full wp-image-4689\" src=\"https:\/\/i0.wp.com\/kirstengomez.es\/bodas\/wp-content\/uploads\/2017\/07\/dxboda-67.jpg?resize=700%2C467\" alt=\"\" width=\"700\" height=\"467\" srcset=\"https:\/\/i0.wp.com\/kirstengomez.es\/bodas\/wp-content\/uploads\/2017\/07\/dxboda-67.jpg?w=700 700w, https:\/\/i0.wp.com\/kirstengomez.es\/bodas\/wp-content\/uploads\/2017\/07\/dxboda-67.jpg?resize=300%2C200 300w, https:\/\/i0.wp.com\/kirstengomez.es\/bodas\/wp-content\/uploads\/2017\/07\/dxboda-67.jpg?resize=500%2C334 500w\" sizes=\"auto, (max-width: 700px) 100vw, 700px\" \/><img data-recalc-dims=\"1\" loading=\"lazy\" decoding=\"async\" data-attachment-id=\"4690\" data-permalink=\"http:\/\/kirstengomez.es\/bodas\/?attachment_id=4690\" data-orig-file=\"https:\/\/i0.wp.com\/kirstengomez.es\/bodas\/wp-content\/uploads\/2017\/07\/dxboda-68.jpg?fit=700%2C467\" data-orig-size=\"700,467\" data-comments-opened=\"1\" data-image-meta=\"{&quot;aperture&quot;:&quot;0&quot;,&quot;credit&quot;:&quot;&quot;,&quot;camera&quot;:&quot;&quot;,&quot;caption&quot;:&quot;&quot;,&quot;created_timestamp&quot;:&quot;0&quot;,&quot;copyright&quot;:&quot;&quot;,&quot;focal_length&quot;:&quot;0&quot;,&quot;iso&quot;:&quot;0&quot;,&quot;shutter_speed&quot;:&quot;0&quot;,&quot;title&quot;:&quot;&quot;,&quot;orientation&quot;:&quot;0&quot;}\" data-image-title=\"D&amp;#038;Xboda-68\" data-image-description=\"\" data-image-caption=\"\" data-large-file=\"https:\/\/i0.wp.com\/kirstengomez.es\/bodas\/wp-content\/uploads\/2017\/07\/dxboda-68.jpg?fit=700%2C467\" class=\"alignnone size-full wp-image-4690\" src=\"https:\/\/i0.wp.com\/kirstengomez.es\/bodas\/wp-content\/uploads\/2017\/07\/dxboda-68.jpg?resize=700%2C467\" alt=\"\" width=\"700\" height=\"467\" srcset=\"https:\/\/i0.wp.com\/kirstengomez.es\/bodas\/wp-content\/uploads\/2017\/07\/dxboda-68.jpg?w=700 700w, https:\/\/i0.wp.com\/kirstengomez.es\/bodas\/wp-content\/uploads\/2017\/07\/dxboda-68.jpg?resize=300%2C200 300w, https:\/\/i0.wp.com\/kirstengomez.es\/bodas\/wp-content\/uploads\/2017\/07\/dxboda-68.jpg?resize=500%2C334 500w\" sizes=\"auto, (max-width: 700px) 100vw, 700px\" \/><img data-recalc-dims=\"1\" loading=\"lazy\" decoding=\"async\" data-attachment-id=\"4677\" data-permalink=\"http:\/\/kirstengomez.es\/bodas\/?attachment_id=4677\" data-orig-file=\"https:\/\/i0.wp.com\/kirstengomez.es\/bodas\/wp-content\/uploads\/2017\/07\/dxboda-53.jpg?fit=700%2C467\" data-orig-size=\"700,467\" data-comments-opened=\"1\" data-image-meta=\"{&quot;aperture&quot;:&quot;0&quot;,&quot;credit&quot;:&quot;&quot;,&quot;camera&quot;:&quot;&quot;,&quot;caption&quot;:&quot;&quot;,&quot;created_timestamp&quot;:&quot;0&quot;,&quot;copyright&quot;:&quot;&quot;,&quot;focal_length&quot;:&quot;0&quot;,&quot;iso&quot;:&quot;0&quot;,&quot;shutter_speed&quot;:&quot;0&quot;,&quot;title&quot;:&quot;&quot;,&quot;orientation&quot;:&quot;0&quot;}\" data-image-title=\"\" data-image-description=\"\" data-image-caption=\"\" data-large-file=\"https:\/\/i0.wp.com\/kirstengomez.es\/bodas\/wp-content\/uploads\/2017\/07\/dxboda-53.jpg?fit=700%2C467\" class=\"alignnone size-full wp-image-4677\" src=\"https:\/\/i0.wp.com\/kirstengomez.es\/bodas\/wp-content\/uploads\/2017\/07\/dxboda-53.jpg?resize=700%2C467\" alt=\"\" width=\"700\" height=\"467\" srcset=\"https:\/\/i0.wp.com\/kirstengomez.es\/bodas\/wp-content\/uploads\/2017\/07\/dxboda-53.jpg?w=700 700w, https:\/\/i0.wp.com\/kirstengomez.es\/bodas\/wp-content\/uploads\/2017\/07\/dxboda-53.jpg?resize=300%2C200 300w, https:\/\/i0.wp.com\/kirstengomez.es\/bodas\/wp-content\/uploads\/2017\/07\/dxboda-53.jpg?resize=500%2C334 500w\" sizes=\"auto, (max-width: 700px) 100vw, 700px\" \/><img data-recalc-dims=\"1\" loading=\"lazy\" decoding=\"async\" data-attachment-id=\"4702\" data-permalink=\"http:\/\/kirstengomez.es\/bodas\/?attachment_id=4702\" data-orig-file=\"https:\/\/i0.wp.com\/kirstengomez.es\/bodas\/wp-content\/uploads\/2017\/07\/dxboda-80.jpg?fit=700%2C467\" data-orig-size=\"700,467\" data-comments-opened=\"1\" data-image-meta=\"{&quot;aperture&quot;:&quot;0&quot;,&quot;credit&quot;:&quot;&quot;,&quot;camera&quot;:&quot;&quot;,&quot;caption&quot;:&quot;&quot;,&quot;created_timestamp&quot;:&quot;0&quot;,&quot;copyright&quot;:&quot;&quot;,&quot;focal_length&quot;:&quot;0&quot;,&quot;iso&quot;:&quot;0&quot;,&quot;shutter_speed&quot;:&quot;0&quot;,&quot;title&quot;:&quot;&quot;,&quot;orientation&quot;:&quot;0&quot;}\" data-image-title=\"\" data-image-description=\"\" data-image-caption=\"\" data-large-file=\"https:\/\/i0.wp.com\/kirstengomez.es\/bodas\/wp-content\/uploads\/2017\/07\/dxboda-80.jpg?fit=700%2C467\" class=\"alignnone size-full wp-image-4702\" src=\"https:\/\/i0.wp.com\/kirstengomez.es\/bodas\/wp-content\/uploads\/2017\/07\/dxboda-80.jpg?resize=700%2C467\" alt=\"\" width=\"700\" height=\"467\" srcset=\"https:\/\/i0.wp.com\/kirstengomez.es\/bodas\/wp-content\/uploads\/2017\/07\/dxboda-80.jpg?w=700 700w, https:\/\/i0.wp.com\/kirstengomez.es\/bodas\/wp-content\/uploads\/2017\/07\/dxboda-80.jpg?resize=300%2C200 300w, https:\/\/i0.wp.com\/kirstengomez.es\/bodas\/wp-content\/uploads\/2017\/07\/dxboda-80.jpg?resize=500%2C334 500w\" sizes=\"auto, (max-width: 700px) 100vw, 700px\" \/><img data-recalc-dims=\"1\" loading=\"lazy\" decoding=\"async\" data-attachment-id=\"4701\" data-permalink=\"http:\/\/kirstengomez.es\/bodas\/?attachment_id=4701\" data-orig-file=\"https:\/\/i0.wp.com\/kirstengomez.es\/bodas\/wp-content\/uploads\/2017\/07\/dxboda-79.jpg?fit=700%2C467\" data-orig-size=\"700,467\" data-comments-opened=\"1\" data-image-meta=\"{&quot;aperture&quot;:&quot;0&quot;,&quot;credit&quot;:&quot;&quot;,&quot;camera&quot;:&quot;&quot;,&quot;caption&quot;:&quot;&quot;,&quot;created_timestamp&quot;:&quot;0&quot;,&quot;copyright&quot;:&quot;&quot;,&quot;focal_length&quot;:&quot;0&quot;,&quot;iso&quot;:&quot;0&quot;,&quot;shutter_speed&quot;:&quot;0&quot;,&quot;title&quot;:&quot;&quot;,&quot;orientation&quot;:&quot;0&quot;}\" data-image-title=\"\" data-image-description=\"\" data-image-caption=\"\" data-large-file=\"https:\/\/i0.wp.com\/kirstengomez.es\/bodas\/wp-content\/uploads\/2017\/07\/dxboda-79.jpg?fit=700%2C467\" class=\"alignnone size-full wp-image-4701\" src=\"https:\/\/i0.wp.com\/kirstengomez.es\/bodas\/wp-content\/uploads\/2017\/07\/dxboda-79.jpg?resize=700%2C467\" alt=\"\" width=\"700\" height=\"467\" srcset=\"https:\/\/i0.wp.com\/kirstengomez.es\/bodas\/wp-content\/uploads\/2017\/07\/dxboda-79.jpg?w=700 700w, https:\/\/i0.wp.com\/kirstengomez.es\/bodas\/wp-content\/uploads\/2017\/07\/dxboda-79.jpg?resize=300%2C200 300w, https:\/\/i0.wp.com\/kirstengomez.es\/bodas\/wp-content\/uploads\/2017\/07\/dxboda-79.jpg?resize=500%2C334 500w\" sizes=\"auto, (max-width: 700px) 100vw, 700px\" \/><\/p>\n<p>&nbsp;<\/p>\n<p>-\u00a1Una boda con damas de honor y todo!<\/p>\n<p>&nbsp;<\/p>\n<p><img data-recalc-dims=\"1\" loading=\"lazy\" decoding=\"async\" data-attachment-id=\"4693\" data-permalink=\"http:\/\/kirstengomez.es\/bodas\/?attachment_id=4693\" data-orig-file=\"https:\/\/i0.wp.com\/kirstengomez.es\/bodas\/wp-content\/uploads\/2017\/07\/dxboda-71.jpg?fit=700%2C467\" data-orig-size=\"700,467\" data-comments-opened=\"1\" data-image-meta=\"{&quot;aperture&quot;:&quot;0&quot;,&quot;credit&quot;:&quot;&quot;,&quot;camera&quot;:&quot;&quot;,&quot;caption&quot;:&quot;&quot;,&quot;created_timestamp&quot;:&quot;0&quot;,&quot;copyright&quot;:&quot;&quot;,&quot;focal_length&quot;:&quot;0&quot;,&quot;iso&quot;:&quot;0&quot;,&quot;shutter_speed&quot;:&quot;0&quot;,&quot;title&quot;:&quot;&quot;,&quot;orientation&quot;:&quot;0&quot;}\" data-image-title=\"\" data-image-description=\"\" data-image-caption=\"\" data-large-file=\"https:\/\/i0.wp.com\/kirstengomez.es\/bodas\/wp-content\/uploads\/2017\/07\/dxboda-71.jpg?fit=700%2C467\" class=\"alignnone size-full wp-image-4693\" src=\"https:\/\/i0.wp.com\/kirstengomez.es\/bodas\/wp-content\/uploads\/2017\/07\/dxboda-71.jpg?resize=700%2C467\" alt=\"\" width=\"700\" height=\"467\" srcset=\"https:\/\/i0.wp.com\/kirstengomez.es\/bodas\/wp-content\/uploads\/2017\/07\/dxboda-71.jpg?w=700 700w, https:\/\/i0.wp.com\/kirstengomez.es\/bodas\/wp-content\/uploads\/2017\/07\/dxboda-71.jpg?resize=300%2C200 300w, https:\/\/i0.wp.com\/kirstengomez.es\/bodas\/wp-content\/uploads\/2017\/07\/dxboda-71.jpg?resize=500%2C334 500w\" sizes=\"auto, (max-width: 700px) 100vw, 700px\" \/><img data-recalc-dims=\"1\" loading=\"lazy\" decoding=\"async\" data-attachment-id=\"4697\" data-permalink=\"http:\/\/kirstengomez.es\/bodas\/?attachment_id=4697\" data-orig-file=\"https:\/\/i0.wp.com\/kirstengomez.es\/bodas\/wp-content\/uploads\/2017\/07\/dxboda-75.jpg?fit=700%2C467\" data-orig-size=\"700,467\" data-comments-opened=\"1\" data-image-meta=\"{&quot;aperture&quot;:&quot;0&quot;,&quot;credit&quot;:&quot;&quot;,&quot;camera&quot;:&quot;&quot;,&quot;caption&quot;:&quot;&quot;,&quot;created_timestamp&quot;:&quot;0&quot;,&quot;copyright&quot;:&quot;&quot;,&quot;focal_length&quot;:&quot;0&quot;,&quot;iso&quot;:&quot;0&quot;,&quot;shutter_speed&quot;:&quot;0&quot;,&quot;title&quot;:&quot;&quot;,&quot;orientation&quot;:&quot;0&quot;}\" data-image-title=\"\" data-image-description=\"\" data-image-caption=\"\" data-large-file=\"https:\/\/i0.wp.com\/kirstengomez.es\/bodas\/wp-content\/uploads\/2017\/07\/dxboda-75.jpg?fit=700%2C467\" class=\"alignnone size-large wp-image-4697\" src=\"https:\/\/i0.wp.com\/kirstengomez.es\/bodas\/wp-content\/uploads\/2017\/07\/dxboda-75.jpg?resize=700%2C467\" alt=\"\" width=\"700\" height=\"467\" srcset=\"https:\/\/i0.wp.com\/kirstengomez.es\/bodas\/wp-content\/uploads\/2017\/07\/dxboda-75.jpg?w=700 700w, https:\/\/i0.wp.com\/kirstengomez.es\/bodas\/wp-content\/uploads\/2017\/07\/dxboda-75.jpg?resize=300%2C200 300w, https:\/\/i0.wp.com\/kirstengomez.es\/bodas\/wp-content\/uploads\/2017\/07\/dxboda-75.jpg?resize=500%2C334 500w\" sizes=\"auto, (max-width: 700px) 100vw, 700px\" \/><img data-recalc-dims=\"1\" loading=\"lazy\" decoding=\"async\" data-attachment-id=\"4696\" data-permalink=\"http:\/\/kirstengomez.es\/bodas\/?attachment_id=4696\" data-orig-file=\"https:\/\/i0.wp.com\/kirstengomez.es\/bodas\/wp-content\/uploads\/2017\/07\/dxboda-74.jpg?fit=700%2C467\" data-orig-size=\"700,467\" data-comments-opened=\"1\" data-image-meta=\"{&quot;aperture&quot;:&quot;0&quot;,&quot;credit&quot;:&quot;&quot;,&quot;camera&quot;:&quot;&quot;,&quot;caption&quot;:&quot;&quot;,&quot;created_timestamp&quot;:&quot;0&quot;,&quot;copyright&quot;:&quot;&quot;,&quot;focal_length&quot;:&quot;0&quot;,&quot;iso&quot;:&quot;0&quot;,&quot;shutter_speed&quot;:&quot;0&quot;,&quot;title&quot;:&quot;&quot;,&quot;orientation&quot;:&quot;0&quot;}\" data-image-title=\"\" data-image-description=\"\" data-image-caption=\"\" data-large-file=\"https:\/\/i0.wp.com\/kirstengomez.es\/bodas\/wp-content\/uploads\/2017\/07\/dxboda-74.jpg?fit=700%2C467\" class=\"alignnone size-large wp-image-4696\" src=\"https:\/\/i0.wp.com\/kirstengomez.es\/bodas\/wp-content\/uploads\/2017\/07\/dxboda-74.jpg?resize=700%2C467\" alt=\"\" width=\"700\" height=\"467\" srcset=\"https:\/\/i0.wp.com\/kirstengomez.es\/bodas\/wp-content\/uploads\/2017\/07\/dxboda-74.jpg?w=700 700w, https:\/\/i0.wp.com\/kirstengomez.es\/bodas\/wp-content\/uploads\/2017\/07\/dxboda-74.jpg?resize=300%2C200 300w, https:\/\/i0.wp.com\/kirstengomez.es\/bodas\/wp-content\/uploads\/2017\/07\/dxboda-74.jpg?resize=500%2C334 500w\" sizes=\"auto, (max-width: 700px) 100vw, 700px\" \/><\/p>\n<p>&nbsp;<\/p>\n<p>-\u00a1Y ese precioso detalle a conjunto para todas! \u00a1Una monada!<\/p>\n<p>&nbsp;<\/p>\n<p><img data-recalc-dims=\"1\" loading=\"lazy\" decoding=\"async\" data-attachment-id=\"4695\" data-permalink=\"http:\/\/kirstengomez.es\/bodas\/?attachment_id=4695\" data-orig-file=\"https:\/\/i0.wp.com\/kirstengomez.es\/bodas\/wp-content\/uploads\/2017\/07\/dxboda-73.jpg?fit=700%2C467\" data-orig-size=\"700,467\" data-comments-opened=\"1\" data-image-meta=\"{&quot;aperture&quot;:&quot;0&quot;,&quot;credit&quot;:&quot;&quot;,&quot;camera&quot;:&quot;&quot;,&quot;caption&quot;:&quot;&quot;,&quot;created_timestamp&quot;:&quot;0&quot;,&quot;copyright&quot;:&quot;&quot;,&quot;focal_length&quot;:&quot;0&quot;,&quot;iso&quot;:&quot;0&quot;,&quot;shutter_speed&quot;:&quot;0&quot;,&quot;title&quot;:&quot;&quot;,&quot;orientation&quot;:&quot;0&quot;}\" data-image-title=\"\" data-image-description=\"\" data-image-caption=\"\" data-large-file=\"https:\/\/i0.wp.com\/kirstengomez.es\/bodas\/wp-content\/uploads\/2017\/07\/dxboda-73.jpg?fit=700%2C467\" class=\"alignnone size-large wp-image-4695\" src=\"https:\/\/i0.wp.com\/kirstengomez.es\/bodas\/wp-content\/uploads\/2017\/07\/dxboda-73.jpg?resize=700%2C467\" alt=\"\" width=\"700\" height=\"467\" srcset=\"https:\/\/i0.wp.com\/kirstengomez.es\/bodas\/wp-content\/uploads\/2017\/07\/dxboda-73.jpg?w=700 700w, https:\/\/i0.wp.com\/kirstengomez.es\/bodas\/wp-content\/uploads\/2017\/07\/dxboda-73.jpg?resize=300%2C200 300w, https:\/\/i0.wp.com\/kirstengomez.es\/bodas\/wp-content\/uploads\/2017\/07\/dxboda-73.jpg?resize=500%2C334 500w\" sizes=\"auto, (max-width: 700px) 100vw, 700px\" \/><img data-recalc-dims=\"1\" loading=\"lazy\" decoding=\"async\" data-attachment-id=\"4698\" data-permalink=\"http:\/\/kirstengomez.es\/bodas\/?attachment_id=4698\" data-orig-file=\"https:\/\/i0.wp.com\/kirstengomez.es\/bodas\/wp-content\/uploads\/2017\/07\/dxboda-76.jpg?fit=700%2C467\" data-orig-size=\"700,467\" data-comments-opened=\"1\" data-image-meta=\"{&quot;aperture&quot;:&quot;0&quot;,&quot;credit&quot;:&quot;&quot;,&quot;camera&quot;:&quot;&quot;,&quot;caption&quot;:&quot;&quot;,&quot;created_timestamp&quot;:&quot;0&quot;,&quot;copyright&quot;:&quot;&quot;,&quot;focal_length&quot;:&quot;0&quot;,&quot;iso&quot;:&quot;0&quot;,&quot;shutter_speed&quot;:&quot;0&quot;,&quot;title&quot;:&quot;&quot;,&quot;orientation&quot;:&quot;0&quot;}\" data-image-title=\"\" data-image-description=\"\" data-image-caption=\"\" data-large-file=\"https:\/\/i0.wp.com\/kirstengomez.es\/bodas\/wp-content\/uploads\/2017\/07\/dxboda-76.jpg?fit=700%2C467\" class=\"alignnone size-large wp-image-4698\" src=\"https:\/\/i0.wp.com\/kirstengomez.es\/bodas\/wp-content\/uploads\/2017\/07\/dxboda-76.jpg?resize=700%2C467\" alt=\"\" width=\"700\" height=\"467\" srcset=\"https:\/\/i0.wp.com\/kirstengomez.es\/bodas\/wp-content\/uploads\/2017\/07\/dxboda-76.jpg?w=700 700w, https:\/\/i0.wp.com\/kirstengomez.es\/bodas\/wp-content\/uploads\/2017\/07\/dxboda-76.jpg?resize=300%2C200 300w, https:\/\/i0.wp.com\/kirstengomez.es\/bodas\/wp-content\/uploads\/2017\/07\/dxboda-76.jpg?resize=500%2C334 500w\" sizes=\"auto, (max-width: 700px) 100vw, 700px\" \/><img data-recalc-dims=\"1\" loading=\"lazy\" decoding=\"async\" data-attachment-id=\"4694\" data-permalink=\"http:\/\/kirstengomez.es\/bodas\/?attachment_id=4694\" data-orig-file=\"https:\/\/i0.wp.com\/kirstengomez.es\/bodas\/wp-content\/uploads\/2017\/07\/dxboda-72.jpg?fit=700%2C467\" data-orig-size=\"700,467\" data-comments-opened=\"1\" data-image-meta=\"{&quot;aperture&quot;:&quot;0&quot;,&quot;credit&quot;:&quot;&quot;,&quot;camera&quot;:&quot;&quot;,&quot;caption&quot;:&quot;&quot;,&quot;created_timestamp&quot;:&quot;0&quot;,&quot;copyright&quot;:&quot;&quot;,&quot;focal_length&quot;:&quot;0&quot;,&quot;iso&quot;:&quot;0&quot;,&quot;shutter_speed&quot;:&quot;0&quot;,&quot;title&quot;:&quot;&quot;,&quot;orientation&quot;:&quot;0&quot;}\" data-image-title=\"\" data-image-description=\"\" data-image-caption=\"\" data-large-file=\"https:\/\/i0.wp.com\/kirstengomez.es\/bodas\/wp-content\/uploads\/2017\/07\/dxboda-72.jpg?fit=700%2C467\" class=\"alignnone size-large wp-image-4694\" src=\"https:\/\/i0.wp.com\/kirstengomez.es\/bodas\/wp-content\/uploads\/2017\/07\/dxboda-72.jpg?resize=700%2C467\" alt=\"\" width=\"700\" height=\"467\" srcset=\"https:\/\/i0.wp.com\/kirstengomez.es\/bodas\/wp-content\/uploads\/2017\/07\/dxboda-72.jpg?w=700 700w, https:\/\/i0.wp.com\/kirstengomez.es\/bodas\/wp-content\/uploads\/2017\/07\/dxboda-72.jpg?resize=300%2C200 300w, https:\/\/i0.wp.com\/kirstengomez.es\/bodas\/wp-content\/uploads\/2017\/07\/dxboda-72.jpg?resize=500%2C334 500w\" sizes=\"auto, (max-width: 700px) 100vw, 700px\" \/><img data-recalc-dims=\"1\" loading=\"lazy\" decoding=\"async\" data-attachment-id=\"4699\" data-permalink=\"http:\/\/kirstengomez.es\/bodas\/?attachment_id=4699\" data-orig-file=\"https:\/\/i0.wp.com\/kirstengomez.es\/bodas\/wp-content\/uploads\/2017\/07\/dxboda-77.jpg?fit=700%2C467\" data-orig-size=\"700,467\" data-comments-opened=\"1\" data-image-meta=\"{&quot;aperture&quot;:&quot;0&quot;,&quot;credit&quot;:&quot;&quot;,&quot;camera&quot;:&quot;&quot;,&quot;caption&quot;:&quot;&quot;,&quot;created_timestamp&quot;:&quot;0&quot;,&quot;copyright&quot;:&quot;&quot;,&quot;focal_length&quot;:&quot;0&quot;,&quot;iso&quot;:&quot;0&quot;,&quot;shutter_speed&quot;:&quot;0&quot;,&quot;title&quot;:&quot;&quot;,&quot;orientation&quot;:&quot;0&quot;}\" data-image-title=\"\" data-image-description=\"\" data-image-caption=\"\" data-large-file=\"https:\/\/i0.wp.com\/kirstengomez.es\/bodas\/wp-content\/uploads\/2017\/07\/dxboda-77.jpg?fit=700%2C467\" class=\"alignnone size-large wp-image-4699\" src=\"https:\/\/i0.wp.com\/kirstengomez.es\/bodas\/wp-content\/uploads\/2017\/07\/dxboda-77.jpg?resize=700%2C467\" alt=\"\" width=\"700\" height=\"467\" srcset=\"https:\/\/i0.wp.com\/kirstengomez.es\/bodas\/wp-content\/uploads\/2017\/07\/dxboda-77.jpg?w=700 700w, https:\/\/i0.wp.com\/kirstengomez.es\/bodas\/wp-content\/uploads\/2017\/07\/dxboda-77.jpg?resize=300%2C200 300w, https:\/\/i0.wp.com\/kirstengomez.es\/bodas\/wp-content\/uploads\/2017\/07\/dxboda-77.jpg?resize=500%2C334 500w\" sizes=\"auto, (max-width: 700px) 100vw, 700px\" \/><\/p>\n<p>&nbsp;<\/p>\n<p>-\u00a1El ramo es una preciosidad, con esos tonos pastel!<\/p>\n<p>&nbsp;<\/p>\n<p><img data-recalc-dims=\"1\" loading=\"lazy\" decoding=\"async\" data-attachment-id=\"4703\" data-permalink=\"http:\/\/kirstengomez.es\/bodas\/?attachment_id=4703\" data-orig-file=\"https:\/\/i0.wp.com\/kirstengomez.es\/bodas\/wp-content\/uploads\/2017\/07\/dxboda-81.jpg?fit=700%2C467\" data-orig-size=\"700,467\" data-comments-opened=\"1\" data-image-meta=\"{&quot;aperture&quot;:&quot;0&quot;,&quot;credit&quot;:&quot;&quot;,&quot;camera&quot;:&quot;&quot;,&quot;caption&quot;:&quot;&quot;,&quot;created_timestamp&quot;:&quot;0&quot;,&quot;copyright&quot;:&quot;&quot;,&quot;focal_length&quot;:&quot;0&quot;,&quot;iso&quot;:&quot;0&quot;,&quot;shutter_speed&quot;:&quot;0&quot;,&quot;title&quot;:&quot;&quot;,&quot;orientation&quot;:&quot;0&quot;}\" data-image-title=\"\" data-image-description=\"\" data-image-caption=\"\" data-large-file=\"https:\/\/i0.wp.com\/kirstengomez.es\/bodas\/wp-content\/uploads\/2017\/07\/dxboda-81.jpg?fit=700%2C467\" class=\"alignnone size-full wp-image-4703\" src=\"https:\/\/i0.wp.com\/kirstengomez.es\/bodas\/wp-content\/uploads\/2017\/07\/dxboda-81.jpg?resize=700%2C467\" alt=\"\" width=\"700\" height=\"467\" srcset=\"https:\/\/i0.wp.com\/kirstengomez.es\/bodas\/wp-content\/uploads\/2017\/07\/dxboda-81.jpg?w=700 700w, https:\/\/i0.wp.com\/kirstengomez.es\/bodas\/wp-content\/uploads\/2017\/07\/dxboda-81.jpg?resize=300%2C200 300w, https:\/\/i0.wp.com\/kirstengomez.es\/bodas\/wp-content\/uploads\/2017\/07\/dxboda-81.jpg?resize=500%2C334 500w\" sizes=\"auto, (max-width: 700px) 100vw, 700px\" \/> <img data-recalc-dims=\"1\" loading=\"lazy\" decoding=\"async\" data-attachment-id=\"4704\" data-permalink=\"http:\/\/kirstengomez.es\/bodas\/?attachment_id=4704\" data-orig-file=\"https:\/\/i0.wp.com\/kirstengomez.es\/bodas\/wp-content\/uploads\/2017\/07\/dxboda-82.jpg?fit=700%2C467\" data-orig-size=\"700,467\" data-comments-opened=\"1\" data-image-meta=\"{&quot;aperture&quot;:&quot;0&quot;,&quot;credit&quot;:&quot;&quot;,&quot;camera&quot;:&quot;&quot;,&quot;caption&quot;:&quot;&quot;,&quot;created_timestamp&quot;:&quot;0&quot;,&quot;copyright&quot;:&quot;&quot;,&quot;focal_length&quot;:&quot;0&quot;,&quot;iso&quot;:&quot;0&quot;,&quot;shutter_speed&quot;:&quot;0&quot;,&quot;title&quot;:&quot;&quot;,&quot;orientation&quot;:&quot;0&quot;}\" data-image-title=\"\" data-image-description=\"\" data-image-caption=\"\" data-large-file=\"https:\/\/i0.wp.com\/kirstengomez.es\/bodas\/wp-content\/uploads\/2017\/07\/dxboda-82.jpg?fit=700%2C467\" class=\"alignnone size-full wp-image-4704\" src=\"https:\/\/i0.wp.com\/kirstengomez.es\/bodas\/wp-content\/uploads\/2017\/07\/dxboda-82.jpg?resize=700%2C467\" alt=\"\" width=\"700\" height=\"467\" srcset=\"https:\/\/i0.wp.com\/kirstengomez.es\/bodas\/wp-content\/uploads\/2017\/07\/dxboda-82.jpg?w=700 700w, https:\/\/i0.wp.com\/kirstengomez.es\/bodas\/wp-content\/uploads\/2017\/07\/dxboda-82.jpg?resize=300%2C200 300w, https:\/\/i0.wp.com\/kirstengomez.es\/bodas\/wp-content\/uploads\/2017\/07\/dxboda-82.jpg?resize=500%2C334 500w\" sizes=\"auto, (max-width: 700px) 100vw, 700px\" \/><img data-recalc-dims=\"1\" loading=\"lazy\" decoding=\"async\" data-attachment-id=\"4705\" data-permalink=\"http:\/\/kirstengomez.es\/bodas\/?attachment_id=4705\" data-orig-file=\"https:\/\/i0.wp.com\/kirstengomez.es\/bodas\/wp-content\/uploads\/2017\/07\/dxboda-83.jpg?fit=700%2C467\" data-orig-size=\"700,467\" data-comments-opened=\"1\" data-image-meta=\"{&quot;aperture&quot;:&quot;0&quot;,&quot;credit&quot;:&quot;&quot;,&quot;camera&quot;:&quot;&quot;,&quot;caption&quot;:&quot;&quot;,&quot;created_timestamp&quot;:&quot;0&quot;,&quot;copyright&quot;:&quot;&quot;,&quot;focal_length&quot;:&quot;0&quot;,&quot;iso&quot;:&quot;0&quot;,&quot;shutter_speed&quot;:&quot;0&quot;,&quot;title&quot;:&quot;&quot;,&quot;orientation&quot;:&quot;0&quot;}\" data-image-title=\"\" data-image-description=\"\" data-image-caption=\"\" data-large-file=\"https:\/\/i0.wp.com\/kirstengomez.es\/bodas\/wp-content\/uploads\/2017\/07\/dxboda-83.jpg?fit=700%2C467\" class=\"alignnone size-full wp-image-4705\" src=\"https:\/\/i0.wp.com\/kirstengomez.es\/bodas\/wp-content\/uploads\/2017\/07\/dxboda-83.jpg?resize=700%2C467\" alt=\"\" width=\"700\" height=\"467\" srcset=\"https:\/\/i0.wp.com\/kirstengomez.es\/bodas\/wp-content\/uploads\/2017\/07\/dxboda-83.jpg?w=700 700w, https:\/\/i0.wp.com\/kirstengomez.es\/bodas\/wp-content\/uploads\/2017\/07\/dxboda-83.jpg?resize=300%2C200 300w, https:\/\/i0.wp.com\/kirstengomez.es\/bodas\/wp-content\/uploads\/2017\/07\/dxboda-83.jpg?resize=500%2C334 500w\" sizes=\"auto, (max-width: 700px) 100vw, 700px\" \/><img data-recalc-dims=\"1\" loading=\"lazy\" decoding=\"async\" data-attachment-id=\"4709\" data-permalink=\"http:\/\/kirstengomez.es\/bodas\/?attachment_id=4709\" data-orig-file=\"https:\/\/i0.wp.com\/kirstengomez.es\/bodas\/wp-content\/uploads\/2017\/07\/dxboda-87.jpg?fit=700%2C467\" data-orig-size=\"700,467\" data-comments-opened=\"1\" data-image-meta=\"{&quot;aperture&quot;:&quot;0&quot;,&quot;credit&quot;:&quot;&quot;,&quot;camera&quot;:&quot;&quot;,&quot;caption&quot;:&quot;&quot;,&quot;created_timestamp&quot;:&quot;0&quot;,&quot;copyright&quot;:&quot;&quot;,&quot;focal_length&quot;:&quot;0&quot;,&quot;iso&quot;:&quot;0&quot;,&quot;shutter_speed&quot;:&quot;0&quot;,&quot;title&quot;:&quot;&quot;,&quot;orientation&quot;:&quot;0&quot;}\" data-image-title=\"\" data-image-description=\"\" data-image-caption=\"\" data-large-file=\"https:\/\/i0.wp.com\/kirstengomez.es\/bodas\/wp-content\/uploads\/2017\/07\/dxboda-87.jpg?fit=700%2C467\" class=\"alignnone size-full wp-image-4709\" src=\"https:\/\/i0.wp.com\/kirstengomez.es\/bodas\/wp-content\/uploads\/2017\/07\/dxboda-87.jpg?resize=700%2C467\" alt=\"\" width=\"700\" height=\"467\" srcset=\"https:\/\/i0.wp.com\/kirstengomez.es\/bodas\/wp-content\/uploads\/2017\/07\/dxboda-87.jpg?w=700 700w, https:\/\/i0.wp.com\/kirstengomez.es\/bodas\/wp-content\/uploads\/2017\/07\/dxboda-87.jpg?resize=300%2C200 300w, https:\/\/i0.wp.com\/kirstengomez.es\/bodas\/wp-content\/uploads\/2017\/07\/dxboda-87.jpg?resize=500%2C334 500w\" sizes=\"auto, (max-width: 700px) 100vw, 700px\" \/><img data-recalc-dims=\"1\" loading=\"lazy\" decoding=\"async\" data-attachment-id=\"4711\" data-permalink=\"http:\/\/kirstengomez.es\/bodas\/?attachment_id=4711\" data-orig-file=\"https:\/\/i0.wp.com\/kirstengomez.es\/bodas\/wp-content\/uploads\/2017\/07\/dxboda-89.jpg?fit=700%2C467\" data-orig-size=\"700,467\" data-comments-opened=\"1\" data-image-meta=\"{&quot;aperture&quot;:&quot;0&quot;,&quot;credit&quot;:&quot;&quot;,&quot;camera&quot;:&quot;&quot;,&quot;caption&quot;:&quot;&quot;,&quot;created_timestamp&quot;:&quot;0&quot;,&quot;copyright&quot;:&quot;&quot;,&quot;focal_length&quot;:&quot;0&quot;,&quot;iso&quot;:&quot;0&quot;,&quot;shutter_speed&quot;:&quot;0&quot;,&quot;title&quot;:&quot;&quot;,&quot;orientation&quot;:&quot;0&quot;}\" data-image-title=\"\" data-image-description=\"\" data-image-caption=\"\" data-large-file=\"https:\/\/i0.wp.com\/kirstengomez.es\/bodas\/wp-content\/uploads\/2017\/07\/dxboda-89.jpg?fit=700%2C467\" class=\"alignnone size-full wp-image-4711\" src=\"https:\/\/i0.wp.com\/kirstengomez.es\/bodas\/wp-content\/uploads\/2017\/07\/dxboda-89.jpg?resize=700%2C467\" alt=\"\" width=\"700\" height=\"467\" srcset=\"https:\/\/i0.wp.com\/kirstengomez.es\/bodas\/wp-content\/uploads\/2017\/07\/dxboda-89.jpg?w=700 700w, https:\/\/i0.wp.com\/kirstengomez.es\/bodas\/wp-content\/uploads\/2017\/07\/dxboda-89.jpg?resize=300%2C200 300w, https:\/\/i0.wp.com\/kirstengomez.es\/bodas\/wp-content\/uploads\/2017\/07\/dxboda-89.jpg?resize=500%2C334 500w\" sizes=\"auto, (max-width: 700px) 100vw, 700px\" \/><img data-recalc-dims=\"1\" loading=\"lazy\" decoding=\"async\" data-attachment-id=\"4713\" data-permalink=\"http:\/\/kirstengomez.es\/bodas\/?attachment_id=4713\" data-orig-file=\"https:\/\/i0.wp.com\/kirstengomez.es\/bodas\/wp-content\/uploads\/2017\/07\/dxboda-91.jpg?fit=700%2C467\" data-orig-size=\"700,467\" data-comments-opened=\"1\" data-image-meta=\"{&quot;aperture&quot;:&quot;0&quot;,&quot;credit&quot;:&quot;&quot;,&quot;camera&quot;:&quot;&quot;,&quot;caption&quot;:&quot;&quot;,&quot;created_timestamp&quot;:&quot;0&quot;,&quot;copyright&quot;:&quot;&quot;,&quot;focal_length&quot;:&quot;0&quot;,&quot;iso&quot;:&quot;0&quot;,&quot;shutter_speed&quot;:&quot;0&quot;,&quot;title&quot;:&quot;&quot;,&quot;orientation&quot;:&quot;0&quot;}\" data-image-title=\"\" data-image-description=\"\" data-image-caption=\"\" data-large-file=\"https:\/\/i0.wp.com\/kirstengomez.es\/bodas\/wp-content\/uploads\/2017\/07\/dxboda-91.jpg?fit=700%2C467\" class=\"alignnone size-full wp-image-4713\" src=\"https:\/\/i0.wp.com\/kirstengomez.es\/bodas\/wp-content\/uploads\/2017\/07\/dxboda-91.jpg?resize=700%2C467\" alt=\"\" width=\"700\" height=\"467\" srcset=\"https:\/\/i0.wp.com\/kirstengomez.es\/bodas\/wp-content\/uploads\/2017\/07\/dxboda-91.jpg?w=700 700w, https:\/\/i0.wp.com\/kirstengomez.es\/bodas\/wp-content\/uploads\/2017\/07\/dxboda-91.jpg?resize=300%2C200 300w, https:\/\/i0.wp.com\/kirstengomez.es\/bodas\/wp-content\/uploads\/2017\/07\/dxboda-91.jpg?resize=500%2C334 500w\" sizes=\"auto, (max-width: 700px) 100vw, 700px\" \/><\/p>\n<p>&nbsp;<\/p>\n<p>-\u00bfA qu\u00e9 novia no le viene bien un buen achuch\u00f3n de toda la familia? \u00a1Me encanta esta fotograf\u00eda!<\/p>\n<p>\u00a1Es AMOR en letras may\u00fasculas!<\/p>\n<p>&nbsp;<\/p>\n<p><img data-recalc-dims=\"1\" loading=\"lazy\" decoding=\"async\" data-attachment-id=\"4706\" data-permalink=\"http:\/\/kirstengomez.es\/bodas\/?attachment_id=4706\" data-orig-file=\"https:\/\/i0.wp.com\/kirstengomez.es\/bodas\/wp-content\/uploads\/2017\/07\/dxboda-84.jpg?fit=700%2C467\" data-orig-size=\"700,467\" data-comments-opened=\"1\" data-image-meta=\"{&quot;aperture&quot;:&quot;0&quot;,&quot;credit&quot;:&quot;&quot;,&quot;camera&quot;:&quot;&quot;,&quot;caption&quot;:&quot;&quot;,&quot;created_timestamp&quot;:&quot;0&quot;,&quot;copyright&quot;:&quot;&quot;,&quot;focal_length&quot;:&quot;0&quot;,&quot;iso&quot;:&quot;0&quot;,&quot;shutter_speed&quot;:&quot;0&quot;,&quot;title&quot;:&quot;&quot;,&quot;orientation&quot;:&quot;0&quot;}\" data-image-title=\"\" data-image-description=\"\" data-image-caption=\"\" data-large-file=\"https:\/\/i0.wp.com\/kirstengomez.es\/bodas\/wp-content\/uploads\/2017\/07\/dxboda-84.jpg?fit=700%2C467\" class=\"alignnone size-full wp-image-4706\" src=\"https:\/\/i0.wp.com\/kirstengomez.es\/bodas\/wp-content\/uploads\/2017\/07\/dxboda-84.jpg?resize=700%2C467\" alt=\"\" width=\"700\" height=\"467\" srcset=\"https:\/\/i0.wp.com\/kirstengomez.es\/bodas\/wp-content\/uploads\/2017\/07\/dxboda-84.jpg?w=700 700w, https:\/\/i0.wp.com\/kirstengomez.es\/bodas\/wp-content\/uploads\/2017\/07\/dxboda-84.jpg?resize=300%2C200 300w, https:\/\/i0.wp.com\/kirstengomez.es\/bodas\/wp-content\/uploads\/2017\/07\/dxboda-84.jpg?resize=500%2C334 500w\" sizes=\"auto, (max-width: 700px) 100vw, 700px\" \/><\/p>\n<p>&nbsp;<\/p>\n<p>\u00a1Y este detallito para los anillos con el \u00abhilo rojo\u00bb que te mira con carita de enamorado!<\/p>\n<p>&nbsp;<\/p>\n<p><img data-recalc-dims=\"1\" loading=\"lazy\" decoding=\"async\" data-attachment-id=\"4708\" data-permalink=\"http:\/\/kirstengomez.es\/bodas\/?attachment_id=4708\" data-orig-file=\"https:\/\/i0.wp.com\/kirstengomez.es\/bodas\/wp-content\/uploads\/2017\/07\/dxboda-86.jpg?fit=700%2C467\" data-orig-size=\"700,467\" data-comments-opened=\"1\" data-image-meta=\"{&quot;aperture&quot;:&quot;0&quot;,&quot;credit&quot;:&quot;&quot;,&quot;camera&quot;:&quot;&quot;,&quot;caption&quot;:&quot;&quot;,&quot;created_timestamp&quot;:&quot;0&quot;,&quot;copyright&quot;:&quot;&quot;,&quot;focal_length&quot;:&quot;0&quot;,&quot;iso&quot;:&quot;0&quot;,&quot;shutter_speed&quot;:&quot;0&quot;,&quot;title&quot;:&quot;&quot;,&quot;orientation&quot;:&quot;0&quot;}\" data-image-title=\"\" data-image-description=\"\" data-image-caption=\"\" data-large-file=\"https:\/\/i0.wp.com\/kirstengomez.es\/bodas\/wp-content\/uploads\/2017\/07\/dxboda-86.jpg?fit=700%2C467\" class=\"alignnone size-full wp-image-4708\" src=\"https:\/\/i0.wp.com\/kirstengomez.es\/bodas\/wp-content\/uploads\/2017\/07\/dxboda-86.jpg?resize=700%2C467\" alt=\"\" width=\"700\" height=\"467\" srcset=\"https:\/\/i0.wp.com\/kirstengomez.es\/bodas\/wp-content\/uploads\/2017\/07\/dxboda-86.jpg?w=700 700w, https:\/\/i0.wp.com\/kirstengomez.es\/bodas\/wp-content\/uploads\/2017\/07\/dxboda-86.jpg?resize=300%2C200 300w, https:\/\/i0.wp.com\/kirstengomez.es\/bodas\/wp-content\/uploads\/2017\/07\/dxboda-86.jpg?resize=500%2C334 500w\" sizes=\"auto, (max-width: 700px) 100vw, 700px\" \/><img data-recalc-dims=\"1\" loading=\"lazy\" decoding=\"async\" data-attachment-id=\"4710\" data-permalink=\"http:\/\/kirstengomez.es\/bodas\/?attachment_id=4710\" data-orig-file=\"https:\/\/i0.wp.com\/kirstengomez.es\/bodas\/wp-content\/uploads\/2017\/07\/dxboda-88.jpg?fit=700%2C467\" data-orig-size=\"700,467\" data-comments-opened=\"1\" data-image-meta=\"{&quot;aperture&quot;:&quot;0&quot;,&quot;credit&quot;:&quot;&quot;,&quot;camera&quot;:&quot;&quot;,&quot;caption&quot;:&quot;&quot;,&quot;created_timestamp&quot;:&quot;0&quot;,&quot;copyright&quot;:&quot;&quot;,&quot;focal_length&quot;:&quot;0&quot;,&quot;iso&quot;:&quot;0&quot;,&quot;shutter_speed&quot;:&quot;0&quot;,&quot;title&quot;:&quot;&quot;,&quot;orientation&quot;:&quot;0&quot;}\" data-image-title=\"\" data-image-description=\"\" data-image-caption=\"\" data-large-file=\"https:\/\/i0.wp.com\/kirstengomez.es\/bodas\/wp-content\/uploads\/2017\/07\/dxboda-88.jpg?fit=700%2C467\" class=\"alignnone size-full wp-image-4710\" src=\"https:\/\/i0.wp.com\/kirstengomez.es\/bodas\/wp-content\/uploads\/2017\/07\/dxboda-88.jpg?resize=700%2C467\" alt=\"\" width=\"700\" height=\"467\" srcset=\"https:\/\/i0.wp.com\/kirstengomez.es\/bodas\/wp-content\/uploads\/2017\/07\/dxboda-88.jpg?w=700 700w, https:\/\/i0.wp.com\/kirstengomez.es\/bodas\/wp-content\/uploads\/2017\/07\/dxboda-88.jpg?resize=300%2C200 300w, https:\/\/i0.wp.com\/kirstengomez.es\/bodas\/wp-content\/uploads\/2017\/07\/dxboda-88.jpg?resize=500%2C334 500w\" sizes=\"auto, (max-width: 700px) 100vw, 700px\" \/><\/p>\n<p>&nbsp;<\/p>\n<p>Si hab\u00e9is visto la preboda, ver\u00e9is que la historia del <a href=\"https:\/\/lamenteesmaravillosa.com\/la-leyenda-del-hilo-rojo\/\" target=\"_blank\" rel=\"noopener\">\u00abhilo rojo\u00bb<\/a>, ya viene de lejos!<\/p>\n<p>\u00a1Desde Roma para ser exactos!<\/p>\n<p>&nbsp;<\/p>\n<p><img data-recalc-dims=\"1\" loading=\"lazy\" decoding=\"async\" data-attachment-id=\"4714\" data-permalink=\"http:\/\/kirstengomez.es\/bodas\/?attachment_id=4714\" data-orig-file=\"https:\/\/i0.wp.com\/kirstengomez.es\/bodas\/wp-content\/uploads\/2017\/07\/dxboda-92.jpg?fit=700%2C467\" data-orig-size=\"700,467\" data-comments-opened=\"1\" data-image-meta=\"{&quot;aperture&quot;:&quot;0&quot;,&quot;credit&quot;:&quot;&quot;,&quot;camera&quot;:&quot;&quot;,&quot;caption&quot;:&quot;&quot;,&quot;created_timestamp&quot;:&quot;0&quot;,&quot;copyright&quot;:&quot;&quot;,&quot;focal_length&quot;:&quot;0&quot;,&quot;iso&quot;:&quot;0&quot;,&quot;shutter_speed&quot;:&quot;0&quot;,&quot;title&quot;:&quot;&quot;,&quot;orientation&quot;:&quot;0&quot;}\" data-image-title=\"\" data-image-description=\"\" data-image-caption=\"\" data-large-file=\"https:\/\/i0.wp.com\/kirstengomez.es\/bodas\/wp-content\/uploads\/2017\/07\/dxboda-92.jpg?fit=700%2C467\" class=\"alignnone size-full wp-image-4714\" src=\"https:\/\/i0.wp.com\/kirstengomez.es\/bodas\/wp-content\/uploads\/2017\/07\/dxboda-92.jpg?resize=700%2C467\" alt=\"\" width=\"700\" height=\"467\" srcset=\"https:\/\/i0.wp.com\/kirstengomez.es\/bodas\/wp-content\/uploads\/2017\/07\/dxboda-92.jpg?w=700 700w, https:\/\/i0.wp.com\/kirstengomez.es\/bodas\/wp-content\/uploads\/2017\/07\/dxboda-92.jpg?resize=300%2C200 300w, https:\/\/i0.wp.com\/kirstengomez.es\/bodas\/wp-content\/uploads\/2017\/07\/dxboda-92.jpg?resize=500%2C334 500w\" sizes=\"auto, (max-width: 700px) 100vw, 700px\" \/><\/p>\n<p>&nbsp;<\/p>\n<p>-\u00bfQu\u00e9 estar\u00eda esperando Xavi con los ojos cerrados y agarrando el hilo rojo?<\/p>\n<p>&nbsp;<\/p>\n<p><img data-recalc-dims=\"1\" loading=\"lazy\" decoding=\"async\" data-attachment-id=\"4715\" data-permalink=\"http:\/\/kirstengomez.es\/bodas\/?attachment_id=4715\" data-orig-file=\"https:\/\/i0.wp.com\/kirstengomez.es\/bodas\/wp-content\/uploads\/2017\/07\/dxboda-93.jpg?fit=700%2C467\" data-orig-size=\"700,467\" data-comments-opened=\"1\" data-image-meta=\"{&quot;aperture&quot;:&quot;0&quot;,&quot;credit&quot;:&quot;&quot;,&quot;camera&quot;:&quot;&quot;,&quot;caption&quot;:&quot;&quot;,&quot;created_timestamp&quot;:&quot;0&quot;,&quot;copyright&quot;:&quot;&quot;,&quot;focal_length&quot;:&quot;0&quot;,&quot;iso&quot;:&quot;0&quot;,&quot;shutter_speed&quot;:&quot;0&quot;,&quot;title&quot;:&quot;&quot;,&quot;orientation&quot;:&quot;0&quot;}\" data-image-title=\"\" data-image-description=\"\" data-image-caption=\"\" data-large-file=\"https:\/\/i0.wp.com\/kirstengomez.es\/bodas\/wp-content\/uploads\/2017\/07\/dxboda-93.jpg?fit=700%2C467\" class=\"alignnone size-full wp-image-4715\" src=\"https:\/\/i0.wp.com\/kirstengomez.es\/bodas\/wp-content\/uploads\/2017\/07\/dxboda-93.jpg?resize=700%2C467\" alt=\"\" width=\"700\" height=\"467\" srcset=\"https:\/\/i0.wp.com\/kirstengomez.es\/bodas\/wp-content\/uploads\/2017\/07\/dxboda-93.jpg?w=700 700w, https:\/\/i0.wp.com\/kirstengomez.es\/bodas\/wp-content\/uploads\/2017\/07\/dxboda-93.jpg?resize=300%2C200 300w, https:\/\/i0.wp.com\/kirstengomez.es\/bodas\/wp-content\/uploads\/2017\/07\/dxboda-93.jpg?resize=500%2C334 500w\" sizes=\"auto, (max-width: 700px) 100vw, 700px\" \/><\/p>\n<p>&nbsp;<\/p>\n<p>-\u00a1Uhhh! \u00a1Sorpresa!<\/p>\n<p>First Look, detr\u00e1s de ese hilo hab\u00eda alguien&#8230;<\/p>\n<p>&nbsp;<\/p>\n<p><img data-recalc-dims=\"1\" loading=\"lazy\" decoding=\"async\" data-attachment-id=\"4716\" data-permalink=\"http:\/\/kirstengomez.es\/bodas\/?attachment_id=4716\" data-orig-file=\"https:\/\/i0.wp.com\/kirstengomez.es\/bodas\/wp-content\/uploads\/2017\/07\/dxboda-94.jpg?fit=700%2C467\" data-orig-size=\"700,467\" data-comments-opened=\"1\" data-image-meta=\"{&quot;aperture&quot;:&quot;0&quot;,&quot;credit&quot;:&quot;&quot;,&quot;camera&quot;:&quot;&quot;,&quot;caption&quot;:&quot;&quot;,&quot;created_timestamp&quot;:&quot;0&quot;,&quot;copyright&quot;:&quot;&quot;,&quot;focal_length&quot;:&quot;0&quot;,&quot;iso&quot;:&quot;0&quot;,&quot;shutter_speed&quot;:&quot;0&quot;,&quot;title&quot;:&quot;&quot;,&quot;orientation&quot;:&quot;0&quot;}\" data-image-title=\"\" data-image-description=\"\" data-image-caption=\"\" data-large-file=\"https:\/\/i0.wp.com\/kirstengomez.es\/bodas\/wp-content\/uploads\/2017\/07\/dxboda-94.jpg?fit=700%2C467\" class=\"alignnone size-full wp-image-4716\" src=\"https:\/\/i0.wp.com\/kirstengomez.es\/bodas\/wp-content\/uploads\/2017\/07\/dxboda-94.jpg?resize=700%2C467\" alt=\"\" width=\"700\" height=\"467\" srcset=\"https:\/\/i0.wp.com\/kirstengomez.es\/bodas\/wp-content\/uploads\/2017\/07\/dxboda-94.jpg?w=700 700w, https:\/\/i0.wp.com\/kirstengomez.es\/bodas\/wp-content\/uploads\/2017\/07\/dxboda-94.jpg?resize=300%2C200 300w, https:\/\/i0.wp.com\/kirstengomez.es\/bodas\/wp-content\/uploads\/2017\/07\/dxboda-94.jpg?resize=500%2C334 500w\" sizes=\"auto, (max-width: 700px) 100vw, 700px\" \/><\/p>\n<p>&nbsp;<\/p>\n<p>-\u00a1\u00a1\u00a1S\u00ed!!! \u00a1Diana! \u00a0(\u00a1\u00a1\u00a1\u00a1\u00a1\u00a1Momento m\u00e1gico!!!!!!!)<\/p>\n<p>&nbsp;<\/p>\n<p><img data-recalc-dims=\"1\" loading=\"lazy\" decoding=\"async\" data-attachment-id=\"4717\" data-permalink=\"http:\/\/kirstengomez.es\/bodas\/?attachment_id=4717\" data-orig-file=\"https:\/\/i0.wp.com\/kirstengomez.es\/bodas\/wp-content\/uploads\/2017\/07\/dxboda-95.jpg?fit=700%2C467\" data-orig-size=\"700,467\" data-comments-opened=\"1\" data-image-meta=\"{&quot;aperture&quot;:&quot;0&quot;,&quot;credit&quot;:&quot;&quot;,&quot;camera&quot;:&quot;&quot;,&quot;caption&quot;:&quot;&quot;,&quot;created_timestamp&quot;:&quot;0&quot;,&quot;copyright&quot;:&quot;&quot;,&quot;focal_length&quot;:&quot;0&quot;,&quot;iso&quot;:&quot;0&quot;,&quot;shutter_speed&quot;:&quot;0&quot;,&quot;title&quot;:&quot;&quot;,&quot;orientation&quot;:&quot;0&quot;}\" data-image-title=\"\" data-image-description=\"\" data-image-caption=\"\" data-large-file=\"https:\/\/i0.wp.com\/kirstengomez.es\/bodas\/wp-content\/uploads\/2017\/07\/dxboda-95.jpg?fit=700%2C467\" class=\"alignnone size-full wp-image-4717\" src=\"https:\/\/i0.wp.com\/kirstengomez.es\/bodas\/wp-content\/uploads\/2017\/07\/dxboda-95.jpg?resize=700%2C467\" alt=\"\" width=\"700\" height=\"467\" srcset=\"https:\/\/i0.wp.com\/kirstengomez.es\/bodas\/wp-content\/uploads\/2017\/07\/dxboda-95.jpg?w=700 700w, https:\/\/i0.wp.com\/kirstengomez.es\/bodas\/wp-content\/uploads\/2017\/07\/dxboda-95.jpg?resize=300%2C200 300w, https:\/\/i0.wp.com\/kirstengomez.es\/bodas\/wp-content\/uploads\/2017\/07\/dxboda-95.jpg?resize=500%2C334 500w\" sizes=\"auto, (max-width: 700px) 100vw, 700px\" \/><\/p>\n<p>&nbsp;<\/p>\n<p>Un giro inesperado cambi\u00f3 todo el decorado de sitio y lo traslad\u00f3 al interior del Mas Xaloc.<\/p>\n<p>-\u00a1La que cay\u00f3 fue tremenda! De ah\u00ed la importancia de un plan B. Nunca sabes si llover\u00e1 o no.<\/p>\n<p>&nbsp;<\/p>\n<p><img data-recalc-dims=\"1\" loading=\"lazy\" decoding=\"async\" data-attachment-id=\"4733\" data-permalink=\"http:\/\/kirstengomez.es\/bodas\/?attachment_id=4733\" data-orig-file=\"https:\/\/i0.wp.com\/kirstengomez.es\/bodas\/wp-content\/uploads\/2017\/07\/dxboda-111.jpg?fit=700%2C467\" data-orig-size=\"700,467\" data-comments-opened=\"1\" data-image-meta=\"{&quot;aperture&quot;:&quot;0&quot;,&quot;credit&quot;:&quot;&quot;,&quot;camera&quot;:&quot;&quot;,&quot;caption&quot;:&quot;&quot;,&quot;created_timestamp&quot;:&quot;0&quot;,&quot;copyright&quot;:&quot;&quot;,&quot;focal_length&quot;:&quot;0&quot;,&quot;iso&quot;:&quot;0&quot;,&quot;shutter_speed&quot;:&quot;0&quot;,&quot;title&quot;:&quot;&quot;,&quot;orientation&quot;:&quot;0&quot;}\" data-image-title=\"\" data-image-description=\"\" data-image-caption=\"\" data-large-file=\"https:\/\/i0.wp.com\/kirstengomez.es\/bodas\/wp-content\/uploads\/2017\/07\/dxboda-111.jpg?fit=700%2C467\" class=\"alignnone size-full wp-image-4733\" src=\"https:\/\/i0.wp.com\/kirstengomez.es\/bodas\/wp-content\/uploads\/2017\/07\/dxboda-111.jpg?resize=700%2C467\" alt=\"\" width=\"700\" height=\"467\" srcset=\"https:\/\/i0.wp.com\/kirstengomez.es\/bodas\/wp-content\/uploads\/2017\/07\/dxboda-111.jpg?w=700 700w, https:\/\/i0.wp.com\/kirstengomez.es\/bodas\/wp-content\/uploads\/2017\/07\/dxboda-111.jpg?resize=300%2C200 300w, https:\/\/i0.wp.com\/kirstengomez.es\/bodas\/wp-content\/uploads\/2017\/07\/dxboda-111.jpg?resize=500%2C334 500w\" sizes=\"auto, (max-width: 700px) 100vw, 700px\" \/><img data-recalc-dims=\"1\" loading=\"lazy\" decoding=\"async\" data-attachment-id=\"4743\" data-permalink=\"http:\/\/kirstengomez.es\/bodas\/?attachment_id=4743\" data-orig-file=\"https:\/\/i0.wp.com\/kirstengomez.es\/bodas\/wp-content\/uploads\/2017\/07\/dxboda-121.jpg?fit=700%2C467\" data-orig-size=\"700,467\" data-comments-opened=\"1\" data-image-meta=\"{&quot;aperture&quot;:&quot;0&quot;,&quot;credit&quot;:&quot;&quot;,&quot;camera&quot;:&quot;&quot;,&quot;caption&quot;:&quot;&quot;,&quot;created_timestamp&quot;:&quot;0&quot;,&quot;copyright&quot;:&quot;&quot;,&quot;focal_length&quot;:&quot;0&quot;,&quot;iso&quot;:&quot;0&quot;,&quot;shutter_speed&quot;:&quot;0&quot;,&quot;title&quot;:&quot;&quot;,&quot;orientation&quot;:&quot;0&quot;}\" data-image-title=\"\" data-image-description=\"\" data-image-caption=\"\" data-large-file=\"https:\/\/i0.wp.com\/kirstengomez.es\/bodas\/wp-content\/uploads\/2017\/07\/dxboda-121.jpg?fit=700%2C467\" class=\"alignnone size-full wp-image-4743\" src=\"https:\/\/i0.wp.com\/kirstengomez.es\/bodas\/wp-content\/uploads\/2017\/07\/dxboda-121.jpg?resize=700%2C467\" alt=\"\" width=\"700\" height=\"467\" srcset=\"https:\/\/i0.wp.com\/kirstengomez.es\/bodas\/wp-content\/uploads\/2017\/07\/dxboda-121.jpg?w=700 700w, https:\/\/i0.wp.com\/kirstengomez.es\/bodas\/wp-content\/uploads\/2017\/07\/dxboda-121.jpg?resize=300%2C200 300w, https:\/\/i0.wp.com\/kirstengomez.es\/bodas\/wp-content\/uploads\/2017\/07\/dxboda-121.jpg?resize=500%2C334 500w\" sizes=\"auto, (max-width: 700px) 100vw, 700px\" \/><img data-recalc-dims=\"1\" loading=\"lazy\" decoding=\"async\" data-attachment-id=\"4735\" data-permalink=\"http:\/\/kirstengomez.es\/bodas\/?attachment_id=4735\" data-orig-file=\"https:\/\/i0.wp.com\/kirstengomez.es\/bodas\/wp-content\/uploads\/2017\/07\/dxboda-113.jpg?fit=700%2C467\" data-orig-size=\"700,467\" data-comments-opened=\"1\" data-image-meta=\"{&quot;aperture&quot;:&quot;0&quot;,&quot;credit&quot;:&quot;&quot;,&quot;camera&quot;:&quot;&quot;,&quot;caption&quot;:&quot;&quot;,&quot;created_timestamp&quot;:&quot;0&quot;,&quot;copyright&quot;:&quot;&quot;,&quot;focal_length&quot;:&quot;0&quot;,&quot;iso&quot;:&quot;0&quot;,&quot;shutter_speed&quot;:&quot;0&quot;,&quot;title&quot;:&quot;&quot;,&quot;orientation&quot;:&quot;0&quot;}\" data-image-title=\"\" data-image-description=\"\" data-image-caption=\"\" data-large-file=\"https:\/\/i0.wp.com\/kirstengomez.es\/bodas\/wp-content\/uploads\/2017\/07\/dxboda-113.jpg?fit=700%2C467\" class=\"alignnone size-full wp-image-4735\" src=\"https:\/\/i0.wp.com\/kirstengomez.es\/bodas\/wp-content\/uploads\/2017\/07\/dxboda-113.jpg?resize=700%2C467\" alt=\"\" width=\"700\" height=\"467\" srcset=\"https:\/\/i0.wp.com\/kirstengomez.es\/bodas\/wp-content\/uploads\/2017\/07\/dxboda-113.jpg?w=700 700w, https:\/\/i0.wp.com\/kirstengomez.es\/bodas\/wp-content\/uploads\/2017\/07\/dxboda-113.jpg?resize=300%2C200 300w, https:\/\/i0.wp.com\/kirstengomez.es\/bodas\/wp-content\/uploads\/2017\/07\/dxboda-113.jpg?resize=500%2C334 500w\" sizes=\"auto, (max-width: 700px) 100vw, 700px\" \/><img data-recalc-dims=\"1\" loading=\"lazy\" decoding=\"async\" data-attachment-id=\"4720\" data-permalink=\"http:\/\/kirstengomez.es\/bodas\/?attachment_id=4720\" data-orig-file=\"https:\/\/i0.wp.com\/kirstengomez.es\/bodas\/wp-content\/uploads\/2017\/07\/dxboda-98.jpg?fit=700%2C467\" data-orig-size=\"700,467\" data-comments-opened=\"1\" data-image-meta=\"{&quot;aperture&quot;:&quot;0&quot;,&quot;credit&quot;:&quot;&quot;,&quot;camera&quot;:&quot;&quot;,&quot;caption&quot;:&quot;&quot;,&quot;created_timestamp&quot;:&quot;0&quot;,&quot;copyright&quot;:&quot;&quot;,&quot;focal_length&quot;:&quot;0&quot;,&quot;iso&quot;:&quot;0&quot;,&quot;shutter_speed&quot;:&quot;0&quot;,&quot;title&quot;:&quot;&quot;,&quot;orientation&quot;:&quot;0&quot;}\" data-image-title=\"\" data-image-description=\"\" data-image-caption=\"\" data-large-file=\"https:\/\/i0.wp.com\/kirstengomez.es\/bodas\/wp-content\/uploads\/2017\/07\/dxboda-98.jpg?fit=700%2C467\" class=\"alignnone size-full wp-image-4720\" src=\"https:\/\/i0.wp.com\/kirstengomez.es\/bodas\/wp-content\/uploads\/2017\/07\/dxboda-98.jpg?resize=700%2C467\" alt=\"\" width=\"700\" height=\"467\" srcset=\"https:\/\/i0.wp.com\/kirstengomez.es\/bodas\/wp-content\/uploads\/2017\/07\/dxboda-98.jpg?w=700 700w, https:\/\/i0.wp.com\/kirstengomez.es\/bodas\/wp-content\/uploads\/2017\/07\/dxboda-98.jpg?resize=300%2C200 300w, https:\/\/i0.wp.com\/kirstengomez.es\/bodas\/wp-content\/uploads\/2017\/07\/dxboda-98.jpg?resize=500%2C334 500w\" sizes=\"auto, (max-width: 700px) 100vw, 700px\" \/><img data-recalc-dims=\"1\" loading=\"lazy\" decoding=\"async\" data-attachment-id=\"4721\" data-permalink=\"http:\/\/kirstengomez.es\/bodas\/?attachment_id=4721\" data-orig-file=\"https:\/\/i0.wp.com\/kirstengomez.es\/bodas\/wp-content\/uploads\/2017\/07\/dxboda-99.jpg?fit=700%2C467\" data-orig-size=\"700,467\" data-comments-opened=\"1\" data-image-meta=\"{&quot;aperture&quot;:&quot;0&quot;,&quot;credit&quot;:&quot;&quot;,&quot;camera&quot;:&quot;&quot;,&quot;caption&quot;:&quot;&quot;,&quot;created_timestamp&quot;:&quot;0&quot;,&quot;copyright&quot;:&quot;&quot;,&quot;focal_length&quot;:&quot;0&quot;,&quot;iso&quot;:&quot;0&quot;,&quot;shutter_speed&quot;:&quot;0&quot;,&quot;title&quot;:&quot;&quot;,&quot;orientation&quot;:&quot;0&quot;}\" data-image-title=\"\" data-image-description=\"\" data-image-caption=\"\" data-large-file=\"https:\/\/i0.wp.com\/kirstengomez.es\/bodas\/wp-content\/uploads\/2017\/07\/dxboda-99.jpg?fit=700%2C467\" class=\"alignnone size-full wp-image-4721\" src=\"https:\/\/i0.wp.com\/kirstengomez.es\/bodas\/wp-content\/uploads\/2017\/07\/dxboda-99.jpg?resize=700%2C467\" alt=\"\" width=\"700\" height=\"467\" srcset=\"https:\/\/i0.wp.com\/kirstengomez.es\/bodas\/wp-content\/uploads\/2017\/07\/dxboda-99.jpg?w=700 700w, https:\/\/i0.wp.com\/kirstengomez.es\/bodas\/wp-content\/uploads\/2017\/07\/dxboda-99.jpg?resize=300%2C200 300w, https:\/\/i0.wp.com\/kirstengomez.es\/bodas\/wp-content\/uploads\/2017\/07\/dxboda-99.jpg?resize=500%2C334 500w\" sizes=\"auto, (max-width: 700px) 100vw, 700px\" \/><img data-recalc-dims=\"1\" loading=\"lazy\" decoding=\"async\" data-attachment-id=\"4722\" data-permalink=\"http:\/\/kirstengomez.es\/bodas\/?attachment_id=4722\" data-orig-file=\"https:\/\/i0.wp.com\/kirstengomez.es\/bodas\/wp-content\/uploads\/2017\/07\/dxboda-100.jpg?fit=700%2C467\" data-orig-size=\"700,467\" data-comments-opened=\"1\" data-image-meta=\"{&quot;aperture&quot;:&quot;0&quot;,&quot;credit&quot;:&quot;&quot;,&quot;camera&quot;:&quot;&quot;,&quot;caption&quot;:&quot;&quot;,&quot;created_timestamp&quot;:&quot;0&quot;,&quot;copyright&quot;:&quot;&quot;,&quot;focal_length&quot;:&quot;0&quot;,&quot;iso&quot;:&quot;0&quot;,&quot;shutter_speed&quot;:&quot;0&quot;,&quot;title&quot;:&quot;&quot;,&quot;orientation&quot;:&quot;0&quot;}\" data-image-title=\"\" data-image-description=\"\" data-image-caption=\"\" data-large-file=\"https:\/\/i0.wp.com\/kirstengomez.es\/bodas\/wp-content\/uploads\/2017\/07\/dxboda-100.jpg?fit=700%2C467\" class=\"alignnone size-full wp-image-4722\" src=\"https:\/\/i0.wp.com\/kirstengomez.es\/bodas\/wp-content\/uploads\/2017\/07\/dxboda-100.jpg?resize=700%2C467\" alt=\"\" width=\"700\" height=\"467\" srcset=\"https:\/\/i0.wp.com\/kirstengomez.es\/bodas\/wp-content\/uploads\/2017\/07\/dxboda-100.jpg?w=700 700w, https:\/\/i0.wp.com\/kirstengomez.es\/bodas\/wp-content\/uploads\/2017\/07\/dxboda-100.jpg?resize=300%2C200 300w, https:\/\/i0.wp.com\/kirstengomez.es\/bodas\/wp-content\/uploads\/2017\/07\/dxboda-100.jpg?resize=500%2C334 500w\" sizes=\"auto, (max-width: 700px) 100vw, 700px\" \/><img data-recalc-dims=\"1\" loading=\"lazy\" decoding=\"async\" data-attachment-id=\"4723\" data-permalink=\"http:\/\/kirstengomez.es\/bodas\/?attachment_id=4723\" data-orig-file=\"https:\/\/i0.wp.com\/kirstengomez.es\/bodas\/wp-content\/uploads\/2017\/07\/dxboda-101.jpg?fit=700%2C467\" data-orig-size=\"700,467\" data-comments-opened=\"1\" data-image-meta=\"{&quot;aperture&quot;:&quot;0&quot;,&quot;credit&quot;:&quot;&quot;,&quot;camera&quot;:&quot;&quot;,&quot;caption&quot;:&quot;&quot;,&quot;created_timestamp&quot;:&quot;0&quot;,&quot;copyright&quot;:&quot;&quot;,&quot;focal_length&quot;:&quot;0&quot;,&quot;iso&quot;:&quot;0&quot;,&quot;shutter_speed&quot;:&quot;0&quot;,&quot;title&quot;:&quot;&quot;,&quot;orientation&quot;:&quot;0&quot;}\" data-image-title=\"\" data-image-description=\"\" data-image-caption=\"\" data-large-file=\"https:\/\/i0.wp.com\/kirstengomez.es\/bodas\/wp-content\/uploads\/2017\/07\/dxboda-101.jpg?fit=700%2C467\" class=\"alignnone size-full wp-image-4723\" src=\"https:\/\/i0.wp.com\/kirstengomez.es\/bodas\/wp-content\/uploads\/2017\/07\/dxboda-101.jpg?resize=700%2C467\" alt=\"\" width=\"700\" height=\"467\" srcset=\"https:\/\/i0.wp.com\/kirstengomez.es\/bodas\/wp-content\/uploads\/2017\/07\/dxboda-101.jpg?w=700 700w, https:\/\/i0.wp.com\/kirstengomez.es\/bodas\/wp-content\/uploads\/2017\/07\/dxboda-101.jpg?resize=300%2C200 300w, https:\/\/i0.wp.com\/kirstengomez.es\/bodas\/wp-content\/uploads\/2017\/07\/dxboda-101.jpg?resize=500%2C334 500w\" sizes=\"auto, (max-width: 700px) 100vw, 700px\" \/><img data-recalc-dims=\"1\" loading=\"lazy\" decoding=\"async\" data-attachment-id=\"4724\" data-permalink=\"http:\/\/kirstengomez.es\/bodas\/?attachment_id=4724\" data-orig-file=\"https:\/\/i0.wp.com\/kirstengomez.es\/bodas\/wp-content\/uploads\/2017\/07\/dxboda-102.jpg?fit=700%2C467\" data-orig-size=\"700,467\" data-comments-opened=\"1\" data-image-meta=\"{&quot;aperture&quot;:&quot;0&quot;,&quot;credit&quot;:&quot;&quot;,&quot;camera&quot;:&quot;&quot;,&quot;caption&quot;:&quot;&quot;,&quot;created_timestamp&quot;:&quot;0&quot;,&quot;copyright&quot;:&quot;&quot;,&quot;focal_length&quot;:&quot;0&quot;,&quot;iso&quot;:&quot;0&quot;,&quot;shutter_speed&quot;:&quot;0&quot;,&quot;title&quot;:&quot;&quot;,&quot;orientation&quot;:&quot;0&quot;}\" data-image-title=\"\" data-image-description=\"\" data-image-caption=\"\" data-large-file=\"https:\/\/i0.wp.com\/kirstengomez.es\/bodas\/wp-content\/uploads\/2017\/07\/dxboda-102.jpg?fit=700%2C467\" class=\"alignnone size-full wp-image-4724\" src=\"https:\/\/i0.wp.com\/kirstengomez.es\/bodas\/wp-content\/uploads\/2017\/07\/dxboda-102.jpg?resize=700%2C467\" alt=\"\" width=\"700\" height=\"467\" srcset=\"https:\/\/i0.wp.com\/kirstengomez.es\/bodas\/wp-content\/uploads\/2017\/07\/dxboda-102.jpg?w=700 700w, https:\/\/i0.wp.com\/kirstengomez.es\/bodas\/wp-content\/uploads\/2017\/07\/dxboda-102.jpg?resize=300%2C200 300w, https:\/\/i0.wp.com\/kirstengomez.es\/bodas\/wp-content\/uploads\/2017\/07\/dxboda-102.jpg?resize=500%2C334 500w\" sizes=\"auto, (max-width: 700px) 100vw, 700px\" \/><img data-recalc-dims=\"1\" loading=\"lazy\" decoding=\"async\" data-attachment-id=\"4725\" data-permalink=\"http:\/\/kirstengomez.es\/bodas\/?attachment_id=4725\" data-orig-file=\"https:\/\/i0.wp.com\/kirstengomez.es\/bodas\/wp-content\/uploads\/2017\/07\/dxboda-103.jpg?fit=700%2C467\" data-orig-size=\"700,467\" data-comments-opened=\"1\" data-image-meta=\"{&quot;aperture&quot;:&quot;0&quot;,&quot;credit&quot;:&quot;&quot;,&quot;camera&quot;:&quot;&quot;,&quot;caption&quot;:&quot;&quot;,&quot;created_timestamp&quot;:&quot;0&quot;,&quot;copyright&quot;:&quot;&quot;,&quot;focal_length&quot;:&quot;0&quot;,&quot;iso&quot;:&quot;0&quot;,&quot;shutter_speed&quot;:&quot;0&quot;,&quot;title&quot;:&quot;&quot;,&quot;orientation&quot;:&quot;0&quot;}\" data-image-title=\"\" data-image-description=\"\" data-image-caption=\"\" data-large-file=\"https:\/\/i0.wp.com\/kirstengomez.es\/bodas\/wp-content\/uploads\/2017\/07\/dxboda-103.jpg?fit=700%2C467\" class=\"alignnone size-full wp-image-4725\" src=\"https:\/\/i0.wp.com\/kirstengomez.es\/bodas\/wp-content\/uploads\/2017\/07\/dxboda-103.jpg?resize=700%2C467\" alt=\"\" width=\"700\" height=\"467\" srcset=\"https:\/\/i0.wp.com\/kirstengomez.es\/bodas\/wp-content\/uploads\/2017\/07\/dxboda-103.jpg?w=700 700w, https:\/\/i0.wp.com\/kirstengomez.es\/bodas\/wp-content\/uploads\/2017\/07\/dxboda-103.jpg?resize=300%2C200 300w, https:\/\/i0.wp.com\/kirstengomez.es\/bodas\/wp-content\/uploads\/2017\/07\/dxboda-103.jpg?resize=500%2C334 500w\" sizes=\"auto, (max-width: 700px) 100vw, 700px\" \/><img data-recalc-dims=\"1\" loading=\"lazy\" decoding=\"async\" data-attachment-id=\"4728\" data-permalink=\"http:\/\/kirstengomez.es\/bodas\/?attachment_id=4728\" data-orig-file=\"https:\/\/i0.wp.com\/kirstengomez.es\/bodas\/wp-content\/uploads\/2017\/07\/dxboda-106.jpg?fit=700%2C467\" data-orig-size=\"700,467\" data-comments-opened=\"1\" data-image-meta=\"{&quot;aperture&quot;:&quot;0&quot;,&quot;credit&quot;:&quot;&quot;,&quot;camera&quot;:&quot;&quot;,&quot;caption&quot;:&quot;&quot;,&quot;created_timestamp&quot;:&quot;0&quot;,&quot;copyright&quot;:&quot;&quot;,&quot;focal_length&quot;:&quot;0&quot;,&quot;iso&quot;:&quot;0&quot;,&quot;shutter_speed&quot;:&quot;0&quot;,&quot;title&quot;:&quot;&quot;,&quot;orientation&quot;:&quot;0&quot;}\" data-image-title=\"\" data-image-description=\"\" data-image-caption=\"\" data-large-file=\"https:\/\/i0.wp.com\/kirstengomez.es\/bodas\/wp-content\/uploads\/2017\/07\/dxboda-106.jpg?fit=700%2C467\" class=\"alignnone size-full wp-image-4728\" src=\"https:\/\/i0.wp.com\/kirstengomez.es\/bodas\/wp-content\/uploads\/2017\/07\/dxboda-106.jpg?resize=700%2C467\" alt=\"\" width=\"700\" height=\"467\" srcset=\"https:\/\/i0.wp.com\/kirstengomez.es\/bodas\/wp-content\/uploads\/2017\/07\/dxboda-106.jpg?w=700 700w, https:\/\/i0.wp.com\/kirstengomez.es\/bodas\/wp-content\/uploads\/2017\/07\/dxboda-106.jpg?resize=300%2C200 300w, https:\/\/i0.wp.com\/kirstengomez.es\/bodas\/wp-content\/uploads\/2017\/07\/dxboda-106.jpg?resize=500%2C334 500w\" sizes=\"auto, (max-width: 700px) 100vw, 700px\" \/><br \/>\n<img data-recalc-dims=\"1\" loading=\"lazy\" decoding=\"async\" data-attachment-id=\"4726\" data-permalink=\"http:\/\/kirstengomez.es\/bodas\/?attachment_id=4726\" data-orig-file=\"https:\/\/i0.wp.com\/kirstengomez.es\/bodas\/wp-content\/uploads\/2017\/07\/dxboda-104.jpg?fit=700%2C467\" data-orig-size=\"700,467\" data-comments-opened=\"1\" data-image-meta=\"{&quot;aperture&quot;:&quot;0&quot;,&quot;credit&quot;:&quot;&quot;,&quot;camera&quot;:&quot;&quot;,&quot;caption&quot;:&quot;&quot;,&quot;created_timestamp&quot;:&quot;0&quot;,&quot;copyright&quot;:&quot;&quot;,&quot;focal_length&quot;:&quot;0&quot;,&quot;iso&quot;:&quot;0&quot;,&quot;shutter_speed&quot;:&quot;0&quot;,&quot;title&quot;:&quot;&quot;,&quot;orientation&quot;:&quot;0&quot;}\" data-image-title=\"\" data-image-description=\"\" data-image-caption=\"\" data-large-file=\"https:\/\/i0.wp.com\/kirstengomez.es\/bodas\/wp-content\/uploads\/2017\/07\/dxboda-104.jpg?fit=700%2C467\" class=\"alignnone size-full wp-image-4726\" src=\"https:\/\/i0.wp.com\/kirstengomez.es\/bodas\/wp-content\/uploads\/2017\/07\/dxboda-104.jpg?resize=700%2C467\" alt=\"\" width=\"700\" height=\"467\" srcset=\"https:\/\/i0.wp.com\/kirstengomez.es\/bodas\/wp-content\/uploads\/2017\/07\/dxboda-104.jpg?w=700 700w, https:\/\/i0.wp.com\/kirstengomez.es\/bodas\/wp-content\/uploads\/2017\/07\/dxboda-104.jpg?resize=300%2C200 300w, https:\/\/i0.wp.com\/kirstengomez.es\/bodas\/wp-content\/uploads\/2017\/07\/dxboda-104.jpg?resize=500%2C334 500w\" sizes=\"auto, (max-width: 700px) 100vw, 700px\" \/><img data-recalc-dims=\"1\" loading=\"lazy\" decoding=\"async\" data-attachment-id=\"4727\" data-permalink=\"http:\/\/kirstengomez.es\/bodas\/?attachment_id=4727\" data-orig-file=\"https:\/\/i0.wp.com\/kirstengomez.es\/bodas\/wp-content\/uploads\/2017\/07\/dxboda-105.jpg?fit=700%2C467\" data-orig-size=\"700,467\" data-comments-opened=\"1\" data-image-meta=\"{&quot;aperture&quot;:&quot;0&quot;,&quot;credit&quot;:&quot;&quot;,&quot;camera&quot;:&quot;&quot;,&quot;caption&quot;:&quot;&quot;,&quot;created_timestamp&quot;:&quot;0&quot;,&quot;copyright&quot;:&quot;&quot;,&quot;focal_length&quot;:&quot;0&quot;,&quot;iso&quot;:&quot;0&quot;,&quot;shutter_speed&quot;:&quot;0&quot;,&quot;title&quot;:&quot;&quot;,&quot;orientation&quot;:&quot;0&quot;}\" data-image-title=\"\" data-image-description=\"\" data-image-caption=\"\" data-large-file=\"https:\/\/i0.wp.com\/kirstengomez.es\/bodas\/wp-content\/uploads\/2017\/07\/dxboda-105.jpg?fit=700%2C467\" class=\"alignnone size-full wp-image-4727\" src=\"https:\/\/i0.wp.com\/kirstengomez.es\/bodas\/wp-content\/uploads\/2017\/07\/dxboda-105.jpg?resize=700%2C467\" alt=\"\" width=\"700\" height=\"467\" srcset=\"https:\/\/i0.wp.com\/kirstengomez.es\/bodas\/wp-content\/uploads\/2017\/07\/dxboda-105.jpg?w=700 700w, https:\/\/i0.wp.com\/kirstengomez.es\/bodas\/wp-content\/uploads\/2017\/07\/dxboda-105.jpg?resize=300%2C200 300w, https:\/\/i0.wp.com\/kirstengomez.es\/bodas\/wp-content\/uploads\/2017\/07\/dxboda-105.jpg?resize=500%2C334 500w\" sizes=\"auto, (max-width: 700px) 100vw, 700px\" \/><br \/>\n<img data-recalc-dims=\"1\" loading=\"lazy\" decoding=\"async\" data-attachment-id=\"4729\" data-permalink=\"http:\/\/kirstengomez.es\/bodas\/?attachment_id=4729\" data-orig-file=\"https:\/\/i0.wp.com\/kirstengomez.es\/bodas\/wp-content\/uploads\/2017\/07\/dxboda-107.jpg?fit=700%2C467\" data-orig-size=\"700,467\" data-comments-opened=\"1\" data-image-meta=\"{&quot;aperture&quot;:&quot;0&quot;,&quot;credit&quot;:&quot;&quot;,&quot;camera&quot;:&quot;&quot;,&quot;caption&quot;:&quot;&quot;,&quot;created_timestamp&quot;:&quot;0&quot;,&quot;copyright&quot;:&quot;&quot;,&quot;focal_length&quot;:&quot;0&quot;,&quot;iso&quot;:&quot;0&quot;,&quot;shutter_speed&quot;:&quot;0&quot;,&quot;title&quot;:&quot;&quot;,&quot;orientation&quot;:&quot;0&quot;}\" data-image-title=\"\" data-image-description=\"\" data-image-caption=\"\" data-large-file=\"https:\/\/i0.wp.com\/kirstengomez.es\/bodas\/wp-content\/uploads\/2017\/07\/dxboda-107.jpg?fit=700%2C467\" class=\"alignnone size-full wp-image-4729\" src=\"https:\/\/i0.wp.com\/kirstengomez.es\/bodas\/wp-content\/uploads\/2017\/07\/dxboda-107.jpg?resize=700%2C467\" alt=\"\" width=\"700\" height=\"467\" srcset=\"https:\/\/i0.wp.com\/kirstengomez.es\/bodas\/wp-content\/uploads\/2017\/07\/dxboda-107.jpg?w=700 700w, https:\/\/i0.wp.com\/kirstengomez.es\/bodas\/wp-content\/uploads\/2017\/07\/dxboda-107.jpg?resize=300%2C200 300w, https:\/\/i0.wp.com\/kirstengomez.es\/bodas\/wp-content\/uploads\/2017\/07\/dxboda-107.jpg?resize=500%2C334 500w\" sizes=\"auto, (max-width: 700px) 100vw, 700px\" \/><img data-recalc-dims=\"1\" loading=\"lazy\" decoding=\"async\" data-attachment-id=\"4731\" data-permalink=\"http:\/\/kirstengomez.es\/bodas\/?attachment_id=4731\" data-orig-file=\"https:\/\/i0.wp.com\/kirstengomez.es\/bodas\/wp-content\/uploads\/2017\/07\/dxboda-109.jpg?fit=700%2C467\" data-orig-size=\"700,467\" data-comments-opened=\"1\" data-image-meta=\"{&quot;aperture&quot;:&quot;0&quot;,&quot;credit&quot;:&quot;&quot;,&quot;camera&quot;:&quot;&quot;,&quot;caption&quot;:&quot;&quot;,&quot;created_timestamp&quot;:&quot;0&quot;,&quot;copyright&quot;:&quot;&quot;,&quot;focal_length&quot;:&quot;0&quot;,&quot;iso&quot;:&quot;0&quot;,&quot;shutter_speed&quot;:&quot;0&quot;,&quot;title&quot;:&quot;&quot;,&quot;orientation&quot;:&quot;0&quot;}\" data-image-title=\"\" data-image-description=\"\" data-image-caption=\"\" data-large-file=\"https:\/\/i0.wp.com\/kirstengomez.es\/bodas\/wp-content\/uploads\/2017\/07\/dxboda-109.jpg?fit=700%2C467\" class=\"alignnone size-large wp-image-4731\" src=\"https:\/\/i0.wp.com\/kirstengomez.es\/bodas\/wp-content\/uploads\/2017\/07\/dxboda-109.jpg?resize=700%2C467\" alt=\"\" width=\"700\" height=\"467\" srcset=\"https:\/\/i0.wp.com\/kirstengomez.es\/bodas\/wp-content\/uploads\/2017\/07\/dxboda-109.jpg?w=700 700w, https:\/\/i0.wp.com\/kirstengomez.es\/bodas\/wp-content\/uploads\/2017\/07\/dxboda-109.jpg?resize=300%2C200 300w, https:\/\/i0.wp.com\/kirstengomez.es\/bodas\/wp-content\/uploads\/2017\/07\/dxboda-109.jpg?resize=500%2C334 500w\" sizes=\"auto, (max-width: 700px) 100vw, 700px\" \/><img data-recalc-dims=\"1\" loading=\"lazy\" decoding=\"async\" data-attachment-id=\"4730\" data-permalink=\"http:\/\/kirstengomez.es\/bodas\/?attachment_id=4730\" data-orig-file=\"https:\/\/i0.wp.com\/kirstengomez.es\/bodas\/wp-content\/uploads\/2017\/07\/dxboda-108.jpg?fit=700%2C467\" data-orig-size=\"700,467\" data-comments-opened=\"1\" data-image-meta=\"{&quot;aperture&quot;:&quot;0&quot;,&quot;credit&quot;:&quot;&quot;,&quot;camera&quot;:&quot;&quot;,&quot;caption&quot;:&quot;&quot;,&quot;created_timestamp&quot;:&quot;0&quot;,&quot;copyright&quot;:&quot;&quot;,&quot;focal_length&quot;:&quot;0&quot;,&quot;iso&quot;:&quot;0&quot;,&quot;shutter_speed&quot;:&quot;0&quot;,&quot;title&quot;:&quot;&quot;,&quot;orientation&quot;:&quot;0&quot;}\" data-image-title=\"\" data-image-description=\"\" data-image-caption=\"\" data-large-file=\"https:\/\/i0.wp.com\/kirstengomez.es\/bodas\/wp-content\/uploads\/2017\/07\/dxboda-108.jpg?fit=700%2C467\" class=\"alignnone size-large wp-image-4730\" src=\"https:\/\/i0.wp.com\/kirstengomez.es\/bodas\/wp-content\/uploads\/2017\/07\/dxboda-108.jpg?resize=700%2C467\" alt=\"\" width=\"700\" height=\"467\" srcset=\"https:\/\/i0.wp.com\/kirstengomez.es\/bodas\/wp-content\/uploads\/2017\/07\/dxboda-108.jpg?w=700 700w, https:\/\/i0.wp.com\/kirstengomez.es\/bodas\/wp-content\/uploads\/2017\/07\/dxboda-108.jpg?resize=300%2C200 300w, https:\/\/i0.wp.com\/kirstengomez.es\/bodas\/wp-content\/uploads\/2017\/07\/dxboda-108.jpg?resize=500%2C334 500w\" sizes=\"auto, (max-width: 700px) 100vw, 700px\" \/><img data-recalc-dims=\"1\" loading=\"lazy\" decoding=\"async\" data-attachment-id=\"4732\" data-permalink=\"http:\/\/kirstengomez.es\/bodas\/?attachment_id=4732\" data-orig-file=\"https:\/\/i0.wp.com\/kirstengomez.es\/bodas\/wp-content\/uploads\/2017\/07\/dxboda-110.jpg?fit=700%2C467\" data-orig-size=\"700,467\" data-comments-opened=\"1\" data-image-meta=\"{&quot;aperture&quot;:&quot;0&quot;,&quot;credit&quot;:&quot;&quot;,&quot;camera&quot;:&quot;&quot;,&quot;caption&quot;:&quot;&quot;,&quot;created_timestamp&quot;:&quot;0&quot;,&quot;copyright&quot;:&quot;&quot;,&quot;focal_length&quot;:&quot;0&quot;,&quot;iso&quot;:&quot;0&quot;,&quot;shutter_speed&quot;:&quot;0&quot;,&quot;title&quot;:&quot;&quot;,&quot;orientation&quot;:&quot;0&quot;}\" data-image-title=\"\" data-image-description=\"\" data-image-caption=\"\" data-large-file=\"https:\/\/i0.wp.com\/kirstengomez.es\/bodas\/wp-content\/uploads\/2017\/07\/dxboda-110.jpg?fit=700%2C467\" class=\"alignnone size-full wp-image-4732\" src=\"https:\/\/i0.wp.com\/kirstengomez.es\/bodas\/wp-content\/uploads\/2017\/07\/dxboda-110.jpg?resize=700%2C467\" alt=\"\" width=\"700\" height=\"467\" srcset=\"https:\/\/i0.wp.com\/kirstengomez.es\/bodas\/wp-content\/uploads\/2017\/07\/dxboda-110.jpg?w=700 700w, https:\/\/i0.wp.com\/kirstengomez.es\/bodas\/wp-content\/uploads\/2017\/07\/dxboda-110.jpg?resize=300%2C200 300w, https:\/\/i0.wp.com\/kirstengomez.es\/bodas\/wp-content\/uploads\/2017\/07\/dxboda-110.jpg?resize=500%2C334 500w\" sizes=\"auto, (max-width: 700px) 100vw, 700px\" \/><br \/>\n<img data-recalc-dims=\"1\" loading=\"lazy\" decoding=\"async\" data-attachment-id=\"4736\" data-permalink=\"http:\/\/kirstengomez.es\/bodas\/?attachment_id=4736\" data-orig-file=\"https:\/\/i0.wp.com\/kirstengomez.es\/bodas\/wp-content\/uploads\/2017\/07\/dxboda-114.jpg?fit=700%2C467\" data-orig-size=\"700,467\" data-comments-opened=\"1\" data-image-meta=\"{&quot;aperture&quot;:&quot;0&quot;,&quot;credit&quot;:&quot;&quot;,&quot;camera&quot;:&quot;&quot;,&quot;caption&quot;:&quot;&quot;,&quot;created_timestamp&quot;:&quot;0&quot;,&quot;copyright&quot;:&quot;&quot;,&quot;focal_length&quot;:&quot;0&quot;,&quot;iso&quot;:&quot;0&quot;,&quot;shutter_speed&quot;:&quot;0&quot;,&quot;title&quot;:&quot;&quot;,&quot;orientation&quot;:&quot;0&quot;}\" data-image-title=\"\" data-image-description=\"\" data-image-caption=\"\" data-large-file=\"https:\/\/i0.wp.com\/kirstengomez.es\/bodas\/wp-content\/uploads\/2017\/07\/dxboda-114.jpg?fit=700%2C467\" class=\"alignnone size-full wp-image-4736\" src=\"https:\/\/i0.wp.com\/kirstengomez.es\/bodas\/wp-content\/uploads\/2017\/07\/dxboda-114.jpg?resize=700%2C467\" alt=\"\" width=\"700\" height=\"467\" srcset=\"https:\/\/i0.wp.com\/kirstengomez.es\/bodas\/wp-content\/uploads\/2017\/07\/dxboda-114.jpg?w=700 700w, https:\/\/i0.wp.com\/kirstengomez.es\/bodas\/wp-content\/uploads\/2017\/07\/dxboda-114.jpg?resize=300%2C200 300w, https:\/\/i0.wp.com\/kirstengomez.es\/bodas\/wp-content\/uploads\/2017\/07\/dxboda-114.jpg?resize=500%2C334 500w\" sizes=\"auto, (max-width: 700px) 100vw, 700px\" \/><\/p>\n<p>&nbsp;<\/p>\n<p>-\u00a1\u00a1La zona del aperitivo llena de sushi!! \u00a1\u00d1am!<\/p>\n<p>&nbsp;<\/p>\n<p><img data-recalc-dims=\"1\" loading=\"lazy\" decoding=\"async\" data-attachment-id=\"4740\" data-permalink=\"http:\/\/kirstengomez.es\/bodas\/?attachment_id=4740\" data-orig-file=\"https:\/\/i0.wp.com\/kirstengomez.es\/bodas\/wp-content\/uploads\/2017\/07\/dxboda-118.jpg?fit=700%2C467\" data-orig-size=\"700,467\" data-comments-opened=\"1\" data-image-meta=\"{&quot;aperture&quot;:&quot;0&quot;,&quot;credit&quot;:&quot;&quot;,&quot;camera&quot;:&quot;&quot;,&quot;caption&quot;:&quot;&quot;,&quot;created_timestamp&quot;:&quot;0&quot;,&quot;copyright&quot;:&quot;&quot;,&quot;focal_length&quot;:&quot;0&quot;,&quot;iso&quot;:&quot;0&quot;,&quot;shutter_speed&quot;:&quot;0&quot;,&quot;title&quot;:&quot;&quot;,&quot;orientation&quot;:&quot;0&quot;}\" data-image-title=\"\" data-image-description=\"\" data-image-caption=\"\" data-large-file=\"https:\/\/i0.wp.com\/kirstengomez.es\/bodas\/wp-content\/uploads\/2017\/07\/dxboda-118.jpg?fit=700%2C467\" class=\"alignnone size-full wp-image-4740\" src=\"https:\/\/i0.wp.com\/kirstengomez.es\/bodas\/wp-content\/uploads\/2017\/07\/dxboda-118.jpg?resize=700%2C467\" alt=\"\" width=\"700\" height=\"467\" srcset=\"https:\/\/i0.wp.com\/kirstengomez.es\/bodas\/wp-content\/uploads\/2017\/07\/dxboda-118.jpg?w=700 700w, https:\/\/i0.wp.com\/kirstengomez.es\/bodas\/wp-content\/uploads\/2017\/07\/dxboda-118.jpg?resize=300%2C200 300w, https:\/\/i0.wp.com\/kirstengomez.es\/bodas\/wp-content\/uploads\/2017\/07\/dxboda-118.jpg?resize=500%2C334 500w\" sizes=\"auto, (max-width: 700px) 100vw, 700px\" \/><img data-recalc-dims=\"1\" loading=\"lazy\" decoding=\"async\" data-attachment-id=\"4738\" data-permalink=\"http:\/\/kirstengomez.es\/bodas\/?attachment_id=4738\" data-orig-file=\"https:\/\/i0.wp.com\/kirstengomez.es\/bodas\/wp-content\/uploads\/2017\/07\/dxboda-116.jpg?fit=700%2C467\" data-orig-size=\"700,467\" data-comments-opened=\"1\" data-image-meta=\"{&quot;aperture&quot;:&quot;0&quot;,&quot;credit&quot;:&quot;&quot;,&quot;camera&quot;:&quot;&quot;,&quot;caption&quot;:&quot;&quot;,&quot;created_timestamp&quot;:&quot;0&quot;,&quot;copyright&quot;:&quot;&quot;,&quot;focal_length&quot;:&quot;0&quot;,&quot;iso&quot;:&quot;0&quot;,&quot;shutter_speed&quot;:&quot;0&quot;,&quot;title&quot;:&quot;&quot;,&quot;orientation&quot;:&quot;0&quot;}\" data-image-title=\"\" data-image-description=\"\" data-image-caption=\"\" data-large-file=\"https:\/\/i0.wp.com\/kirstengomez.es\/bodas\/wp-content\/uploads\/2017\/07\/dxboda-116.jpg?fit=700%2C467\" class=\"alignnone size-full wp-image-4738\" src=\"https:\/\/i0.wp.com\/kirstengomez.es\/bodas\/wp-content\/uploads\/2017\/07\/dxboda-116.jpg?resize=700%2C467\" alt=\"\" width=\"700\" height=\"467\" srcset=\"https:\/\/i0.wp.com\/kirstengomez.es\/bodas\/wp-content\/uploads\/2017\/07\/dxboda-116.jpg?w=700 700w, https:\/\/i0.wp.com\/kirstengomez.es\/bodas\/wp-content\/uploads\/2017\/07\/dxboda-116.jpg?resize=300%2C200 300w, https:\/\/i0.wp.com\/kirstengomez.es\/bodas\/wp-content\/uploads\/2017\/07\/dxboda-116.jpg?resize=500%2C334 500w\" sizes=\"auto, (max-width: 700px) 100vw, 700px\" \/><br \/>\n<img data-recalc-dims=\"1\" loading=\"lazy\" decoding=\"async\" data-attachment-id=\"4739\" data-permalink=\"http:\/\/kirstengomez.es\/bodas\/?attachment_id=4739\" data-orig-file=\"https:\/\/i0.wp.com\/kirstengomez.es\/bodas\/wp-content\/uploads\/2017\/07\/dxboda-117.jpg?fit=700%2C467\" data-orig-size=\"700,467\" data-comments-opened=\"1\" data-image-meta=\"{&quot;aperture&quot;:&quot;0&quot;,&quot;credit&quot;:&quot;&quot;,&quot;camera&quot;:&quot;&quot;,&quot;caption&quot;:&quot;&quot;,&quot;created_timestamp&quot;:&quot;0&quot;,&quot;copyright&quot;:&quot;&quot;,&quot;focal_length&quot;:&quot;0&quot;,&quot;iso&quot;:&quot;0&quot;,&quot;shutter_speed&quot;:&quot;0&quot;,&quot;title&quot;:&quot;&quot;,&quot;orientation&quot;:&quot;0&quot;}\" data-image-title=\"\" data-image-description=\"\" data-image-caption=\"\" data-large-file=\"https:\/\/i0.wp.com\/kirstengomez.es\/bodas\/wp-content\/uploads\/2017\/07\/dxboda-117.jpg?fit=700%2C467\" class=\"alignnone size-full wp-image-4739\" src=\"https:\/\/i0.wp.com\/kirstengomez.es\/bodas\/wp-content\/uploads\/2017\/07\/dxboda-117.jpg?resize=700%2C467\" alt=\"\" width=\"700\" height=\"467\" srcset=\"https:\/\/i0.wp.com\/kirstengomez.es\/bodas\/wp-content\/uploads\/2017\/07\/dxboda-117.jpg?w=700 700w, https:\/\/i0.wp.com\/kirstengomez.es\/bodas\/wp-content\/uploads\/2017\/07\/dxboda-117.jpg?resize=300%2C200 300w, https:\/\/i0.wp.com\/kirstengomez.es\/bodas\/wp-content\/uploads\/2017\/07\/dxboda-117.jpg?resize=500%2C334 500w\" sizes=\"auto, (max-width: 700px) 100vw, 700px\" \/><br \/>\n<img data-recalc-dims=\"1\" loading=\"lazy\" decoding=\"async\" data-attachment-id=\"4741\" data-permalink=\"http:\/\/kirstengomez.es\/bodas\/?attachment_id=4741\" data-orig-file=\"https:\/\/i0.wp.com\/kirstengomez.es\/bodas\/wp-content\/uploads\/2017\/07\/dxboda-119.jpg?fit=700%2C467\" data-orig-size=\"700,467\" data-comments-opened=\"1\" data-image-meta=\"{&quot;aperture&quot;:&quot;0&quot;,&quot;credit&quot;:&quot;&quot;,&quot;camera&quot;:&quot;&quot;,&quot;caption&quot;:&quot;&quot;,&quot;created_timestamp&quot;:&quot;0&quot;,&quot;copyright&quot;:&quot;&quot;,&quot;focal_length&quot;:&quot;0&quot;,&quot;iso&quot;:&quot;0&quot;,&quot;shutter_speed&quot;:&quot;0&quot;,&quot;title&quot;:&quot;&quot;,&quot;orientation&quot;:&quot;0&quot;}\" data-image-title=\"\" data-image-description=\"\" data-image-caption=\"\" data-large-file=\"https:\/\/i0.wp.com\/kirstengomez.es\/bodas\/wp-content\/uploads\/2017\/07\/dxboda-119.jpg?fit=700%2C467\" class=\"alignnone size-full wp-image-4741\" src=\"https:\/\/i0.wp.com\/kirstengomez.es\/bodas\/wp-content\/uploads\/2017\/07\/dxboda-119.jpg?resize=700%2C467\" alt=\"\" width=\"700\" height=\"467\" srcset=\"https:\/\/i0.wp.com\/kirstengomez.es\/bodas\/wp-content\/uploads\/2017\/07\/dxboda-119.jpg?w=700 700w, https:\/\/i0.wp.com\/kirstengomez.es\/bodas\/wp-content\/uploads\/2017\/07\/dxboda-119.jpg?resize=300%2C200 300w, https:\/\/i0.wp.com\/kirstengomez.es\/bodas\/wp-content\/uploads\/2017\/07\/dxboda-119.jpg?resize=500%2C334 500w\" sizes=\"auto, (max-width: 700px) 100vw, 700px\" \/><br \/>\n<img data-recalc-dims=\"1\" loading=\"lazy\" decoding=\"async\" data-attachment-id=\"4742\" data-permalink=\"http:\/\/kirstengomez.es\/bodas\/?attachment_id=4742\" data-orig-file=\"https:\/\/i0.wp.com\/kirstengomez.es\/bodas\/wp-content\/uploads\/2017\/07\/dxboda-120.jpg?fit=700%2C467\" data-orig-size=\"700,467\" data-comments-opened=\"1\" data-image-meta=\"{&quot;aperture&quot;:&quot;0&quot;,&quot;credit&quot;:&quot;&quot;,&quot;camera&quot;:&quot;&quot;,&quot;caption&quot;:&quot;&quot;,&quot;created_timestamp&quot;:&quot;0&quot;,&quot;copyright&quot;:&quot;&quot;,&quot;focal_length&quot;:&quot;0&quot;,&quot;iso&quot;:&quot;0&quot;,&quot;shutter_speed&quot;:&quot;0&quot;,&quot;title&quot;:&quot;&quot;,&quot;orientation&quot;:&quot;0&quot;}\" data-image-title=\"\" data-image-description=\"\" data-image-caption=\"\" data-large-file=\"https:\/\/i0.wp.com\/kirstengomez.es\/bodas\/wp-content\/uploads\/2017\/07\/dxboda-120.jpg?fit=700%2C467\" class=\"alignnone size-full wp-image-4742\" src=\"https:\/\/i0.wp.com\/kirstengomez.es\/bodas\/wp-content\/uploads\/2017\/07\/dxboda-120.jpg?resize=700%2C467\" alt=\"\" width=\"700\" height=\"467\" srcset=\"https:\/\/i0.wp.com\/kirstengomez.es\/bodas\/wp-content\/uploads\/2017\/07\/dxboda-120.jpg?w=700 700w, https:\/\/i0.wp.com\/kirstengomez.es\/bodas\/wp-content\/uploads\/2017\/07\/dxboda-120.jpg?resize=300%2C200 300w, https:\/\/i0.wp.com\/kirstengomez.es\/bodas\/wp-content\/uploads\/2017\/07\/dxboda-120.jpg?resize=500%2C334 500w\" sizes=\"auto, (max-width: 700px) 100vw, 700px\" \/><img data-recalc-dims=\"1\" loading=\"lazy\" decoding=\"async\" data-attachment-id=\"4748\" data-permalink=\"http:\/\/kirstengomez.es\/bodas\/?attachment_id=4748\" data-orig-file=\"https:\/\/i0.wp.com\/kirstengomez.es\/bodas\/wp-content\/uploads\/2017\/07\/dxboda-127.jpg?fit=700%2C467\" data-orig-size=\"700,467\" data-comments-opened=\"1\" data-image-meta=\"{&quot;aperture&quot;:&quot;0&quot;,&quot;credit&quot;:&quot;&quot;,&quot;camera&quot;:&quot;&quot;,&quot;caption&quot;:&quot;&quot;,&quot;created_timestamp&quot;:&quot;0&quot;,&quot;copyright&quot;:&quot;&quot;,&quot;focal_length&quot;:&quot;0&quot;,&quot;iso&quot;:&quot;0&quot;,&quot;shutter_speed&quot;:&quot;0&quot;,&quot;title&quot;:&quot;&quot;,&quot;orientation&quot;:&quot;0&quot;}\" data-image-title=\"\" data-image-description=\"\" data-image-caption=\"\" data-large-file=\"https:\/\/i0.wp.com\/kirstengomez.es\/bodas\/wp-content\/uploads\/2017\/07\/dxboda-127.jpg?fit=700%2C467\" class=\"alignnone size-full wp-image-4748\" src=\"https:\/\/i0.wp.com\/kirstengomez.es\/bodas\/wp-content\/uploads\/2017\/07\/dxboda-127.jpg?resize=700%2C467\" alt=\"\" width=\"700\" height=\"467\" srcset=\"https:\/\/i0.wp.com\/kirstengomez.es\/bodas\/wp-content\/uploads\/2017\/07\/dxboda-127.jpg?w=700 700w, https:\/\/i0.wp.com\/kirstengomez.es\/bodas\/wp-content\/uploads\/2017\/07\/dxboda-127.jpg?resize=300%2C200 300w, https:\/\/i0.wp.com\/kirstengomez.es\/bodas\/wp-content\/uploads\/2017\/07\/dxboda-127.jpg?resize=500%2C334 500w\" sizes=\"auto, (max-width: 700px) 100vw, 700px\" \/><img data-recalc-dims=\"1\" loading=\"lazy\" decoding=\"async\" data-attachment-id=\"4749\" data-permalink=\"http:\/\/kirstengomez.es\/bodas\/?attachment_id=4749\" data-orig-file=\"https:\/\/i0.wp.com\/kirstengomez.es\/bodas\/wp-content\/uploads\/2017\/07\/dxboda-128.jpg?fit=700%2C467\" data-orig-size=\"700,467\" data-comments-opened=\"1\" data-image-meta=\"{&quot;aperture&quot;:&quot;0&quot;,&quot;credit&quot;:&quot;&quot;,&quot;camera&quot;:&quot;&quot;,&quot;caption&quot;:&quot;&quot;,&quot;created_timestamp&quot;:&quot;0&quot;,&quot;copyright&quot;:&quot;&quot;,&quot;focal_length&quot;:&quot;0&quot;,&quot;iso&quot;:&quot;0&quot;,&quot;shutter_speed&quot;:&quot;0&quot;,&quot;title&quot;:&quot;&quot;,&quot;orientation&quot;:&quot;0&quot;}\" data-image-title=\"\" data-image-description=\"\" data-image-caption=\"\" data-large-file=\"https:\/\/i0.wp.com\/kirstengomez.es\/bodas\/wp-content\/uploads\/2017\/07\/dxboda-128.jpg?fit=700%2C467\" class=\"alignnone size-full wp-image-4749\" src=\"https:\/\/i0.wp.com\/kirstengomez.es\/bodas\/wp-content\/uploads\/2017\/07\/dxboda-128.jpg?resize=700%2C467\" alt=\"\" width=\"700\" height=\"467\" srcset=\"https:\/\/i0.wp.com\/kirstengomez.es\/bodas\/wp-content\/uploads\/2017\/07\/dxboda-128.jpg?w=700 700w, https:\/\/i0.wp.com\/kirstengomez.es\/bodas\/wp-content\/uploads\/2017\/07\/dxboda-128.jpg?resize=300%2C200 300w, https:\/\/i0.wp.com\/kirstengomez.es\/bodas\/wp-content\/uploads\/2017\/07\/dxboda-128.jpg?resize=500%2C334 500w\" sizes=\"auto, (max-width: 700px) 100vw, 700px\" \/><\/p>\n<p>&nbsp;<\/p>\n<p>&#8211; \u00a1Ey chicos! \u00bfQu\u00e9 es esto? \u00bfme dej\u00e1is entrar?<\/p>\n<p>\u00a1\u00a1\u00a1\u00a1Zona vip de cerveza!!!!! \u00a1Para el novio y sus amigos!<\/p>\n<p>&#8211; No me apunto porque estoy trabajando que sino&#8230;. jajaja<\/p>\n<p>&nbsp;<\/p>\n<p><img data-recalc-dims=\"1\" loading=\"lazy\" decoding=\"async\" data-attachment-id=\"4744\" data-permalink=\"http:\/\/kirstengomez.es\/bodas\/?attachment_id=4744\" data-orig-file=\"https:\/\/i0.wp.com\/kirstengomez.es\/bodas\/wp-content\/uploads\/2017\/07\/dxboda-122.jpg?fit=700%2C467\" data-orig-size=\"700,467\" data-comments-opened=\"1\" data-image-meta=\"{&quot;aperture&quot;:&quot;0&quot;,&quot;credit&quot;:&quot;&quot;,&quot;camera&quot;:&quot;&quot;,&quot;caption&quot;:&quot;&quot;,&quot;created_timestamp&quot;:&quot;0&quot;,&quot;copyright&quot;:&quot;&quot;,&quot;focal_length&quot;:&quot;0&quot;,&quot;iso&quot;:&quot;0&quot;,&quot;shutter_speed&quot;:&quot;0&quot;,&quot;title&quot;:&quot;&quot;,&quot;orientation&quot;:&quot;0&quot;}\" data-image-title=\"\" data-image-description=\"\" data-image-caption=\"\" data-large-file=\"https:\/\/i0.wp.com\/kirstengomez.es\/bodas\/wp-content\/uploads\/2017\/07\/dxboda-122.jpg?fit=700%2C467\" class=\"alignnone size-full wp-image-4744\" src=\"https:\/\/i0.wp.com\/kirstengomez.es\/bodas\/wp-content\/uploads\/2017\/07\/dxboda-122.jpg?resize=700%2C467\" alt=\"\" width=\"700\" height=\"467\" srcset=\"https:\/\/i0.wp.com\/kirstengomez.es\/bodas\/wp-content\/uploads\/2017\/07\/dxboda-122.jpg?w=700 700w, https:\/\/i0.wp.com\/kirstengomez.es\/bodas\/wp-content\/uploads\/2017\/07\/dxboda-122.jpg?resize=300%2C200 300w, https:\/\/i0.wp.com\/kirstengomez.es\/bodas\/wp-content\/uploads\/2017\/07\/dxboda-122.jpg?resize=500%2C334 500w\" sizes=\"auto, (max-width: 700px) 100vw, 700px\" \/><br \/>\n<img data-recalc-dims=\"1\" loading=\"lazy\" decoding=\"async\" data-attachment-id=\"4747\" data-permalink=\"http:\/\/kirstengomez.es\/bodas\/?attachment_id=4747\" data-orig-file=\"https:\/\/i0.wp.com\/kirstengomez.es\/bodas\/wp-content\/uploads\/2017\/07\/dxboda-126.jpg?fit=700%2C467\" data-orig-size=\"700,467\" data-comments-opened=\"1\" data-image-meta=\"{&quot;aperture&quot;:&quot;0&quot;,&quot;credit&quot;:&quot;&quot;,&quot;camera&quot;:&quot;&quot;,&quot;caption&quot;:&quot;&quot;,&quot;created_timestamp&quot;:&quot;0&quot;,&quot;copyright&quot;:&quot;&quot;,&quot;focal_length&quot;:&quot;0&quot;,&quot;iso&quot;:&quot;0&quot;,&quot;shutter_speed&quot;:&quot;0&quot;,&quot;title&quot;:&quot;&quot;,&quot;orientation&quot;:&quot;0&quot;}\" data-image-title=\"\" data-image-description=\"\" data-image-caption=\"\" data-large-file=\"https:\/\/i0.wp.com\/kirstengomez.es\/bodas\/wp-content\/uploads\/2017\/07\/dxboda-126.jpg?fit=700%2C467\" class=\"alignnone size-full wp-image-4747\" src=\"https:\/\/i0.wp.com\/kirstengomez.es\/bodas\/wp-content\/uploads\/2017\/07\/dxboda-126.jpg?resize=700%2C467\" alt=\"\" width=\"700\" height=\"467\" srcset=\"https:\/\/i0.wp.com\/kirstengomez.es\/bodas\/wp-content\/uploads\/2017\/07\/dxboda-126.jpg?w=700 700w, https:\/\/i0.wp.com\/kirstengomez.es\/bodas\/wp-content\/uploads\/2017\/07\/dxboda-126.jpg?resize=300%2C200 300w, https:\/\/i0.wp.com\/kirstengomez.es\/bodas\/wp-content\/uploads\/2017\/07\/dxboda-126.jpg?resize=500%2C334 500w\" sizes=\"auto, (max-width: 700px) 100vw, 700px\" \/><img data-recalc-dims=\"1\" loading=\"lazy\" decoding=\"async\" data-attachment-id=\"4745\" data-permalink=\"http:\/\/kirstengomez.es\/bodas\/?attachment_id=4745\" data-orig-file=\"https:\/\/i0.wp.com\/kirstengomez.es\/bodas\/wp-content\/uploads\/2017\/07\/dxboda-123.jpg?fit=700%2C467\" data-orig-size=\"700,467\" data-comments-opened=\"1\" data-image-meta=\"{&quot;aperture&quot;:&quot;0&quot;,&quot;credit&quot;:&quot;&quot;,&quot;camera&quot;:&quot;&quot;,&quot;caption&quot;:&quot;&quot;,&quot;created_timestamp&quot;:&quot;0&quot;,&quot;copyright&quot;:&quot;&quot;,&quot;focal_length&quot;:&quot;0&quot;,&quot;iso&quot;:&quot;0&quot;,&quot;shutter_speed&quot;:&quot;0&quot;,&quot;title&quot;:&quot;&quot;,&quot;orientation&quot;:&quot;0&quot;}\" data-image-title=\"\" data-image-description=\"\" data-image-caption=\"\" data-large-file=\"https:\/\/i0.wp.com\/kirstengomez.es\/bodas\/wp-content\/uploads\/2017\/07\/dxboda-123.jpg?fit=700%2C467\" class=\"alignnone size-full wp-image-4745\" src=\"https:\/\/i0.wp.com\/kirstengomez.es\/bodas\/wp-content\/uploads\/2017\/07\/dxboda-123.jpg?resize=700%2C467\" alt=\"\" width=\"700\" height=\"467\" srcset=\"https:\/\/i0.wp.com\/kirstengomez.es\/bodas\/wp-content\/uploads\/2017\/07\/dxboda-123.jpg?w=700 700w, https:\/\/i0.wp.com\/kirstengomez.es\/bodas\/wp-content\/uploads\/2017\/07\/dxboda-123.jpg?resize=300%2C200 300w, https:\/\/i0.wp.com\/kirstengomez.es\/bodas\/wp-content\/uploads\/2017\/07\/dxboda-123.jpg?resize=500%2C334 500w\" sizes=\"auto, (max-width: 700px) 100vw, 700px\" \/><img data-recalc-dims=\"1\" loading=\"lazy\" decoding=\"async\" data-attachment-id=\"4746\" data-permalink=\"http:\/\/kirstengomez.es\/bodas\/?attachment_id=4746\" data-orig-file=\"https:\/\/i0.wp.com\/kirstengomez.es\/bodas\/wp-content\/uploads\/2017\/07\/dxboda-124.jpg?fit=700%2C467\" data-orig-size=\"700,467\" data-comments-opened=\"1\" data-image-meta=\"{&quot;aperture&quot;:&quot;0&quot;,&quot;credit&quot;:&quot;&quot;,&quot;camera&quot;:&quot;&quot;,&quot;caption&quot;:&quot;&quot;,&quot;created_timestamp&quot;:&quot;0&quot;,&quot;copyright&quot;:&quot;&quot;,&quot;focal_length&quot;:&quot;0&quot;,&quot;iso&quot;:&quot;0&quot;,&quot;shutter_speed&quot;:&quot;0&quot;,&quot;title&quot;:&quot;&quot;,&quot;orientation&quot;:&quot;0&quot;}\" data-image-title=\"\" data-image-description=\"\" data-image-caption=\"\" data-large-file=\"https:\/\/i0.wp.com\/kirstengomez.es\/bodas\/wp-content\/uploads\/2017\/07\/dxboda-124.jpg?fit=700%2C467\" class=\"alignnone size-full wp-image-4746\" src=\"https:\/\/i0.wp.com\/kirstengomez.es\/bodas\/wp-content\/uploads\/2017\/07\/dxboda-124.jpg?resize=700%2C467\" alt=\"\" width=\"700\" height=\"467\" srcset=\"https:\/\/i0.wp.com\/kirstengomez.es\/bodas\/wp-content\/uploads\/2017\/07\/dxboda-124.jpg?w=700 700w, https:\/\/i0.wp.com\/kirstengomez.es\/bodas\/wp-content\/uploads\/2017\/07\/dxboda-124.jpg?resize=300%2C200 300w, https:\/\/i0.wp.com\/kirstengomez.es\/bodas\/wp-content\/uploads\/2017\/07\/dxboda-124.jpg?resize=500%2C334 500w\" sizes=\"auto, (max-width: 700px) 100vw, 700px\" \/><\/p>\n<p>&nbsp;<\/p>\n<p>\u00a1Huimos por dentro de la Masia!<\/p>\n<p>&nbsp;<\/p>\n<p><img data-recalc-dims=\"1\" loading=\"lazy\" decoding=\"async\" data-attachment-id=\"4753\" data-permalink=\"http:\/\/kirstengomez.es\/bodas\/?attachment_id=4753\" data-orig-file=\"https:\/\/i0.wp.com\/kirstengomez.es\/bodas\/wp-content\/uploads\/2017\/07\/dxboda-141.jpg?fit=700%2C467\" data-orig-size=\"700,467\" data-comments-opened=\"1\" data-image-meta=\"{&quot;aperture&quot;:&quot;0&quot;,&quot;credit&quot;:&quot;&quot;,&quot;camera&quot;:&quot;&quot;,&quot;caption&quot;:&quot;&quot;,&quot;created_timestamp&quot;:&quot;0&quot;,&quot;copyright&quot;:&quot;&quot;,&quot;focal_length&quot;:&quot;0&quot;,&quot;iso&quot;:&quot;0&quot;,&quot;shutter_speed&quot;:&quot;0&quot;,&quot;title&quot;:&quot;&quot;,&quot;orientation&quot;:&quot;0&quot;}\" data-image-title=\"\" data-image-description=\"\" data-image-caption=\"\" data-large-file=\"https:\/\/i0.wp.com\/kirstengomez.es\/bodas\/wp-content\/uploads\/2017\/07\/dxboda-141.jpg?fit=700%2C467\" class=\"alignnone size-full wp-image-4753\" src=\"https:\/\/i0.wp.com\/kirstengomez.es\/bodas\/wp-content\/uploads\/2017\/07\/dxboda-141.jpg?resize=700%2C467\" alt=\"\" width=\"700\" height=\"467\" srcset=\"https:\/\/i0.wp.com\/kirstengomez.es\/bodas\/wp-content\/uploads\/2017\/07\/dxboda-141.jpg?w=700 700w, https:\/\/i0.wp.com\/kirstengomez.es\/bodas\/wp-content\/uploads\/2017\/07\/dxboda-141.jpg?resize=300%2C200 300w, https:\/\/i0.wp.com\/kirstengomez.es\/bodas\/wp-content\/uploads\/2017\/07\/dxboda-141.jpg?resize=500%2C334 500w\" sizes=\"auto, (max-width: 700px) 100vw, 700px\" \/> <img data-recalc-dims=\"1\" loading=\"lazy\" decoding=\"async\" data-attachment-id=\"4754\" data-permalink=\"http:\/\/kirstengomez.es\/bodas\/?attachment_id=4754\" data-orig-file=\"https:\/\/i0.wp.com\/kirstengomez.es\/bodas\/wp-content\/uploads\/2017\/07\/dxboda-142.jpg?fit=700%2C467\" data-orig-size=\"700,467\" data-comments-opened=\"1\" data-image-meta=\"{&quot;aperture&quot;:&quot;0&quot;,&quot;credit&quot;:&quot;&quot;,&quot;camera&quot;:&quot;&quot;,&quot;caption&quot;:&quot;&quot;,&quot;created_timestamp&quot;:&quot;0&quot;,&quot;copyright&quot;:&quot;&quot;,&quot;focal_length&quot;:&quot;0&quot;,&quot;iso&quot;:&quot;0&quot;,&quot;shutter_speed&quot;:&quot;0&quot;,&quot;title&quot;:&quot;&quot;,&quot;orientation&quot;:&quot;0&quot;}\" data-image-title=\"\" data-image-description=\"\" data-image-caption=\"\" data-large-file=\"https:\/\/i0.wp.com\/kirstengomez.es\/bodas\/wp-content\/uploads\/2017\/07\/dxboda-142.jpg?fit=700%2C467\" class=\"alignnone size-full wp-image-4754\" src=\"https:\/\/i0.wp.com\/kirstengomez.es\/bodas\/wp-content\/uploads\/2017\/07\/dxboda-142.jpg?resize=700%2C467\" alt=\"\" width=\"700\" height=\"467\" srcset=\"https:\/\/i0.wp.com\/kirstengomez.es\/bodas\/wp-content\/uploads\/2017\/07\/dxboda-142.jpg?w=700 700w, https:\/\/i0.wp.com\/kirstengomez.es\/bodas\/wp-content\/uploads\/2017\/07\/dxboda-142.jpg?resize=300%2C200 300w, https:\/\/i0.wp.com\/kirstengomez.es\/bodas\/wp-content\/uploads\/2017\/07\/dxboda-142.jpg?resize=500%2C334 500w\" sizes=\"auto, (max-width: 700px) 100vw, 700px\" \/><\/p>\n<p>&nbsp;<\/p>\n<p>-\u00a1Eh chicos, no es por nada pero eso es un rayo! \u00a1Ha venido a iluminaros!<\/p>\n<p>&nbsp;<\/p>\n<p><img data-recalc-dims=\"1\" loading=\"lazy\" decoding=\"async\" data-attachment-id=\"4755\" data-permalink=\"http:\/\/kirstengomez.es\/bodas\/?attachment_id=4755\" data-orig-file=\"https:\/\/i0.wp.com\/kirstengomez.es\/bodas\/wp-content\/uploads\/2017\/07\/dxboda-143.jpg?fit=467%2C700\" data-orig-size=\"467,700\" data-comments-opened=\"1\" data-image-meta=\"{&quot;aperture&quot;:&quot;0&quot;,&quot;credit&quot;:&quot;&quot;,&quot;camera&quot;:&quot;&quot;,&quot;caption&quot;:&quot;&quot;,&quot;created_timestamp&quot;:&quot;0&quot;,&quot;copyright&quot;:&quot;&quot;,&quot;focal_length&quot;:&quot;0&quot;,&quot;iso&quot;:&quot;0&quot;,&quot;shutter_speed&quot;:&quot;0&quot;,&quot;title&quot;:&quot;&quot;,&quot;orientation&quot;:&quot;0&quot;}\" data-image-title=\"\" data-image-description=\"\" data-image-caption=\"\" data-large-file=\"https:\/\/i0.wp.com\/kirstengomez.es\/bodas\/wp-content\/uploads\/2017\/07\/dxboda-143.jpg?fit=467%2C700\" class=\"alignnone size-full wp-image-4755\" src=\"https:\/\/i0.wp.com\/kirstengomez.es\/bodas\/wp-content\/uploads\/2017\/07\/dxboda-143.jpg?resize=467%2C700\" alt=\"\" width=\"467\" height=\"700\" srcset=\"https:\/\/i0.wp.com\/kirstengomez.es\/bodas\/wp-content\/uploads\/2017\/07\/dxboda-143.jpg?w=467 467w, https:\/\/i0.wp.com\/kirstengomez.es\/bodas\/wp-content\/uploads\/2017\/07\/dxboda-143.jpg?resize=200%2C300 200w\" sizes=\"auto, (max-width: 467px) 100vw, 467px\" \/> <img data-recalc-dims=\"1\" loading=\"lazy\" decoding=\"async\" data-attachment-id=\"4756\" data-permalink=\"http:\/\/kirstengomez.es\/bodas\/?attachment_id=4756\" data-orig-file=\"https:\/\/i0.wp.com\/kirstengomez.es\/bodas\/wp-content\/uploads\/2017\/07\/dxboda-144.jpg?fit=467%2C700\" data-orig-size=\"467,700\" data-comments-opened=\"1\" data-image-meta=\"{&quot;aperture&quot;:&quot;0&quot;,&quot;credit&quot;:&quot;&quot;,&quot;camera&quot;:&quot;&quot;,&quot;caption&quot;:&quot;&quot;,&quot;created_timestamp&quot;:&quot;0&quot;,&quot;copyright&quot;:&quot;&quot;,&quot;focal_length&quot;:&quot;0&quot;,&quot;iso&quot;:&quot;0&quot;,&quot;shutter_speed&quot;:&quot;0&quot;,&quot;title&quot;:&quot;&quot;,&quot;orientation&quot;:&quot;0&quot;}\" data-image-title=\"\" data-image-description=\"\" data-image-caption=\"\" data-large-file=\"https:\/\/i0.wp.com\/kirstengomez.es\/bodas\/wp-content\/uploads\/2017\/07\/dxboda-144.jpg?fit=467%2C700\" class=\"alignnone size-full wp-image-4756\" src=\"https:\/\/i0.wp.com\/kirstengomez.es\/bodas\/wp-content\/uploads\/2017\/07\/dxboda-144.jpg?resize=467%2C700\" alt=\"\" width=\"467\" height=\"700\" srcset=\"https:\/\/i0.wp.com\/kirstengomez.es\/bodas\/wp-content\/uploads\/2017\/07\/dxboda-144.jpg?w=467 467w, https:\/\/i0.wp.com\/kirstengomez.es\/bodas\/wp-content\/uploads\/2017\/07\/dxboda-144.jpg?resize=200%2C300 200w\" sizes=\"auto, (max-width: 467px) 100vw, 467px\" \/> <img data-recalc-dims=\"1\" loading=\"lazy\" decoding=\"async\" data-attachment-id=\"4757\" data-permalink=\"http:\/\/kirstengomez.es\/bodas\/?attachment_id=4757\" data-orig-file=\"https:\/\/i0.wp.com\/kirstengomez.es\/bodas\/wp-content\/uploads\/2017\/07\/dxboda-145.jpg?fit=700%2C467\" data-orig-size=\"700,467\" data-comments-opened=\"1\" data-image-meta=\"{&quot;aperture&quot;:&quot;0&quot;,&quot;credit&quot;:&quot;&quot;,&quot;camera&quot;:&quot;&quot;,&quot;caption&quot;:&quot;&quot;,&quot;created_timestamp&quot;:&quot;0&quot;,&quot;copyright&quot;:&quot;&quot;,&quot;focal_length&quot;:&quot;0&quot;,&quot;iso&quot;:&quot;0&quot;,&quot;shutter_speed&quot;:&quot;0&quot;,&quot;title&quot;:&quot;&quot;,&quot;orientation&quot;:&quot;0&quot;}\" data-image-title=\"\" data-image-description=\"\" data-image-caption=\"\" data-large-file=\"https:\/\/i0.wp.com\/kirstengomez.es\/bodas\/wp-content\/uploads\/2017\/07\/dxboda-145.jpg?fit=700%2C467\" class=\"alignnone size-full wp-image-4757\" src=\"https:\/\/i0.wp.com\/kirstengomez.es\/bodas\/wp-content\/uploads\/2017\/07\/dxboda-145.jpg?resize=700%2C467\" alt=\"\" width=\"700\" height=\"467\" srcset=\"https:\/\/i0.wp.com\/kirstengomez.es\/bodas\/wp-content\/uploads\/2017\/07\/dxboda-145.jpg?w=700 700w, https:\/\/i0.wp.com\/kirstengomez.es\/bodas\/wp-content\/uploads\/2017\/07\/dxboda-145.jpg?resize=300%2C200 300w, https:\/\/i0.wp.com\/kirstengomez.es\/bodas\/wp-content\/uploads\/2017\/07\/dxboda-145.jpg?resize=500%2C334 500w\" sizes=\"auto, (max-width: 700px) 100vw, 700px\" \/> <img data-recalc-dims=\"1\" loading=\"lazy\" decoding=\"async\" data-attachment-id=\"4758\" data-permalink=\"http:\/\/kirstengomez.es\/bodas\/?attachment_id=4758\" data-orig-file=\"https:\/\/i0.wp.com\/kirstengomez.es\/bodas\/wp-content\/uploads\/2017\/07\/dxboda-146.jpg?fit=700%2C467\" data-orig-size=\"700,467\" data-comments-opened=\"1\" data-image-meta=\"{&quot;aperture&quot;:&quot;0&quot;,&quot;credit&quot;:&quot;&quot;,&quot;camera&quot;:&quot;&quot;,&quot;caption&quot;:&quot;&quot;,&quot;created_timestamp&quot;:&quot;0&quot;,&quot;copyright&quot;:&quot;&quot;,&quot;focal_length&quot;:&quot;0&quot;,&quot;iso&quot;:&quot;0&quot;,&quot;shutter_speed&quot;:&quot;0&quot;,&quot;title&quot;:&quot;&quot;,&quot;orientation&quot;:&quot;0&quot;}\" data-image-title=\"\" data-image-description=\"\" data-image-caption=\"\" data-large-file=\"https:\/\/i0.wp.com\/kirstengomez.es\/bodas\/wp-content\/uploads\/2017\/07\/dxboda-146.jpg?fit=700%2C467\" class=\"alignnone size-full wp-image-4758\" src=\"https:\/\/i0.wp.com\/kirstengomez.es\/bodas\/wp-content\/uploads\/2017\/07\/dxboda-146.jpg?resize=700%2C467\" alt=\"\" width=\"700\" height=\"467\" srcset=\"https:\/\/i0.wp.com\/kirstengomez.es\/bodas\/wp-content\/uploads\/2017\/07\/dxboda-146.jpg?w=700 700w, https:\/\/i0.wp.com\/kirstengomez.es\/bodas\/wp-content\/uploads\/2017\/07\/dxboda-146.jpg?resize=300%2C200 300w, https:\/\/i0.wp.com\/kirstengomez.es\/bodas\/wp-content\/uploads\/2017\/07\/dxboda-146.jpg?resize=500%2C334 500w\" sizes=\"auto, (max-width: 700px) 100vw, 700px\" \/><br \/>\n<img data-recalc-dims=\"1\" loading=\"lazy\" decoding=\"async\" data-attachment-id=\"4759\" data-permalink=\"http:\/\/kirstengomez.es\/bodas\/?attachment_id=4759\" data-orig-file=\"https:\/\/i0.wp.com\/kirstengomez.es\/bodas\/wp-content\/uploads\/2017\/07\/dxboda-148.jpg?fit=700%2C467\" data-orig-size=\"700,467\" data-comments-opened=\"1\" data-image-meta=\"{&quot;aperture&quot;:&quot;0&quot;,&quot;credit&quot;:&quot;&quot;,&quot;camera&quot;:&quot;&quot;,&quot;caption&quot;:&quot;&quot;,&quot;created_timestamp&quot;:&quot;0&quot;,&quot;copyright&quot;:&quot;&quot;,&quot;focal_length&quot;:&quot;0&quot;,&quot;iso&quot;:&quot;0&quot;,&quot;shutter_speed&quot;:&quot;0&quot;,&quot;title&quot;:&quot;&quot;,&quot;orientation&quot;:&quot;0&quot;}\" data-image-title=\"\" data-image-description=\"\" data-image-caption=\"\" data-large-file=\"https:\/\/i0.wp.com\/kirstengomez.es\/bodas\/wp-content\/uploads\/2017\/07\/dxboda-148.jpg?fit=700%2C467\" class=\"alignnone size-full wp-image-4759\" src=\"https:\/\/i0.wp.com\/kirstengomez.es\/bodas\/wp-content\/uploads\/2017\/07\/dxboda-148.jpg?resize=700%2C467\" alt=\"\" width=\"700\" height=\"467\" srcset=\"https:\/\/i0.wp.com\/kirstengomez.es\/bodas\/wp-content\/uploads\/2017\/07\/dxboda-148.jpg?w=700 700w, https:\/\/i0.wp.com\/kirstengomez.es\/bodas\/wp-content\/uploads\/2017\/07\/dxboda-148.jpg?resize=300%2C200 300w, https:\/\/i0.wp.com\/kirstengomez.es\/bodas\/wp-content\/uploads\/2017\/07\/dxboda-148.jpg?resize=500%2C334 500w\" sizes=\"auto, (max-width: 700px) 100vw, 700px\" \/><\/p>\n<p>&nbsp;<\/p>\n<p>\u00a1Los detalles son una pasada!<\/p>\n<p>&nbsp;<\/p>\n<p><img data-recalc-dims=\"1\" loading=\"lazy\" decoding=\"async\" data-attachment-id=\"4778\" data-permalink=\"http:\/\/kirstengomez.es\/bodas\/?attachment_id=4778\" data-orig-file=\"https:\/\/i0.wp.com\/kirstengomez.es\/bodas\/wp-content\/uploads\/2017\/07\/dxboda-193.jpg?fit=700%2C467\" data-orig-size=\"700,467\" data-comments-opened=\"1\" data-image-meta=\"{&quot;aperture&quot;:&quot;0&quot;,&quot;credit&quot;:&quot;&quot;,&quot;camera&quot;:&quot;&quot;,&quot;caption&quot;:&quot;&quot;,&quot;created_timestamp&quot;:&quot;0&quot;,&quot;copyright&quot;:&quot;&quot;,&quot;focal_length&quot;:&quot;0&quot;,&quot;iso&quot;:&quot;0&quot;,&quot;shutter_speed&quot;:&quot;0&quot;,&quot;title&quot;:&quot;&quot;,&quot;orientation&quot;:&quot;0&quot;}\" data-image-title=\"\" data-image-description=\"\" data-image-caption=\"\" data-large-file=\"https:\/\/i0.wp.com\/kirstengomez.es\/bodas\/wp-content\/uploads\/2017\/07\/dxboda-193.jpg?fit=700%2C467\" class=\"alignnone size-full wp-image-4778\" src=\"https:\/\/i0.wp.com\/kirstengomez.es\/bodas\/wp-content\/uploads\/2017\/07\/dxboda-193.jpg?resize=700%2C467\" alt=\"\" width=\"700\" height=\"467\" srcset=\"https:\/\/i0.wp.com\/kirstengomez.es\/bodas\/wp-content\/uploads\/2017\/07\/dxboda-193.jpg?w=700 700w, https:\/\/i0.wp.com\/kirstengomez.es\/bodas\/wp-content\/uploads\/2017\/07\/dxboda-193.jpg?resize=300%2C200 300w, https:\/\/i0.wp.com\/kirstengomez.es\/bodas\/wp-content\/uploads\/2017\/07\/dxboda-193.jpg?resize=500%2C334 500w\" sizes=\"auto, (max-width: 700px) 100vw, 700px\" \/><img data-recalc-dims=\"1\" loading=\"lazy\" decoding=\"async\" data-attachment-id=\"4752\" data-permalink=\"http:\/\/kirstengomez.es\/bodas\/?attachment_id=4752\" data-orig-file=\"https:\/\/i0.wp.com\/kirstengomez.es\/bodas\/wp-content\/uploads\/2017\/07\/dxboda-131.jpg?fit=700%2C467\" data-orig-size=\"700,467\" data-comments-opened=\"1\" data-image-meta=\"{&quot;aperture&quot;:&quot;0&quot;,&quot;credit&quot;:&quot;&quot;,&quot;camera&quot;:&quot;&quot;,&quot;caption&quot;:&quot;&quot;,&quot;created_timestamp&quot;:&quot;0&quot;,&quot;copyright&quot;:&quot;&quot;,&quot;focal_length&quot;:&quot;0&quot;,&quot;iso&quot;:&quot;0&quot;,&quot;shutter_speed&quot;:&quot;0&quot;,&quot;title&quot;:&quot;&quot;,&quot;orientation&quot;:&quot;0&quot;}\" data-image-title=\"\" data-image-description=\"\" data-image-caption=\"\" data-large-file=\"https:\/\/i0.wp.com\/kirstengomez.es\/bodas\/wp-content\/uploads\/2017\/07\/dxboda-131.jpg?fit=700%2C467\" class=\"alignnone size-full wp-image-4752\" src=\"https:\/\/i0.wp.com\/kirstengomez.es\/bodas\/wp-content\/uploads\/2017\/07\/dxboda-131.jpg?resize=700%2C467\" alt=\"\" width=\"700\" height=\"467\" srcset=\"https:\/\/i0.wp.com\/kirstengomez.es\/bodas\/wp-content\/uploads\/2017\/07\/dxboda-131.jpg?w=700 700w, https:\/\/i0.wp.com\/kirstengomez.es\/bodas\/wp-content\/uploads\/2017\/07\/dxboda-131.jpg?resize=300%2C200 300w, https:\/\/i0.wp.com\/kirstengomez.es\/bodas\/wp-content\/uploads\/2017\/07\/dxboda-131.jpg?resize=500%2C334 500w\" sizes=\"auto, (max-width: 700px) 100vw, 700px\" \/>\u00a0<img data-recalc-dims=\"1\" loading=\"lazy\" decoding=\"async\" data-attachment-id=\"4750\" data-permalink=\"http:\/\/kirstengomez.es\/bodas\/?attachment_id=4750\" data-orig-file=\"https:\/\/i0.wp.com\/kirstengomez.es\/bodas\/wp-content\/uploads\/2017\/07\/dxboda-129.jpg?fit=700%2C467\" data-orig-size=\"700,467\" data-comments-opened=\"1\" data-image-meta=\"{&quot;aperture&quot;:&quot;0&quot;,&quot;credit&quot;:&quot;&quot;,&quot;camera&quot;:&quot;&quot;,&quot;caption&quot;:&quot;&quot;,&quot;created_timestamp&quot;:&quot;0&quot;,&quot;copyright&quot;:&quot;&quot;,&quot;focal_length&quot;:&quot;0&quot;,&quot;iso&quot;:&quot;0&quot;,&quot;shutter_speed&quot;:&quot;0&quot;,&quot;title&quot;:&quot;&quot;,&quot;orientation&quot;:&quot;0&quot;}\" data-image-title=\"\" data-image-description=\"\" data-image-caption=\"\" data-large-file=\"https:\/\/i0.wp.com\/kirstengomez.es\/bodas\/wp-content\/uploads\/2017\/07\/dxboda-129.jpg?fit=700%2C467\" class=\"alignnone size-full wp-image-4750\" src=\"https:\/\/i0.wp.com\/kirstengomez.es\/bodas\/wp-content\/uploads\/2017\/07\/dxboda-129.jpg?resize=700%2C467\" alt=\"\" width=\"700\" height=\"467\" srcset=\"https:\/\/i0.wp.com\/kirstengomez.es\/bodas\/wp-content\/uploads\/2017\/07\/dxboda-129.jpg?w=700 700w, https:\/\/i0.wp.com\/kirstengomez.es\/bodas\/wp-content\/uploads\/2017\/07\/dxboda-129.jpg?resize=300%2C200 300w, https:\/\/i0.wp.com\/kirstengomez.es\/bodas\/wp-content\/uploads\/2017\/07\/dxboda-129.jpg?resize=500%2C334 500w\" sizes=\"auto, (max-width: 700px) 100vw, 700px\" \/><br \/>\n<img data-recalc-dims=\"1\" loading=\"lazy\" decoding=\"async\" data-attachment-id=\"4780\" data-permalink=\"http:\/\/kirstengomez.es\/bodas\/?attachment_id=4780\" data-orig-file=\"https:\/\/i0.wp.com\/kirstengomez.es\/bodas\/wp-content\/uploads\/2017\/07\/dxboda-135.jpg?fit=700%2C467\" data-orig-size=\"700,467\" data-comments-opened=\"1\" data-image-meta=\"{&quot;aperture&quot;:&quot;0&quot;,&quot;credit&quot;:&quot;&quot;,&quot;camera&quot;:&quot;&quot;,&quot;caption&quot;:&quot;&quot;,&quot;created_timestamp&quot;:&quot;0&quot;,&quot;copyright&quot;:&quot;&quot;,&quot;focal_length&quot;:&quot;0&quot;,&quot;iso&quot;:&quot;0&quot;,&quot;shutter_speed&quot;:&quot;0&quot;,&quot;title&quot;:&quot;&quot;,&quot;orientation&quot;:&quot;0&quot;}\" data-image-title=\"\" data-image-description=\"\" data-image-caption=\"\" data-large-file=\"https:\/\/i0.wp.com\/kirstengomez.es\/bodas\/wp-content\/uploads\/2017\/07\/dxboda-135.jpg?fit=700%2C467\" class=\"alignnone size-full wp-image-4780\" src=\"https:\/\/i0.wp.com\/kirstengomez.es\/bodas\/wp-content\/uploads\/2017\/07\/dxboda-135.jpg?resize=700%2C467\" alt=\"\" width=\"700\" height=\"467\" srcset=\"https:\/\/i0.wp.com\/kirstengomez.es\/bodas\/wp-content\/uploads\/2017\/07\/dxboda-135.jpg?w=700 700w, https:\/\/i0.wp.com\/kirstengomez.es\/bodas\/wp-content\/uploads\/2017\/07\/dxboda-135.jpg?resize=300%2C200 300w, https:\/\/i0.wp.com\/kirstengomez.es\/bodas\/wp-content\/uploads\/2017\/07\/dxboda-135.jpg?resize=500%2C334 500w\" sizes=\"auto, (max-width: 700px) 100vw, 700px\" \/> <img data-recalc-dims=\"1\" loading=\"lazy\" decoding=\"async\" data-attachment-id=\"4781\" data-permalink=\"http:\/\/kirstengomez.es\/bodas\/?attachment_id=4781\" data-orig-file=\"https:\/\/i0.wp.com\/kirstengomez.es\/bodas\/wp-content\/uploads\/2017\/07\/dxboda-136.jpg?fit=700%2C467\" data-orig-size=\"700,467\" data-comments-opened=\"1\" data-image-meta=\"{&quot;aperture&quot;:&quot;0&quot;,&quot;credit&quot;:&quot;&quot;,&quot;camera&quot;:&quot;&quot;,&quot;caption&quot;:&quot;&quot;,&quot;created_timestamp&quot;:&quot;0&quot;,&quot;copyright&quot;:&quot;&quot;,&quot;focal_length&quot;:&quot;0&quot;,&quot;iso&quot;:&quot;0&quot;,&quot;shutter_speed&quot;:&quot;0&quot;,&quot;title&quot;:&quot;&quot;,&quot;orientation&quot;:&quot;0&quot;}\" data-image-title=\"\" data-image-description=\"\" data-image-caption=\"\" data-large-file=\"https:\/\/i0.wp.com\/kirstengomez.es\/bodas\/wp-content\/uploads\/2017\/07\/dxboda-136.jpg?fit=700%2C467\" class=\"alignnone size-full wp-image-4781\" src=\"https:\/\/i0.wp.com\/kirstengomez.es\/bodas\/wp-content\/uploads\/2017\/07\/dxboda-136.jpg?resize=700%2C467\" alt=\"\" width=\"700\" height=\"467\" srcset=\"https:\/\/i0.wp.com\/kirstengomez.es\/bodas\/wp-content\/uploads\/2017\/07\/dxboda-136.jpg?w=700 700w, https:\/\/i0.wp.com\/kirstengomez.es\/bodas\/wp-content\/uploads\/2017\/07\/dxboda-136.jpg?resize=300%2C200 300w, https:\/\/i0.wp.com\/kirstengomez.es\/bodas\/wp-content\/uploads\/2017\/07\/dxboda-136.jpg?resize=500%2C334 500w\" sizes=\"auto, (max-width: 700px) 100vw, 700px\" \/> <img data-recalc-dims=\"1\" loading=\"lazy\" decoding=\"async\" data-attachment-id=\"4782\" data-permalink=\"http:\/\/kirstengomez.es\/bodas\/?attachment_id=4782\" data-orig-file=\"https:\/\/i0.wp.com\/kirstengomez.es\/bodas\/wp-content\/uploads\/2017\/07\/dxboda-137.jpg?fit=700%2C467\" data-orig-size=\"700,467\" data-comments-opened=\"1\" data-image-meta=\"{&quot;aperture&quot;:&quot;0&quot;,&quot;credit&quot;:&quot;&quot;,&quot;camera&quot;:&quot;&quot;,&quot;caption&quot;:&quot;&quot;,&quot;created_timestamp&quot;:&quot;0&quot;,&quot;copyright&quot;:&quot;&quot;,&quot;focal_length&quot;:&quot;0&quot;,&quot;iso&quot;:&quot;0&quot;,&quot;shutter_speed&quot;:&quot;0&quot;,&quot;title&quot;:&quot;&quot;,&quot;orientation&quot;:&quot;0&quot;}\" data-image-title=\"\" data-image-description=\"\" data-image-caption=\"\" data-large-file=\"https:\/\/i0.wp.com\/kirstengomez.es\/bodas\/wp-content\/uploads\/2017\/07\/dxboda-137.jpg?fit=700%2C467\" class=\"alignnone size-full wp-image-4782\" src=\"https:\/\/i0.wp.com\/kirstengomez.es\/bodas\/wp-content\/uploads\/2017\/07\/dxboda-137.jpg?resize=700%2C467\" alt=\"\" width=\"700\" height=\"467\" srcset=\"https:\/\/i0.wp.com\/kirstengomez.es\/bodas\/wp-content\/uploads\/2017\/07\/dxboda-137.jpg?w=700 700w, https:\/\/i0.wp.com\/kirstengomez.es\/bodas\/wp-content\/uploads\/2017\/07\/dxboda-137.jpg?resize=300%2C200 300w, https:\/\/i0.wp.com\/kirstengomez.es\/bodas\/wp-content\/uploads\/2017\/07\/dxboda-137.jpg?resize=500%2C334 500w\" sizes=\"auto, (max-width: 700px) 100vw, 700px\" \/> <img data-recalc-dims=\"1\" loading=\"lazy\" decoding=\"async\" data-attachment-id=\"4783\" data-permalink=\"http:\/\/kirstengomez.es\/bodas\/?attachment_id=4783\" data-orig-file=\"https:\/\/i0.wp.com\/kirstengomez.es\/bodas\/wp-content\/uploads\/2017\/07\/dxboda-138.jpg?fit=700%2C467\" data-orig-size=\"700,467\" data-comments-opened=\"1\" data-image-meta=\"{&quot;aperture&quot;:&quot;0&quot;,&quot;credit&quot;:&quot;&quot;,&quot;camera&quot;:&quot;&quot;,&quot;caption&quot;:&quot;&quot;,&quot;created_timestamp&quot;:&quot;0&quot;,&quot;copyright&quot;:&quot;&quot;,&quot;focal_length&quot;:&quot;0&quot;,&quot;iso&quot;:&quot;0&quot;,&quot;shutter_speed&quot;:&quot;0&quot;,&quot;title&quot;:&quot;&quot;,&quot;orientation&quot;:&quot;0&quot;}\" data-image-title=\"\" data-image-description=\"\" data-image-caption=\"\" data-large-file=\"https:\/\/i0.wp.com\/kirstengomez.es\/bodas\/wp-content\/uploads\/2017\/07\/dxboda-138.jpg?fit=700%2C467\" class=\"alignnone size-full wp-image-4783\" src=\"https:\/\/i0.wp.com\/kirstengomez.es\/bodas\/wp-content\/uploads\/2017\/07\/dxboda-138.jpg?resize=700%2C467\" alt=\"\" width=\"700\" height=\"467\" srcset=\"https:\/\/i0.wp.com\/kirstengomez.es\/bodas\/wp-content\/uploads\/2017\/07\/dxboda-138.jpg?w=700 700w, https:\/\/i0.wp.com\/kirstengomez.es\/bodas\/wp-content\/uploads\/2017\/07\/dxboda-138.jpg?resize=300%2C200 300w, https:\/\/i0.wp.com\/kirstengomez.es\/bodas\/wp-content\/uploads\/2017\/07\/dxboda-138.jpg?resize=500%2C334 500w\" sizes=\"auto, (max-width: 700px) 100vw, 700px\" \/><\/p>\n<p>&nbsp;<\/p>\n<p>\u00a1Por favor que mesa tan incre\u00edble!<\/p>\n<p>&nbsp;<\/p>\n<p><img data-recalc-dims=\"1\" loading=\"lazy\" decoding=\"async\" data-attachment-id=\"4784\" data-permalink=\"http:\/\/kirstengomez.es\/bodas\/?attachment_id=4784\" data-orig-file=\"https:\/\/i0.wp.com\/kirstengomez.es\/bodas\/wp-content\/uploads\/2017\/07\/dxboda-139.jpg?fit=700%2C467\" data-orig-size=\"700,467\" data-comments-opened=\"1\" data-image-meta=\"{&quot;aperture&quot;:&quot;0&quot;,&quot;credit&quot;:&quot;&quot;,&quot;camera&quot;:&quot;&quot;,&quot;caption&quot;:&quot;&quot;,&quot;created_timestamp&quot;:&quot;0&quot;,&quot;copyright&quot;:&quot;&quot;,&quot;focal_length&quot;:&quot;0&quot;,&quot;iso&quot;:&quot;0&quot;,&quot;shutter_speed&quot;:&quot;0&quot;,&quot;title&quot;:&quot;&quot;,&quot;orientation&quot;:&quot;0&quot;}\" data-image-title=\"\" data-image-description=\"\" data-image-caption=\"\" data-large-file=\"https:\/\/i0.wp.com\/kirstengomez.es\/bodas\/wp-content\/uploads\/2017\/07\/dxboda-139.jpg?fit=700%2C467\" class=\"alignnone size-full wp-image-4784\" src=\"https:\/\/i0.wp.com\/kirstengomez.es\/bodas\/wp-content\/uploads\/2017\/07\/dxboda-139.jpg?resize=700%2C467\" alt=\"\" width=\"700\" height=\"467\" srcset=\"https:\/\/i0.wp.com\/kirstengomez.es\/bodas\/wp-content\/uploads\/2017\/07\/dxboda-139.jpg?w=700 700w, https:\/\/i0.wp.com\/kirstengomez.es\/bodas\/wp-content\/uploads\/2017\/07\/dxboda-139.jpg?resize=300%2C200 300w, https:\/\/i0.wp.com\/kirstengomez.es\/bodas\/wp-content\/uploads\/2017\/07\/dxboda-139.jpg?resize=500%2C334 500w\" sizes=\"auto, (max-width: 700px) 100vw, 700px\" \/> <img data-recalc-dims=\"1\" loading=\"lazy\" decoding=\"async\" data-attachment-id=\"4785\" data-permalink=\"http:\/\/kirstengomez.es\/bodas\/?attachment_id=4785\" data-orig-file=\"https:\/\/i0.wp.com\/kirstengomez.es\/bodas\/wp-content\/uploads\/2017\/07\/dxboda-140.jpg?fit=700%2C467\" data-orig-size=\"700,467\" data-comments-opened=\"1\" data-image-meta=\"{&quot;aperture&quot;:&quot;0&quot;,&quot;credit&quot;:&quot;&quot;,&quot;camera&quot;:&quot;&quot;,&quot;caption&quot;:&quot;&quot;,&quot;created_timestamp&quot;:&quot;0&quot;,&quot;copyright&quot;:&quot;&quot;,&quot;focal_length&quot;:&quot;0&quot;,&quot;iso&quot;:&quot;0&quot;,&quot;shutter_speed&quot;:&quot;0&quot;,&quot;title&quot;:&quot;&quot;,&quot;orientation&quot;:&quot;0&quot;}\" data-image-title=\"\" data-image-description=\"\" data-image-caption=\"\" data-large-file=\"https:\/\/i0.wp.com\/kirstengomez.es\/bodas\/wp-content\/uploads\/2017\/07\/dxboda-140.jpg?fit=700%2C467\" class=\"alignnone size-full wp-image-4785\" src=\"https:\/\/i0.wp.com\/kirstengomez.es\/bodas\/wp-content\/uploads\/2017\/07\/dxboda-140.jpg?resize=700%2C467\" alt=\"\" width=\"700\" height=\"467\" srcset=\"https:\/\/i0.wp.com\/kirstengomez.es\/bodas\/wp-content\/uploads\/2017\/07\/dxboda-140.jpg?w=700 700w, https:\/\/i0.wp.com\/kirstengomez.es\/bodas\/wp-content\/uploads\/2017\/07\/dxboda-140.jpg?resize=300%2C200 300w, https:\/\/i0.wp.com\/kirstengomez.es\/bodas\/wp-content\/uploads\/2017\/07\/dxboda-140.jpg?resize=500%2C334 500w\" sizes=\"auto, (max-width: 700px) 100vw, 700px\" \/> <img data-recalc-dims=\"1\" loading=\"lazy\" decoding=\"async\" data-attachment-id=\"4786\" data-permalink=\"http:\/\/kirstengomez.es\/bodas\/?attachment_id=4786\" data-orig-file=\"https:\/\/i0.wp.com\/kirstengomez.es\/bodas\/wp-content\/uploads\/2017\/07\/dxboda-134.jpg?fit=700%2C467\" data-orig-size=\"700,467\" data-comments-opened=\"1\" data-image-meta=\"{&quot;aperture&quot;:&quot;0&quot;,&quot;credit&quot;:&quot;&quot;,&quot;camera&quot;:&quot;&quot;,&quot;caption&quot;:&quot;&quot;,&quot;created_timestamp&quot;:&quot;0&quot;,&quot;copyright&quot;:&quot;&quot;,&quot;focal_length&quot;:&quot;0&quot;,&quot;iso&quot;:&quot;0&quot;,&quot;shutter_speed&quot;:&quot;0&quot;,&quot;title&quot;:&quot;&quot;,&quot;orientation&quot;:&quot;0&quot;}\" data-image-title=\"\" data-image-description=\"\" data-image-caption=\"\" data-large-file=\"https:\/\/i0.wp.com\/kirstengomez.es\/bodas\/wp-content\/uploads\/2017\/07\/dxboda-134.jpg?fit=700%2C467\" class=\"alignnone size-full wp-image-4786\" src=\"https:\/\/i0.wp.com\/kirstengomez.es\/bodas\/wp-content\/uploads\/2017\/07\/dxboda-134.jpg?resize=700%2C467\" alt=\"\" width=\"700\" height=\"467\" srcset=\"https:\/\/i0.wp.com\/kirstengomez.es\/bodas\/wp-content\/uploads\/2017\/07\/dxboda-134.jpg?w=700 700w, https:\/\/i0.wp.com\/kirstengomez.es\/bodas\/wp-content\/uploads\/2017\/07\/dxboda-134.jpg?resize=300%2C200 300w, https:\/\/i0.wp.com\/kirstengomez.es\/bodas\/wp-content\/uploads\/2017\/07\/dxboda-134.jpg?resize=500%2C334 500w\" sizes=\"auto, (max-width: 700px) 100vw, 700px\" \/><img data-recalc-dims=\"1\" loading=\"lazy\" decoding=\"async\" data-attachment-id=\"4760\" data-permalink=\"http:\/\/kirstengomez.es\/bodas\/?attachment_id=4760\" data-orig-file=\"https:\/\/i0.wp.com\/kirstengomez.es\/bodas\/wp-content\/uploads\/2017\/07\/dxboda-149.jpg?fit=700%2C467\" data-orig-size=\"700,467\" data-comments-opened=\"1\" data-image-meta=\"{&quot;aperture&quot;:&quot;0&quot;,&quot;credit&quot;:&quot;&quot;,&quot;camera&quot;:&quot;&quot;,&quot;caption&quot;:&quot;&quot;,&quot;created_timestamp&quot;:&quot;0&quot;,&quot;copyright&quot;:&quot;&quot;,&quot;focal_length&quot;:&quot;0&quot;,&quot;iso&quot;:&quot;0&quot;,&quot;shutter_speed&quot;:&quot;0&quot;,&quot;title&quot;:&quot;&quot;,&quot;orientation&quot;:&quot;0&quot;}\" data-image-title=\"\" data-image-description=\"\" data-image-caption=\"\" data-large-file=\"https:\/\/i0.wp.com\/kirstengomez.es\/bodas\/wp-content\/uploads\/2017\/07\/dxboda-149.jpg?fit=700%2C467\" class=\"alignnone size-full wp-image-4760\" src=\"https:\/\/i0.wp.com\/kirstengomez.es\/bodas\/wp-content\/uploads\/2017\/07\/dxboda-149.jpg?resize=700%2C467\" alt=\"\" width=\"700\" height=\"467\" srcset=\"https:\/\/i0.wp.com\/kirstengomez.es\/bodas\/wp-content\/uploads\/2017\/07\/dxboda-149.jpg?w=700 700w, https:\/\/i0.wp.com\/kirstengomez.es\/bodas\/wp-content\/uploads\/2017\/07\/dxboda-149.jpg?resize=300%2C200 300w, https:\/\/i0.wp.com\/kirstengomez.es\/bodas\/wp-content\/uploads\/2017\/07\/dxboda-149.jpg?resize=500%2C334 500w\" sizes=\"auto, (max-width: 700px) 100vw, 700px\" \/> <img data-recalc-dims=\"1\" loading=\"lazy\" decoding=\"async\" data-attachment-id=\"4761\" data-permalink=\"http:\/\/kirstengomez.es\/bodas\/?attachment_id=4761\" data-orig-file=\"https:\/\/i0.wp.com\/kirstengomez.es\/bodas\/wp-content\/uploads\/2017\/07\/dxboda-150.jpg?fit=700%2C467\" data-orig-size=\"700,467\" data-comments-opened=\"1\" data-image-meta=\"{&quot;aperture&quot;:&quot;0&quot;,&quot;credit&quot;:&quot;&quot;,&quot;camera&quot;:&quot;&quot;,&quot;caption&quot;:&quot;&quot;,&quot;created_timestamp&quot;:&quot;0&quot;,&quot;copyright&quot;:&quot;&quot;,&quot;focal_length&quot;:&quot;0&quot;,&quot;iso&quot;:&quot;0&quot;,&quot;shutter_speed&quot;:&quot;0&quot;,&quot;title&quot;:&quot;&quot;,&quot;orientation&quot;:&quot;0&quot;}\" data-image-title=\"\" data-image-description=\"\" data-image-caption=\"\" data-large-file=\"https:\/\/i0.wp.com\/kirstengomez.es\/bodas\/wp-content\/uploads\/2017\/07\/dxboda-150.jpg?fit=700%2C467\" class=\"alignnone size-full wp-image-4761\" src=\"https:\/\/i0.wp.com\/kirstengomez.es\/bodas\/wp-content\/uploads\/2017\/07\/dxboda-150.jpg?resize=700%2C467\" alt=\"\" width=\"700\" height=\"467\" srcset=\"https:\/\/i0.wp.com\/kirstengomez.es\/bodas\/wp-content\/uploads\/2017\/07\/dxboda-150.jpg?w=700 700w, https:\/\/i0.wp.com\/kirstengomez.es\/bodas\/wp-content\/uploads\/2017\/07\/dxboda-150.jpg?resize=300%2C200 300w, https:\/\/i0.wp.com\/kirstengomez.es\/bodas\/wp-content\/uploads\/2017\/07\/dxboda-150.jpg?resize=500%2C334 500w\" sizes=\"auto, (max-width: 700px) 100vw, 700px\" \/><br \/>\n<img data-recalc-dims=\"1\" loading=\"lazy\" decoding=\"async\" data-attachment-id=\"4762\" data-permalink=\"http:\/\/kirstengomez.es\/bodas\/?attachment_id=4762\" data-orig-file=\"https:\/\/i0.wp.com\/kirstengomez.es\/bodas\/wp-content\/uploads\/2017\/07\/dxboda-151.jpg?fit=700%2C467\" data-orig-size=\"700,467\" data-comments-opened=\"1\" data-image-meta=\"{&quot;aperture&quot;:&quot;0&quot;,&quot;credit&quot;:&quot;&quot;,&quot;camera&quot;:&quot;&quot;,&quot;caption&quot;:&quot;&quot;,&quot;created_timestamp&quot;:&quot;0&quot;,&quot;copyright&quot;:&quot;&quot;,&quot;focal_length&quot;:&quot;0&quot;,&quot;iso&quot;:&quot;0&quot;,&quot;shutter_speed&quot;:&quot;0&quot;,&quot;title&quot;:&quot;&quot;,&quot;orientation&quot;:&quot;0&quot;}\" data-image-title=\"\" data-image-description=\"\" data-image-caption=\"\" data-large-file=\"https:\/\/i0.wp.com\/kirstengomez.es\/bodas\/wp-content\/uploads\/2017\/07\/dxboda-151.jpg?fit=700%2C467\" class=\"alignnone size-full wp-image-4762\" src=\"https:\/\/i0.wp.com\/kirstengomez.es\/bodas\/wp-content\/uploads\/2017\/07\/dxboda-151.jpg?resize=700%2C467\" alt=\"\" width=\"700\" height=\"467\" srcset=\"https:\/\/i0.wp.com\/kirstengomez.es\/bodas\/wp-content\/uploads\/2017\/07\/dxboda-151.jpg?w=700 700w, https:\/\/i0.wp.com\/kirstengomez.es\/bodas\/wp-content\/uploads\/2017\/07\/dxboda-151.jpg?resize=300%2C200 300w, https:\/\/i0.wp.com\/kirstengomez.es\/bodas\/wp-content\/uploads\/2017\/07\/dxboda-151.jpg?resize=500%2C334 500w\" sizes=\"auto, (max-width: 700px) 100vw, 700px\" \/><img data-recalc-dims=\"1\" loading=\"lazy\" decoding=\"async\" data-attachment-id=\"4763\" data-permalink=\"http:\/\/kirstengomez.es\/bodas\/?attachment_id=4763\" data-orig-file=\"https:\/\/i0.wp.com\/kirstengomez.es\/bodas\/wp-content\/uploads\/2017\/07\/dxboda-152.jpg?fit=700%2C467\" data-orig-size=\"700,467\" data-comments-opened=\"1\" data-image-meta=\"{&quot;aperture&quot;:&quot;0&quot;,&quot;credit&quot;:&quot;&quot;,&quot;camera&quot;:&quot;&quot;,&quot;caption&quot;:&quot;&quot;,&quot;created_timestamp&quot;:&quot;0&quot;,&quot;copyright&quot;:&quot;&quot;,&quot;focal_length&quot;:&quot;0&quot;,&quot;iso&quot;:&quot;0&quot;,&quot;shutter_speed&quot;:&quot;0&quot;,&quot;title&quot;:&quot;&quot;,&quot;orientation&quot;:&quot;0&quot;}\" data-image-title=\"\" data-image-description=\"\" data-image-caption=\"\" data-large-file=\"https:\/\/i0.wp.com\/kirstengomez.es\/bodas\/wp-content\/uploads\/2017\/07\/dxboda-152.jpg?fit=700%2C467\" class=\"alignnone size-full wp-image-4763\" src=\"https:\/\/i0.wp.com\/kirstengomez.es\/bodas\/wp-content\/uploads\/2017\/07\/dxboda-152.jpg?resize=700%2C467\" alt=\"\" width=\"700\" height=\"467\" srcset=\"https:\/\/i0.wp.com\/kirstengomez.es\/bodas\/wp-content\/uploads\/2017\/07\/dxboda-152.jpg?w=700 700w, https:\/\/i0.wp.com\/kirstengomez.es\/bodas\/wp-content\/uploads\/2017\/07\/dxboda-152.jpg?resize=300%2C200 300w, https:\/\/i0.wp.com\/kirstengomez.es\/bodas\/wp-content\/uploads\/2017\/07\/dxboda-152.jpg?resize=500%2C334 500w\" sizes=\"auto, (max-width: 700px) 100vw, 700px\" \/><img data-recalc-dims=\"1\" loading=\"lazy\" decoding=\"async\" data-attachment-id=\"4765\" data-permalink=\"http:\/\/kirstengomez.es\/bodas\/?attachment_id=4765\" data-orig-file=\"https:\/\/i0.wp.com\/kirstengomez.es\/bodas\/wp-content\/uploads\/2017\/07\/dxboda-154.jpg?fit=700%2C467\" data-orig-size=\"700,467\" data-comments-opened=\"1\" data-image-meta=\"{&quot;aperture&quot;:&quot;0&quot;,&quot;credit&quot;:&quot;&quot;,&quot;camera&quot;:&quot;&quot;,&quot;caption&quot;:&quot;&quot;,&quot;created_timestamp&quot;:&quot;0&quot;,&quot;copyright&quot;:&quot;&quot;,&quot;focal_length&quot;:&quot;0&quot;,&quot;iso&quot;:&quot;0&quot;,&quot;shutter_speed&quot;:&quot;0&quot;,&quot;title&quot;:&quot;&quot;,&quot;orientation&quot;:&quot;0&quot;}\" data-image-title=\"\" data-image-description=\"\" data-image-caption=\"\" data-large-file=\"https:\/\/i0.wp.com\/kirstengomez.es\/bodas\/wp-content\/uploads\/2017\/07\/dxboda-154.jpg?fit=700%2C467\" class=\"alignnone size-full wp-image-4765\" src=\"https:\/\/i0.wp.com\/kirstengomez.es\/bodas\/wp-content\/uploads\/2017\/07\/dxboda-154.jpg?resize=700%2C467\" alt=\"\" width=\"700\" height=\"467\" srcset=\"https:\/\/i0.wp.com\/kirstengomez.es\/bodas\/wp-content\/uploads\/2017\/07\/dxboda-154.jpg?w=700 700w, https:\/\/i0.wp.com\/kirstengomez.es\/bodas\/wp-content\/uploads\/2017\/07\/dxboda-154.jpg?resize=300%2C200 300w, https:\/\/i0.wp.com\/kirstengomez.es\/bodas\/wp-content\/uploads\/2017\/07\/dxboda-154.jpg?resize=500%2C334 500w\" sizes=\"auto, (max-width: 700px) 100vw, 700px\" \/>\u00a0<img data-recalc-dims=\"1\" loading=\"lazy\" decoding=\"async\" data-attachment-id=\"4764\" data-permalink=\"http:\/\/kirstengomez.es\/bodas\/?attachment_id=4764\" data-orig-file=\"https:\/\/i0.wp.com\/kirstengomez.es\/bodas\/wp-content\/uploads\/2017\/07\/dxboda-153.jpg?fit=700%2C467\" data-orig-size=\"700,467\" data-comments-opened=\"1\" data-image-meta=\"{&quot;aperture&quot;:&quot;0&quot;,&quot;credit&quot;:&quot;&quot;,&quot;camera&quot;:&quot;&quot;,&quot;caption&quot;:&quot;&quot;,&quot;created_timestamp&quot;:&quot;0&quot;,&quot;copyright&quot;:&quot;&quot;,&quot;focal_length&quot;:&quot;0&quot;,&quot;iso&quot;:&quot;0&quot;,&quot;shutter_speed&quot;:&quot;0&quot;,&quot;title&quot;:&quot;&quot;,&quot;orientation&quot;:&quot;0&quot;}\" data-image-title=\"\" data-image-description=\"\" data-image-caption=\"\" data-large-file=\"https:\/\/i0.wp.com\/kirstengomez.es\/bodas\/wp-content\/uploads\/2017\/07\/dxboda-153.jpg?fit=700%2C467\" class=\"alignnone size-full wp-image-4764\" src=\"https:\/\/i0.wp.com\/kirstengomez.es\/bodas\/wp-content\/uploads\/2017\/07\/dxboda-153.jpg?resize=700%2C467\" alt=\"\" width=\"700\" height=\"467\" srcset=\"https:\/\/i0.wp.com\/kirstengomez.es\/bodas\/wp-content\/uploads\/2017\/07\/dxboda-153.jpg?w=700 700w, https:\/\/i0.wp.com\/kirstengomez.es\/bodas\/wp-content\/uploads\/2017\/07\/dxboda-153.jpg?resize=300%2C200 300w, https:\/\/i0.wp.com\/kirstengomez.es\/bodas\/wp-content\/uploads\/2017\/07\/dxboda-153.jpg?resize=500%2C334 500w\" sizes=\"auto, (max-width: 700px) 100vw, 700px\" \/><img data-recalc-dims=\"1\" loading=\"lazy\" decoding=\"async\" data-attachment-id=\"4766\" data-permalink=\"http:\/\/kirstengomez.es\/bodas\/?attachment_id=4766\" data-orig-file=\"https:\/\/i0.wp.com\/kirstengomez.es\/bodas\/wp-content\/uploads\/2017\/07\/dxboda-155.jpg?fit=700%2C467\" data-orig-size=\"700,467\" data-comments-opened=\"1\" data-image-meta=\"{&quot;aperture&quot;:&quot;0&quot;,&quot;credit&quot;:&quot;&quot;,&quot;camera&quot;:&quot;&quot;,&quot;caption&quot;:&quot;&quot;,&quot;created_timestamp&quot;:&quot;0&quot;,&quot;copyright&quot;:&quot;&quot;,&quot;focal_length&quot;:&quot;0&quot;,&quot;iso&quot;:&quot;0&quot;,&quot;shutter_speed&quot;:&quot;0&quot;,&quot;title&quot;:&quot;&quot;,&quot;orientation&quot;:&quot;0&quot;}\" data-image-title=\"\" data-image-description=\"\" data-image-caption=\"\" data-large-file=\"https:\/\/i0.wp.com\/kirstengomez.es\/bodas\/wp-content\/uploads\/2017\/07\/dxboda-155.jpg?fit=700%2C467\" class=\"alignnone size-full wp-image-4766\" src=\"https:\/\/i0.wp.com\/kirstengomez.es\/bodas\/wp-content\/uploads\/2017\/07\/dxboda-155.jpg?resize=700%2C467\" alt=\"\" width=\"700\" height=\"467\" srcset=\"https:\/\/i0.wp.com\/kirstengomez.es\/bodas\/wp-content\/uploads\/2017\/07\/dxboda-155.jpg?w=700 700w, https:\/\/i0.wp.com\/kirstengomez.es\/bodas\/wp-content\/uploads\/2017\/07\/dxboda-155.jpg?resize=300%2C200 300w, https:\/\/i0.wp.com\/kirstengomez.es\/bodas\/wp-content\/uploads\/2017\/07\/dxboda-155.jpg?resize=500%2C334 500w\" sizes=\"auto, (max-width: 700px) 100vw, 700px\" \/>\u00a0\u00a0<img data-recalc-dims=\"1\" loading=\"lazy\" decoding=\"async\" data-attachment-id=\"4768\" data-permalink=\"http:\/\/kirstengomez.es\/bodas\/?attachment_id=4768\" data-orig-file=\"https:\/\/i0.wp.com\/kirstengomez.es\/bodas\/wp-content\/uploads\/2017\/07\/dxboda-157.jpg?fit=700%2C467\" data-orig-size=\"700,467\" data-comments-opened=\"1\" data-image-meta=\"{&quot;aperture&quot;:&quot;0&quot;,&quot;credit&quot;:&quot;&quot;,&quot;camera&quot;:&quot;&quot;,&quot;caption&quot;:&quot;&quot;,&quot;created_timestamp&quot;:&quot;0&quot;,&quot;copyright&quot;:&quot;&quot;,&quot;focal_length&quot;:&quot;0&quot;,&quot;iso&quot;:&quot;0&quot;,&quot;shutter_speed&quot;:&quot;0&quot;,&quot;title&quot;:&quot;&quot;,&quot;orientation&quot;:&quot;0&quot;}\" data-image-title=\"\" data-image-description=\"\" data-image-caption=\"\" data-large-file=\"https:\/\/i0.wp.com\/kirstengomez.es\/bodas\/wp-content\/uploads\/2017\/07\/dxboda-157.jpg?fit=700%2C467\" class=\"alignnone size-full wp-image-4768\" src=\"https:\/\/i0.wp.com\/kirstengomez.es\/bodas\/wp-content\/uploads\/2017\/07\/dxboda-157.jpg?resize=700%2C467\" alt=\"\" width=\"700\" height=\"467\" srcset=\"https:\/\/i0.wp.com\/kirstengomez.es\/bodas\/wp-content\/uploads\/2017\/07\/dxboda-157.jpg?w=700 700w, https:\/\/i0.wp.com\/kirstengomez.es\/bodas\/wp-content\/uploads\/2017\/07\/dxboda-157.jpg?resize=300%2C200 300w, https:\/\/i0.wp.com\/kirstengomez.es\/bodas\/wp-content\/uploads\/2017\/07\/dxboda-157.jpg?resize=500%2C334 500w\" sizes=\"auto, (max-width: 700px) 100vw, 700px\" \/> <img data-recalc-dims=\"1\" loading=\"lazy\" decoding=\"async\" data-attachment-id=\"4769\" data-permalink=\"http:\/\/kirstengomez.es\/bodas\/?attachment_id=4769\" data-orig-file=\"https:\/\/i0.wp.com\/kirstengomez.es\/bodas\/wp-content\/uploads\/2017\/07\/dxboda-158.jpg?fit=700%2C467\" data-orig-size=\"700,467\" data-comments-opened=\"1\" data-image-meta=\"{&quot;aperture&quot;:&quot;0&quot;,&quot;credit&quot;:&quot;&quot;,&quot;camera&quot;:&quot;&quot;,&quot;caption&quot;:&quot;&quot;,&quot;created_timestamp&quot;:&quot;0&quot;,&quot;copyright&quot;:&quot;&quot;,&quot;focal_length&quot;:&quot;0&quot;,&quot;iso&quot;:&quot;0&quot;,&quot;shutter_speed&quot;:&quot;0&quot;,&quot;title&quot;:&quot;&quot;,&quot;orientation&quot;:&quot;0&quot;}\" data-image-title=\"\" data-image-description=\"\" data-image-caption=\"\" data-large-file=\"https:\/\/i0.wp.com\/kirstengomez.es\/bodas\/wp-content\/uploads\/2017\/07\/dxboda-158.jpg?fit=700%2C467\" class=\"alignnone size-full wp-image-4769\" src=\"https:\/\/i0.wp.com\/kirstengomez.es\/bodas\/wp-content\/uploads\/2017\/07\/dxboda-158.jpg?resize=700%2C467\" alt=\"\" width=\"700\" height=\"467\" srcset=\"https:\/\/i0.wp.com\/kirstengomez.es\/bodas\/wp-content\/uploads\/2017\/07\/dxboda-158.jpg?w=700 700w, https:\/\/i0.wp.com\/kirstengomez.es\/bodas\/wp-content\/uploads\/2017\/07\/dxboda-158.jpg?resize=300%2C200 300w, https:\/\/i0.wp.com\/kirstengomez.es\/bodas\/wp-content\/uploads\/2017\/07\/dxboda-158.jpg?resize=500%2C334 500w\" sizes=\"auto, (max-width: 700px) 100vw, 700px\" \/><br \/>\n<img data-recalc-dims=\"1\" loading=\"lazy\" decoding=\"async\" data-attachment-id=\"4770\" data-permalink=\"http:\/\/kirstengomez.es\/bodas\/?attachment_id=4770\" data-orig-file=\"https:\/\/i0.wp.com\/kirstengomez.es\/bodas\/wp-content\/uploads\/2017\/07\/dxboda-159.jpg?fit=700%2C467\" data-orig-size=\"700,467\" data-comments-opened=\"1\" data-image-meta=\"{&quot;aperture&quot;:&quot;0&quot;,&quot;credit&quot;:&quot;&quot;,&quot;camera&quot;:&quot;&quot;,&quot;caption&quot;:&quot;&quot;,&quot;created_timestamp&quot;:&quot;0&quot;,&quot;copyright&quot;:&quot;&quot;,&quot;focal_length&quot;:&quot;0&quot;,&quot;iso&quot;:&quot;0&quot;,&quot;shutter_speed&quot;:&quot;0&quot;,&quot;title&quot;:&quot;&quot;,&quot;orientation&quot;:&quot;0&quot;}\" data-image-title=\"\" data-image-description=\"\" data-image-caption=\"\" data-large-file=\"https:\/\/i0.wp.com\/kirstengomez.es\/bodas\/wp-content\/uploads\/2017\/07\/dxboda-159.jpg?fit=700%2C467\" class=\"alignnone size-full wp-image-4770\" src=\"https:\/\/i0.wp.com\/kirstengomez.es\/bodas\/wp-content\/uploads\/2017\/07\/dxboda-159.jpg?resize=700%2C467\" alt=\"\" width=\"700\" height=\"467\" srcset=\"https:\/\/i0.wp.com\/kirstengomez.es\/bodas\/wp-content\/uploads\/2017\/07\/dxboda-159.jpg?w=700 700w, https:\/\/i0.wp.com\/kirstengomez.es\/bodas\/wp-content\/uploads\/2017\/07\/dxboda-159.jpg?resize=300%2C200 300w, https:\/\/i0.wp.com\/kirstengomez.es\/bodas\/wp-content\/uploads\/2017\/07\/dxboda-159.jpg?resize=500%2C334 500w\" sizes=\"auto, (max-width: 700px) 100vw, 700px\" \/> <img data-recalc-dims=\"1\" loading=\"lazy\" decoding=\"async\" data-attachment-id=\"4771\" data-permalink=\"http:\/\/kirstengomez.es\/bodas\/?attachment_id=4771\" data-orig-file=\"https:\/\/i0.wp.com\/kirstengomez.es\/bodas\/wp-content\/uploads\/2017\/07\/dxboda-160.jpg?fit=700%2C467\" data-orig-size=\"700,467\" data-comments-opened=\"1\" data-image-meta=\"{&quot;aperture&quot;:&quot;0&quot;,&quot;credit&quot;:&quot;&quot;,&quot;camera&quot;:&quot;&quot;,&quot;caption&quot;:&quot;&quot;,&quot;created_timestamp&quot;:&quot;0&quot;,&quot;copyright&quot;:&quot;&quot;,&quot;focal_length&quot;:&quot;0&quot;,&quot;iso&quot;:&quot;0&quot;,&quot;shutter_speed&quot;:&quot;0&quot;,&quot;title&quot;:&quot;&quot;,&quot;orientation&quot;:&quot;0&quot;}\" data-image-title=\"\" data-image-description=\"\" data-image-caption=\"\" data-large-file=\"https:\/\/i0.wp.com\/kirstengomez.es\/bodas\/wp-content\/uploads\/2017\/07\/dxboda-160.jpg?fit=700%2C467\" class=\"alignnone size-full wp-image-4771\" src=\"https:\/\/i0.wp.com\/kirstengomez.es\/bodas\/wp-content\/uploads\/2017\/07\/dxboda-160.jpg?resize=700%2C467\" alt=\"\" width=\"700\" height=\"467\" srcset=\"https:\/\/i0.wp.com\/kirstengomez.es\/bodas\/wp-content\/uploads\/2017\/07\/dxboda-160.jpg?w=700 700w, https:\/\/i0.wp.com\/kirstengomez.es\/bodas\/wp-content\/uploads\/2017\/07\/dxboda-160.jpg?resize=300%2C200 300w, https:\/\/i0.wp.com\/kirstengomez.es\/bodas\/wp-content\/uploads\/2017\/07\/dxboda-160.jpg?resize=500%2C334 500w\" sizes=\"auto, (max-width: 700px) 100vw, 700px\" \/> <img data-recalc-dims=\"1\" loading=\"lazy\" decoding=\"async\" data-attachment-id=\"4772\" data-permalink=\"http:\/\/kirstengomez.es\/bodas\/?attachment_id=4772\" data-orig-file=\"https:\/\/i0.wp.com\/kirstengomez.es\/bodas\/wp-content\/uploads\/2017\/07\/dxboda-161.jpg?fit=700%2C467\" data-orig-size=\"700,467\" data-comments-opened=\"1\" data-image-meta=\"{&quot;aperture&quot;:&quot;0&quot;,&quot;credit&quot;:&quot;&quot;,&quot;camera&quot;:&quot;&quot;,&quot;caption&quot;:&quot;&quot;,&quot;created_timestamp&quot;:&quot;0&quot;,&quot;copyright&quot;:&quot;&quot;,&quot;focal_length&quot;:&quot;0&quot;,&quot;iso&quot;:&quot;0&quot;,&quot;shutter_speed&quot;:&quot;0&quot;,&quot;title&quot;:&quot;&quot;,&quot;orientation&quot;:&quot;0&quot;}\" data-image-title=\"\" data-image-description=\"\" data-image-caption=\"\" data-large-file=\"https:\/\/i0.wp.com\/kirstengomez.es\/bodas\/wp-content\/uploads\/2017\/07\/dxboda-161.jpg?fit=700%2C467\" class=\"alignnone size-full wp-image-4772\" src=\"https:\/\/i0.wp.com\/kirstengomez.es\/bodas\/wp-content\/uploads\/2017\/07\/dxboda-161.jpg?resize=700%2C467\" alt=\"\" width=\"700\" height=\"467\" srcset=\"https:\/\/i0.wp.com\/kirstengomez.es\/bodas\/wp-content\/uploads\/2017\/07\/dxboda-161.jpg?w=700 700w, https:\/\/i0.wp.com\/kirstengomez.es\/bodas\/wp-content\/uploads\/2017\/07\/dxboda-161.jpg?resize=300%2C200 300w, https:\/\/i0.wp.com\/kirstengomez.es\/bodas\/wp-content\/uploads\/2017\/07\/dxboda-161.jpg?resize=500%2C334 500w\" sizes=\"auto, (max-width: 700px) 100vw, 700px\" \/> <img data-recalc-dims=\"1\" loading=\"lazy\" decoding=\"async\" data-attachment-id=\"4773\" data-permalink=\"http:\/\/kirstengomez.es\/bodas\/?attachment_id=4773\" data-orig-file=\"https:\/\/i0.wp.com\/kirstengomez.es\/bodas\/wp-content\/uploads\/2017\/07\/dxboda-162.jpg?fit=700%2C467\" data-orig-size=\"700,467\" data-comments-opened=\"1\" data-image-meta=\"{&quot;aperture&quot;:&quot;0&quot;,&quot;credit&quot;:&quot;&quot;,&quot;camera&quot;:&quot;&quot;,&quot;caption&quot;:&quot;&quot;,&quot;created_timestamp&quot;:&quot;0&quot;,&quot;copyright&quot;:&quot;&quot;,&quot;focal_length&quot;:&quot;0&quot;,&quot;iso&quot;:&quot;0&quot;,&quot;shutter_speed&quot;:&quot;0&quot;,&quot;title&quot;:&quot;&quot;,&quot;orientation&quot;:&quot;0&quot;}\" data-image-title=\"\" data-image-description=\"\" data-image-caption=\"\" data-large-file=\"https:\/\/i0.wp.com\/kirstengomez.es\/bodas\/wp-content\/uploads\/2017\/07\/dxboda-162.jpg?fit=700%2C467\" class=\"alignnone size-full wp-image-4773\" src=\"https:\/\/i0.wp.com\/kirstengomez.es\/bodas\/wp-content\/uploads\/2017\/07\/dxboda-162.jpg?resize=700%2C467\" alt=\"\" width=\"700\" height=\"467\" srcset=\"https:\/\/i0.wp.com\/kirstengomez.es\/bodas\/wp-content\/uploads\/2017\/07\/dxboda-162.jpg?w=700 700w, https:\/\/i0.wp.com\/kirstengomez.es\/bodas\/wp-content\/uploads\/2017\/07\/dxboda-162.jpg?resize=300%2C200 300w, https:\/\/i0.wp.com\/kirstengomez.es\/bodas\/wp-content\/uploads\/2017\/07\/dxboda-162.jpg?resize=500%2C334 500w\" sizes=\"auto, (max-width: 700px) 100vw, 700px\" \/> <img data-recalc-dims=\"1\" loading=\"lazy\" decoding=\"async\" data-attachment-id=\"4774\" data-permalink=\"http:\/\/kirstengomez.es\/bodas\/?attachment_id=4774\" data-orig-file=\"https:\/\/i0.wp.com\/kirstengomez.es\/bodas\/wp-content\/uploads\/2017\/07\/dxboda-163.jpg?fit=700%2C467\" data-orig-size=\"700,467\" data-comments-opened=\"1\" data-image-meta=\"{&quot;aperture&quot;:&quot;0&quot;,&quot;credit&quot;:&quot;&quot;,&quot;camera&quot;:&quot;&quot;,&quot;caption&quot;:&quot;&quot;,&quot;created_timestamp&quot;:&quot;0&quot;,&quot;copyright&quot;:&quot;&quot;,&quot;focal_length&quot;:&quot;0&quot;,&quot;iso&quot;:&quot;0&quot;,&quot;shutter_speed&quot;:&quot;0&quot;,&quot;title&quot;:&quot;&quot;,&quot;orientation&quot;:&quot;0&quot;}\" data-image-title=\"\" data-image-description=\"\" data-image-caption=\"\" data-large-file=\"https:\/\/i0.wp.com\/kirstengomez.es\/bodas\/wp-content\/uploads\/2017\/07\/dxboda-163.jpg?fit=700%2C467\" class=\"alignnone size-full wp-image-4774\" src=\"https:\/\/i0.wp.com\/kirstengomez.es\/bodas\/wp-content\/uploads\/2017\/07\/dxboda-163.jpg?resize=700%2C467\" alt=\"\" width=\"700\" height=\"467\" srcset=\"https:\/\/i0.wp.com\/kirstengomez.es\/bodas\/wp-content\/uploads\/2017\/07\/dxboda-163.jpg?w=700 700w, https:\/\/i0.wp.com\/kirstengomez.es\/bodas\/wp-content\/uploads\/2017\/07\/dxboda-163.jpg?resize=300%2C200 300w, https:\/\/i0.wp.com\/kirstengomez.es\/bodas\/wp-content\/uploads\/2017\/07\/dxboda-163.jpg?resize=500%2C334 500w\" sizes=\"auto, (max-width: 700px) 100vw, 700px\" \/><br \/>\n<img data-recalc-dims=\"1\" loading=\"lazy\" decoding=\"async\" data-attachment-id=\"4775\" data-permalink=\"http:\/\/kirstengomez.es\/bodas\/?attachment_id=4775\" data-orig-file=\"https:\/\/i0.wp.com\/kirstengomez.es\/bodas\/wp-content\/uploads\/2017\/07\/dxboda-165.jpg?fit=700%2C467\" data-orig-size=\"700,467\" data-comments-opened=\"1\" data-image-meta=\"{&quot;aperture&quot;:&quot;0&quot;,&quot;credit&quot;:&quot;&quot;,&quot;camera&quot;:&quot;&quot;,&quot;caption&quot;:&quot;&quot;,&quot;created_timestamp&quot;:&quot;0&quot;,&quot;copyright&quot;:&quot;&quot;,&quot;focal_length&quot;:&quot;0&quot;,&quot;iso&quot;:&quot;0&quot;,&quot;shutter_speed&quot;:&quot;0&quot;,&quot;title&quot;:&quot;&quot;,&quot;orientation&quot;:&quot;0&quot;}\" data-image-title=\"\" data-image-description=\"\" data-image-caption=\"\" data-large-file=\"https:\/\/i0.wp.com\/kirstengomez.es\/bodas\/wp-content\/uploads\/2017\/07\/dxboda-165.jpg?fit=700%2C467\" class=\"alignnone size-full wp-image-4775\" src=\"https:\/\/i0.wp.com\/kirstengomez.es\/bodas\/wp-content\/uploads\/2017\/07\/dxboda-165.jpg?resize=700%2C467\" alt=\"\" width=\"700\" height=\"467\" srcset=\"https:\/\/i0.wp.com\/kirstengomez.es\/bodas\/wp-content\/uploads\/2017\/07\/dxboda-165.jpg?w=700 700w, https:\/\/i0.wp.com\/kirstengomez.es\/bodas\/wp-content\/uploads\/2017\/07\/dxboda-165.jpg?resize=300%2C200 300w, https:\/\/i0.wp.com\/kirstengomez.es\/bodas\/wp-content\/uploads\/2017\/07\/dxboda-165.jpg?resize=500%2C334 500w\" sizes=\"auto, (max-width: 700px) 100vw, 700px\" \/> <img data-recalc-dims=\"1\" loading=\"lazy\" decoding=\"async\" data-attachment-id=\"4776\" data-permalink=\"http:\/\/kirstengomez.es\/bodas\/?attachment_id=4776\" data-orig-file=\"https:\/\/i0.wp.com\/kirstengomez.es\/bodas\/wp-content\/uploads\/2017\/07\/dxboda-166.jpg?fit=700%2C467\" data-orig-size=\"700,467\" data-comments-opened=\"1\" data-image-meta=\"{&quot;aperture&quot;:&quot;0&quot;,&quot;credit&quot;:&quot;&quot;,&quot;camera&quot;:&quot;&quot;,&quot;caption&quot;:&quot;&quot;,&quot;created_timestamp&quot;:&quot;0&quot;,&quot;copyright&quot;:&quot;&quot;,&quot;focal_length&quot;:&quot;0&quot;,&quot;iso&quot;:&quot;0&quot;,&quot;shutter_speed&quot;:&quot;0&quot;,&quot;title&quot;:&quot;&quot;,&quot;orientation&quot;:&quot;0&quot;}\" data-image-title=\"\" data-image-description=\"\" data-image-caption=\"\" data-large-file=\"https:\/\/i0.wp.com\/kirstengomez.es\/bodas\/wp-content\/uploads\/2017\/07\/dxboda-166.jpg?fit=700%2C467\" class=\"alignnone size-full wp-image-4776\" src=\"https:\/\/i0.wp.com\/kirstengomez.es\/bodas\/wp-content\/uploads\/2017\/07\/dxboda-166.jpg?resize=700%2C467\" alt=\"\" width=\"700\" height=\"467\" srcset=\"https:\/\/i0.wp.com\/kirstengomez.es\/bodas\/wp-content\/uploads\/2017\/07\/dxboda-166.jpg?w=700 700w, https:\/\/i0.wp.com\/kirstengomez.es\/bodas\/wp-content\/uploads\/2017\/07\/dxboda-166.jpg?resize=300%2C200 300w, https:\/\/i0.wp.com\/kirstengomez.es\/bodas\/wp-content\/uploads\/2017\/07\/dxboda-166.jpg?resize=500%2C334 500w\" sizes=\"auto, (max-width: 700px) 100vw, 700px\" \/><br \/>\n<img data-recalc-dims=\"1\" loading=\"lazy\" decoding=\"async\" data-attachment-id=\"4788\" data-permalink=\"http:\/\/kirstengomez.es\/bodas\/?attachment_id=4788\" data-orig-file=\"https:\/\/i0.wp.com\/kirstengomez.es\/bodas\/wp-content\/uploads\/2017\/07\/dxboda-175.jpg?fit=700%2C467\" data-orig-size=\"700,467\" data-comments-opened=\"1\" data-image-meta=\"{&quot;aperture&quot;:&quot;0&quot;,&quot;credit&quot;:&quot;&quot;,&quot;camera&quot;:&quot;&quot;,&quot;caption&quot;:&quot;&quot;,&quot;created_timestamp&quot;:&quot;0&quot;,&quot;copyright&quot;:&quot;&quot;,&quot;focal_length&quot;:&quot;0&quot;,&quot;iso&quot;:&quot;0&quot;,&quot;shutter_speed&quot;:&quot;0&quot;,&quot;title&quot;:&quot;&quot;,&quot;orientation&quot;:&quot;0&quot;}\" data-image-title=\"\" data-image-description=\"\" data-image-caption=\"\" data-large-file=\"https:\/\/i0.wp.com\/kirstengomez.es\/bodas\/wp-content\/uploads\/2017\/07\/dxboda-175.jpg?fit=700%2C467\" class=\"alignnone size-full wp-image-4788\" src=\"https:\/\/i0.wp.com\/kirstengomez.es\/bodas\/wp-content\/uploads\/2017\/07\/dxboda-175.jpg?resize=700%2C467\" alt=\"\" width=\"700\" height=\"467\" srcset=\"https:\/\/i0.wp.com\/kirstengomez.es\/bodas\/wp-content\/uploads\/2017\/07\/dxboda-175.jpg?w=700 700w, https:\/\/i0.wp.com\/kirstengomez.es\/bodas\/wp-content\/uploads\/2017\/07\/dxboda-175.jpg?resize=300%2C200 300w, https:\/\/i0.wp.com\/kirstengomez.es\/bodas\/wp-content\/uploads\/2017\/07\/dxboda-175.jpg?resize=500%2C334 500w\" sizes=\"auto, (max-width: 700px) 100vw, 700px\" \/><br \/>\n<img data-recalc-dims=\"1\" loading=\"lazy\" decoding=\"async\" data-attachment-id=\"4789\" data-permalink=\"http:\/\/kirstengomez.es\/bodas\/?attachment_id=4789\" data-orig-file=\"https:\/\/i0.wp.com\/kirstengomez.es\/bodas\/wp-content\/uploads\/2017\/07\/dxboda-176.jpg?fit=700%2C467\" data-orig-size=\"700,467\" data-comments-opened=\"1\" data-image-meta=\"{&quot;aperture&quot;:&quot;0&quot;,&quot;credit&quot;:&quot;&quot;,&quot;camera&quot;:&quot;&quot;,&quot;caption&quot;:&quot;&quot;,&quot;created_timestamp&quot;:&quot;0&quot;,&quot;copyright&quot;:&quot;&quot;,&quot;focal_length&quot;:&quot;0&quot;,&quot;iso&quot;:&quot;0&quot;,&quot;shutter_speed&quot;:&quot;0&quot;,&quot;title&quot;:&quot;&quot;,&quot;orientation&quot;:&quot;0&quot;}\" data-image-title=\"\" data-image-description=\"\" data-image-caption=\"\" data-large-file=\"https:\/\/i0.wp.com\/kirstengomez.es\/bodas\/wp-content\/uploads\/2017\/07\/dxboda-176.jpg?fit=700%2C467\" class=\"alignnone size-full wp-image-4789\" src=\"https:\/\/i0.wp.com\/kirstengomez.es\/bodas\/wp-content\/uploads\/2017\/07\/dxboda-176.jpg?resize=700%2C467\" alt=\"\" width=\"700\" height=\"467\" srcset=\"https:\/\/i0.wp.com\/kirstengomez.es\/bodas\/wp-content\/uploads\/2017\/07\/dxboda-176.jpg?w=700 700w, https:\/\/i0.wp.com\/kirstengomez.es\/bodas\/wp-content\/uploads\/2017\/07\/dxboda-176.jpg?resize=300%2C200 300w, https:\/\/i0.wp.com\/kirstengomez.es\/bodas\/wp-content\/uploads\/2017\/07\/dxboda-176.jpg?resize=500%2C334 500w\" sizes=\"auto, (max-width: 700px) 100vw, 700px\" \/> <img data-recalc-dims=\"1\" loading=\"lazy\" decoding=\"async\" data-attachment-id=\"4790\" data-permalink=\"http:\/\/kirstengomez.es\/bodas\/?attachment_id=4790\" data-orig-file=\"https:\/\/i0.wp.com\/kirstengomez.es\/bodas\/wp-content\/uploads\/2017\/07\/dxboda-178.jpg?fit=700%2C467\" data-orig-size=\"700,467\" data-comments-opened=\"1\" data-image-meta=\"{&quot;aperture&quot;:&quot;0&quot;,&quot;credit&quot;:&quot;&quot;,&quot;camera&quot;:&quot;&quot;,&quot;caption&quot;:&quot;&quot;,&quot;created_timestamp&quot;:&quot;0&quot;,&quot;copyright&quot;:&quot;&quot;,&quot;focal_length&quot;:&quot;0&quot;,&quot;iso&quot;:&quot;0&quot;,&quot;shutter_speed&quot;:&quot;0&quot;,&quot;title&quot;:&quot;&quot;,&quot;orientation&quot;:&quot;0&quot;}\" data-image-title=\"\" data-image-description=\"\" data-image-caption=\"\" data-large-file=\"https:\/\/i0.wp.com\/kirstengomez.es\/bodas\/wp-content\/uploads\/2017\/07\/dxboda-178.jpg?fit=700%2C467\" class=\"alignnone size-full wp-image-4790\" src=\"https:\/\/i0.wp.com\/kirstengomez.es\/bodas\/wp-content\/uploads\/2017\/07\/dxboda-178.jpg?resize=700%2C467\" alt=\"\" width=\"700\" height=\"467\" srcset=\"https:\/\/i0.wp.com\/kirstengomez.es\/bodas\/wp-content\/uploads\/2017\/07\/dxboda-178.jpg?w=700 700w, https:\/\/i0.wp.com\/kirstengomez.es\/bodas\/wp-content\/uploads\/2017\/07\/dxboda-178.jpg?resize=300%2C200 300w, https:\/\/i0.wp.com\/kirstengomez.es\/bodas\/wp-content\/uploads\/2017\/07\/dxboda-178.jpg?resize=500%2C334 500w\" sizes=\"auto, (max-width: 700px) 100vw, 700px\" \/><\/p>\n<p>&nbsp;<\/p>\n<p>\u00a1Me he saltado unas cuantas cosas, pero ya os puedo decir que hubo sorpresas para todos!<\/p>\n<p>&nbsp;<\/p>\n<p><img data-recalc-dims=\"1\" loading=\"lazy\" decoding=\"async\" data-attachment-id=\"4787\" data-permalink=\"http:\/\/kirstengomez.es\/bodas\/?attachment_id=4787\" data-orig-file=\"https:\/\/i0.wp.com\/kirstengomez.es\/bodas\/wp-content\/uploads\/2017\/07\/dxboda-168.jpg?fit=700%2C467\" data-orig-size=\"700,467\" data-comments-opened=\"1\" data-image-meta=\"{&quot;aperture&quot;:&quot;0&quot;,&quot;credit&quot;:&quot;&quot;,&quot;camera&quot;:&quot;&quot;,&quot;caption&quot;:&quot;&quot;,&quot;created_timestamp&quot;:&quot;0&quot;,&quot;copyright&quot;:&quot;&quot;,&quot;focal_length&quot;:&quot;0&quot;,&quot;iso&quot;:&quot;0&quot;,&quot;shutter_speed&quot;:&quot;0&quot;,&quot;title&quot;:&quot;&quot;,&quot;orientation&quot;:&quot;0&quot;}\" data-image-title=\"\" data-image-description=\"\" data-image-caption=\"\" data-large-file=\"https:\/\/i0.wp.com\/kirstengomez.es\/bodas\/wp-content\/uploads\/2017\/07\/dxboda-168.jpg?fit=700%2C467\" class=\"alignnone size-full wp-image-4787\" src=\"https:\/\/i0.wp.com\/kirstengomez.es\/bodas\/wp-content\/uploads\/2017\/07\/dxboda-168.jpg?resize=700%2C467\" alt=\"\" width=\"700\" height=\"467\" srcset=\"https:\/\/i0.wp.com\/kirstengomez.es\/bodas\/wp-content\/uploads\/2017\/07\/dxboda-168.jpg?w=700 700w, https:\/\/i0.wp.com\/kirstengomez.es\/bodas\/wp-content\/uploads\/2017\/07\/dxboda-168.jpg?resize=300%2C200 300w, https:\/\/i0.wp.com\/kirstengomez.es\/bodas\/wp-content\/uploads\/2017\/07\/dxboda-168.jpg?resize=500%2C334 500w\" sizes=\"auto, (max-width: 700px) 100vw, 700px\" \/><br \/>\n<img data-recalc-dims=\"1\" loading=\"lazy\" decoding=\"async\" data-attachment-id=\"4791\" data-permalink=\"http:\/\/kirstengomez.es\/bodas\/?attachment_id=4791\" data-orig-file=\"https:\/\/i0.wp.com\/kirstengomez.es\/bodas\/wp-content\/uploads\/2017\/07\/dxboda-169.jpg?fit=700%2C467\" data-orig-size=\"700,467\" data-comments-opened=\"1\" data-image-meta=\"{&quot;aperture&quot;:&quot;0&quot;,&quot;credit&quot;:&quot;&quot;,&quot;camera&quot;:&quot;&quot;,&quot;caption&quot;:&quot;&quot;,&quot;created_timestamp&quot;:&quot;0&quot;,&quot;copyright&quot;:&quot;&quot;,&quot;focal_length&quot;:&quot;0&quot;,&quot;iso&quot;:&quot;0&quot;,&quot;shutter_speed&quot;:&quot;0&quot;,&quot;title&quot;:&quot;&quot;,&quot;orientation&quot;:&quot;0&quot;}\" data-image-title=\"\" data-image-description=\"\" data-image-caption=\"\" data-large-file=\"https:\/\/i0.wp.com\/kirstengomez.es\/bodas\/wp-content\/uploads\/2017\/07\/dxboda-169.jpg?fit=700%2C467\" class=\"alignnone size-full wp-image-4791\" src=\"https:\/\/i0.wp.com\/kirstengomez.es\/bodas\/wp-content\/uploads\/2017\/07\/dxboda-169.jpg?resize=700%2C467\" alt=\"\" width=\"700\" height=\"467\" srcset=\"https:\/\/i0.wp.com\/kirstengomez.es\/bodas\/wp-content\/uploads\/2017\/07\/dxboda-169.jpg?w=700 700w, https:\/\/i0.wp.com\/kirstengomez.es\/bodas\/wp-content\/uploads\/2017\/07\/dxboda-169.jpg?resize=300%2C200 300w, https:\/\/i0.wp.com\/kirstengomez.es\/bodas\/wp-content\/uploads\/2017\/07\/dxboda-169.jpg?resize=500%2C334 500w\" sizes=\"auto, (max-width: 700px) 100vw, 700px\" \/> <img data-recalc-dims=\"1\" loading=\"lazy\" decoding=\"async\" data-attachment-id=\"4792\" data-permalink=\"http:\/\/kirstengomez.es\/bodas\/?attachment_id=4792\" data-orig-file=\"https:\/\/i0.wp.com\/kirstengomez.es\/bodas\/wp-content\/uploads\/2017\/07\/dxboda-170.jpg?fit=700%2C467\" data-orig-size=\"700,467\" data-comments-opened=\"1\" data-image-meta=\"{&quot;aperture&quot;:&quot;0&quot;,&quot;credit&quot;:&quot;&quot;,&quot;camera&quot;:&quot;&quot;,&quot;caption&quot;:&quot;&quot;,&quot;created_timestamp&quot;:&quot;0&quot;,&quot;copyright&quot;:&quot;&quot;,&quot;focal_length&quot;:&quot;0&quot;,&quot;iso&quot;:&quot;0&quot;,&quot;shutter_speed&quot;:&quot;0&quot;,&quot;title&quot;:&quot;&quot;,&quot;orientation&quot;:&quot;0&quot;}\" data-image-title=\"\" data-image-description=\"\" data-image-caption=\"\" data-large-file=\"https:\/\/i0.wp.com\/kirstengomez.es\/bodas\/wp-content\/uploads\/2017\/07\/dxboda-170.jpg?fit=700%2C467\" class=\"alignnone size-full wp-image-4792\" src=\"https:\/\/i0.wp.com\/kirstengomez.es\/bodas\/wp-content\/uploads\/2017\/07\/dxboda-170.jpg?resize=700%2C467\" alt=\"\" width=\"700\" height=\"467\" srcset=\"https:\/\/i0.wp.com\/kirstengomez.es\/bodas\/wp-content\/uploads\/2017\/07\/dxboda-170.jpg?w=700 700w, https:\/\/i0.wp.com\/kirstengomez.es\/bodas\/wp-content\/uploads\/2017\/07\/dxboda-170.jpg?resize=300%2C200 300w, https:\/\/i0.wp.com\/kirstengomez.es\/bodas\/wp-content\/uploads\/2017\/07\/dxboda-170.jpg?resize=500%2C334 500w\" sizes=\"auto, (max-width: 700px) 100vw, 700px\" \/> <img data-recalc-dims=\"1\" loading=\"lazy\" decoding=\"async\" data-attachment-id=\"4793\" data-permalink=\"http:\/\/kirstengomez.es\/bodas\/?attachment_id=4793\" data-orig-file=\"https:\/\/i0.wp.com\/kirstengomez.es\/bodas\/wp-content\/uploads\/2017\/07\/dxboda-171.jpg?fit=700%2C467\" data-orig-size=\"700,467\" data-comments-opened=\"1\" data-image-meta=\"{&quot;aperture&quot;:&quot;0&quot;,&quot;credit&quot;:&quot;&quot;,&quot;camera&quot;:&quot;&quot;,&quot;caption&quot;:&quot;&quot;,&quot;created_timestamp&quot;:&quot;0&quot;,&quot;copyright&quot;:&quot;&quot;,&quot;focal_length&quot;:&quot;0&quot;,&quot;iso&quot;:&quot;0&quot;,&quot;shutter_speed&quot;:&quot;0&quot;,&quot;title&quot;:&quot;&quot;,&quot;orientation&quot;:&quot;0&quot;}\" data-image-title=\"\" data-image-description=\"\" data-image-caption=\"\" data-large-file=\"https:\/\/i0.wp.com\/kirstengomez.es\/bodas\/wp-content\/uploads\/2017\/07\/dxboda-171.jpg?fit=700%2C467\" class=\"alignnone size-full wp-image-4793\" src=\"https:\/\/i0.wp.com\/kirstengomez.es\/bodas\/wp-content\/uploads\/2017\/07\/dxboda-171.jpg?resize=700%2C467\" alt=\"\" width=\"700\" height=\"467\" srcset=\"https:\/\/i0.wp.com\/kirstengomez.es\/bodas\/wp-content\/uploads\/2017\/07\/dxboda-171.jpg?w=700 700w, https:\/\/i0.wp.com\/kirstengomez.es\/bodas\/wp-content\/uploads\/2017\/07\/dxboda-171.jpg?resize=300%2C200 300w, https:\/\/i0.wp.com\/kirstengomez.es\/bodas\/wp-content\/uploads\/2017\/07\/dxboda-171.jpg?resize=500%2C334 500w\" sizes=\"auto, (max-width: 700px) 100vw, 700px\" \/> <img data-recalc-dims=\"1\" loading=\"lazy\" decoding=\"async\" data-attachment-id=\"4794\" data-permalink=\"http:\/\/kirstengomez.es\/bodas\/?attachment_id=4794\" data-orig-file=\"https:\/\/i0.wp.com\/kirstengomez.es\/bodas\/wp-content\/uploads\/2017\/07\/dxboda-172.jpg?fit=700%2C467\" data-orig-size=\"700,467\" data-comments-opened=\"1\" data-image-meta=\"{&quot;aperture&quot;:&quot;0&quot;,&quot;credit&quot;:&quot;&quot;,&quot;camera&quot;:&quot;&quot;,&quot;caption&quot;:&quot;&quot;,&quot;created_timestamp&quot;:&quot;0&quot;,&quot;copyright&quot;:&quot;&quot;,&quot;focal_length&quot;:&quot;0&quot;,&quot;iso&quot;:&quot;0&quot;,&quot;shutter_speed&quot;:&quot;0&quot;,&quot;title&quot;:&quot;&quot;,&quot;orientation&quot;:&quot;0&quot;}\" data-image-title=\"\" data-image-description=\"\" data-image-caption=\"\" data-large-file=\"https:\/\/i0.wp.com\/kirstengomez.es\/bodas\/wp-content\/uploads\/2017\/07\/dxboda-172.jpg?fit=700%2C467\" class=\"alignnone size-full wp-image-4794\" src=\"https:\/\/i0.wp.com\/kirstengomez.es\/bodas\/wp-content\/uploads\/2017\/07\/dxboda-172.jpg?resize=700%2C467\" alt=\"\" width=\"700\" height=\"467\" srcset=\"https:\/\/i0.wp.com\/kirstengomez.es\/bodas\/wp-content\/uploads\/2017\/07\/dxboda-172.jpg?w=700 700w, https:\/\/i0.wp.com\/kirstengomez.es\/bodas\/wp-content\/uploads\/2017\/07\/dxboda-172.jpg?resize=300%2C200 300w, https:\/\/i0.wp.com\/kirstengomez.es\/bodas\/wp-content\/uploads\/2017\/07\/dxboda-172.jpg?resize=500%2C334 500w\" sizes=\"auto, (max-width: 700px) 100vw, 700px\" \/>\u00a0\u00a0<img data-recalc-dims=\"1\" loading=\"lazy\" decoding=\"async\" data-attachment-id=\"4796\" data-permalink=\"http:\/\/kirstengomez.es\/bodas\/?attachment_id=4796\" data-orig-file=\"https:\/\/i0.wp.com\/kirstengomez.es\/bodas\/wp-content\/uploads\/2017\/07\/dxboda-174.jpg?fit=700%2C467\" data-orig-size=\"700,467\" data-comments-opened=\"1\" data-image-meta=\"{&quot;aperture&quot;:&quot;0&quot;,&quot;credit&quot;:&quot;&quot;,&quot;camera&quot;:&quot;&quot;,&quot;caption&quot;:&quot;&quot;,&quot;created_timestamp&quot;:&quot;0&quot;,&quot;copyright&quot;:&quot;&quot;,&quot;focal_length&quot;:&quot;0&quot;,&quot;iso&quot;:&quot;0&quot;,&quot;shutter_speed&quot;:&quot;0&quot;,&quot;title&quot;:&quot;&quot;,&quot;orientation&quot;:&quot;0&quot;}\" data-image-title=\"\" data-image-description=\"\" data-image-caption=\"\" data-large-file=\"https:\/\/i0.wp.com\/kirstengomez.es\/bodas\/wp-content\/uploads\/2017\/07\/dxboda-174.jpg?fit=700%2C467\" class=\"alignnone size-full wp-image-4796\" src=\"https:\/\/i0.wp.com\/kirstengomez.es\/bodas\/wp-content\/uploads\/2017\/07\/dxboda-174.jpg?resize=700%2C467\" alt=\"\" width=\"700\" height=\"467\" srcset=\"https:\/\/i0.wp.com\/kirstengomez.es\/bodas\/wp-content\/uploads\/2017\/07\/dxboda-174.jpg?w=700 700w, https:\/\/i0.wp.com\/kirstengomez.es\/bodas\/wp-content\/uploads\/2017\/07\/dxboda-174.jpg?resize=300%2C200 300w, https:\/\/i0.wp.com\/kirstengomez.es\/bodas\/wp-content\/uploads\/2017\/07\/dxboda-174.jpg?resize=500%2C334 500w\" sizes=\"auto, (max-width: 700px) 100vw, 700px\" \/> \u00a0\u00a0<img data-recalc-dims=\"1\" loading=\"lazy\" decoding=\"async\" data-attachment-id=\"4799\" data-permalink=\"http:\/\/kirstengomez.es\/bodas\/?attachment_id=4799\" data-orig-file=\"https:\/\/i0.wp.com\/kirstengomez.es\/bodas\/wp-content\/uploads\/2017\/07\/dxboda-186.jpg?fit=700%2C467\" data-orig-size=\"700,467\" data-comments-opened=\"1\" data-image-meta=\"{&quot;aperture&quot;:&quot;0&quot;,&quot;credit&quot;:&quot;&quot;,&quot;camera&quot;:&quot;&quot;,&quot;caption&quot;:&quot;&quot;,&quot;created_timestamp&quot;:&quot;0&quot;,&quot;copyright&quot;:&quot;&quot;,&quot;focal_length&quot;:&quot;0&quot;,&quot;iso&quot;:&quot;0&quot;,&quot;shutter_speed&quot;:&quot;0&quot;,&quot;title&quot;:&quot;&quot;,&quot;orientation&quot;:&quot;0&quot;}\" data-image-title=\"\" data-image-description=\"\" data-image-caption=\"\" data-large-file=\"https:\/\/i0.wp.com\/kirstengomez.es\/bodas\/wp-content\/uploads\/2017\/07\/dxboda-186.jpg?fit=700%2C467\" class=\"alignnone size-full wp-image-4799\" src=\"https:\/\/i0.wp.com\/kirstengomez.es\/bodas\/wp-content\/uploads\/2017\/07\/dxboda-186.jpg?resize=700%2C467\" alt=\"\" width=\"700\" height=\"467\" srcset=\"https:\/\/i0.wp.com\/kirstengomez.es\/bodas\/wp-content\/uploads\/2017\/07\/dxboda-186.jpg?w=700 700w, https:\/\/i0.wp.com\/kirstengomez.es\/bodas\/wp-content\/uploads\/2017\/07\/dxboda-186.jpg?resize=300%2C200 300w, https:\/\/i0.wp.com\/kirstengomez.es\/bodas\/wp-content\/uploads\/2017\/07\/dxboda-186.jpg?resize=500%2C334 500w\" sizes=\"auto, (max-width: 700px) 100vw, 700px\" \/> <img data-recalc-dims=\"1\" loading=\"lazy\" decoding=\"async\" data-attachment-id=\"4800\" data-permalink=\"http:\/\/kirstengomez.es\/bodas\/?attachment_id=4800\" data-orig-file=\"https:\/\/i0.wp.com\/kirstengomez.es\/bodas\/wp-content\/uploads\/2017\/07\/dxboda-187.jpg?fit=700%2C467\" data-orig-size=\"700,467\" data-comments-opened=\"1\" data-image-meta=\"{&quot;aperture&quot;:&quot;0&quot;,&quot;credit&quot;:&quot;&quot;,&quot;camera&quot;:&quot;&quot;,&quot;caption&quot;:&quot;&quot;,&quot;created_timestamp&quot;:&quot;0&quot;,&quot;copyright&quot;:&quot;&quot;,&quot;focal_length&quot;:&quot;0&quot;,&quot;iso&quot;:&quot;0&quot;,&quot;shutter_speed&quot;:&quot;0&quot;,&quot;title&quot;:&quot;&quot;,&quot;orientation&quot;:&quot;0&quot;}\" data-image-title=\"\" data-image-description=\"\" data-image-caption=\"\" data-large-file=\"https:\/\/i0.wp.com\/kirstengomez.es\/bodas\/wp-content\/uploads\/2017\/07\/dxboda-187.jpg?fit=700%2C467\" class=\"alignnone size-full wp-image-4800\" src=\"https:\/\/i0.wp.com\/kirstengomez.es\/bodas\/wp-content\/uploads\/2017\/07\/dxboda-187.jpg?resize=700%2C467\" alt=\"\" width=\"700\" height=\"467\" srcset=\"https:\/\/i0.wp.com\/kirstengomez.es\/bodas\/wp-content\/uploads\/2017\/07\/dxboda-187.jpg?w=700 700w, https:\/\/i0.wp.com\/kirstengomez.es\/bodas\/wp-content\/uploads\/2017\/07\/dxboda-187.jpg?resize=300%2C200 300w, https:\/\/i0.wp.com\/kirstengomez.es\/bodas\/wp-content\/uploads\/2017\/07\/dxboda-187.jpg?resize=500%2C334 500w\" sizes=\"auto, (max-width: 700px) 100vw, 700px\" \/><\/p>\n<p>&nbsp;<\/p>\n<p>\u00a1Pongan lo que se pongan est\u00e1n divinos!<\/p>\n<p>&nbsp;<\/p>\n<p><img data-recalc-dims=\"1\" loading=\"lazy\" decoding=\"async\" data-attachment-id=\"4801\" data-permalink=\"http:\/\/kirstengomez.es\/bodas\/?attachment_id=4801\" data-orig-file=\"https:\/\/i0.wp.com\/kirstengomez.es\/bodas\/wp-content\/uploads\/2017\/07\/dxboda-188.jpg?fit=700%2C467\" data-orig-size=\"700,467\" data-comments-opened=\"1\" data-image-meta=\"{&quot;aperture&quot;:&quot;0&quot;,&quot;credit&quot;:&quot;&quot;,&quot;camera&quot;:&quot;&quot;,&quot;caption&quot;:&quot;&quot;,&quot;created_timestamp&quot;:&quot;0&quot;,&quot;copyright&quot;:&quot;&quot;,&quot;focal_length&quot;:&quot;0&quot;,&quot;iso&quot;:&quot;0&quot;,&quot;shutter_speed&quot;:&quot;0&quot;,&quot;title&quot;:&quot;&quot;,&quot;orientation&quot;:&quot;0&quot;}\" data-image-title=\"\" data-image-description=\"\" data-image-caption=\"\" data-large-file=\"https:\/\/i0.wp.com\/kirstengomez.es\/bodas\/wp-content\/uploads\/2017\/07\/dxboda-188.jpg?fit=700%2C467\" class=\"alignnone size-full wp-image-4801\" src=\"https:\/\/i0.wp.com\/kirstengomez.es\/bodas\/wp-content\/uploads\/2017\/07\/dxboda-188.jpg?resize=700%2C467\" alt=\"\" width=\"700\" height=\"467\" srcset=\"https:\/\/i0.wp.com\/kirstengomez.es\/bodas\/wp-content\/uploads\/2017\/07\/dxboda-188.jpg?w=700 700w, https:\/\/i0.wp.com\/kirstengomez.es\/bodas\/wp-content\/uploads\/2017\/07\/dxboda-188.jpg?resize=300%2C200 300w, https:\/\/i0.wp.com\/kirstengomez.es\/bodas\/wp-content\/uploads\/2017\/07\/dxboda-188.jpg?resize=500%2C334 500w\" sizes=\"auto, (max-width: 700px) 100vw, 700px\" \/> <img data-recalc-dims=\"1\" loading=\"lazy\" decoding=\"async\" data-attachment-id=\"4802\" data-permalink=\"http:\/\/kirstengomez.es\/bodas\/?attachment_id=4802\" data-orig-file=\"https:\/\/i0.wp.com\/kirstengomez.es\/bodas\/wp-content\/uploads\/2017\/07\/dxboda-189.jpg?fit=700%2C467\" data-orig-size=\"700,467\" data-comments-opened=\"1\" data-image-meta=\"{&quot;aperture&quot;:&quot;0&quot;,&quot;credit&quot;:&quot;&quot;,&quot;camera&quot;:&quot;&quot;,&quot;caption&quot;:&quot;&quot;,&quot;created_timestamp&quot;:&quot;0&quot;,&quot;copyright&quot;:&quot;&quot;,&quot;focal_length&quot;:&quot;0&quot;,&quot;iso&quot;:&quot;0&quot;,&quot;shutter_speed&quot;:&quot;0&quot;,&quot;title&quot;:&quot;&quot;,&quot;orientation&quot;:&quot;0&quot;}\" data-image-title=\"\" data-image-description=\"\" data-image-caption=\"\" data-large-file=\"https:\/\/i0.wp.com\/kirstengomez.es\/bodas\/wp-content\/uploads\/2017\/07\/dxboda-189.jpg?fit=700%2C467\" class=\"alignnone size-full wp-image-4802\" src=\"https:\/\/i0.wp.com\/kirstengomez.es\/bodas\/wp-content\/uploads\/2017\/07\/dxboda-189.jpg?resize=700%2C467\" alt=\"\" width=\"700\" height=\"467\" srcset=\"https:\/\/i0.wp.com\/kirstengomez.es\/bodas\/wp-content\/uploads\/2017\/07\/dxboda-189.jpg?w=700 700w, https:\/\/i0.wp.com\/kirstengomez.es\/bodas\/wp-content\/uploads\/2017\/07\/dxboda-189.jpg?resize=300%2C200 300w, https:\/\/i0.wp.com\/kirstengomez.es\/bodas\/wp-content\/uploads\/2017\/07\/dxboda-189.jpg?resize=500%2C334 500w\" sizes=\"auto, (max-width: 700px) 100vw, 700px\" \/><br \/>\n<img data-recalc-dims=\"1\" loading=\"lazy\" decoding=\"async\" data-attachment-id=\"4805\" data-permalink=\"http:\/\/kirstengomez.es\/bodas\/?attachment_id=4805\" data-orig-file=\"https:\/\/i0.wp.com\/kirstengomez.es\/bodas\/wp-content\/uploads\/2017\/07\/dxboda-184.jpg?fit=700%2C467\" data-orig-size=\"700,467\" data-comments-opened=\"1\" data-image-meta=\"{&quot;aperture&quot;:&quot;0&quot;,&quot;credit&quot;:&quot;&quot;,&quot;camera&quot;:&quot;&quot;,&quot;caption&quot;:&quot;&quot;,&quot;created_timestamp&quot;:&quot;0&quot;,&quot;copyright&quot;:&quot;&quot;,&quot;focal_length&quot;:&quot;0&quot;,&quot;iso&quot;:&quot;0&quot;,&quot;shutter_speed&quot;:&quot;0&quot;,&quot;title&quot;:&quot;&quot;,&quot;orientation&quot;:&quot;0&quot;}\" data-image-title=\"\" data-image-description=\"\" data-image-caption=\"\" data-large-file=\"https:\/\/i0.wp.com\/kirstengomez.es\/bodas\/wp-content\/uploads\/2017\/07\/dxboda-184.jpg?fit=700%2C467\" class=\"alignnone size-full wp-image-4805\" src=\"https:\/\/i0.wp.com\/kirstengomez.es\/bodas\/wp-content\/uploads\/2017\/07\/dxboda-184.jpg?resize=700%2C467\" alt=\"\" width=\"700\" height=\"467\" srcset=\"https:\/\/i0.wp.com\/kirstengomez.es\/bodas\/wp-content\/uploads\/2017\/07\/dxboda-184.jpg?w=700 700w, https:\/\/i0.wp.com\/kirstengomez.es\/bodas\/wp-content\/uploads\/2017\/07\/dxboda-184.jpg?resize=300%2C200 300w, https:\/\/i0.wp.com\/kirstengomez.es\/bodas\/wp-content\/uploads\/2017\/07\/dxboda-184.jpg?resize=500%2C334 500w\" sizes=\"auto, (max-width: 700px) 100vw, 700px\" \/><\/p>\n<p>&#8211; FIN &#8211;<\/p>\n<p>\u00a1Y fue una noche perfecta!<\/p>\n","protected":false},"excerpt":{"rendered":"<p>En un id\u00edlico lugar llamado Masia el Xaloc se celebr\u00f3 la boda de D&amp;X. &nbsp; \u00a0\u00a0 &nbsp; Diana le escribi\u00f3 a Xavi, la historia de su romance. &#8211; \u00a1Con un par! \u00a1Como para no emocionarse! Sin lugar a duda el regalo m\u00e1s incre\u00edble que he visto hasta d\u00eda de hoy. &nbsp; &nbsp; En una de&#8230;<\/p>\n","protected":false},"author":1,"featured_media":4806,"comment_status":"open","ping_status":"open","sticky":false,"template":"","format":"image","meta":{"jetpack_post_was_ever_published":false,"_jetpack_newsletter_access":"","_jetpack_dont_email_post_to_subs":false,"_jetpack_newsletter_tier_id":0,"_jetpack_memberships_contains_paywalled_content":false,"_jetpack_memberships_contains_paid_content":false,"footnotes":"","jetpack_publicize_message":"","jetpack_publicize_feature_enabled":true,"jetpack_social_post_already_shared":true,"jetpack_social_options":{"image_generator_settings":{"template":"highway","default_image_id":0,"font":"","enabled":false},"version":2}},"categories":[11],"tags":[3,8,515,513,17,517,22],"class_list":["post-4667","post","type-post","status-publish","format-image","has-post-thumbnail","hentry","category-fotografia","tag-boda","tag-fotografia-de-boda","tag-fotografo","tag-fotos-de-boda","tag-girona","tag-girona-foto","tag-kirsten-gomez","post_format-post-format-image"],"jetpack_publicize_connections":[],"jetpack_featured_media_url":"https:\/\/i0.wp.com\/kirstengomez.es\/bodas\/wp-content\/uploads\/2017\/07\/portada.jpg?fit=1000%2C667","jetpack_sharing_enabled":true,"jetpack_shortlink":"https:\/\/wp.me\/s5ZDAn-4667","_links":{"self":[{"href":"http:\/\/kirstengomez.es\/bodas\/index.php?rest_route=\/wp\/v2\/posts\/4667","targetHints":{"allow":["GET"]}}],"collection":[{"href":"http:\/\/kirstengomez.es\/bodas\/index.php?rest_route=\/wp\/v2\/posts"}],"about":[{"href":"http:\/\/kirstengomez.es\/bodas\/index.php?rest_route=\/wp\/v2\/types\/post"}],"author":[{"embeddable":true,"href":"http:\/\/kirstengomez.es\/bodas\/index.php?rest_route=\/wp\/v2\/users\/1"}],"replies":[{"embeddable":true,"href":"http:\/\/kirstengomez.es\/bodas\/index.php?rest_route=%2Fwp%2Fv2%2Fcomments&post=4667"}],"version-history":[{"count":6,"href":"http:\/\/kirstengomez.es\/bodas\/index.php?rest_route=\/wp\/v2\/posts\/4667\/revisions"}],"predecessor-version":[{"id":4815,"href":"http:\/\/kirstengomez.es\/bodas\/index.php?rest_route=\/wp\/v2\/posts\/4667\/revisions\/4815"}],"wp:featuredmedia":[{"embeddable":true,"href":"http:\/\/kirstengomez.es\/bodas\/index.php?rest_route=\/wp\/v2\/media\/4806"}],"wp:attachment":[{"href":"http:\/\/kirstengomez.es\/bodas\/index.php?rest_route=%2Fwp%2Fv2%2Fmedia&parent=4667"}],"wp:term":[{"taxonomy":"category","embeddable":true,"href":"http:\/\/kirstengomez.es\/bodas\/index.php?rest_route=%2Fwp%2Fv2%2Fcategories&post=4667"},{"taxonomy":"post_tag","embeddable":true,"href":"http:\/\/kirstengomez.es\/bodas\/index.php?rest_route=%2Fwp%2Fv2%2Ftags&post=4667"}],"curies":[{"name":"wp","href":"https:\/\/api.w.org\/{rel}","templated":true}]}}