{"id":432,"date":"2014-09-13T17:56:06","date_gmt":"2014-09-13T17:56:06","guid":{"rendered":"http:\/\/kirstengomez.es\/bodas\/?p=432"},"modified":"2015-05-05T10:39:59","modified_gmt":"2015-05-05T10:39:59","slug":"ee","status":"publish","type":"post","link":"http:\/\/kirstengomez.es\/bodas\/?p=432","title":{"rendered":"E &#038; E"},"content":{"rendered":"<p>La boda de E &amp; E estuvo cargada de momentos m\u00e1gicos. Fue un placer para m\u00ed poder compartir con ellos ese gran momento. Y a\u00fan hoy hay fotograf\u00edas que me transmiten tanto de aquel d\u00eda&#8230;<\/p>\n<p><img data-recalc-dims=\"1\" loading=\"lazy\" decoding=\"async\" data-attachment-id=\"508\" data-permalink=\"http:\/\/kirstengomez.es\/bodas\/?attachment_id=508\" data-orig-file=\"https:\/\/i0.wp.com\/kirstengomez.es\/bodas\/wp-content\/uploads\/2015\/03\/ee01.jpg?fit=700%2C517\" data-orig-size=\"700,517\" data-comments-opened=\"1\" data-image-meta=\"{&quot;aperture&quot;:&quot;0&quot;,&quot;credit&quot;:&quot;&quot;,&quot;camera&quot;:&quot;&quot;,&quot;caption&quot;:&quot;&quot;,&quot;created_timestamp&quot;:&quot;0&quot;,&quot;copyright&quot;:&quot;&quot;,&quot;focal_length&quot;:&quot;0&quot;,&quot;iso&quot;:&quot;0&quot;,&quot;shutter_speed&quot;:&quot;0&quot;,&quot;title&quot;:&quot;&quot;,&quot;orientation&quot;:&quot;0&quot;}\" data-image-title=\"E&amp;#038;E01\" data-image-description=\"\" data-image-caption=\"\" data-large-file=\"https:\/\/i0.wp.com\/kirstengomez.es\/bodas\/wp-content\/uploads\/2015\/03\/ee01.jpg?fit=700%2C517\" class=\"alignnone size-full wp-image-508\" src=\"https:\/\/i0.wp.com\/kirstengomez.es\/bodas\/wp-content\/uploads\/2015\/03\/ee01.jpg?resize=700%2C517\" alt=\"E&amp;E01\" width=\"700\" height=\"517\" srcset=\"https:\/\/i0.wp.com\/kirstengomez.es\/bodas\/wp-content\/uploads\/2015\/03\/ee01.jpg?w=700 700w, https:\/\/i0.wp.com\/kirstengomez.es\/bodas\/wp-content\/uploads\/2015\/03\/ee01.jpg?resize=300%2C222 300w, https:\/\/i0.wp.com\/kirstengomez.es\/bodas\/wp-content\/uploads\/2015\/03\/ee01.jpg?resize=500%2C369 500w\" sizes=\"auto, (max-width: 700px) 100vw, 700px\" \/><br \/>\n<img data-recalc-dims=\"1\" loading=\"lazy\" decoding=\"async\" data-attachment-id=\"477\" data-permalink=\"http:\/\/kirstengomez.es\/bodas\/?attachment_id=477\" data-orig-file=\"https:\/\/i0.wp.com\/kirstengomez.es\/bodas\/wp-content\/uploads\/2015\/03\/ee-4.jpg?fit=700%2C467\" data-orig-size=\"700,467\" data-comments-opened=\"1\" data-image-meta=\"{&quot;aperture&quot;:&quot;2.8&quot;,&quot;credit&quot;:&quot;Kirsten G\\u00f3mez&quot;,&quot;camera&quot;:&quot;Canon EOS 5D Mark III&quot;,&quot;caption&quot;:&quot;&quot;,&quot;created_timestamp&quot;:&quot;1410624900&quot;,&quot;copyright&quot;:&quot;&quot;,&quot;focal_length&quot;:&quot;50&quot;,&quot;iso&quot;:&quot;800&quot;,&quot;shutter_speed&quot;:&quot;0.008&quot;,&quot;title&quot;:&quot;&quot;,&quot;orientation&quot;:&quot;0&quot;}\" data-image-title=\"E&amp;#038;E-4\" data-image-description=\"\" data-image-caption=\"\" data-large-file=\"https:\/\/i0.wp.com\/kirstengomez.es\/bodas\/wp-content\/uploads\/2015\/03\/ee-4.jpg?fit=700%2C467\" class=\"alignnone size-full wp-image-477\" src=\"https:\/\/i0.wp.com\/kirstengomez.es\/bodas\/wp-content\/uploads\/2015\/03\/ee-4.jpg?resize=700%2C467\" alt=\"E&amp;E-4\" width=\"700\" height=\"467\" srcset=\"https:\/\/i0.wp.com\/kirstengomez.es\/bodas\/wp-content\/uploads\/2015\/03\/ee-4.jpg?w=700 700w, https:\/\/i0.wp.com\/kirstengomez.es\/bodas\/wp-content\/uploads\/2015\/03\/ee-4.jpg?resize=300%2C200 300w, https:\/\/i0.wp.com\/kirstengomez.es\/bodas\/wp-content\/uploads\/2015\/03\/ee-4.jpg?resize=500%2C334 500w\" sizes=\"auto, (max-width: 700px) 100vw, 700px\" \/><br \/>\n<img data-recalc-dims=\"1\" loading=\"lazy\" decoding=\"async\" data-attachment-id=\"476\" data-permalink=\"http:\/\/kirstengomez.es\/bodas\/?attachment_id=476\" data-orig-file=\"https:\/\/i0.wp.com\/kirstengomez.es\/bodas\/wp-content\/uploads\/2015\/03\/ee-3.jpg?fit=700%2C467\" data-orig-size=\"700,467\" data-comments-opened=\"1\" data-image-meta=\"{&quot;aperture&quot;:&quot;2.8&quot;,&quot;credit&quot;:&quot;Kirsten G\\u00f3mez&quot;,&quot;camera&quot;:&quot;Canon EOS 5D Mark III&quot;,&quot;caption&quot;:&quot;&quot;,&quot;created_timestamp&quot;:&quot;1410624833&quot;,&quot;copyright&quot;:&quot;&quot;,&quot;focal_length&quot;:&quot;35&quot;,&quot;iso&quot;:&quot;800&quot;,&quot;shutter_speed&quot;:&quot;0.008&quot;,&quot;title&quot;:&quot;&quot;,&quot;orientation&quot;:&quot;0&quot;}\" data-image-title=\"E&amp;#038;E-3\" data-image-description=\"\" data-image-caption=\"\" data-large-file=\"https:\/\/i0.wp.com\/kirstengomez.es\/bodas\/wp-content\/uploads\/2015\/03\/ee-3.jpg?fit=700%2C467\" class=\"alignnone size-full wp-image-476\" src=\"https:\/\/i0.wp.com\/kirstengomez.es\/bodas\/wp-content\/uploads\/2015\/03\/ee-3.jpg?resize=700%2C467\" alt=\"E&amp;E-3\" width=\"700\" height=\"467\" srcset=\"https:\/\/i0.wp.com\/kirstengomez.es\/bodas\/wp-content\/uploads\/2015\/03\/ee-3.jpg?w=700 700w, https:\/\/i0.wp.com\/kirstengomez.es\/bodas\/wp-content\/uploads\/2015\/03\/ee-3.jpg?resize=300%2C200 300w, https:\/\/i0.wp.com\/kirstengomez.es\/bodas\/wp-content\/uploads\/2015\/03\/ee-3.jpg?resize=500%2C334 500w\" sizes=\"auto, (max-width: 700px) 100vw, 700px\" \/><br \/>\n<img data-recalc-dims=\"1\" loading=\"lazy\" decoding=\"async\" data-attachment-id=\"474\" data-permalink=\"http:\/\/kirstengomez.es\/bodas\/?attachment_id=474\" data-orig-file=\"https:\/\/i0.wp.com\/kirstengomez.es\/bodas\/wp-content\/uploads\/2015\/03\/ee-1.jpg?fit=700%2C467\" data-orig-size=\"700,467\" data-comments-opened=\"1\" data-image-meta=\"{&quot;aperture&quot;:&quot;2.8&quot;,&quot;credit&quot;:&quot;Kirsten G\\u00f3mez&quot;,&quot;camera&quot;:&quot;Canon EOS 5D Mark III&quot;,&quot;caption&quot;:&quot;&quot;,&quot;created_timestamp&quot;:&quot;1410624521&quot;,&quot;copyright&quot;:&quot;&quot;,&quot;focal_length&quot;:&quot;39&quot;,&quot;iso&quot;:&quot;1000&quot;,&quot;shutter_speed&quot;:&quot;0.008&quot;,&quot;title&quot;:&quot;&quot;,&quot;orientation&quot;:&quot;0&quot;}\" data-image-title=\"E&amp;#038;E-1\" data-image-description=\"\" data-image-caption=\"\" data-large-file=\"https:\/\/i0.wp.com\/kirstengomez.es\/bodas\/wp-content\/uploads\/2015\/03\/ee-1.jpg?fit=700%2C467\" class=\"alignnone size-full wp-image-474\" src=\"https:\/\/i0.wp.com\/kirstengomez.es\/bodas\/wp-content\/uploads\/2015\/03\/ee-1.jpg?resize=700%2C467\" alt=\"E&amp;E-1\" width=\"700\" height=\"467\" srcset=\"https:\/\/i0.wp.com\/kirstengomez.es\/bodas\/wp-content\/uploads\/2015\/03\/ee-1.jpg?w=700 700w, https:\/\/i0.wp.com\/kirstengomez.es\/bodas\/wp-content\/uploads\/2015\/03\/ee-1.jpg?resize=300%2C200 300w, https:\/\/i0.wp.com\/kirstengomez.es\/bodas\/wp-content\/uploads\/2015\/03\/ee-1.jpg?resize=500%2C334 500w\" sizes=\"auto, (max-width: 700px) 100vw, 700px\" \/><br \/>\n<img data-recalc-dims=\"1\" loading=\"lazy\" decoding=\"async\" data-attachment-id=\"509\" data-permalink=\"http:\/\/kirstengomez.es\/bodas\/?attachment_id=509\" data-orig-file=\"https:\/\/i0.wp.com\/kirstengomez.es\/bodas\/wp-content\/uploads\/2015\/03\/ee02.jpg?fit=700%2C517\" data-orig-size=\"700,517\" data-comments-opened=\"1\" data-image-meta=\"{&quot;aperture&quot;:&quot;0&quot;,&quot;credit&quot;:&quot;&quot;,&quot;camera&quot;:&quot;&quot;,&quot;caption&quot;:&quot;&quot;,&quot;created_timestamp&quot;:&quot;0&quot;,&quot;copyright&quot;:&quot;&quot;,&quot;focal_length&quot;:&quot;0&quot;,&quot;iso&quot;:&quot;0&quot;,&quot;shutter_speed&quot;:&quot;0&quot;,&quot;title&quot;:&quot;&quot;,&quot;orientation&quot;:&quot;0&quot;}\" data-image-title=\"E&amp;#038;E02\" data-image-description=\"\" data-image-caption=\"\" data-large-file=\"https:\/\/i0.wp.com\/kirstengomez.es\/bodas\/wp-content\/uploads\/2015\/03\/ee02.jpg?fit=700%2C517\" class=\"alignnone size-full wp-image-509\" src=\"https:\/\/i0.wp.com\/kirstengomez.es\/bodas\/wp-content\/uploads\/2015\/03\/ee02.jpg?resize=700%2C517\" alt=\"E&amp;E02\" width=\"700\" height=\"517\" srcset=\"https:\/\/i0.wp.com\/kirstengomez.es\/bodas\/wp-content\/uploads\/2015\/03\/ee02.jpg?w=700 700w, https:\/\/i0.wp.com\/kirstengomez.es\/bodas\/wp-content\/uploads\/2015\/03\/ee02.jpg?resize=300%2C222 300w, https:\/\/i0.wp.com\/kirstengomez.es\/bodas\/wp-content\/uploads\/2015\/03\/ee02.jpg?resize=500%2C369 500w\" sizes=\"auto, (max-width: 700px) 100vw, 700px\" \/><br \/>\n<img data-recalc-dims=\"1\" loading=\"lazy\" decoding=\"async\" data-attachment-id=\"478\" data-permalink=\"http:\/\/kirstengomez.es\/bodas\/?attachment_id=478\" data-orig-file=\"https:\/\/i0.wp.com\/kirstengomez.es\/bodas\/wp-content\/uploads\/2015\/03\/ee-5.jpg?fit=700%2C467\" data-orig-size=\"700,467\" data-comments-opened=\"1\" data-image-meta=\"{&quot;aperture&quot;:&quot;2.8&quot;,&quot;credit&quot;:&quot;Kirsten G\\u00f3mez&quot;,&quot;camera&quot;:&quot;Canon EOS 5D Mark III&quot;,&quot;caption&quot;:&quot;&quot;,&quot;created_timestamp&quot;:&quot;1410625096&quot;,&quot;copyright&quot;:&quot;&quot;,&quot;focal_length&quot;:&quot;67&quot;,&quot;iso&quot;:&quot;800&quot;,&quot;shutter_speed&quot;:&quot;0.008&quot;,&quot;title&quot;:&quot;&quot;,&quot;orientation&quot;:&quot;0&quot;}\" data-image-title=\"E&amp;#038;E-5\" data-image-description=\"\" data-image-caption=\"\" data-large-file=\"https:\/\/i0.wp.com\/kirstengomez.es\/bodas\/wp-content\/uploads\/2015\/03\/ee-5.jpg?fit=700%2C467\" class=\"alignnone size-full wp-image-478\" src=\"https:\/\/i0.wp.com\/kirstengomez.es\/bodas\/wp-content\/uploads\/2015\/03\/ee-5.jpg?resize=700%2C467\" alt=\"E&amp;E-5\" width=\"700\" height=\"467\" srcset=\"https:\/\/i0.wp.com\/kirstengomez.es\/bodas\/wp-content\/uploads\/2015\/03\/ee-5.jpg?w=700 700w, https:\/\/i0.wp.com\/kirstengomez.es\/bodas\/wp-content\/uploads\/2015\/03\/ee-5.jpg?resize=300%2C200 300w, https:\/\/i0.wp.com\/kirstengomez.es\/bodas\/wp-content\/uploads\/2015\/03\/ee-5.jpg?resize=500%2C334 500w\" sizes=\"auto, (max-width: 700px) 100vw, 700px\" \/><br \/>\n<img data-recalc-dims=\"1\" loading=\"lazy\" decoding=\"async\" data-attachment-id=\"475\" data-permalink=\"http:\/\/kirstengomez.es\/bodas\/?attachment_id=475\" data-orig-file=\"https:\/\/i0.wp.com\/kirstengomez.es\/bodas\/wp-content\/uploads\/2015\/03\/ee-2.jpg?fit=700%2C467\" data-orig-size=\"700,467\" data-comments-opened=\"1\" data-image-meta=\"{&quot;aperture&quot;:&quot;2.8&quot;,&quot;credit&quot;:&quot;Kirsten G\\u00f3mez&quot;,&quot;camera&quot;:&quot;Canon EOS 5D Mark III&quot;,&quot;caption&quot;:&quot;&quot;,&quot;created_timestamp&quot;:&quot;1410624690&quot;,&quot;copyright&quot;:&quot;&quot;,&quot;focal_length&quot;:&quot;24&quot;,&quot;iso&quot;:&quot;400&quot;,&quot;shutter_speed&quot;:&quot;0.008&quot;,&quot;title&quot;:&quot;&quot;,&quot;orientation&quot;:&quot;0&quot;}\" data-image-title=\"E&amp;#038;E-2\" data-image-description=\"\" data-image-caption=\"\" data-large-file=\"https:\/\/i0.wp.com\/kirstengomez.es\/bodas\/wp-content\/uploads\/2015\/03\/ee-2.jpg?fit=700%2C467\" class=\"alignnone size-full wp-image-475\" src=\"https:\/\/i0.wp.com\/kirstengomez.es\/bodas\/wp-content\/uploads\/2015\/03\/ee-2.jpg?resize=700%2C467\" alt=\"E&amp;E-2\" width=\"700\" height=\"467\" srcset=\"https:\/\/i0.wp.com\/kirstengomez.es\/bodas\/wp-content\/uploads\/2015\/03\/ee-2.jpg?w=700 700w, https:\/\/i0.wp.com\/kirstengomez.es\/bodas\/wp-content\/uploads\/2015\/03\/ee-2.jpg?resize=300%2C200 300w, https:\/\/i0.wp.com\/kirstengomez.es\/bodas\/wp-content\/uploads\/2015\/03\/ee-2.jpg?resize=500%2C334 500w\" sizes=\"auto, (max-width: 700px) 100vw, 700px\" \/><br \/>\n<img data-recalc-dims=\"1\" loading=\"lazy\" decoding=\"async\" data-attachment-id=\"480\" data-permalink=\"http:\/\/kirstengomez.es\/bodas\/?attachment_id=480\" data-orig-file=\"https:\/\/i0.wp.com\/kirstengomez.es\/bodas\/wp-content\/uploads\/2015\/03\/ee-7.jpg?fit=700%2C467\" data-orig-size=\"700,467\" data-comments-opened=\"1\" data-image-meta=\"{&quot;aperture&quot;:&quot;6.3&quot;,&quot;credit&quot;:&quot;Kirsten G\\u00f3mez&quot;,&quot;camera&quot;:&quot;Canon EOS 5D Mark III&quot;,&quot;caption&quot;:&quot;&quot;,&quot;created_timestamp&quot;:&quot;1410626719&quot;,&quot;copyright&quot;:&quot;&quot;,&quot;focal_length&quot;:&quot;70&quot;,&quot;iso&quot;:&quot;320&quot;,&quot;shutter_speed&quot;:&quot;0.01&quot;,&quot;title&quot;:&quot;&quot;,&quot;orientation&quot;:&quot;0&quot;}\" data-image-title=\"E&amp;#038;E-7\" data-image-description=\"\" data-image-caption=\"\" data-large-file=\"https:\/\/i0.wp.com\/kirstengomez.es\/bodas\/wp-content\/uploads\/2015\/03\/ee-7.jpg?fit=700%2C467\" class=\"alignnone size-full wp-image-480\" src=\"https:\/\/i0.wp.com\/kirstengomez.es\/bodas\/wp-content\/uploads\/2015\/03\/ee-7.jpg?resize=700%2C467\" alt=\"E&amp;E-7\" width=\"700\" height=\"467\" srcset=\"https:\/\/i0.wp.com\/kirstengomez.es\/bodas\/wp-content\/uploads\/2015\/03\/ee-7.jpg?w=700 700w, https:\/\/i0.wp.com\/kirstengomez.es\/bodas\/wp-content\/uploads\/2015\/03\/ee-7.jpg?resize=300%2C200 300w, https:\/\/i0.wp.com\/kirstengomez.es\/bodas\/wp-content\/uploads\/2015\/03\/ee-7.jpg?resize=500%2C334 500w\" sizes=\"auto, (max-width: 700px) 100vw, 700px\" \/><br \/>\n<img data-recalc-dims=\"1\" loading=\"lazy\" decoding=\"async\" data-attachment-id=\"479\" data-permalink=\"http:\/\/kirstengomez.es\/bodas\/?attachment_id=479\" data-orig-file=\"https:\/\/i0.wp.com\/kirstengomez.es\/bodas\/wp-content\/uploads\/2015\/03\/ee-6.jpg?fit=700%2C445\" data-orig-size=\"700,445\" data-comments-opened=\"1\" data-image-meta=\"{&quot;aperture&quot;:&quot;2.8&quot;,&quot;credit&quot;:&quot;Kirsten G\\u00f3mez&quot;,&quot;camera&quot;:&quot;Canon EOS 5D Mark III&quot;,&quot;caption&quot;:&quot;&quot;,&quot;created_timestamp&quot;:&quot;1410626122&quot;,&quot;copyright&quot;:&quot;&quot;,&quot;focal_length&quot;:&quot;38&quot;,&quot;iso&quot;:&quot;320&quot;,&quot;shutter_speed&quot;:&quot;0.008&quot;,&quot;title&quot;:&quot;&quot;,&quot;orientation&quot;:&quot;0&quot;}\" data-image-title=\"E&amp;#038;E-6\" data-image-description=\"\" data-image-caption=\"\" data-large-file=\"https:\/\/i0.wp.com\/kirstengomez.es\/bodas\/wp-content\/uploads\/2015\/03\/ee-6.jpg?fit=700%2C445\" class=\"alignnone size-full wp-image-479\" src=\"https:\/\/i0.wp.com\/kirstengomez.es\/bodas\/wp-content\/uploads\/2015\/03\/ee-6.jpg?resize=700%2C445\" alt=\"E&amp;E-6\" width=\"700\" height=\"445\" srcset=\"https:\/\/i0.wp.com\/kirstengomez.es\/bodas\/wp-content\/uploads\/2015\/03\/ee-6.jpg?w=700 700w, https:\/\/i0.wp.com\/kirstengomez.es\/bodas\/wp-content\/uploads\/2015\/03\/ee-6.jpg?resize=300%2C191 300w, https:\/\/i0.wp.com\/kirstengomez.es\/bodas\/wp-content\/uploads\/2015\/03\/ee-6.jpg?resize=500%2C318 500w\" sizes=\"auto, (max-width: 700px) 100vw, 700px\" \/><br \/>\n<img data-recalc-dims=\"1\" loading=\"lazy\" decoding=\"async\" data-attachment-id=\"510\" data-permalink=\"http:\/\/kirstengomez.es\/bodas\/?attachment_id=510\" data-orig-file=\"https:\/\/i0.wp.com\/kirstengomez.es\/bodas\/wp-content\/uploads\/2015\/03\/ee03.jpg?fit=700%2C517\" data-orig-size=\"700,517\" data-comments-opened=\"1\" data-image-meta=\"{&quot;aperture&quot;:&quot;0&quot;,&quot;credit&quot;:&quot;&quot;,&quot;camera&quot;:&quot;&quot;,&quot;caption&quot;:&quot;&quot;,&quot;created_timestamp&quot;:&quot;0&quot;,&quot;copyright&quot;:&quot;&quot;,&quot;focal_length&quot;:&quot;0&quot;,&quot;iso&quot;:&quot;0&quot;,&quot;shutter_speed&quot;:&quot;0&quot;,&quot;title&quot;:&quot;&quot;,&quot;orientation&quot;:&quot;0&quot;}\" data-image-title=\"E&amp;#038;E03\" data-image-description=\"\" data-image-caption=\"\" data-large-file=\"https:\/\/i0.wp.com\/kirstengomez.es\/bodas\/wp-content\/uploads\/2015\/03\/ee03.jpg?fit=700%2C517\" class=\"alignnone size-full wp-image-510\" src=\"https:\/\/i0.wp.com\/kirstengomez.es\/bodas\/wp-content\/uploads\/2015\/03\/ee03.jpg?resize=700%2C517\" alt=\"E&amp;E03\" width=\"700\" height=\"517\" srcset=\"https:\/\/i0.wp.com\/kirstengomez.es\/bodas\/wp-content\/uploads\/2015\/03\/ee03.jpg?w=700 700w, https:\/\/i0.wp.com\/kirstengomez.es\/bodas\/wp-content\/uploads\/2015\/03\/ee03.jpg?resize=300%2C222 300w, https:\/\/i0.wp.com\/kirstengomez.es\/bodas\/wp-content\/uploads\/2015\/03\/ee03.jpg?resize=500%2C369 500w\" sizes=\"auto, (max-width: 700px) 100vw, 700px\" \/><br \/>\n<img data-recalc-dims=\"1\" loading=\"lazy\" decoding=\"async\" data-attachment-id=\"482\" data-permalink=\"http:\/\/kirstengomez.es\/bodas\/?attachment_id=482\" data-orig-file=\"https:\/\/i0.wp.com\/kirstengomez.es\/bodas\/wp-content\/uploads\/2015\/03\/ee-9.jpg?fit=700%2C467\" data-orig-size=\"700,467\" data-comments-opened=\"1\" data-image-meta=\"{&quot;aperture&quot;:&quot;2.8&quot;,&quot;credit&quot;:&quot;Kirsten G\\u00f3mez&quot;,&quot;camera&quot;:&quot;Canon EOS 5D Mark III&quot;,&quot;caption&quot;:&quot;&quot;,&quot;created_timestamp&quot;:&quot;1410629027&quot;,&quot;copyright&quot;:&quot;&quot;,&quot;focal_length&quot;:&quot;70&quot;,&quot;iso&quot;:&quot;4000&quot;,&quot;shutter_speed&quot;:&quot;0.008&quot;,&quot;title&quot;:&quot;&quot;,&quot;orientation&quot;:&quot;0&quot;}\" data-image-title=\"E&amp;#038;E-9\" data-image-description=\"\" data-image-caption=\"\" data-large-file=\"https:\/\/i0.wp.com\/kirstengomez.es\/bodas\/wp-content\/uploads\/2015\/03\/ee-9.jpg?fit=700%2C467\" class=\"alignnone size-full wp-image-482\" src=\"https:\/\/i0.wp.com\/kirstengomez.es\/bodas\/wp-content\/uploads\/2015\/03\/ee-9.jpg?resize=700%2C467\" alt=\"E&amp;E-9\" width=\"700\" height=\"467\" srcset=\"https:\/\/i0.wp.com\/kirstengomez.es\/bodas\/wp-content\/uploads\/2015\/03\/ee-9.jpg?w=700 700w, https:\/\/i0.wp.com\/kirstengomez.es\/bodas\/wp-content\/uploads\/2015\/03\/ee-9.jpg?resize=300%2C200 300w, https:\/\/i0.wp.com\/kirstengomez.es\/bodas\/wp-content\/uploads\/2015\/03\/ee-9.jpg?resize=500%2C334 500w\" sizes=\"auto, (max-width: 700px) 100vw, 700px\" \/><br \/>\n<img data-recalc-dims=\"1\" loading=\"lazy\" decoding=\"async\" data-attachment-id=\"485\" data-permalink=\"http:\/\/kirstengomez.es\/bodas\/?attachment_id=485\" data-orig-file=\"https:\/\/i0.wp.com\/kirstengomez.es\/bodas\/wp-content\/uploads\/2015\/03\/ee-12.jpg?fit=700%2C467\" data-orig-size=\"700,467\" data-comments-opened=\"1\" data-image-meta=\"{&quot;aperture&quot;:&quot;2.8&quot;,&quot;credit&quot;:&quot;Kirsten G\\u00f3mez&quot;,&quot;camera&quot;:&quot;Canon EOS 5D Mark III&quot;,&quot;caption&quot;:&quot;&quot;,&quot;created_timestamp&quot;:&quot;1410629894&quot;,&quot;copyright&quot;:&quot;&quot;,&quot;focal_length&quot;:&quot;38&quot;,&quot;iso&quot;:&quot;6400&quot;,&quot;shutter_speed&quot;:&quot;0.008&quot;,&quot;title&quot;:&quot;&quot;,&quot;orientation&quot;:&quot;0&quot;}\" data-image-title=\"E&amp;#038;E-12\" data-image-description=\"\" data-image-caption=\"\" data-large-file=\"https:\/\/i0.wp.com\/kirstengomez.es\/bodas\/wp-content\/uploads\/2015\/03\/ee-12.jpg?fit=700%2C467\" class=\"alignnone size-full wp-image-485\" src=\"https:\/\/i0.wp.com\/kirstengomez.es\/bodas\/wp-content\/uploads\/2015\/03\/ee-12.jpg?resize=700%2C467\" alt=\"E&amp;E-12\" width=\"700\" height=\"467\" srcset=\"https:\/\/i0.wp.com\/kirstengomez.es\/bodas\/wp-content\/uploads\/2015\/03\/ee-12.jpg?w=700 700w, https:\/\/i0.wp.com\/kirstengomez.es\/bodas\/wp-content\/uploads\/2015\/03\/ee-12.jpg?resize=300%2C200 300w, https:\/\/i0.wp.com\/kirstengomez.es\/bodas\/wp-content\/uploads\/2015\/03\/ee-12.jpg?resize=500%2C334 500w\" sizes=\"auto, (max-width: 700px) 100vw, 700px\" \/><br \/>\n<img data-recalc-dims=\"1\" loading=\"lazy\" decoding=\"async\" data-attachment-id=\"486\" data-permalink=\"http:\/\/kirstengomez.es\/bodas\/?attachment_id=486\" data-orig-file=\"https:\/\/i0.wp.com\/kirstengomez.es\/bodas\/wp-content\/uploads\/2015\/03\/ee-13.jpg?fit=700%2C467\" data-orig-size=\"700,467\" data-comments-opened=\"1\" data-image-meta=\"{&quot;aperture&quot;:&quot;3.2&quot;,&quot;credit&quot;:&quot;Kirsten G\\u00f3mez&quot;,&quot;camera&quot;:&quot;Canon EOS 5D Mark III&quot;,&quot;caption&quot;:&quot;&quot;,&quot;created_timestamp&quot;:&quot;1410630027&quot;,&quot;copyright&quot;:&quot;&quot;,&quot;focal_length&quot;:&quot;24&quot;,&quot;iso&quot;:&quot;1250&quot;,&quot;shutter_speed&quot;:&quot;0.008&quot;,&quot;title&quot;:&quot;&quot;,&quot;orientation&quot;:&quot;0&quot;}\" data-image-title=\"E&amp;#038;E-13\" data-image-description=\"\" data-image-caption=\"\" data-large-file=\"https:\/\/i0.wp.com\/kirstengomez.es\/bodas\/wp-content\/uploads\/2015\/03\/ee-13.jpg?fit=700%2C467\" class=\"alignnone size-full wp-image-486\" src=\"https:\/\/i0.wp.com\/kirstengomez.es\/bodas\/wp-content\/uploads\/2015\/03\/ee-13.jpg?resize=700%2C467\" alt=\"E&amp;E-13\" width=\"700\" height=\"467\" srcset=\"https:\/\/i0.wp.com\/kirstengomez.es\/bodas\/wp-content\/uploads\/2015\/03\/ee-13.jpg?w=700 700w, https:\/\/i0.wp.com\/kirstengomez.es\/bodas\/wp-content\/uploads\/2015\/03\/ee-13.jpg?resize=300%2C200 300w, https:\/\/i0.wp.com\/kirstengomez.es\/bodas\/wp-content\/uploads\/2015\/03\/ee-13.jpg?resize=500%2C334 500w\" sizes=\"auto, (max-width: 700px) 100vw, 700px\" \/><br \/>\n<img data-recalc-dims=\"1\" loading=\"lazy\" decoding=\"async\" data-attachment-id=\"512\" data-permalink=\"http:\/\/kirstengomez.es\/bodas\/?attachment_id=512\" data-orig-file=\"https:\/\/i0.wp.com\/kirstengomez.es\/bodas\/wp-content\/uploads\/2015\/03\/ee05.jpg?fit=700%2C517\" data-orig-size=\"700,517\" data-comments-opened=\"1\" data-image-meta=\"{&quot;aperture&quot;:&quot;0&quot;,&quot;credit&quot;:&quot;&quot;,&quot;camera&quot;:&quot;&quot;,&quot;caption&quot;:&quot;&quot;,&quot;created_timestamp&quot;:&quot;0&quot;,&quot;copyright&quot;:&quot;&quot;,&quot;focal_length&quot;:&quot;0&quot;,&quot;iso&quot;:&quot;0&quot;,&quot;shutter_speed&quot;:&quot;0&quot;,&quot;title&quot;:&quot;&quot;,&quot;orientation&quot;:&quot;0&quot;}\" data-image-title=\"E&amp;#038;E05\" data-image-description=\"\" data-image-caption=\"\" data-large-file=\"https:\/\/i0.wp.com\/kirstengomez.es\/bodas\/wp-content\/uploads\/2015\/03\/ee05.jpg?fit=700%2C517\" class=\"alignnone size-full wp-image-512\" src=\"https:\/\/i0.wp.com\/kirstengomez.es\/bodas\/wp-content\/uploads\/2015\/03\/ee05.jpg?resize=700%2C517\" alt=\"E&amp;E05\" width=\"700\" height=\"517\" srcset=\"https:\/\/i0.wp.com\/kirstengomez.es\/bodas\/wp-content\/uploads\/2015\/03\/ee05.jpg?w=700 700w, https:\/\/i0.wp.com\/kirstengomez.es\/bodas\/wp-content\/uploads\/2015\/03\/ee05.jpg?resize=300%2C222 300w, https:\/\/i0.wp.com\/kirstengomez.es\/bodas\/wp-content\/uploads\/2015\/03\/ee05.jpg?resize=500%2C369 500w\" sizes=\"auto, (max-width: 700px) 100vw, 700px\" \/><br \/>\n<img data-recalc-dims=\"1\" loading=\"lazy\" decoding=\"async\" data-attachment-id=\"481\" data-permalink=\"http:\/\/kirstengomez.es\/bodas\/?attachment_id=481\" data-orig-file=\"https:\/\/i0.wp.com\/kirstengomez.es\/bodas\/wp-content\/uploads\/2015\/03\/ee-8.jpg?fit=700%2C467\" data-orig-size=\"700,467\" data-comments-opened=\"1\" data-image-meta=\"{&quot;aperture&quot;:&quot;6.3&quot;,&quot;credit&quot;:&quot;Kirsten G\\u00f3mez&quot;,&quot;camera&quot;:&quot;Canon EOS 5D Mark II&quot;,&quot;caption&quot;:&quot;&quot;,&quot;created_timestamp&quot;:&quot;1410628168&quot;,&quot;copyright&quot;:&quot;&quot;,&quot;focal_length&quot;:&quot;50&quot;,&quot;iso&quot;:&quot;125&quot;,&quot;shutter_speed&quot;:&quot;0.0008&quot;,&quot;title&quot;:&quot;&quot;,&quot;orientation&quot;:&quot;0&quot;}\" data-image-title=\"E&amp;#038;E-8\" data-image-description=\"\" data-image-caption=\"\" data-large-file=\"https:\/\/i0.wp.com\/kirstengomez.es\/bodas\/wp-content\/uploads\/2015\/03\/ee-8.jpg?fit=700%2C467\" class=\"alignnone size-full wp-image-481\" src=\"https:\/\/i0.wp.com\/kirstengomez.es\/bodas\/wp-content\/uploads\/2015\/03\/ee-8.jpg?resize=700%2C467\" alt=\"E&amp;E-8\" width=\"700\" height=\"467\" srcset=\"https:\/\/i0.wp.com\/kirstengomez.es\/bodas\/wp-content\/uploads\/2015\/03\/ee-8.jpg?w=700 700w, https:\/\/i0.wp.com\/kirstengomez.es\/bodas\/wp-content\/uploads\/2015\/03\/ee-8.jpg?resize=300%2C200 300w, https:\/\/i0.wp.com\/kirstengomez.es\/bodas\/wp-content\/uploads\/2015\/03\/ee-8.jpg?resize=500%2C334 500w\" sizes=\"auto, (max-width: 700px) 100vw, 700px\" \/><br \/>\n<img data-recalc-dims=\"1\" loading=\"lazy\" decoding=\"async\" data-attachment-id=\"492\" data-permalink=\"http:\/\/kirstengomez.es\/bodas\/?attachment_id=492\" data-orig-file=\"https:\/\/i0.wp.com\/kirstengomez.es\/bodas\/wp-content\/uploads\/2015\/03\/ee-19.jpg?fit=700%2C467\" data-orig-size=\"700,467\" data-comments-opened=\"1\" data-image-meta=\"{&quot;aperture&quot;:&quot;6.3&quot;,&quot;credit&quot;:&quot;Kirsten G\\u00f3mez&quot;,&quot;camera&quot;:&quot;Canon EOS 5D Mark III&quot;,&quot;caption&quot;:&quot;&quot;,&quot;created_timestamp&quot;:&quot;1410632163&quot;,&quot;copyright&quot;:&quot;&quot;,&quot;focal_length&quot;:&quot;57&quot;,&quot;iso&quot;:&quot;200&quot;,&quot;shutter_speed&quot;:&quot;0.008&quot;,&quot;title&quot;:&quot;&quot;,&quot;orientation&quot;:&quot;0&quot;}\" data-image-title=\"E&amp;#038;E-19\" data-image-description=\"\" data-image-caption=\"\" data-large-file=\"https:\/\/i0.wp.com\/kirstengomez.es\/bodas\/wp-content\/uploads\/2015\/03\/ee-19.jpg?fit=700%2C467\" class=\"alignnone size-full wp-image-492\" src=\"https:\/\/i0.wp.com\/kirstengomez.es\/bodas\/wp-content\/uploads\/2015\/03\/ee-19.jpg?resize=700%2C467\" alt=\"E&amp;E-19\" width=\"700\" height=\"467\" srcset=\"https:\/\/i0.wp.com\/kirstengomez.es\/bodas\/wp-content\/uploads\/2015\/03\/ee-19.jpg?w=700 700w, https:\/\/i0.wp.com\/kirstengomez.es\/bodas\/wp-content\/uploads\/2015\/03\/ee-19.jpg?resize=300%2C200 300w, https:\/\/i0.wp.com\/kirstengomez.es\/bodas\/wp-content\/uploads\/2015\/03\/ee-19.jpg?resize=500%2C334 500w\" sizes=\"auto, (max-width: 700px) 100vw, 700px\" \/><br \/>\n<img data-recalc-dims=\"1\" loading=\"lazy\" decoding=\"async\" data-attachment-id=\"490\" data-permalink=\"http:\/\/kirstengomez.es\/bodas\/?attachment_id=490\" data-orig-file=\"https:\/\/i0.wp.com\/kirstengomez.es\/bodas\/wp-content\/uploads\/2015\/03\/ee-17.jpg?fit=700%2C467\" data-orig-size=\"700,467\" data-comments-opened=\"1\" data-image-meta=\"{&quot;aperture&quot;:&quot;5&quot;,&quot;credit&quot;:&quot;Kirsten G\\u00f3mez&quot;,&quot;camera&quot;:&quot;Canon EOS 5D Mark III&quot;,&quot;caption&quot;:&quot;&quot;,&quot;created_timestamp&quot;:&quot;1410631965&quot;,&quot;copyright&quot;:&quot;&quot;,&quot;focal_length&quot;:&quot;53&quot;,&quot;iso&quot;:&quot;160&quot;,&quot;shutter_speed&quot;:&quot;0.008&quot;,&quot;title&quot;:&quot;&quot;,&quot;orientation&quot;:&quot;0&quot;}\" data-image-title=\"E&amp;#038;E-17\" data-image-description=\"\" data-image-caption=\"\" data-large-file=\"https:\/\/i0.wp.com\/kirstengomez.es\/bodas\/wp-content\/uploads\/2015\/03\/ee-17.jpg?fit=700%2C467\" class=\"alignnone size-full wp-image-490\" src=\"https:\/\/i0.wp.com\/kirstengomez.es\/bodas\/wp-content\/uploads\/2015\/03\/ee-17.jpg?resize=700%2C467\" alt=\"E&amp;E-17\" width=\"700\" height=\"467\" srcset=\"https:\/\/i0.wp.com\/kirstengomez.es\/bodas\/wp-content\/uploads\/2015\/03\/ee-17.jpg?w=700 700w, https:\/\/i0.wp.com\/kirstengomez.es\/bodas\/wp-content\/uploads\/2015\/03\/ee-17.jpg?resize=300%2C200 300w, https:\/\/i0.wp.com\/kirstengomez.es\/bodas\/wp-content\/uploads\/2015\/03\/ee-17.jpg?resize=500%2C334 500w\" sizes=\"auto, (max-width: 700px) 100vw, 700px\" \/><br \/>\n<img data-recalc-dims=\"1\" loading=\"lazy\" decoding=\"async\" data-attachment-id=\"489\" data-permalink=\"http:\/\/kirstengomez.es\/bodas\/?attachment_id=489\" data-orig-file=\"https:\/\/i0.wp.com\/kirstengomez.es\/bodas\/wp-content\/uploads\/2015\/03\/ee-16.jpg?fit=700%2C467\" data-orig-size=\"700,467\" data-comments-opened=\"1\" data-image-meta=\"{&quot;aperture&quot;:&quot;5&quot;,&quot;credit&quot;:&quot;Kirsten G\\u00f3mez&quot;,&quot;camera&quot;:&quot;Canon EOS 5D Mark III&quot;,&quot;caption&quot;:&quot;&quot;,&quot;created_timestamp&quot;:&quot;1410631736&quot;,&quot;copyright&quot;:&quot;&quot;,&quot;focal_length&quot;:&quot;41&quot;,&quot;iso&quot;:&quot;160&quot;,&quot;shutter_speed&quot;:&quot;0.008&quot;,&quot;title&quot;:&quot;&quot;,&quot;orientation&quot;:&quot;0&quot;}\" data-image-title=\"E&amp;#038;E-16\" data-image-description=\"\" data-image-caption=\"\" data-large-file=\"https:\/\/i0.wp.com\/kirstengomez.es\/bodas\/wp-content\/uploads\/2015\/03\/ee-16.jpg?fit=700%2C467\" class=\"alignnone size-full wp-image-489\" src=\"https:\/\/i0.wp.com\/kirstengomez.es\/bodas\/wp-content\/uploads\/2015\/03\/ee-16.jpg?resize=700%2C467\" alt=\"E&amp;E-16\" width=\"700\" height=\"467\" srcset=\"https:\/\/i0.wp.com\/kirstengomez.es\/bodas\/wp-content\/uploads\/2015\/03\/ee-16.jpg?w=700 700w, https:\/\/i0.wp.com\/kirstengomez.es\/bodas\/wp-content\/uploads\/2015\/03\/ee-16.jpg?resize=300%2C200 300w, https:\/\/i0.wp.com\/kirstengomez.es\/bodas\/wp-content\/uploads\/2015\/03\/ee-16.jpg?resize=500%2C334 500w\" sizes=\"auto, (max-width: 700px) 100vw, 700px\" \/><br \/>\n<img data-recalc-dims=\"1\" loading=\"lazy\" decoding=\"async\" data-attachment-id=\"511\" data-permalink=\"http:\/\/kirstengomez.es\/bodas\/?attachment_id=511\" data-orig-file=\"https:\/\/i0.wp.com\/kirstengomez.es\/bodas\/wp-content\/uploads\/2015\/03\/ee04.jpg?fit=700%2C517\" data-orig-size=\"700,517\" data-comments-opened=\"1\" data-image-meta=\"{&quot;aperture&quot;:&quot;0&quot;,&quot;credit&quot;:&quot;&quot;,&quot;camera&quot;:&quot;&quot;,&quot;caption&quot;:&quot;&quot;,&quot;created_timestamp&quot;:&quot;0&quot;,&quot;copyright&quot;:&quot;&quot;,&quot;focal_length&quot;:&quot;0&quot;,&quot;iso&quot;:&quot;0&quot;,&quot;shutter_speed&quot;:&quot;0&quot;,&quot;title&quot;:&quot;&quot;,&quot;orientation&quot;:&quot;0&quot;}\" data-image-title=\"E&amp;#038;E04\" data-image-description=\"\" data-image-caption=\"\" data-large-file=\"https:\/\/i0.wp.com\/kirstengomez.es\/bodas\/wp-content\/uploads\/2015\/03\/ee04.jpg?fit=700%2C517\" class=\"alignnone size-full wp-image-511\" src=\"https:\/\/i0.wp.com\/kirstengomez.es\/bodas\/wp-content\/uploads\/2015\/03\/ee04.jpg?resize=700%2C517\" alt=\"E&amp;E04\" width=\"700\" height=\"517\" srcset=\"https:\/\/i0.wp.com\/kirstengomez.es\/bodas\/wp-content\/uploads\/2015\/03\/ee04.jpg?w=700 700w, https:\/\/i0.wp.com\/kirstengomez.es\/bodas\/wp-content\/uploads\/2015\/03\/ee04.jpg?resize=300%2C222 300w, https:\/\/i0.wp.com\/kirstengomez.es\/bodas\/wp-content\/uploads\/2015\/03\/ee04.jpg?resize=500%2C369 500w\" sizes=\"auto, (max-width: 700px) 100vw, 700px\" \/><br \/>\n<img data-recalc-dims=\"1\" loading=\"lazy\" decoding=\"async\" data-attachment-id=\"493\" data-permalink=\"http:\/\/kirstengomez.es\/bodas\/?attachment_id=493\" data-orig-file=\"https:\/\/i0.wp.com\/kirstengomez.es\/bodas\/wp-content\/uploads\/2015\/03\/ee-20.jpg?fit=700%2C467\" data-orig-size=\"700,467\" data-comments-opened=\"1\" data-image-meta=\"{&quot;aperture&quot;:&quot;6.3&quot;,&quot;credit&quot;:&quot;Kirsten G\\u00f3mez&quot;,&quot;camera&quot;:&quot;Canon EOS 5D Mark III&quot;,&quot;caption&quot;:&quot;&quot;,&quot;created_timestamp&quot;:&quot;1410632836&quot;,&quot;copyright&quot;:&quot;&quot;,&quot;focal_length&quot;:&quot;24&quot;,&quot;iso&quot;:&quot;200&quot;,&quot;shutter_speed&quot;:&quot;0.008&quot;,&quot;title&quot;:&quot;&quot;,&quot;orientation&quot;:&quot;0&quot;}\" data-image-title=\"E&amp;#038;E-20\" data-image-description=\"\" data-image-caption=\"\" data-large-file=\"https:\/\/i0.wp.com\/kirstengomez.es\/bodas\/wp-content\/uploads\/2015\/03\/ee-20.jpg?fit=700%2C467\" class=\"alignnone size-full wp-image-493\" src=\"https:\/\/i0.wp.com\/kirstengomez.es\/bodas\/wp-content\/uploads\/2015\/03\/ee-20.jpg?resize=700%2C467\" alt=\"E&amp;E-20\" width=\"700\" height=\"467\" srcset=\"https:\/\/i0.wp.com\/kirstengomez.es\/bodas\/wp-content\/uploads\/2015\/03\/ee-20.jpg?w=700 700w, https:\/\/i0.wp.com\/kirstengomez.es\/bodas\/wp-content\/uploads\/2015\/03\/ee-20.jpg?resize=300%2C200 300w, https:\/\/i0.wp.com\/kirstengomez.es\/bodas\/wp-content\/uploads\/2015\/03\/ee-20.jpg?resize=500%2C334 500w\" sizes=\"auto, (max-width: 700px) 100vw, 700px\" \/><br \/>\n<img data-recalc-dims=\"1\" loading=\"lazy\" decoding=\"async\" data-attachment-id=\"494\" data-permalink=\"http:\/\/kirstengomez.es\/bodas\/?attachment_id=494\" data-orig-file=\"https:\/\/i0.wp.com\/kirstengomez.es\/bodas\/wp-content\/uploads\/2015\/03\/ee-21.jpg?fit=700%2C467\" data-orig-size=\"700,467\" data-comments-opened=\"1\" data-image-meta=\"{&quot;aperture&quot;:&quot;6.3&quot;,&quot;credit&quot;:&quot;Kirsten G\\u00f3mez&quot;,&quot;camera&quot;:&quot;Canon EOS 5D Mark III&quot;,&quot;caption&quot;:&quot;&quot;,&quot;created_timestamp&quot;:&quot;1410632945&quot;,&quot;copyright&quot;:&quot;&quot;,&quot;focal_length&quot;:&quot;70&quot;,&quot;iso&quot;:&quot;200&quot;,&quot;shutter_speed&quot;:&quot;0.008&quot;,&quot;title&quot;:&quot;&quot;,&quot;orientation&quot;:&quot;0&quot;}\" data-image-title=\"E&amp;#038;E-21\" data-image-description=\"\" data-image-caption=\"\" data-large-file=\"https:\/\/i0.wp.com\/kirstengomez.es\/bodas\/wp-content\/uploads\/2015\/03\/ee-21.jpg?fit=700%2C467\" class=\"alignnone size-full wp-image-494\" src=\"https:\/\/i0.wp.com\/kirstengomez.es\/bodas\/wp-content\/uploads\/2015\/03\/ee-21.jpg?resize=700%2C467\" alt=\"E&amp;E-21\" width=\"700\" height=\"467\" srcset=\"https:\/\/i0.wp.com\/kirstengomez.es\/bodas\/wp-content\/uploads\/2015\/03\/ee-21.jpg?w=700 700w, https:\/\/i0.wp.com\/kirstengomez.es\/bodas\/wp-content\/uploads\/2015\/03\/ee-21.jpg?resize=300%2C200 300w, https:\/\/i0.wp.com\/kirstengomez.es\/bodas\/wp-content\/uploads\/2015\/03\/ee-21.jpg?resize=500%2C334 500w\" sizes=\"auto, (max-width: 700px) 100vw, 700px\" \/><br \/>\n<img data-recalc-dims=\"1\" loading=\"lazy\" decoding=\"async\" data-attachment-id=\"495\" data-permalink=\"http:\/\/kirstengomez.es\/bodas\/?attachment_id=495\" data-orig-file=\"https:\/\/i0.wp.com\/kirstengomez.es\/bodas\/wp-content\/uploads\/2015\/03\/ee-22.jpg?fit=700%2C467\" data-orig-size=\"700,467\" data-comments-opened=\"1\" data-image-meta=\"{&quot;aperture&quot;:&quot;6.3&quot;,&quot;credit&quot;:&quot;Kirsten G\\u00f3mez&quot;,&quot;camera&quot;:&quot;Canon EOS 5D Mark III&quot;,&quot;caption&quot;:&quot;&quot;,&quot;created_timestamp&quot;:&quot;1410633065&quot;,&quot;copyright&quot;:&quot;&quot;,&quot;focal_length&quot;:&quot;50&quot;,&quot;iso&quot;:&quot;200&quot;,&quot;shutter_speed&quot;:&quot;0.01&quot;,&quot;title&quot;:&quot;&quot;,&quot;orientation&quot;:&quot;0&quot;}\" data-image-title=\"E&amp;#038;E-22\" data-image-description=\"\" data-image-caption=\"\" data-large-file=\"https:\/\/i0.wp.com\/kirstengomez.es\/bodas\/wp-content\/uploads\/2015\/03\/ee-22.jpg?fit=700%2C467\" class=\"alignnone size-full wp-image-495\" src=\"https:\/\/i0.wp.com\/kirstengomez.es\/bodas\/wp-content\/uploads\/2015\/03\/ee-22.jpg?resize=700%2C467\" alt=\"E&amp;E-22\" width=\"700\" height=\"467\" srcset=\"https:\/\/i0.wp.com\/kirstengomez.es\/bodas\/wp-content\/uploads\/2015\/03\/ee-22.jpg?w=700 700w, https:\/\/i0.wp.com\/kirstengomez.es\/bodas\/wp-content\/uploads\/2015\/03\/ee-22.jpg?resize=300%2C200 300w, https:\/\/i0.wp.com\/kirstengomez.es\/bodas\/wp-content\/uploads\/2015\/03\/ee-22.jpg?resize=500%2C334 500w\" sizes=\"auto, (max-width: 700px) 100vw, 700px\" \/><br \/>\n<img data-recalc-dims=\"1\" loading=\"lazy\" decoding=\"async\" data-attachment-id=\"491\" data-permalink=\"http:\/\/kirstengomez.es\/bodas\/?attachment_id=491\" data-orig-file=\"https:\/\/i0.wp.com\/kirstengomez.es\/bodas\/wp-content\/uploads\/2015\/03\/ee-18.jpg?fit=700%2C467\" data-orig-size=\"700,467\" data-comments-opened=\"1\" data-image-meta=\"{&quot;aperture&quot;:&quot;6.3&quot;,&quot;credit&quot;:&quot;Kirsten G\\u00f3mez&quot;,&quot;camera&quot;:&quot;Canon EOS 5D Mark III&quot;,&quot;caption&quot;:&quot;&quot;,&quot;created_timestamp&quot;:&quot;1410632158&quot;,&quot;copyright&quot;:&quot;&quot;,&quot;focal_length&quot;:&quot;39&quot;,&quot;iso&quot;:&quot;200&quot;,&quot;shutter_speed&quot;:&quot;0.008&quot;,&quot;title&quot;:&quot;&quot;,&quot;orientation&quot;:&quot;0&quot;}\" data-image-title=\"E&amp;#038;E-18\" data-image-description=\"\" data-image-caption=\"\" data-large-file=\"https:\/\/i0.wp.com\/kirstengomez.es\/bodas\/wp-content\/uploads\/2015\/03\/ee-18.jpg?fit=700%2C467\" class=\"alignnone size-full wp-image-491\" src=\"https:\/\/i0.wp.com\/kirstengomez.es\/bodas\/wp-content\/uploads\/2015\/03\/ee-18.jpg?resize=700%2C467\" alt=\"E&amp;E-18\" width=\"700\" height=\"467\" srcset=\"https:\/\/i0.wp.com\/kirstengomez.es\/bodas\/wp-content\/uploads\/2015\/03\/ee-18.jpg?w=700 700w, https:\/\/i0.wp.com\/kirstengomez.es\/bodas\/wp-content\/uploads\/2015\/03\/ee-18.jpg?resize=300%2C200 300w, https:\/\/i0.wp.com\/kirstengomez.es\/bodas\/wp-content\/uploads\/2015\/03\/ee-18.jpg?resize=500%2C334 500w\" sizes=\"auto, (max-width: 700px) 100vw, 700px\" \/><br \/>\n<img data-recalc-dims=\"1\" loading=\"lazy\" decoding=\"async\" data-attachment-id=\"516\" data-permalink=\"http:\/\/kirstengomez.es\/bodas\/?attachment_id=516\" data-orig-file=\"https:\/\/i0.wp.com\/kirstengomez.es\/bodas\/wp-content\/uploads\/2015\/03\/ee-1-2.jpg?fit=700%2C394\" data-orig-size=\"700,394\" data-comments-opened=\"1\" data-image-meta=\"{&quot;aperture&quot;:&quot;4&quot;,&quot;credit&quot;:&quot;Kirsten G\\u00f3mez&quot;,&quot;camera&quot;:&quot;Canon EOS 5D Mark III&quot;,&quot;caption&quot;:&quot;&quot;,&quot;created_timestamp&quot;:&quot;1410635384&quot;,&quot;copyright&quot;:&quot;&quot;,&quot;focal_length&quot;:&quot;42&quot;,&quot;iso&quot;:&quot;200&quot;,&quot;shutter_speed&quot;:&quot;0.004&quot;,&quot;title&quot;:&quot;&quot;,&quot;orientation&quot;:&quot;0&quot;}\" data-image-title=\"E&amp;#038;E-1-2\" data-image-description=\"\" data-image-caption=\"\" data-large-file=\"https:\/\/i0.wp.com\/kirstengomez.es\/bodas\/wp-content\/uploads\/2015\/03\/ee-1-2.jpg?fit=700%2C394\" class=\"alignnone size-full wp-image-516\" src=\"https:\/\/i0.wp.com\/kirstengomez.es\/bodas\/wp-content\/uploads\/2015\/03\/ee-1-2.jpg?resize=700%2C394\" alt=\"E&amp;E-1-2\" width=\"700\" height=\"394\" srcset=\"https:\/\/i0.wp.com\/kirstengomez.es\/bodas\/wp-content\/uploads\/2015\/03\/ee-1-2.jpg?w=700 700w, https:\/\/i0.wp.com\/kirstengomez.es\/bodas\/wp-content\/uploads\/2015\/03\/ee-1-2.jpg?resize=300%2C169 300w, https:\/\/i0.wp.com\/kirstengomez.es\/bodas\/wp-content\/uploads\/2015\/03\/ee-1-2.jpg?resize=500%2C281 500w\" sizes=\"auto, (max-width: 700px) 100vw, 700px\" \/><br \/>\n<img data-recalc-dims=\"1\" loading=\"lazy\" decoding=\"async\" data-attachment-id=\"517\" data-permalink=\"http:\/\/kirstengomez.es\/bodas\/?attachment_id=517\" data-orig-file=\"https:\/\/i0.wp.com\/kirstengomez.es\/bodas\/wp-content\/uploads\/2015\/03\/ee-2-2.jpg?fit=700%2C394\" data-orig-size=\"700,394\" data-comments-opened=\"1\" data-image-meta=\"{&quot;aperture&quot;:&quot;4&quot;,&quot;credit&quot;:&quot;Kirsten G\\u00f3mez&quot;,&quot;camera&quot;:&quot;Canon EOS 5D Mark III&quot;,&quot;caption&quot;:&quot;&quot;,&quot;created_timestamp&quot;:&quot;1410635428&quot;,&quot;copyright&quot;:&quot;&quot;,&quot;focal_length&quot;:&quot;42&quot;,&quot;iso&quot;:&quot;200&quot;,&quot;shutter_speed&quot;:&quot;0.004&quot;,&quot;title&quot;:&quot;&quot;,&quot;orientation&quot;:&quot;0&quot;}\" data-image-title=\"E&amp;#038;E-2-2\" data-image-description=\"\" data-image-caption=\"\" data-large-file=\"https:\/\/i0.wp.com\/kirstengomez.es\/bodas\/wp-content\/uploads\/2015\/03\/ee-2-2.jpg?fit=700%2C394\" class=\"alignnone size-full wp-image-517\" src=\"https:\/\/i0.wp.com\/kirstengomez.es\/bodas\/wp-content\/uploads\/2015\/03\/ee-2-2.jpg?resize=700%2C394\" alt=\"E&amp;E-2-2\" width=\"700\" height=\"394\" srcset=\"https:\/\/i0.wp.com\/kirstengomez.es\/bodas\/wp-content\/uploads\/2015\/03\/ee-2-2.jpg?w=700 700w, https:\/\/i0.wp.com\/kirstengomez.es\/bodas\/wp-content\/uploads\/2015\/03\/ee-2-2.jpg?resize=300%2C169 300w, https:\/\/i0.wp.com\/kirstengomez.es\/bodas\/wp-content\/uploads\/2015\/03\/ee-2-2.jpg?resize=500%2C281 500w\" sizes=\"auto, (max-width: 700px) 100vw, 700px\" \/><br \/>\n<img data-recalc-dims=\"1\" loading=\"lazy\" decoding=\"async\" data-attachment-id=\"496\" data-permalink=\"http:\/\/kirstengomez.es\/bodas\/?attachment_id=496\" data-orig-file=\"https:\/\/i0.wp.com\/kirstengomez.es\/bodas\/wp-content\/uploads\/2015\/03\/ee-23.jpg?fit=700%2C467\" data-orig-size=\"700,467\" data-comments-opened=\"1\" data-image-meta=\"{&quot;aperture&quot;:&quot;6.3&quot;,&quot;credit&quot;:&quot;Kirsten G\\u00f3mez&quot;,&quot;camera&quot;:&quot;Canon EOS 5D Mark III&quot;,&quot;caption&quot;:&quot;&quot;,&quot;created_timestamp&quot;:&quot;1410633145&quot;,&quot;copyright&quot;:&quot;&quot;,&quot;focal_length&quot;:&quot;50&quot;,&quot;iso&quot;:&quot;200&quot;,&quot;shutter_speed&quot;:&quot;0.01&quot;,&quot;title&quot;:&quot;&quot;,&quot;orientation&quot;:&quot;0&quot;}\" data-image-title=\"E&amp;#038;E-23\" data-image-description=\"\" data-image-caption=\"\" data-large-file=\"https:\/\/i0.wp.com\/kirstengomez.es\/bodas\/wp-content\/uploads\/2015\/03\/ee-23.jpg?fit=700%2C467\" class=\"alignnone size-full wp-image-496\" src=\"https:\/\/i0.wp.com\/kirstengomez.es\/bodas\/wp-content\/uploads\/2015\/03\/ee-23.jpg?resize=700%2C467\" alt=\"E&amp;E-23\" width=\"700\" height=\"467\" srcset=\"https:\/\/i0.wp.com\/kirstengomez.es\/bodas\/wp-content\/uploads\/2015\/03\/ee-23.jpg?w=700 700w, https:\/\/i0.wp.com\/kirstengomez.es\/bodas\/wp-content\/uploads\/2015\/03\/ee-23.jpg?resize=300%2C200 300w, https:\/\/i0.wp.com\/kirstengomez.es\/bodas\/wp-content\/uploads\/2015\/03\/ee-23.jpg?resize=500%2C334 500w\" sizes=\"auto, (max-width: 700px) 100vw, 700px\" \/><br \/>\n<img data-recalc-dims=\"1\" loading=\"lazy\" decoding=\"async\" data-attachment-id=\"484\" data-permalink=\"http:\/\/kirstengomez.es\/bodas\/?attachment_id=484\" data-orig-file=\"https:\/\/i0.wp.com\/kirstengomez.es\/bodas\/wp-content\/uploads\/2015\/03\/ee-11.jpg?fit=700%2C467\" data-orig-size=\"700,467\" data-comments-opened=\"1\" data-image-meta=\"{&quot;aperture&quot;:&quot;3.2&quot;,&quot;credit&quot;:&quot;Kirsten G\\u00f3mez&quot;,&quot;camera&quot;:&quot;Canon EOS 5D Mark III&quot;,&quot;caption&quot;:&quot;&quot;,&quot;created_timestamp&quot;:&quot;1410629551&quot;,&quot;copyright&quot;:&quot;&quot;,&quot;focal_length&quot;:&quot;42&quot;,&quot;iso&quot;:&quot;125&quot;,&quot;shutter_speed&quot;:&quot;0.00625&quot;,&quot;title&quot;:&quot;&quot;,&quot;orientation&quot;:&quot;0&quot;}\" data-image-title=\"E&amp;#038;E-11\" data-image-description=\"\" data-image-caption=\"\" data-large-file=\"https:\/\/i0.wp.com\/kirstengomez.es\/bodas\/wp-content\/uploads\/2015\/03\/ee-11.jpg?fit=700%2C467\" class=\"alignnone size-full wp-image-484\" src=\"https:\/\/i0.wp.com\/kirstengomez.es\/bodas\/wp-content\/uploads\/2015\/03\/ee-11.jpg?resize=700%2C467\" alt=\"E&amp;E-11\" width=\"700\" height=\"467\" srcset=\"https:\/\/i0.wp.com\/kirstengomez.es\/bodas\/wp-content\/uploads\/2015\/03\/ee-11.jpg?w=700 700w, https:\/\/i0.wp.com\/kirstengomez.es\/bodas\/wp-content\/uploads\/2015\/03\/ee-11.jpg?resize=300%2C200 300w, https:\/\/i0.wp.com\/kirstengomez.es\/bodas\/wp-content\/uploads\/2015\/03\/ee-11.jpg?resize=500%2C334 500w\" sizes=\"auto, (max-width: 700px) 100vw, 700px\" \/><br \/>\n<img data-recalc-dims=\"1\" loading=\"lazy\" decoding=\"async\" data-attachment-id=\"497\" data-permalink=\"http:\/\/kirstengomez.es\/bodas\/?attachment_id=497\" data-orig-file=\"https:\/\/i0.wp.com\/kirstengomez.es\/bodas\/wp-content\/uploads\/2015\/03\/ee-24.jpg?fit=700%2C467\" data-orig-size=\"700,467\" data-comments-opened=\"1\" data-image-meta=\"{&quot;aperture&quot;:&quot;5&quot;,&quot;credit&quot;:&quot;Kirsten G\\u00f3mez&quot;,&quot;camera&quot;:&quot;Canon EOS 5D Mark III&quot;,&quot;caption&quot;:&quot;&quot;,&quot;created_timestamp&quot;:&quot;1410634508&quot;,&quot;copyright&quot;:&quot;&quot;,&quot;focal_length&quot;:&quot;50&quot;,&quot;iso&quot;:&quot;200&quot;,&quot;shutter_speed&quot;:&quot;0.01&quot;,&quot;title&quot;:&quot;&quot;,&quot;orientation&quot;:&quot;0&quot;}\" data-image-title=\"E&amp;#038;E-24\" data-image-description=\"\" data-image-caption=\"\" data-large-file=\"https:\/\/i0.wp.com\/kirstengomez.es\/bodas\/wp-content\/uploads\/2015\/03\/ee-24.jpg?fit=700%2C467\" class=\"alignnone size-full wp-image-497\" src=\"https:\/\/i0.wp.com\/kirstengomez.es\/bodas\/wp-content\/uploads\/2015\/03\/ee-24.jpg?resize=700%2C467\" alt=\"E&amp;E-24\" width=\"700\" height=\"467\" srcset=\"https:\/\/i0.wp.com\/kirstengomez.es\/bodas\/wp-content\/uploads\/2015\/03\/ee-24.jpg?w=700 700w, https:\/\/i0.wp.com\/kirstengomez.es\/bodas\/wp-content\/uploads\/2015\/03\/ee-24.jpg?resize=300%2C200 300w, https:\/\/i0.wp.com\/kirstengomez.es\/bodas\/wp-content\/uploads\/2015\/03\/ee-24.jpg?resize=500%2C334 500w\" sizes=\"auto, (max-width: 700px) 100vw, 700px\" \/><br \/>\n<img data-recalc-dims=\"1\" loading=\"lazy\" decoding=\"async\" data-attachment-id=\"499\" data-permalink=\"http:\/\/kirstengomez.es\/bodas\/?attachment_id=499\" data-orig-file=\"https:\/\/i0.wp.com\/kirstengomez.es\/bodas\/wp-content\/uploads\/2015\/03\/ee-26.jpg?fit=700%2C467\" data-orig-size=\"700,467\" data-comments-opened=\"1\" data-image-meta=\"{&quot;aperture&quot;:&quot;4&quot;,&quot;credit&quot;:&quot;Kirsten G\\u00f3mez&quot;,&quot;camera&quot;:&quot;Canon EOS 5D Mark III&quot;,&quot;caption&quot;:&quot;&quot;,&quot;created_timestamp&quot;:&quot;1410635658&quot;,&quot;copyright&quot;:&quot;&quot;,&quot;focal_length&quot;:&quot;70&quot;,&quot;iso&quot;:&quot;200&quot;,&quot;shutter_speed&quot;:&quot;0.005&quot;,&quot;title&quot;:&quot;&quot;,&quot;orientation&quot;:&quot;0&quot;}\" data-image-title=\"E&amp;#038;E-26\" data-image-description=\"\" data-image-caption=\"\" data-large-file=\"https:\/\/i0.wp.com\/kirstengomez.es\/bodas\/wp-content\/uploads\/2015\/03\/ee-26.jpg?fit=700%2C467\" class=\"alignnone size-full wp-image-499\" src=\"https:\/\/i0.wp.com\/kirstengomez.es\/bodas\/wp-content\/uploads\/2015\/03\/ee-26.jpg?resize=700%2C467\" alt=\"E&amp;E-26\" width=\"700\" height=\"467\" srcset=\"https:\/\/i0.wp.com\/kirstengomez.es\/bodas\/wp-content\/uploads\/2015\/03\/ee-26.jpg?w=700 700w, https:\/\/i0.wp.com\/kirstengomez.es\/bodas\/wp-content\/uploads\/2015\/03\/ee-26.jpg?resize=300%2C200 300w, https:\/\/i0.wp.com\/kirstengomez.es\/bodas\/wp-content\/uploads\/2015\/03\/ee-26.jpg?resize=500%2C334 500w\" sizes=\"auto, (max-width: 700px) 100vw, 700px\" \/><br \/>\n<img data-recalc-dims=\"1\" loading=\"lazy\" decoding=\"async\" data-attachment-id=\"500\" data-permalink=\"http:\/\/kirstengomez.es\/bodas\/?attachment_id=500\" data-orig-file=\"https:\/\/i0.wp.com\/kirstengomez.es\/bodas\/wp-content\/uploads\/2015\/03\/ee-27.jpg?fit=700%2C467\" data-orig-size=\"700,467\" data-comments-opened=\"1\" data-image-meta=\"{&quot;aperture&quot;:&quot;4&quot;,&quot;credit&quot;:&quot;Kirsten G\\u00f3mez&quot;,&quot;camera&quot;:&quot;Canon EOS 5D Mark III&quot;,&quot;caption&quot;:&quot;&quot;,&quot;created_timestamp&quot;:&quot;1410635664&quot;,&quot;copyright&quot;:&quot;&quot;,&quot;focal_length&quot;:&quot;70&quot;,&quot;iso&quot;:&quot;200&quot;,&quot;shutter_speed&quot;:&quot;0.005&quot;,&quot;title&quot;:&quot;&quot;,&quot;orientation&quot;:&quot;0&quot;}\" data-image-title=\"E&amp;#038;E-27\" data-image-description=\"\" data-image-caption=\"\" data-large-file=\"https:\/\/i0.wp.com\/kirstengomez.es\/bodas\/wp-content\/uploads\/2015\/03\/ee-27.jpg?fit=700%2C467\" class=\"alignnone size-full wp-image-500\" src=\"https:\/\/i0.wp.com\/kirstengomez.es\/bodas\/wp-content\/uploads\/2015\/03\/ee-27.jpg?resize=700%2C467\" alt=\"E&amp;E-27\" width=\"700\" height=\"467\" srcset=\"https:\/\/i0.wp.com\/kirstengomez.es\/bodas\/wp-content\/uploads\/2015\/03\/ee-27.jpg?w=700 700w, https:\/\/i0.wp.com\/kirstengomez.es\/bodas\/wp-content\/uploads\/2015\/03\/ee-27.jpg?resize=300%2C200 300w, https:\/\/i0.wp.com\/kirstengomez.es\/bodas\/wp-content\/uploads\/2015\/03\/ee-27.jpg?resize=500%2C334 500w\" sizes=\"auto, (max-width: 700px) 100vw, 700px\" \/><br \/>\n<img data-recalc-dims=\"1\" loading=\"lazy\" decoding=\"async\" data-attachment-id=\"501\" data-permalink=\"http:\/\/kirstengomez.es\/bodas\/?attachment_id=501\" data-orig-file=\"https:\/\/i0.wp.com\/kirstengomez.es\/bodas\/wp-content\/uploads\/2015\/03\/ee-28.jpg?fit=700%2C438\" data-orig-size=\"700,438\" data-comments-opened=\"1\" data-image-meta=\"{&quot;aperture&quot;:&quot;4&quot;,&quot;credit&quot;:&quot;Kirsten G\\u00f3mez&quot;,&quot;camera&quot;:&quot;Canon EOS 5D Mark III&quot;,&quot;caption&quot;:&quot;&quot;,&quot;created_timestamp&quot;:&quot;1410635710&quot;,&quot;copyright&quot;:&quot;&quot;,&quot;focal_length&quot;:&quot;42&quot;,&quot;iso&quot;:&quot;200&quot;,&quot;shutter_speed&quot;:&quot;0.005&quot;,&quot;title&quot;:&quot;&quot;,&quot;orientation&quot;:&quot;0&quot;}\" data-image-title=\"E&amp;#038;E-28\" data-image-description=\"\" data-image-caption=\"\" data-large-file=\"https:\/\/i0.wp.com\/kirstengomez.es\/bodas\/wp-content\/uploads\/2015\/03\/ee-28.jpg?fit=700%2C438\" class=\"alignnone size-full wp-image-501\" src=\"https:\/\/i0.wp.com\/kirstengomez.es\/bodas\/wp-content\/uploads\/2015\/03\/ee-28.jpg?resize=700%2C438\" alt=\"E&amp;E-28\" width=\"700\" height=\"438\" srcset=\"https:\/\/i0.wp.com\/kirstengomez.es\/bodas\/wp-content\/uploads\/2015\/03\/ee-28.jpg?w=700 700w, https:\/\/i0.wp.com\/kirstengomez.es\/bodas\/wp-content\/uploads\/2015\/03\/ee-28.jpg?resize=300%2C188 300w, https:\/\/i0.wp.com\/kirstengomez.es\/bodas\/wp-content\/uploads\/2015\/03\/ee-28.jpg?resize=500%2C313 500w\" sizes=\"auto, (max-width: 700px) 100vw, 700px\" \/><br \/>\n<img data-recalc-dims=\"1\" loading=\"lazy\" decoding=\"async\" data-attachment-id=\"502\" data-permalink=\"http:\/\/kirstengomez.es\/bodas\/?attachment_id=502\" data-orig-file=\"https:\/\/i0.wp.com\/kirstengomez.es\/bodas\/wp-content\/uploads\/2015\/03\/ee-29.jpg?fit=700%2C467\" data-orig-size=\"700,467\" data-comments-opened=\"1\" data-image-meta=\"{&quot;aperture&quot;:&quot;3.2&quot;,&quot;credit&quot;:&quot;Kirsten G\\u00f3mez&quot;,&quot;camera&quot;:&quot;Canon EOS 5D Mark III&quot;,&quot;caption&quot;:&quot;&quot;,&quot;created_timestamp&quot;:&quot;1410636930&quot;,&quot;copyright&quot;:&quot;&quot;,&quot;focal_length&quot;:&quot;33&quot;,&quot;iso&quot;:&quot;200&quot;,&quot;shutter_speed&quot;:&quot;0.01&quot;,&quot;title&quot;:&quot;&quot;,&quot;orientation&quot;:&quot;0&quot;}\" data-image-title=\"E&amp;#038;E-29\" data-image-description=\"\" data-image-caption=\"\" data-large-file=\"https:\/\/i0.wp.com\/kirstengomez.es\/bodas\/wp-content\/uploads\/2015\/03\/ee-29.jpg?fit=700%2C467\" class=\"alignnone size-full wp-image-502\" src=\"https:\/\/i0.wp.com\/kirstengomez.es\/bodas\/wp-content\/uploads\/2015\/03\/ee-29.jpg?resize=700%2C467\" alt=\"E&amp;E-29\" width=\"700\" height=\"467\" srcset=\"https:\/\/i0.wp.com\/kirstengomez.es\/bodas\/wp-content\/uploads\/2015\/03\/ee-29.jpg?w=700 700w, https:\/\/i0.wp.com\/kirstengomez.es\/bodas\/wp-content\/uploads\/2015\/03\/ee-29.jpg?resize=300%2C200 300w, https:\/\/i0.wp.com\/kirstengomez.es\/bodas\/wp-content\/uploads\/2015\/03\/ee-29.jpg?resize=500%2C334 500w\" sizes=\"auto, (max-width: 700px) 100vw, 700px\" \/><br \/>\n<img data-recalc-dims=\"1\" loading=\"lazy\" decoding=\"async\" data-attachment-id=\"513\" data-permalink=\"http:\/\/kirstengomez.es\/bodas\/?attachment_id=513\" data-orig-file=\"https:\/\/i0.wp.com\/kirstengomez.es\/bodas\/wp-content\/uploads\/2015\/03\/ee06.jpg?fit=700%2C517\" data-orig-size=\"700,517\" data-comments-opened=\"1\" data-image-meta=\"{&quot;aperture&quot;:&quot;0&quot;,&quot;credit&quot;:&quot;&quot;,&quot;camera&quot;:&quot;&quot;,&quot;caption&quot;:&quot;&quot;,&quot;created_timestamp&quot;:&quot;0&quot;,&quot;copyright&quot;:&quot;&quot;,&quot;focal_length&quot;:&quot;0&quot;,&quot;iso&quot;:&quot;0&quot;,&quot;shutter_speed&quot;:&quot;0&quot;,&quot;title&quot;:&quot;&quot;,&quot;orientation&quot;:&quot;0&quot;}\" data-image-title=\"E&amp;#038;E06\" data-image-description=\"\" data-image-caption=\"\" data-large-file=\"https:\/\/i0.wp.com\/kirstengomez.es\/bodas\/wp-content\/uploads\/2015\/03\/ee06.jpg?fit=700%2C517\" class=\"alignnone size-full wp-image-513\" src=\"https:\/\/i0.wp.com\/kirstengomez.es\/bodas\/wp-content\/uploads\/2015\/03\/ee06.jpg?resize=700%2C517\" alt=\"E&amp;E06\" width=\"700\" height=\"517\" srcset=\"https:\/\/i0.wp.com\/kirstengomez.es\/bodas\/wp-content\/uploads\/2015\/03\/ee06.jpg?w=700 700w, https:\/\/i0.wp.com\/kirstengomez.es\/bodas\/wp-content\/uploads\/2015\/03\/ee06.jpg?resize=300%2C222 300w, https:\/\/i0.wp.com\/kirstengomez.es\/bodas\/wp-content\/uploads\/2015\/03\/ee06.jpg?resize=500%2C369 500w\" sizes=\"auto, (max-width: 700px) 100vw, 700px\" \/><br \/>\n<img data-recalc-dims=\"1\" loading=\"lazy\" decoding=\"async\" data-attachment-id=\"505\" data-permalink=\"http:\/\/kirstengomez.es\/bodas\/?attachment_id=505\" data-orig-file=\"https:\/\/i0.wp.com\/kirstengomez.es\/bodas\/wp-content\/uploads\/2015\/03\/ee-32.jpg?fit=700%2C467\" data-orig-size=\"700,467\" data-comments-opened=\"1\" data-image-meta=\"{&quot;aperture&quot;:&quot;2.8&quot;,&quot;credit&quot;:&quot;Kirsten G\\u00f3mez&quot;,&quot;camera&quot;:&quot;Canon EOS 5D Mark III&quot;,&quot;caption&quot;:&quot;&quot;,&quot;created_timestamp&quot;:&quot;1410646571&quot;,&quot;copyright&quot;:&quot;&quot;,&quot;focal_length&quot;:&quot;38&quot;,&quot;iso&quot;:&quot;12800&quot;,&quot;shutter_speed&quot;:&quot;0.008&quot;,&quot;title&quot;:&quot;&quot;,&quot;orientation&quot;:&quot;0&quot;}\" data-image-title=\"E&amp;#038;E-32\" data-image-description=\"\" data-image-caption=\"\" data-large-file=\"https:\/\/i0.wp.com\/kirstengomez.es\/bodas\/wp-content\/uploads\/2015\/03\/ee-32.jpg?fit=700%2C467\" class=\"alignnone size-full wp-image-505\" src=\"https:\/\/i0.wp.com\/kirstengomez.es\/bodas\/wp-content\/uploads\/2015\/03\/ee-32.jpg?resize=700%2C467\" alt=\"E&amp;E-32\" width=\"700\" height=\"467\" srcset=\"https:\/\/i0.wp.com\/kirstengomez.es\/bodas\/wp-content\/uploads\/2015\/03\/ee-32.jpg?w=700 700w, https:\/\/i0.wp.com\/kirstengomez.es\/bodas\/wp-content\/uploads\/2015\/03\/ee-32.jpg?resize=300%2C200 300w, https:\/\/i0.wp.com\/kirstengomez.es\/bodas\/wp-content\/uploads\/2015\/03\/ee-32.jpg?resize=500%2C334 500w\" sizes=\"auto, (max-width: 700px) 100vw, 700px\" \/><br \/>\n<img data-recalc-dims=\"1\" loading=\"lazy\" decoding=\"async\" data-attachment-id=\"506\" data-permalink=\"http:\/\/kirstengomez.es\/bodas\/?attachment_id=506\" data-orig-file=\"https:\/\/i0.wp.com\/kirstengomez.es\/bodas\/wp-content\/uploads\/2015\/03\/ee-33.jpg?fit=700%2C394\" data-orig-size=\"700,394\" data-comments-opened=\"1\" data-image-meta=\"{&quot;aperture&quot;:&quot;2.8&quot;,&quot;credit&quot;:&quot;Kirsten G\\u00f3mez&quot;,&quot;camera&quot;:&quot;Canon EOS 5D Mark III&quot;,&quot;caption&quot;:&quot;&quot;,&quot;created_timestamp&quot;:&quot;1410647517&quot;,&quot;copyright&quot;:&quot;&quot;,&quot;focal_length&quot;:&quot;70&quot;,&quot;iso&quot;:&quot;12800&quot;,&quot;shutter_speed&quot;:&quot;0.008&quot;,&quot;title&quot;:&quot;&quot;,&quot;orientation&quot;:&quot;0&quot;}\" data-image-title=\"E&amp;#038;E-33\" data-image-description=\"\" data-image-caption=\"\" data-large-file=\"https:\/\/i0.wp.com\/kirstengomez.es\/bodas\/wp-content\/uploads\/2015\/03\/ee-33.jpg?fit=700%2C394\" class=\"alignnone size-full wp-image-506\" src=\"https:\/\/i0.wp.com\/kirstengomez.es\/bodas\/wp-content\/uploads\/2015\/03\/ee-33.jpg?resize=700%2C394\" alt=\"E&amp;E-33\" width=\"700\" height=\"394\" srcset=\"https:\/\/i0.wp.com\/kirstengomez.es\/bodas\/wp-content\/uploads\/2015\/03\/ee-33.jpg?w=700 700w, https:\/\/i0.wp.com\/kirstengomez.es\/bodas\/wp-content\/uploads\/2015\/03\/ee-33.jpg?resize=300%2C169 300w, https:\/\/i0.wp.com\/kirstengomez.es\/bodas\/wp-content\/uploads\/2015\/03\/ee-33.jpg?resize=500%2C281 500w\" sizes=\"auto, (max-width: 700px) 100vw, 700px\" \/><br \/>\n<img data-recalc-dims=\"1\" loading=\"lazy\" decoding=\"async\" data-attachment-id=\"514\" data-permalink=\"http:\/\/kirstengomez.es\/bodas\/?attachment_id=514\" data-orig-file=\"https:\/\/i0.wp.com\/kirstengomez.es\/bodas\/wp-content\/uploads\/2015\/03\/ee07.jpg?fit=700%2C517\" data-orig-size=\"700,517\" data-comments-opened=\"1\" data-image-meta=\"{&quot;aperture&quot;:&quot;0&quot;,&quot;credit&quot;:&quot;&quot;,&quot;camera&quot;:&quot;&quot;,&quot;caption&quot;:&quot;&quot;,&quot;created_timestamp&quot;:&quot;0&quot;,&quot;copyright&quot;:&quot;&quot;,&quot;focal_length&quot;:&quot;0&quot;,&quot;iso&quot;:&quot;0&quot;,&quot;shutter_speed&quot;:&quot;0&quot;,&quot;title&quot;:&quot;&quot;,&quot;orientation&quot;:&quot;0&quot;}\" data-image-title=\"E&amp;#038;E07\" data-image-description=\"\" data-image-caption=\"\" data-large-file=\"https:\/\/i0.wp.com\/kirstengomez.es\/bodas\/wp-content\/uploads\/2015\/03\/ee07.jpg?fit=700%2C517\" class=\"alignnone size-full wp-image-514\" src=\"https:\/\/i0.wp.com\/kirstengomez.es\/bodas\/wp-content\/uploads\/2015\/03\/ee07.jpg?resize=700%2C517\" alt=\"E&amp;E07\" width=\"700\" height=\"517\" srcset=\"https:\/\/i0.wp.com\/kirstengomez.es\/bodas\/wp-content\/uploads\/2015\/03\/ee07.jpg?w=700 700w, https:\/\/i0.wp.com\/kirstengomez.es\/bodas\/wp-content\/uploads\/2015\/03\/ee07.jpg?resize=300%2C222 300w, https:\/\/i0.wp.com\/kirstengomez.es\/bodas\/wp-content\/uploads\/2015\/03\/ee07.jpg?resize=500%2C369 500w\" sizes=\"auto, (max-width: 700px) 100vw, 700px\" \/><br \/>\n<img data-recalc-dims=\"1\" loading=\"lazy\" decoding=\"async\" data-attachment-id=\"504\" data-permalink=\"http:\/\/kirstengomez.es\/bodas\/?attachment_id=504\" data-orig-file=\"https:\/\/i0.wp.com\/kirstengomez.es\/bodas\/wp-content\/uploads\/2015\/03\/ee-31.jpg?fit=700%2C467\" data-orig-size=\"700,467\" data-comments-opened=\"1\" data-image-meta=\"{&quot;aperture&quot;:&quot;2.8&quot;,&quot;credit&quot;:&quot;Kirsten G\\u00f3mez&quot;,&quot;camera&quot;:&quot;Canon EOS 5D Mark III&quot;,&quot;caption&quot;:&quot;&quot;,&quot;created_timestamp&quot;:&quot;1410641648&quot;,&quot;copyright&quot;:&quot;&quot;,&quot;focal_length&quot;:&quot;24&quot;,&quot;iso&quot;:&quot;16000&quot;,&quot;shutter_speed&quot;:&quot;0.01&quot;,&quot;title&quot;:&quot;&quot;,&quot;orientation&quot;:&quot;0&quot;}\" data-image-title=\"E&amp;#038;E-31\" data-image-description=\"\" data-image-caption=\"\" data-large-file=\"https:\/\/i0.wp.com\/kirstengomez.es\/bodas\/wp-content\/uploads\/2015\/03\/ee-31.jpg?fit=700%2C467\" class=\"alignnone size-full wp-image-504\" src=\"https:\/\/i0.wp.com\/kirstengomez.es\/bodas\/wp-content\/uploads\/2015\/03\/ee-31.jpg?resize=700%2C467\" alt=\"E&amp;E-31\" width=\"700\" height=\"467\" srcset=\"https:\/\/i0.wp.com\/kirstengomez.es\/bodas\/wp-content\/uploads\/2015\/03\/ee-31.jpg?w=700 700w, https:\/\/i0.wp.com\/kirstengomez.es\/bodas\/wp-content\/uploads\/2015\/03\/ee-31.jpg?resize=300%2C200 300w, https:\/\/i0.wp.com\/kirstengomez.es\/bodas\/wp-content\/uploads\/2015\/03\/ee-31.jpg?resize=500%2C334 500w\" sizes=\"auto, (max-width: 700px) 100vw, 700px\" \/><br \/>\n<img data-recalc-dims=\"1\" loading=\"lazy\" decoding=\"async\" data-attachment-id=\"507\" data-permalink=\"http:\/\/kirstengomez.es\/bodas\/?attachment_id=507\" data-orig-file=\"https:\/\/i0.wp.com\/kirstengomez.es\/bodas\/wp-content\/uploads\/2015\/03\/ee-34.jpg?fit=700%2C467\" data-orig-size=\"700,467\" data-comments-opened=\"1\" data-image-meta=\"{&quot;aperture&quot;:&quot;2.8&quot;,&quot;credit&quot;:&quot;Kirsten G\\u00f3mez&quot;,&quot;camera&quot;:&quot;Canon EOS 5D Mark III&quot;,&quot;caption&quot;:&quot;&quot;,&quot;created_timestamp&quot;:&quot;1410651755&quot;,&quot;copyright&quot;:&quot;&quot;,&quot;focal_length&quot;:&quot;24&quot;,&quot;iso&quot;:&quot;12800&quot;,&quot;shutter_speed&quot;:&quot;0.01&quot;,&quot;title&quot;:&quot;&quot;,&quot;orientation&quot;:&quot;0&quot;}\" data-image-title=\"E&amp;#038;E-34\" data-image-description=\"\" data-image-caption=\"\" data-large-file=\"https:\/\/i0.wp.com\/kirstengomez.es\/bodas\/wp-content\/uploads\/2015\/03\/ee-34.jpg?fit=700%2C467\" class=\"alignnone size-full wp-image-507\" src=\"https:\/\/i0.wp.com\/kirstengomez.es\/bodas\/wp-content\/uploads\/2015\/03\/ee-34.jpg?resize=700%2C467\" alt=\"E&amp;E-34\" width=\"700\" height=\"467\" srcset=\"https:\/\/i0.wp.com\/kirstengomez.es\/bodas\/wp-content\/uploads\/2015\/03\/ee-34.jpg?w=700 700w, https:\/\/i0.wp.com\/kirstengomez.es\/bodas\/wp-content\/uploads\/2015\/03\/ee-34.jpg?resize=300%2C200 300w, https:\/\/i0.wp.com\/kirstengomez.es\/bodas\/wp-content\/uploads\/2015\/03\/ee-34.jpg?resize=500%2C334 500w\" sizes=\"auto, (max-width: 700px) 100vw, 700px\" \/><\/p>\n<p>&nbsp;<\/p>\n<p>Y unos d\u00edas despu\u00e9s del gran d\u00eda, la post-boda en un lugar m\u00e1gico para ellos.<br \/>\n&nbsp;<\/p>\n<p><img data-recalc-dims=\"1\" loading=\"lazy\" decoding=\"async\" data-attachment-id=\"523\" data-permalink=\"http:\/\/kirstengomez.es\/bodas\/?attachment_id=523\" data-orig-file=\"https:\/\/i0.wp.com\/kirstengomez.es\/bodas\/wp-content\/uploads\/2015\/03\/eepostcasament-6.jpg?fit=700%2C467\" data-orig-size=\"700,467\" data-comments-opened=\"1\" data-image-meta=\"{&quot;aperture&quot;:&quot;2.8&quot;,&quot;credit&quot;:&quot;Kirsten G\\u00f3mez&quot;,&quot;camera&quot;:&quot;Canon EOS 5D Mark III&quot;,&quot;caption&quot;:&quot;&quot;,&quot;created_timestamp&quot;:&quot;1412789830&quot;,&quot;copyright&quot;:&quot;&quot;,&quot;focal_length&quot;:&quot;63&quot;,&quot;iso&quot;:&quot;125&quot;,&quot;shutter_speed&quot;:&quot;0.008&quot;,&quot;title&quot;:&quot;&quot;,&quot;orientation&quot;:&quot;0&quot;}\" data-image-title=\"E&amp;#038;Epostcasament-6\" data-image-description=\"\" data-image-caption=\"\" data-large-file=\"https:\/\/i0.wp.com\/kirstengomez.es\/bodas\/wp-content\/uploads\/2015\/03\/eepostcasament-6.jpg?fit=700%2C467\" class=\"alignnone size-full wp-image-523\" src=\"https:\/\/i0.wp.com\/kirstengomez.es\/bodas\/wp-content\/uploads\/2015\/03\/eepostcasament-6.jpg?resize=700%2C467\" alt=\"E&amp;Epostcasament-6\" width=\"700\" height=\"467\" srcset=\"https:\/\/i0.wp.com\/kirstengomez.es\/bodas\/wp-content\/uploads\/2015\/03\/eepostcasament-6.jpg?w=700 700w, https:\/\/i0.wp.com\/kirstengomez.es\/bodas\/wp-content\/uploads\/2015\/03\/eepostcasament-6.jpg?resize=300%2C200 300w, https:\/\/i0.wp.com\/kirstengomez.es\/bodas\/wp-content\/uploads\/2015\/03\/eepostcasament-6.jpg?resize=500%2C334 500w\" sizes=\"auto, (max-width: 700px) 100vw, 700px\" \/><br \/>\n<img data-recalc-dims=\"1\" loading=\"lazy\" decoding=\"async\" data-attachment-id=\"537\" data-permalink=\"http:\/\/kirstengomez.es\/bodas\/?attachment_id=537\" data-orig-file=\"https:\/\/i0.wp.com\/kirstengomez.es\/bodas\/wp-content\/uploads\/2015\/03\/eepostcasament01.jpg?fit=700%2C517\" data-orig-size=\"700,517\" data-comments-opened=\"1\" data-image-meta=\"{&quot;aperture&quot;:&quot;0&quot;,&quot;credit&quot;:&quot;&quot;,&quot;camera&quot;:&quot;&quot;,&quot;caption&quot;:&quot;&quot;,&quot;created_timestamp&quot;:&quot;0&quot;,&quot;copyright&quot;:&quot;&quot;,&quot;focal_length&quot;:&quot;0&quot;,&quot;iso&quot;:&quot;0&quot;,&quot;shutter_speed&quot;:&quot;0&quot;,&quot;title&quot;:&quot;&quot;,&quot;orientation&quot;:&quot;0&quot;}\" data-image-title=\"E&amp;#038;Epostcasament01\" data-image-description=\"\" data-image-caption=\"\" data-large-file=\"https:\/\/i0.wp.com\/kirstengomez.es\/bodas\/wp-content\/uploads\/2015\/03\/eepostcasament01.jpg?fit=700%2C517\" class=\"alignnone size-full wp-image-537\" src=\"https:\/\/i0.wp.com\/kirstengomez.es\/bodas\/wp-content\/uploads\/2015\/03\/eepostcasament01.jpg?resize=700%2C517\" alt=\"E&amp;Epostcasament01\" width=\"700\" height=\"517\" srcset=\"https:\/\/i0.wp.com\/kirstengomez.es\/bodas\/wp-content\/uploads\/2015\/03\/eepostcasament01.jpg?w=700 700w, https:\/\/i0.wp.com\/kirstengomez.es\/bodas\/wp-content\/uploads\/2015\/03\/eepostcasament01.jpg?resize=300%2C222 300w, https:\/\/i0.wp.com\/kirstengomez.es\/bodas\/wp-content\/uploads\/2015\/03\/eepostcasament01.jpg?resize=500%2C369 500w\" sizes=\"auto, (max-width: 700px) 100vw, 700px\" \/><br \/>\n<img data-recalc-dims=\"1\" loading=\"lazy\" decoding=\"async\" data-attachment-id=\"522\" data-permalink=\"http:\/\/kirstengomez.es\/bodas\/?attachment_id=522\" data-orig-file=\"https:\/\/i0.wp.com\/kirstengomez.es\/bodas\/wp-content\/uploads\/2015\/03\/eepostcasament-5.jpg?fit=700%2C467\" data-orig-size=\"700,467\" data-comments-opened=\"1\" data-image-meta=\"{&quot;aperture&quot;:&quot;3.5&quot;,&quot;credit&quot;:&quot;Kirsten G\\u00f3mez&quot;,&quot;camera&quot;:&quot;Canon EOS 5D Mark III&quot;,&quot;caption&quot;:&quot;&quot;,&quot;created_timestamp&quot;:&quot;1412789780&quot;,&quot;copyright&quot;:&quot;&quot;,&quot;focal_length&quot;:&quot;63&quot;,&quot;iso&quot;:&quot;125&quot;,&quot;shutter_speed&quot;:&quot;0.008&quot;,&quot;title&quot;:&quot;&quot;,&quot;orientation&quot;:&quot;0&quot;}\" data-image-title=\"E&amp;#038;Epostcasament-5\" data-image-description=\"\" data-image-caption=\"\" data-large-file=\"https:\/\/i0.wp.com\/kirstengomez.es\/bodas\/wp-content\/uploads\/2015\/03\/eepostcasament-5.jpg?fit=700%2C467\" class=\"alignnone size-full wp-image-522\" src=\"https:\/\/i0.wp.com\/kirstengomez.es\/bodas\/wp-content\/uploads\/2015\/03\/eepostcasament-5.jpg?resize=700%2C467\" alt=\"E&amp;Epostcasament-5\" width=\"700\" height=\"467\" srcset=\"https:\/\/i0.wp.com\/kirstengomez.es\/bodas\/wp-content\/uploads\/2015\/03\/eepostcasament-5.jpg?w=700 700w, https:\/\/i0.wp.com\/kirstengomez.es\/bodas\/wp-content\/uploads\/2015\/03\/eepostcasament-5.jpg?resize=300%2C200 300w, https:\/\/i0.wp.com\/kirstengomez.es\/bodas\/wp-content\/uploads\/2015\/03\/eepostcasament-5.jpg?resize=500%2C334 500w\" sizes=\"auto, (max-width: 700px) 100vw, 700px\" \/><br \/>\n<img data-recalc-dims=\"1\" loading=\"lazy\" decoding=\"async\" data-attachment-id=\"521\" data-permalink=\"http:\/\/kirstengomez.es\/bodas\/?attachment_id=521\" data-orig-file=\"https:\/\/i0.wp.com\/kirstengomez.es\/bodas\/wp-content\/uploads\/2015\/03\/eepostcasament-4.jpg?fit=700%2C467\" data-orig-size=\"700,467\" data-comments-opened=\"1\" data-image-meta=\"{&quot;aperture&quot;:&quot;3.5&quot;,&quot;credit&quot;:&quot;Kirsten G\\u00f3mez&quot;,&quot;camera&quot;:&quot;Canon EOS 5D Mark III&quot;,&quot;caption&quot;:&quot;&quot;,&quot;created_timestamp&quot;:&quot;1412789760&quot;,&quot;copyright&quot;:&quot;&quot;,&quot;focal_length&quot;:&quot;63&quot;,&quot;iso&quot;:&quot;125&quot;,&quot;shutter_speed&quot;:&quot;0.008&quot;,&quot;title&quot;:&quot;&quot;,&quot;orientation&quot;:&quot;0&quot;}\" data-image-title=\"E&amp;#038;Epostcasament-4\" data-image-description=\"\" data-image-caption=\"\" data-large-file=\"https:\/\/i0.wp.com\/kirstengomez.es\/bodas\/wp-content\/uploads\/2015\/03\/eepostcasament-4.jpg?fit=700%2C467\" class=\"alignnone size-full wp-image-521\" src=\"https:\/\/i0.wp.com\/kirstengomez.es\/bodas\/wp-content\/uploads\/2015\/03\/eepostcasament-4.jpg?resize=700%2C467\" alt=\"E&amp;Epostcasament-4\" width=\"700\" height=\"467\" srcset=\"https:\/\/i0.wp.com\/kirstengomez.es\/bodas\/wp-content\/uploads\/2015\/03\/eepostcasament-4.jpg?w=700 700w, https:\/\/i0.wp.com\/kirstengomez.es\/bodas\/wp-content\/uploads\/2015\/03\/eepostcasament-4.jpg?resize=300%2C200 300w, https:\/\/i0.wp.com\/kirstengomez.es\/bodas\/wp-content\/uploads\/2015\/03\/eepostcasament-4.jpg?resize=500%2C334 500w\" sizes=\"auto, (max-width: 700px) 100vw, 700px\" \/><br \/>\n<img data-recalc-dims=\"1\" loading=\"lazy\" decoding=\"async\" data-attachment-id=\"519\" data-permalink=\"http:\/\/kirstengomez.es\/bodas\/?attachment_id=519\" data-orig-file=\"https:\/\/i0.wp.com\/kirstengomez.es\/bodas\/wp-content\/uploads\/2015\/03\/eepostcasament-2.jpg?fit=700%2C467\" data-orig-size=\"700,467\" data-comments-opened=\"1\" data-image-meta=\"{&quot;aperture&quot;:&quot;2.8&quot;,&quot;credit&quot;:&quot;Kirsten G\\u00f3mez&quot;,&quot;camera&quot;:&quot;Canon EOS 5D Mark III&quot;,&quot;caption&quot;:&quot;&quot;,&quot;created_timestamp&quot;:&quot;1412789205&quot;,&quot;copyright&quot;:&quot;&quot;,&quot;focal_length&quot;:&quot;70&quot;,&quot;iso&quot;:&quot;160&quot;,&quot;shutter_speed&quot;:&quot;0.008&quot;,&quot;title&quot;:&quot;&quot;,&quot;orientation&quot;:&quot;0&quot;}\" data-image-title=\"E&amp;#038;Epostcasament-2\" data-image-description=\"\" data-image-caption=\"\" data-large-file=\"https:\/\/i0.wp.com\/kirstengomez.es\/bodas\/wp-content\/uploads\/2015\/03\/eepostcasament-2.jpg?fit=700%2C467\" class=\"alignnone size-full wp-image-519\" src=\"https:\/\/i0.wp.com\/kirstengomez.es\/bodas\/wp-content\/uploads\/2015\/03\/eepostcasament-2.jpg?resize=700%2C467\" alt=\"E&amp;Epostcasament-2\" width=\"700\" height=\"467\" srcset=\"https:\/\/i0.wp.com\/kirstengomez.es\/bodas\/wp-content\/uploads\/2015\/03\/eepostcasament-2.jpg?w=700 700w, https:\/\/i0.wp.com\/kirstengomez.es\/bodas\/wp-content\/uploads\/2015\/03\/eepostcasament-2.jpg?resize=300%2C200 300w, https:\/\/i0.wp.com\/kirstengomez.es\/bodas\/wp-content\/uploads\/2015\/03\/eepostcasament-2.jpg?resize=500%2C334 500w\" sizes=\"auto, (max-width: 700px) 100vw, 700px\" \/><br \/>\n<img data-recalc-dims=\"1\" loading=\"lazy\" decoding=\"async\" data-attachment-id=\"542\" data-permalink=\"http:\/\/kirstengomez.es\/bodas\/?attachment_id=542\" data-orig-file=\"https:\/\/i0.wp.com\/kirstengomez.es\/bodas\/wp-content\/uploads\/2015\/03\/eepostcasament06.jpg?fit=700%2C517\" data-orig-size=\"700,517\" data-comments-opened=\"1\" data-image-meta=\"{&quot;aperture&quot;:&quot;0&quot;,&quot;credit&quot;:&quot;&quot;,&quot;camera&quot;:&quot;&quot;,&quot;caption&quot;:&quot;&quot;,&quot;created_timestamp&quot;:&quot;0&quot;,&quot;copyright&quot;:&quot;&quot;,&quot;focal_length&quot;:&quot;0&quot;,&quot;iso&quot;:&quot;0&quot;,&quot;shutter_speed&quot;:&quot;0&quot;,&quot;title&quot;:&quot;&quot;,&quot;orientation&quot;:&quot;0&quot;}\" data-image-title=\"E&amp;#038;Epostcasament06\" data-image-description=\"\" data-image-caption=\"\" data-large-file=\"https:\/\/i0.wp.com\/kirstengomez.es\/bodas\/wp-content\/uploads\/2015\/03\/eepostcasament06.jpg?fit=700%2C517\" class=\"alignnone size-full wp-image-542\" src=\"https:\/\/i0.wp.com\/kirstengomez.es\/bodas\/wp-content\/uploads\/2015\/03\/eepostcasament06.jpg?resize=700%2C517\" alt=\"E&amp;Epostcasament06\" width=\"700\" height=\"517\" srcset=\"https:\/\/i0.wp.com\/kirstengomez.es\/bodas\/wp-content\/uploads\/2015\/03\/eepostcasament06.jpg?w=700 700w, https:\/\/i0.wp.com\/kirstengomez.es\/bodas\/wp-content\/uploads\/2015\/03\/eepostcasament06.jpg?resize=300%2C222 300w, https:\/\/i0.wp.com\/kirstengomez.es\/bodas\/wp-content\/uploads\/2015\/03\/eepostcasament06.jpg?resize=500%2C369 500w\" sizes=\"auto, (max-width: 700px) 100vw, 700px\" \/><br \/>\n<img data-recalc-dims=\"1\" loading=\"lazy\" decoding=\"async\" data-attachment-id=\"538\" data-permalink=\"http:\/\/kirstengomez.es\/bodas\/?attachment_id=538\" data-orig-file=\"https:\/\/i0.wp.com\/kirstengomez.es\/bodas\/wp-content\/uploads\/2015\/03\/eepostcasament02.jpg?fit=700%2C517\" data-orig-size=\"700,517\" data-comments-opened=\"1\" data-image-meta=\"{&quot;aperture&quot;:&quot;0&quot;,&quot;credit&quot;:&quot;&quot;,&quot;camera&quot;:&quot;&quot;,&quot;caption&quot;:&quot;&quot;,&quot;created_timestamp&quot;:&quot;0&quot;,&quot;copyright&quot;:&quot;&quot;,&quot;focal_length&quot;:&quot;0&quot;,&quot;iso&quot;:&quot;0&quot;,&quot;shutter_speed&quot;:&quot;0&quot;,&quot;title&quot;:&quot;&quot;,&quot;orientation&quot;:&quot;0&quot;}\" data-image-title=\"E&amp;#038;Epostcasament02\" data-image-description=\"\" data-image-caption=\"\" data-large-file=\"https:\/\/i0.wp.com\/kirstengomez.es\/bodas\/wp-content\/uploads\/2015\/03\/eepostcasament02.jpg?fit=700%2C517\" class=\"alignnone size-full wp-image-538\" src=\"https:\/\/i0.wp.com\/kirstengomez.es\/bodas\/wp-content\/uploads\/2015\/03\/eepostcasament02.jpg?resize=700%2C517\" alt=\"E&amp;Epostcasament02\" width=\"700\" height=\"517\" srcset=\"https:\/\/i0.wp.com\/kirstengomez.es\/bodas\/wp-content\/uploads\/2015\/03\/eepostcasament02.jpg?w=700 700w, https:\/\/i0.wp.com\/kirstengomez.es\/bodas\/wp-content\/uploads\/2015\/03\/eepostcasament02.jpg?resize=300%2C222 300w, https:\/\/i0.wp.com\/kirstengomez.es\/bodas\/wp-content\/uploads\/2015\/03\/eepostcasament02.jpg?resize=500%2C369 500w\" sizes=\"auto, (max-width: 700px) 100vw, 700px\" \/><br \/>\n<img data-recalc-dims=\"1\" loading=\"lazy\" decoding=\"async\" data-attachment-id=\"524\" data-permalink=\"http:\/\/kirstengomez.es\/bodas\/?attachment_id=524\" data-orig-file=\"https:\/\/i0.wp.com\/kirstengomez.es\/bodas\/wp-content\/uploads\/2015\/03\/eepostcasament-7.jpg?fit=700%2C467\" data-orig-size=\"700,467\" data-comments-opened=\"1\" data-image-meta=\"{&quot;aperture&quot;:&quot;2.8&quot;,&quot;credit&quot;:&quot;Kirsten G\\u00f3mez&quot;,&quot;camera&quot;:&quot;Canon EOS 5D Mark III&quot;,&quot;caption&quot;:&quot;&quot;,&quot;created_timestamp&quot;:&quot;1412791475&quot;,&quot;copyright&quot;:&quot;&quot;,&quot;focal_length&quot;:&quot;55&quot;,&quot;iso&quot;:&quot;1250&quot;,&quot;shutter_speed&quot;:&quot;0.008&quot;,&quot;title&quot;:&quot;&quot;,&quot;orientation&quot;:&quot;0&quot;}\" data-image-title=\"E&amp;#038;Epostcasament-7\" data-image-description=\"\" data-image-caption=\"\" data-large-file=\"https:\/\/i0.wp.com\/kirstengomez.es\/bodas\/wp-content\/uploads\/2015\/03\/eepostcasament-7.jpg?fit=700%2C467\" class=\"alignnone size-full wp-image-524\" src=\"https:\/\/i0.wp.com\/kirstengomez.es\/bodas\/wp-content\/uploads\/2015\/03\/eepostcasament-7.jpg?resize=700%2C467\" alt=\"E&amp;Epostcasament-7\" width=\"700\" height=\"467\" srcset=\"https:\/\/i0.wp.com\/kirstengomez.es\/bodas\/wp-content\/uploads\/2015\/03\/eepostcasament-7.jpg?w=700 700w, https:\/\/i0.wp.com\/kirstengomez.es\/bodas\/wp-content\/uploads\/2015\/03\/eepostcasament-7.jpg?resize=300%2C200 300w, https:\/\/i0.wp.com\/kirstengomez.es\/bodas\/wp-content\/uploads\/2015\/03\/eepostcasament-7.jpg?resize=500%2C334 500w\" sizes=\"auto, (max-width: 700px) 100vw, 700px\" \/><br \/>\n<img data-recalc-dims=\"1\" loading=\"lazy\" decoding=\"async\" data-attachment-id=\"532\" data-permalink=\"http:\/\/kirstengomez.es\/bodas\/?attachment_id=532\" data-orig-file=\"https:\/\/i0.wp.com\/kirstengomez.es\/bodas\/wp-content\/uploads\/2015\/03\/eepostcasament-15.jpg?fit=700%2C394\" data-orig-size=\"700,394\" data-comments-opened=\"1\" data-image-meta=\"{&quot;aperture&quot;:&quot;2.8&quot;,&quot;credit&quot;:&quot;Kirsten G\\u00f3mez&quot;,&quot;camera&quot;:&quot;Canon EOS 5D Mark III&quot;,&quot;caption&quot;:&quot;&quot;,&quot;created_timestamp&quot;:&quot;1412792938&quot;,&quot;copyright&quot;:&quot;&quot;,&quot;focal_length&quot;:&quot;38&quot;,&quot;iso&quot;:&quot;200&quot;,&quot;shutter_speed&quot;:&quot;0.008&quot;,&quot;title&quot;:&quot;&quot;,&quot;orientation&quot;:&quot;0&quot;}\" data-image-title=\"E&amp;#038;Epostcasament-15\" data-image-description=\"\" data-image-caption=\"\" data-large-file=\"https:\/\/i0.wp.com\/kirstengomez.es\/bodas\/wp-content\/uploads\/2015\/03\/eepostcasament-15.jpg?fit=700%2C394\" class=\"alignnone size-full wp-image-532\" src=\"https:\/\/i0.wp.com\/kirstengomez.es\/bodas\/wp-content\/uploads\/2015\/03\/eepostcasament-15.jpg?resize=700%2C394\" alt=\"E&amp;Epostcasament-15\" width=\"700\" height=\"394\" srcset=\"https:\/\/i0.wp.com\/kirstengomez.es\/bodas\/wp-content\/uploads\/2015\/03\/eepostcasament-15.jpg?w=700 700w, https:\/\/i0.wp.com\/kirstengomez.es\/bodas\/wp-content\/uploads\/2015\/03\/eepostcasament-15.jpg?resize=300%2C169 300w, https:\/\/i0.wp.com\/kirstengomez.es\/bodas\/wp-content\/uploads\/2015\/03\/eepostcasament-15.jpg?resize=500%2C281 500w\" sizes=\"auto, (max-width: 700px) 100vw, 700px\" \/><br \/>\n<img data-recalc-dims=\"1\" loading=\"lazy\" decoding=\"async\" data-attachment-id=\"533\" data-permalink=\"http:\/\/kirstengomez.es\/bodas\/?attachment_id=533\" data-orig-file=\"https:\/\/i0.wp.com\/kirstengomez.es\/bodas\/wp-content\/uploads\/2015\/03\/eepostcasament-16.jpg?fit=700%2C467\" data-orig-size=\"700,467\" data-comments-opened=\"1\" data-image-meta=\"{&quot;aperture&quot;:&quot;2.8&quot;,&quot;credit&quot;:&quot;Kirsten G\\u00f3mez&quot;,&quot;camera&quot;:&quot;Canon EOS 5D Mark III&quot;,&quot;caption&quot;:&quot;&quot;,&quot;created_timestamp&quot;:&quot;1412793033&quot;,&quot;copyright&quot;:&quot;&quot;,&quot;focal_length&quot;:&quot;38&quot;,&quot;iso&quot;:&quot;200&quot;,&quot;shutter_speed&quot;:&quot;0.008&quot;,&quot;title&quot;:&quot;&quot;,&quot;orientation&quot;:&quot;0&quot;}\" data-image-title=\"E&amp;#038;Epostcasament-16\" data-image-description=\"\" data-image-caption=\"\" data-large-file=\"https:\/\/i0.wp.com\/kirstengomez.es\/bodas\/wp-content\/uploads\/2015\/03\/eepostcasament-16.jpg?fit=700%2C467\" class=\"alignnone size-full wp-image-533\" src=\"https:\/\/i0.wp.com\/kirstengomez.es\/bodas\/wp-content\/uploads\/2015\/03\/eepostcasament-16.jpg?resize=700%2C467\" alt=\"E&amp;Epostcasament-16\" width=\"700\" height=\"467\" srcset=\"https:\/\/i0.wp.com\/kirstengomez.es\/bodas\/wp-content\/uploads\/2015\/03\/eepostcasament-16.jpg?w=700 700w, https:\/\/i0.wp.com\/kirstengomez.es\/bodas\/wp-content\/uploads\/2015\/03\/eepostcasament-16.jpg?resize=300%2C200 300w, https:\/\/i0.wp.com\/kirstengomez.es\/bodas\/wp-content\/uploads\/2015\/03\/eepostcasament-16.jpg?resize=500%2C334 500w\" sizes=\"auto, (max-width: 700px) 100vw, 700px\" \/><br \/>\n<img data-recalc-dims=\"1\" loading=\"lazy\" decoding=\"async\" data-attachment-id=\"539\" data-permalink=\"http:\/\/kirstengomez.es\/bodas\/?attachment_id=539\" data-orig-file=\"https:\/\/i0.wp.com\/kirstengomez.es\/bodas\/wp-content\/uploads\/2015\/03\/eepostcasament03.jpg?fit=700%2C517\" data-orig-size=\"700,517\" data-comments-opened=\"1\" data-image-meta=\"{&quot;aperture&quot;:&quot;0&quot;,&quot;credit&quot;:&quot;&quot;,&quot;camera&quot;:&quot;&quot;,&quot;caption&quot;:&quot;&quot;,&quot;created_timestamp&quot;:&quot;0&quot;,&quot;copyright&quot;:&quot;&quot;,&quot;focal_length&quot;:&quot;0&quot;,&quot;iso&quot;:&quot;0&quot;,&quot;shutter_speed&quot;:&quot;0&quot;,&quot;title&quot;:&quot;&quot;,&quot;orientation&quot;:&quot;0&quot;}\" data-image-title=\"E&amp;#038;Epostcasament03\" data-image-description=\"\" data-image-caption=\"\" data-large-file=\"https:\/\/i0.wp.com\/kirstengomez.es\/bodas\/wp-content\/uploads\/2015\/03\/eepostcasament03.jpg?fit=700%2C517\" class=\"alignnone size-full wp-image-539\" src=\"https:\/\/i0.wp.com\/kirstengomez.es\/bodas\/wp-content\/uploads\/2015\/03\/eepostcasament03.jpg?resize=700%2C517\" alt=\"E&amp;Epostcasament03\" width=\"700\" height=\"517\" srcset=\"https:\/\/i0.wp.com\/kirstengomez.es\/bodas\/wp-content\/uploads\/2015\/03\/eepostcasament03.jpg?w=700 700w, https:\/\/i0.wp.com\/kirstengomez.es\/bodas\/wp-content\/uploads\/2015\/03\/eepostcasament03.jpg?resize=300%2C222 300w, https:\/\/i0.wp.com\/kirstengomez.es\/bodas\/wp-content\/uploads\/2015\/03\/eepostcasament03.jpg?resize=500%2C369 500w\" sizes=\"auto, (max-width: 700px) 100vw, 700px\" \/><br \/>\n<img data-recalc-dims=\"1\" loading=\"lazy\" decoding=\"async\" data-attachment-id=\"526\" data-permalink=\"http:\/\/kirstengomez.es\/bodas\/?attachment_id=526\" data-orig-file=\"https:\/\/i0.wp.com\/kirstengomez.es\/bodas\/wp-content\/uploads\/2015\/03\/eepostcasament-9.jpg?fit=700%2C467\" data-orig-size=\"700,467\" data-comments-opened=\"1\" data-image-meta=\"{&quot;aperture&quot;:&quot;2.8&quot;,&quot;credit&quot;:&quot;Kirsten G\\u00f3mez&quot;,&quot;camera&quot;:&quot;Canon EOS 5D Mark III&quot;,&quot;caption&quot;:&quot;&quot;,&quot;created_timestamp&quot;:&quot;1412792150&quot;,&quot;copyright&quot;:&quot;&quot;,&quot;focal_length&quot;:&quot;47&quot;,&quot;iso&quot;:&quot;1250&quot;,&quot;shutter_speed&quot;:&quot;0.008&quot;,&quot;title&quot;:&quot;&quot;,&quot;orientation&quot;:&quot;0&quot;}\" data-image-title=\"E&amp;#038;Epostcasament-9\" data-image-description=\"\" data-image-caption=\"\" data-large-file=\"https:\/\/i0.wp.com\/kirstengomez.es\/bodas\/wp-content\/uploads\/2015\/03\/eepostcasament-9.jpg?fit=700%2C467\" class=\"alignnone size-full wp-image-526\" src=\"https:\/\/i0.wp.com\/kirstengomez.es\/bodas\/wp-content\/uploads\/2015\/03\/eepostcasament-9.jpg?resize=700%2C467\" alt=\"E&amp;Epostcasament-9\" width=\"700\" height=\"467\" srcset=\"https:\/\/i0.wp.com\/kirstengomez.es\/bodas\/wp-content\/uploads\/2015\/03\/eepostcasament-9.jpg?w=700 700w, https:\/\/i0.wp.com\/kirstengomez.es\/bodas\/wp-content\/uploads\/2015\/03\/eepostcasament-9.jpg?resize=300%2C200 300w, https:\/\/i0.wp.com\/kirstengomez.es\/bodas\/wp-content\/uploads\/2015\/03\/eepostcasament-9.jpg?resize=500%2C334 500w\" sizes=\"auto, (max-width: 700px) 100vw, 700px\" \/><br \/>\n<img data-recalc-dims=\"1\" loading=\"lazy\" decoding=\"async\" data-attachment-id=\"525\" data-permalink=\"http:\/\/kirstengomez.es\/bodas\/?attachment_id=525\" data-orig-file=\"https:\/\/i0.wp.com\/kirstengomez.es\/bodas\/wp-content\/uploads\/2015\/03\/eepostcasament-8.jpg?fit=700%2C467\" data-orig-size=\"700,467\" data-comments-opened=\"1\" data-image-meta=\"{&quot;aperture&quot;:&quot;2.8&quot;,&quot;credit&quot;:&quot;Kirsten G\\u00f3mez&quot;,&quot;camera&quot;:&quot;Canon EOS 5D Mark III&quot;,&quot;caption&quot;:&quot;&quot;,&quot;created_timestamp&quot;:&quot;1412791649&quot;,&quot;copyright&quot;:&quot;&quot;,&quot;focal_length&quot;:&quot;24&quot;,&quot;iso&quot;:&quot;1250&quot;,&quot;shutter_speed&quot;:&quot;0.008&quot;,&quot;title&quot;:&quot;&quot;,&quot;orientation&quot;:&quot;0&quot;}\" data-image-title=\"E&amp;#038;Epostcasament-8\" data-image-description=\"\" data-image-caption=\"\" data-large-file=\"https:\/\/i0.wp.com\/kirstengomez.es\/bodas\/wp-content\/uploads\/2015\/03\/eepostcasament-8.jpg?fit=700%2C467\" class=\"alignnone size-full wp-image-525\" src=\"https:\/\/i0.wp.com\/kirstengomez.es\/bodas\/wp-content\/uploads\/2015\/03\/eepostcasament-8.jpg?resize=700%2C467\" alt=\"E&amp;Epostcasament-8\" width=\"700\" height=\"467\" srcset=\"https:\/\/i0.wp.com\/kirstengomez.es\/bodas\/wp-content\/uploads\/2015\/03\/eepostcasament-8.jpg?w=700 700w, https:\/\/i0.wp.com\/kirstengomez.es\/bodas\/wp-content\/uploads\/2015\/03\/eepostcasament-8.jpg?resize=300%2C200 300w, https:\/\/i0.wp.com\/kirstengomez.es\/bodas\/wp-content\/uploads\/2015\/03\/eepostcasament-8.jpg?resize=500%2C334 500w\" sizes=\"auto, (max-width: 700px) 100vw, 700px\" \/><br \/>\n<img data-recalc-dims=\"1\" loading=\"lazy\" decoding=\"async\" data-attachment-id=\"1056\" data-permalink=\"http:\/\/kirstengomez.es\/bodas\/?attachment_id=1056\" data-orig-file=\"https:\/\/i0.wp.com\/kirstengomez.es\/bodas\/wp-content\/uploads\/2014\/09\/eepostcasament-108.jpg?fit=700%2C467\" data-orig-size=\"700,467\" data-comments-opened=\"1\" data-image-meta=\"{&quot;aperture&quot;:&quot;2.8&quot;,&quot;credit&quot;:&quot;Kirsten G\\u00f3mez&quot;,&quot;camera&quot;:&quot;Canon EOS 5D Mark III&quot;,&quot;caption&quot;:&quot;&quot;,&quot;created_timestamp&quot;:&quot;1412793494&quot;,&quot;copyright&quot;:&quot;&quot;,&quot;focal_length&quot;:&quot;63&quot;,&quot;iso&quot;:&quot;200&quot;,&quot;shutter_speed&quot;:&quot;0.008&quot;,&quot;title&quot;:&quot;&quot;,&quot;orientation&quot;:&quot;1&quot;}\" data-image-title=\"E&amp;#038;Epostcasament-108\" data-image-description=\"\" data-image-caption=\"\" data-large-file=\"https:\/\/i0.wp.com\/kirstengomez.es\/bodas\/wp-content\/uploads\/2014\/09\/eepostcasament-108.jpg?fit=700%2C467\" class=\"alignleft size-full wp-image-1056\" src=\"https:\/\/i0.wp.com\/kirstengomez.es\/bodas\/wp-content\/uploads\/2014\/09\/eepostcasament-108.jpg?resize=700%2C467\" alt=\"E&amp;Epostcasament-108\" width=\"700\" height=\"467\" srcset=\"https:\/\/i0.wp.com\/kirstengomez.es\/bodas\/wp-content\/uploads\/2014\/09\/eepostcasament-108.jpg?w=700 700w, https:\/\/i0.wp.com\/kirstengomez.es\/bodas\/wp-content\/uploads\/2014\/09\/eepostcasament-108.jpg?resize=300%2C200 300w, https:\/\/i0.wp.com\/kirstengomez.es\/bodas\/wp-content\/uploads\/2014\/09\/eepostcasament-108.jpg?resize=500%2C334 500w\" sizes=\"auto, (max-width: 700px) 100vw, 700px\" \/><br \/>\n<img data-recalc-dims=\"1\" loading=\"lazy\" decoding=\"async\" data-attachment-id=\"535\" data-permalink=\"http:\/\/kirstengomez.es\/bodas\/?attachment_id=535\" data-orig-file=\"https:\/\/i0.wp.com\/kirstengomez.es\/bodas\/wp-content\/uploads\/2015\/03\/eepostcasament-18.jpg?fit=700%2C527\" data-orig-size=\"700,527\" data-comments-opened=\"1\" data-image-meta=\"{&quot;aperture&quot;:&quot;0&quot;,&quot;credit&quot;:&quot;&quot;,&quot;camera&quot;:&quot;&quot;,&quot;caption&quot;:&quot;&quot;,&quot;created_timestamp&quot;:&quot;1412855422&quot;,&quot;copyright&quot;:&quot;&quot;,&quot;focal_length&quot;:&quot;0&quot;,&quot;iso&quot;:&quot;0&quot;,&quot;shutter_speed&quot;:&quot;0&quot;,&quot;title&quot;:&quot;&quot;,&quot;orientation&quot;:&quot;0&quot;}\" data-image-title=\"E&amp;#038;Epostcasament-18\" data-image-description=\"\" data-image-caption=\"\" data-large-file=\"https:\/\/i0.wp.com\/kirstengomez.es\/bodas\/wp-content\/uploads\/2015\/03\/eepostcasament-18.jpg?fit=700%2C527\" class=\"alignnone size-full wp-image-535\" src=\"https:\/\/i0.wp.com\/kirstengomez.es\/bodas\/wp-content\/uploads\/2015\/03\/eepostcasament-18.jpg?resize=700%2C527\" alt=\"E&amp;Epostcasament-18\" width=\"700\" height=\"527\" srcset=\"https:\/\/i0.wp.com\/kirstengomez.es\/bodas\/wp-content\/uploads\/2015\/03\/eepostcasament-18.jpg?w=700 700w, https:\/\/i0.wp.com\/kirstengomez.es\/bodas\/wp-content\/uploads\/2015\/03\/eepostcasament-18.jpg?resize=300%2C226 300w, https:\/\/i0.wp.com\/kirstengomez.es\/bodas\/wp-content\/uploads\/2015\/03\/eepostcasament-18.jpg?resize=500%2C376 500w\" sizes=\"auto, (max-width: 700px) 100vw, 700px\" \/><br \/>\n<img data-recalc-dims=\"1\" loading=\"lazy\" decoding=\"async\" data-attachment-id=\"1057\" data-permalink=\"http:\/\/kirstengomez.es\/bodas\/?attachment_id=1057\" data-orig-file=\"https:\/\/i0.wp.com\/kirstengomez.es\/bodas\/wp-content\/uploads\/2014\/09\/eepostcasament-96.jpg?fit=700%2C467\" data-orig-size=\"700,467\" data-comments-opened=\"1\" data-image-meta=\"{&quot;aperture&quot;:&quot;3.5&quot;,&quot;credit&quot;:&quot;Kirsten G\\u00f3mez&quot;,&quot;camera&quot;:&quot;Canon EOS 5D Mark III&quot;,&quot;caption&quot;:&quot;&quot;,&quot;created_timestamp&quot;:&quot;1412792849&quot;,&quot;copyright&quot;:&quot;&quot;,&quot;focal_length&quot;:&quot;42&quot;,&quot;iso&quot;:&quot;200&quot;,&quot;shutter_speed&quot;:&quot;0.008&quot;,&quot;title&quot;:&quot;&quot;,&quot;orientation&quot;:&quot;1&quot;}\" data-image-title=\"E&amp;#038;Epostcasament-96\" data-image-description=\"\" data-image-caption=\"\" data-large-file=\"https:\/\/i0.wp.com\/kirstengomez.es\/bodas\/wp-content\/uploads\/2014\/09\/eepostcasament-96.jpg?fit=700%2C467\" class=\"alignleft size-full wp-image-1057\" src=\"https:\/\/i0.wp.com\/kirstengomez.es\/bodas\/wp-content\/uploads\/2014\/09\/eepostcasament-96.jpg?resize=700%2C467\" alt=\"E&amp;Epostcasament-96\" width=\"700\" height=\"467\" srcset=\"https:\/\/i0.wp.com\/kirstengomez.es\/bodas\/wp-content\/uploads\/2014\/09\/eepostcasament-96.jpg?w=700 700w, https:\/\/i0.wp.com\/kirstengomez.es\/bodas\/wp-content\/uploads\/2014\/09\/eepostcasament-96.jpg?resize=300%2C200 300w, https:\/\/i0.wp.com\/kirstengomez.es\/bodas\/wp-content\/uploads\/2014\/09\/eepostcasament-96.jpg?resize=500%2C334 500w\" sizes=\"auto, (max-width: 700px) 100vw, 700px\" \/><br \/>\n<img data-recalc-dims=\"1\" loading=\"lazy\" decoding=\"async\" data-attachment-id=\"531\" data-permalink=\"http:\/\/kirstengomez.es\/bodas\/?attachment_id=531\" data-orig-file=\"https:\/\/i0.wp.com\/kirstengomez.es\/bodas\/wp-content\/uploads\/2015\/03\/eepostcasament-14.jpg?fit=700%2C467\" data-orig-size=\"700,467\" data-comments-opened=\"1\" data-image-meta=\"{&quot;aperture&quot;:&quot;3.5&quot;,&quot;credit&quot;:&quot;Kirsten G\\u00f3mez&quot;,&quot;camera&quot;:&quot;Canon EOS 5D Mark III&quot;,&quot;caption&quot;:&quot;&quot;,&quot;created_timestamp&quot;:&quot;1412792860&quot;,&quot;copyright&quot;:&quot;&quot;,&quot;focal_length&quot;:&quot;67&quot;,&quot;iso&quot;:&quot;200&quot;,&quot;shutter_speed&quot;:&quot;0.008&quot;,&quot;title&quot;:&quot;&quot;,&quot;orientation&quot;:&quot;0&quot;}\" data-image-title=\"E&amp;#038;Epostcasament-14\" data-image-description=\"\" data-image-caption=\"\" data-large-file=\"https:\/\/i0.wp.com\/kirstengomez.es\/bodas\/wp-content\/uploads\/2015\/03\/eepostcasament-14.jpg?fit=700%2C467\" class=\"alignnone size-full wp-image-531\" src=\"https:\/\/i0.wp.com\/kirstengomez.es\/bodas\/wp-content\/uploads\/2015\/03\/eepostcasament-14.jpg?resize=700%2C467\" alt=\"E&amp;Epostcasament-14\" width=\"700\" height=\"467\" srcset=\"https:\/\/i0.wp.com\/kirstengomez.es\/bodas\/wp-content\/uploads\/2015\/03\/eepostcasament-14.jpg?w=700 700w, https:\/\/i0.wp.com\/kirstengomez.es\/bodas\/wp-content\/uploads\/2015\/03\/eepostcasament-14.jpg?resize=300%2C200 300w, https:\/\/i0.wp.com\/kirstengomez.es\/bodas\/wp-content\/uploads\/2015\/03\/eepostcasament-14.jpg?resize=500%2C334 500w\" sizes=\"auto, (max-width: 700px) 100vw, 700px\" \/><br \/>\n<img data-recalc-dims=\"1\" loading=\"lazy\" decoding=\"async\" data-attachment-id=\"530\" data-permalink=\"http:\/\/kirstengomez.es\/bodas\/?attachment_id=530\" data-orig-file=\"https:\/\/i0.wp.com\/kirstengomez.es\/bodas\/wp-content\/uploads\/2015\/03\/eepostcasament-13.jpg?fit=700%2C467\" data-orig-size=\"700,467\" data-comments-opened=\"1\" data-image-meta=\"{&quot;aperture&quot;:&quot;3.5&quot;,&quot;credit&quot;:&quot;Kirsten G\\u00f3mez&quot;,&quot;camera&quot;:&quot;Canon EOS 5D Mark III&quot;,&quot;caption&quot;:&quot;&quot;,&quot;created_timestamp&quot;:&quot;1412792849&quot;,&quot;copyright&quot;:&quot;&quot;,&quot;focal_length&quot;:&quot;42&quot;,&quot;iso&quot;:&quot;200&quot;,&quot;shutter_speed&quot;:&quot;0.008&quot;,&quot;title&quot;:&quot;&quot;,&quot;orientation&quot;:&quot;0&quot;}\" data-image-title=\"E&amp;#038;Epostcasament-13\" data-image-description=\"\" data-image-caption=\"\" data-large-file=\"https:\/\/i0.wp.com\/kirstengomez.es\/bodas\/wp-content\/uploads\/2015\/03\/eepostcasament-13.jpg?fit=700%2C467\" class=\"alignnone size-full wp-image-530\" src=\"https:\/\/i0.wp.com\/kirstengomez.es\/bodas\/wp-content\/uploads\/2015\/03\/eepostcasament-13.jpg?resize=700%2C467\" alt=\"E&amp;Epostcasament-13\" width=\"700\" height=\"467\" srcset=\"https:\/\/i0.wp.com\/kirstengomez.es\/bodas\/wp-content\/uploads\/2015\/03\/eepostcasament-13.jpg?w=700 700w, https:\/\/i0.wp.com\/kirstengomez.es\/bodas\/wp-content\/uploads\/2015\/03\/eepostcasament-13.jpg?resize=300%2C200 300w, https:\/\/i0.wp.com\/kirstengomez.es\/bodas\/wp-content\/uploads\/2015\/03\/eepostcasament-13.jpg?resize=500%2C334 500w\" sizes=\"auto, (max-width: 700px) 100vw, 700px\" \/><br \/>\n<img data-recalc-dims=\"1\" loading=\"lazy\" decoding=\"async\" data-attachment-id=\"529\" data-permalink=\"http:\/\/kirstengomez.es\/bodas\/?attachment_id=529\" data-orig-file=\"https:\/\/i0.wp.com\/kirstengomez.es\/bodas\/wp-content\/uploads\/2015\/03\/eepostcasament-12.jpg?fit=700%2C467\" data-orig-size=\"700,467\" data-comments-opened=\"1\" data-image-meta=\"{&quot;aperture&quot;:&quot;3.5&quot;,&quot;credit&quot;:&quot;Kirsten G\\u00f3mez&quot;,&quot;camera&quot;:&quot;Canon EOS 5D Mark III&quot;,&quot;caption&quot;:&quot;&quot;,&quot;created_timestamp&quot;:&quot;1412792815&quot;,&quot;copyright&quot;:&quot;&quot;,&quot;focal_length&quot;:&quot;42&quot;,&quot;iso&quot;:&quot;200&quot;,&quot;shutter_speed&quot;:&quot;0.008&quot;,&quot;title&quot;:&quot;&quot;,&quot;orientation&quot;:&quot;0&quot;}\" data-image-title=\"E&amp;#038;Epostcasament-12\" data-image-description=\"\" data-image-caption=\"\" data-large-file=\"https:\/\/i0.wp.com\/kirstengomez.es\/bodas\/wp-content\/uploads\/2015\/03\/eepostcasament-12.jpg?fit=700%2C467\" class=\"alignnone size-full wp-image-529\" src=\"https:\/\/i0.wp.com\/kirstengomez.es\/bodas\/wp-content\/uploads\/2015\/03\/eepostcasament-12.jpg?resize=700%2C467\" alt=\"E&amp;Epostcasament-12\" width=\"700\" height=\"467\" srcset=\"https:\/\/i0.wp.com\/kirstengomez.es\/bodas\/wp-content\/uploads\/2015\/03\/eepostcasament-12.jpg?w=700 700w, https:\/\/i0.wp.com\/kirstengomez.es\/bodas\/wp-content\/uploads\/2015\/03\/eepostcasament-12.jpg?resize=300%2C200 300w, https:\/\/i0.wp.com\/kirstengomez.es\/bodas\/wp-content\/uploads\/2015\/03\/eepostcasament-12.jpg?resize=500%2C334 500w\" sizes=\"auto, (max-width: 700px) 100vw, 700px\" \/><br \/>\n<img data-recalc-dims=\"1\" loading=\"lazy\" decoding=\"async\" data-attachment-id=\"541\" data-permalink=\"http:\/\/kirstengomez.es\/bodas\/?attachment_id=541\" data-orig-file=\"https:\/\/i0.wp.com\/kirstengomez.es\/bodas\/wp-content\/uploads\/2015\/03\/eepostcasament05.jpg?fit=700%2C517\" data-orig-size=\"700,517\" data-comments-opened=\"1\" data-image-meta=\"{&quot;aperture&quot;:&quot;0&quot;,&quot;credit&quot;:&quot;&quot;,&quot;camera&quot;:&quot;&quot;,&quot;caption&quot;:&quot;&quot;,&quot;created_timestamp&quot;:&quot;0&quot;,&quot;copyright&quot;:&quot;&quot;,&quot;focal_length&quot;:&quot;0&quot;,&quot;iso&quot;:&quot;0&quot;,&quot;shutter_speed&quot;:&quot;0&quot;,&quot;title&quot;:&quot;&quot;,&quot;orientation&quot;:&quot;0&quot;}\" data-image-title=\"E&amp;#038;Epostcasament05\" data-image-description=\"\" data-image-caption=\"\" data-large-file=\"https:\/\/i0.wp.com\/kirstengomez.es\/bodas\/wp-content\/uploads\/2015\/03\/eepostcasament05.jpg?fit=700%2C517\" class=\"alignnone size-full wp-image-541\" src=\"https:\/\/i0.wp.com\/kirstengomez.es\/bodas\/wp-content\/uploads\/2015\/03\/eepostcasament05.jpg?resize=700%2C517\" alt=\"E&amp;Epostcasament05\" width=\"700\" height=\"517\" srcset=\"https:\/\/i0.wp.com\/kirstengomez.es\/bodas\/wp-content\/uploads\/2015\/03\/eepostcasament05.jpg?w=700 700w, https:\/\/i0.wp.com\/kirstengomez.es\/bodas\/wp-content\/uploads\/2015\/03\/eepostcasament05.jpg?resize=300%2C222 300w, https:\/\/i0.wp.com\/kirstengomez.es\/bodas\/wp-content\/uploads\/2015\/03\/eepostcasament05.jpg?resize=500%2C369 500w\" sizes=\"auto, (max-width: 700px) 100vw, 700px\" \/><br \/>\n<img data-recalc-dims=\"1\" loading=\"lazy\" decoding=\"async\" data-attachment-id=\"540\" data-permalink=\"http:\/\/kirstengomez.es\/bodas\/?attachment_id=540\" data-orig-file=\"https:\/\/i0.wp.com\/kirstengomez.es\/bodas\/wp-content\/uploads\/2015\/03\/eepostcasament04.jpg?fit=700%2C517\" data-orig-size=\"700,517\" data-comments-opened=\"1\" data-image-meta=\"{&quot;aperture&quot;:&quot;0&quot;,&quot;credit&quot;:&quot;&quot;,&quot;camera&quot;:&quot;&quot;,&quot;caption&quot;:&quot;&quot;,&quot;created_timestamp&quot;:&quot;0&quot;,&quot;copyright&quot;:&quot;&quot;,&quot;focal_length&quot;:&quot;0&quot;,&quot;iso&quot;:&quot;0&quot;,&quot;shutter_speed&quot;:&quot;0&quot;,&quot;title&quot;:&quot;&quot;,&quot;orientation&quot;:&quot;0&quot;}\" data-image-title=\"E&amp;#038;Epostcasament04\" data-image-description=\"\" data-image-caption=\"\" data-large-file=\"https:\/\/i0.wp.com\/kirstengomez.es\/bodas\/wp-content\/uploads\/2015\/03\/eepostcasament04.jpg?fit=700%2C517\" class=\"alignnone size-full wp-image-540\" src=\"https:\/\/i0.wp.com\/kirstengomez.es\/bodas\/wp-content\/uploads\/2015\/03\/eepostcasament04.jpg?resize=700%2C517\" alt=\"E&amp;Epostcasament04\" width=\"700\" height=\"517\" srcset=\"https:\/\/i0.wp.com\/kirstengomez.es\/bodas\/wp-content\/uploads\/2015\/03\/eepostcasament04.jpg?w=700 700w, https:\/\/i0.wp.com\/kirstengomez.es\/bodas\/wp-content\/uploads\/2015\/03\/eepostcasament04.jpg?resize=300%2C222 300w, https:\/\/i0.wp.com\/kirstengomez.es\/bodas\/wp-content\/uploads\/2015\/03\/eepostcasament04.jpg?resize=500%2C369 500w\" sizes=\"auto, (max-width: 700px) 100vw, 700px\" \/><br \/>\n<img data-recalc-dims=\"1\" loading=\"lazy\" decoding=\"async\" data-attachment-id=\"534\" data-permalink=\"http:\/\/kirstengomez.es\/bodas\/?attachment_id=534\" data-orig-file=\"https:\/\/i0.wp.com\/kirstengomez.es\/bodas\/wp-content\/uploads\/2015\/03\/eepostcasament-17.jpg?fit=700%2C467\" data-orig-size=\"700,467\" data-comments-opened=\"1\" data-image-meta=\"{&quot;aperture&quot;:&quot;2.8&quot;,&quot;credit&quot;:&quot;Kirsten G\\u00f3mez&quot;,&quot;camera&quot;:&quot;Canon EOS 5D Mark III&quot;,&quot;caption&quot;:&quot;&quot;,&quot;created_timestamp&quot;:&quot;1412793488&quot;,&quot;copyright&quot;:&quot;&quot;,&quot;focal_length&quot;:&quot;63&quot;,&quot;iso&quot;:&quot;200&quot;,&quot;shutter_speed&quot;:&quot;0.008&quot;,&quot;title&quot;:&quot;&quot;,&quot;orientation&quot;:&quot;0&quot;}\" data-image-title=\"E&amp;#038;Epostcasament-17\" data-image-description=\"\" data-image-caption=\"\" data-large-file=\"https:\/\/i0.wp.com\/kirstengomez.es\/bodas\/wp-content\/uploads\/2015\/03\/eepostcasament-17.jpg?fit=700%2C467\" class=\"alignnone size-full wp-image-534\" src=\"https:\/\/i0.wp.com\/kirstengomez.es\/bodas\/wp-content\/uploads\/2015\/03\/eepostcasament-17.jpg?resize=700%2C467\" alt=\"E&amp;Epostcasament-17\" width=\"700\" height=\"467\" srcset=\"https:\/\/i0.wp.com\/kirstengomez.es\/bodas\/wp-content\/uploads\/2015\/03\/eepostcasament-17.jpg?w=700 700w, https:\/\/i0.wp.com\/kirstengomez.es\/bodas\/wp-content\/uploads\/2015\/03\/eepostcasament-17.jpg?resize=300%2C200 300w, https:\/\/i0.wp.com\/kirstengomez.es\/bodas\/wp-content\/uploads\/2015\/03\/eepostcasament-17.jpg?resize=500%2C334 500w\" sizes=\"auto, (max-width: 700px) 100vw, 700px\" \/><br \/>\n<img data-recalc-dims=\"1\" loading=\"lazy\" decoding=\"async\" data-attachment-id=\"536\" data-permalink=\"http:\/\/kirstengomez.es\/bodas\/?attachment_id=536\" data-orig-file=\"https:\/\/i0.wp.com\/kirstengomez.es\/bodas\/wp-content\/uploads\/2015\/03\/eepostcasament-19.jpg?fit=700%2C525\" data-orig-size=\"700,525\" data-comments-opened=\"1\" data-image-meta=\"{&quot;aperture&quot;:&quot;0&quot;,&quot;credit&quot;:&quot;&quot;,&quot;camera&quot;:&quot;&quot;,&quot;caption&quot;:&quot;&quot;,&quot;created_timestamp&quot;:&quot;1412966453&quot;,&quot;copyright&quot;:&quot;&quot;,&quot;focal_length&quot;:&quot;0&quot;,&quot;iso&quot;:&quot;0&quot;,&quot;shutter_speed&quot;:&quot;0&quot;,&quot;title&quot;:&quot;&quot;,&quot;orientation&quot;:&quot;0&quot;}\" data-image-title=\"E&amp;#038;Epostcasament-19\" data-image-description=\"\" data-image-caption=\"\" data-large-file=\"https:\/\/i0.wp.com\/kirstengomez.es\/bodas\/wp-content\/uploads\/2015\/03\/eepostcasament-19.jpg?fit=700%2C525\" class=\"alignnone size-full wp-image-536\" src=\"https:\/\/i0.wp.com\/kirstengomez.es\/bodas\/wp-content\/uploads\/2015\/03\/eepostcasament-19.jpg?resize=700%2C525\" alt=\"E&amp;Epostcasament-19\" width=\"700\" height=\"525\" srcset=\"https:\/\/i0.wp.com\/kirstengomez.es\/bodas\/wp-content\/uploads\/2015\/03\/eepostcasament-19.jpg?w=700 700w, https:\/\/i0.wp.com\/kirstengomez.es\/bodas\/wp-content\/uploads\/2015\/03\/eepostcasament-19.jpg?resize=300%2C225 300w, https:\/\/i0.wp.com\/kirstengomez.es\/bodas\/wp-content\/uploads\/2015\/03\/eepostcasament-19.jpg?resize=500%2C375 500w\" sizes=\"auto, (max-width: 700px) 100vw, 700px\" \/><br \/>\n<img data-recalc-dims=\"1\" loading=\"lazy\" decoding=\"async\" data-attachment-id=\"520\" data-permalink=\"http:\/\/kirstengomez.es\/bodas\/?attachment_id=520\" data-orig-file=\"https:\/\/i0.wp.com\/kirstengomez.es\/bodas\/wp-content\/uploads\/2015\/03\/eepostcasament-3.jpg?fit=700%2C394\" data-orig-size=\"700,394\" data-comments-opened=\"1\" data-image-meta=\"{&quot;aperture&quot;:&quot;3.2&quot;,&quot;credit&quot;:&quot;Kirsten G\\u00f3mez&quot;,&quot;camera&quot;:&quot;Canon EOS 5D Mark III&quot;,&quot;caption&quot;:&quot;&quot;,&quot;created_timestamp&quot;:&quot;1412789272&quot;,&quot;copyright&quot;:&quot;&quot;,&quot;focal_length&quot;:&quot;70&quot;,&quot;iso&quot;:&quot;125&quot;,&quot;shutter_speed&quot;:&quot;0.008&quot;,&quot;title&quot;:&quot;&quot;,&quot;orientation&quot;:&quot;0&quot;}\" data-image-title=\"E&amp;#038;Epostcasament-3\" data-image-description=\"\" data-image-caption=\"\" data-large-file=\"https:\/\/i0.wp.com\/kirstengomez.es\/bodas\/wp-content\/uploads\/2015\/03\/eepostcasament-3.jpg?fit=700%2C394\" class=\"alignnone size-full wp-image-520\" src=\"https:\/\/i0.wp.com\/kirstengomez.es\/bodas\/wp-content\/uploads\/2015\/03\/eepostcasament-3.jpg?resize=700%2C394\" alt=\"E&amp;Epostcasament-3\" width=\"700\" height=\"394\" srcset=\"https:\/\/i0.wp.com\/kirstengomez.es\/bodas\/wp-content\/uploads\/2015\/03\/eepostcasament-3.jpg?w=700 700w, https:\/\/i0.wp.com\/kirstengomez.es\/bodas\/wp-content\/uploads\/2015\/03\/eepostcasament-3.jpg?resize=300%2C169 300w, https:\/\/i0.wp.com\/kirstengomez.es\/bodas\/wp-content\/uploads\/2015\/03\/eepostcasament-3.jpg?resize=500%2C281 500w\" sizes=\"auto, (max-width: 700px) 100vw, 700px\" \/><br \/>\n<img data-recalc-dims=\"1\" loading=\"lazy\" decoding=\"async\" data-attachment-id=\"518\" data-permalink=\"http:\/\/kirstengomez.es\/bodas\/?attachment_id=518\" data-orig-file=\"https:\/\/i0.wp.com\/kirstengomez.es\/bodas\/wp-content\/uploads\/2015\/03\/eepostcasament-1.jpg?fit=700%2C467\" data-orig-size=\"700,467\" data-comments-opened=\"1\" data-image-meta=\"{&quot;aperture&quot;:&quot;2.8&quot;,&quot;credit&quot;:&quot;Kirsten G\\u00f3mez&quot;,&quot;camera&quot;:&quot;Canon EOS 5D Mark III&quot;,&quot;caption&quot;:&quot;&quot;,&quot;created_timestamp&quot;:&quot;1412789143&quot;,&quot;copyright&quot;:&quot;&quot;,&quot;focal_length&quot;:&quot;70&quot;,&quot;iso&quot;:&quot;100&quot;,&quot;shutter_speed&quot;:&quot;0.008&quot;,&quot;title&quot;:&quot;&quot;,&quot;orientation&quot;:&quot;0&quot;}\" data-image-title=\"E&amp;#038;Epostcasament-1\" data-image-description=\"\" data-image-caption=\"\" data-large-file=\"https:\/\/i0.wp.com\/kirstengomez.es\/bodas\/wp-content\/uploads\/2015\/03\/eepostcasament-1.jpg?fit=700%2C467\" class=\"alignnone size-full wp-image-518\" src=\"https:\/\/i0.wp.com\/kirstengomez.es\/bodas\/wp-content\/uploads\/2015\/03\/eepostcasament-1.jpg?resize=700%2C467\" alt=\"E&amp;Epostcasament-1\" width=\"700\" height=\"467\" srcset=\"https:\/\/i0.wp.com\/kirstengomez.es\/bodas\/wp-content\/uploads\/2015\/03\/eepostcasament-1.jpg?w=700 700w, https:\/\/i0.wp.com\/kirstengomez.es\/bodas\/wp-content\/uploads\/2015\/03\/eepostcasament-1.jpg?resize=300%2C200 300w, https:\/\/i0.wp.com\/kirstengomez.es\/bodas\/wp-content\/uploads\/2015\/03\/eepostcasament-1.jpg?resize=500%2C334 500w\" sizes=\"auto, (max-width: 700px) 100vw, 700px\" \/><br \/>\n<img data-recalc-dims=\"1\" loading=\"lazy\" decoding=\"async\" data-attachment-id=\"546\" data-permalink=\"http:\/\/kirstengomez.es\/bodas\/?attachment_id=546\" data-orig-file=\"https:\/\/i0.wp.com\/kirstengomez.es\/bodas\/wp-content\/uploads\/2015\/03\/eepostcasament010.jpg?fit=700%2C517\" data-orig-size=\"700,517\" data-comments-opened=\"1\" data-image-meta=\"{&quot;aperture&quot;:&quot;0&quot;,&quot;credit&quot;:&quot;&quot;,&quot;camera&quot;:&quot;&quot;,&quot;caption&quot;:&quot;&quot;,&quot;created_timestamp&quot;:&quot;0&quot;,&quot;copyright&quot;:&quot;&quot;,&quot;focal_length&quot;:&quot;0&quot;,&quot;iso&quot;:&quot;0&quot;,&quot;shutter_speed&quot;:&quot;0&quot;,&quot;title&quot;:&quot;&quot;,&quot;orientation&quot;:&quot;0&quot;}\" data-image-title=\"E&amp;#038;Epostcasament010\" data-image-description=\"\" data-image-caption=\"\" data-large-file=\"https:\/\/i0.wp.com\/kirstengomez.es\/bodas\/wp-content\/uploads\/2015\/03\/eepostcasament010.jpg?fit=700%2C517\" class=\"alignnone size-full wp-image-546\" src=\"https:\/\/i0.wp.com\/kirstengomez.es\/bodas\/wp-content\/uploads\/2015\/03\/eepostcasament010.jpg?resize=700%2C517\" alt=\"E&amp;Epostcasament010\" width=\"700\" height=\"517\" srcset=\"https:\/\/i0.wp.com\/kirstengomez.es\/bodas\/wp-content\/uploads\/2015\/03\/eepostcasament010.jpg?w=700 700w, https:\/\/i0.wp.com\/kirstengomez.es\/bodas\/wp-content\/uploads\/2015\/03\/eepostcasament010.jpg?resize=300%2C222 300w, https:\/\/i0.wp.com\/kirstengomez.es\/bodas\/wp-content\/uploads\/2015\/03\/eepostcasament010.jpg?resize=500%2C369 500w\" sizes=\"auto, (max-width: 700px) 100vw, 700px\" \/><br \/>\n<img data-recalc-dims=\"1\" loading=\"lazy\" decoding=\"async\" data-attachment-id=\"545\" data-permalink=\"http:\/\/kirstengomez.es\/bodas\/?attachment_id=545\" data-orig-file=\"https:\/\/i0.wp.com\/kirstengomez.es\/bodas\/wp-content\/uploads\/2015\/03\/eepostcasament09.jpg?fit=700%2C517\" data-orig-size=\"700,517\" data-comments-opened=\"1\" data-image-meta=\"{&quot;aperture&quot;:&quot;0&quot;,&quot;credit&quot;:&quot;&quot;,&quot;camera&quot;:&quot;&quot;,&quot;caption&quot;:&quot;&quot;,&quot;created_timestamp&quot;:&quot;0&quot;,&quot;copyright&quot;:&quot;&quot;,&quot;focal_length&quot;:&quot;0&quot;,&quot;iso&quot;:&quot;0&quot;,&quot;shutter_speed&quot;:&quot;0&quot;,&quot;title&quot;:&quot;&quot;,&quot;orientation&quot;:&quot;0&quot;}\" data-image-title=\"E&amp;#038;Epostcasament09\" data-image-description=\"\" data-image-caption=\"\" data-large-file=\"https:\/\/i0.wp.com\/kirstengomez.es\/bodas\/wp-content\/uploads\/2015\/03\/eepostcasament09.jpg?fit=700%2C517\" class=\"alignnone size-full wp-image-545\" src=\"https:\/\/i0.wp.com\/kirstengomez.es\/bodas\/wp-content\/uploads\/2015\/03\/eepostcasament09.jpg?resize=700%2C517\" alt=\"E&amp;Epostcasament09\" width=\"700\" height=\"517\" srcset=\"https:\/\/i0.wp.com\/kirstengomez.es\/bodas\/wp-content\/uploads\/2015\/03\/eepostcasament09.jpg?w=700 700w, https:\/\/i0.wp.com\/kirstengomez.es\/bodas\/wp-content\/uploads\/2015\/03\/eepostcasament09.jpg?resize=300%2C222 300w, https:\/\/i0.wp.com\/kirstengomez.es\/bodas\/wp-content\/uploads\/2015\/03\/eepostcasament09.jpg?resize=500%2C369 500w\" sizes=\"auto, (max-width: 700px) 100vw, 700px\" \/><br \/>\n<img data-recalc-dims=\"1\" loading=\"lazy\" decoding=\"async\" data-attachment-id=\"528\" data-permalink=\"http:\/\/kirstengomez.es\/bodas\/?attachment_id=528\" data-orig-file=\"https:\/\/i0.wp.com\/kirstengomez.es\/bodas\/wp-content\/uploads\/2015\/03\/eepostcasament-11.jpg?fit=700%2C467\" data-orig-size=\"700,467\" data-comments-opened=\"1\" data-image-meta=\"{&quot;aperture&quot;:&quot;4.5&quot;,&quot;credit&quot;:&quot;Kirsten G\\u00f3mez&quot;,&quot;camera&quot;:&quot;Canon EOS 5D Mark III&quot;,&quot;caption&quot;:&quot;&quot;,&quot;created_timestamp&quot;:&quot;1412792715&quot;,&quot;copyright&quot;:&quot;&quot;,&quot;focal_length&quot;:&quot;50&quot;,&quot;iso&quot;:&quot;200&quot;,&quot;shutter_speed&quot;:&quot;0.008&quot;,&quot;title&quot;:&quot;&quot;,&quot;orientation&quot;:&quot;0&quot;}\" data-image-title=\"E&amp;#038;Epostcasament-11\" data-image-description=\"\" data-image-caption=\"\" data-large-file=\"https:\/\/i0.wp.com\/kirstengomez.es\/bodas\/wp-content\/uploads\/2015\/03\/eepostcasament-11.jpg?fit=700%2C467\" class=\"alignnone size-full wp-image-528\" src=\"https:\/\/i0.wp.com\/kirstengomez.es\/bodas\/wp-content\/uploads\/2015\/03\/eepostcasament-11.jpg?resize=700%2C467\" alt=\"E&amp;Epostcasament-11\" width=\"700\" height=\"467\" srcset=\"https:\/\/i0.wp.com\/kirstengomez.es\/bodas\/wp-content\/uploads\/2015\/03\/eepostcasament-11.jpg?w=700 700w, https:\/\/i0.wp.com\/kirstengomez.es\/bodas\/wp-content\/uploads\/2015\/03\/eepostcasament-11.jpg?resize=300%2C200 300w, https:\/\/i0.wp.com\/kirstengomez.es\/bodas\/wp-content\/uploads\/2015\/03\/eepostcasament-11.jpg?resize=500%2C334 500w\" sizes=\"auto, (max-width: 700px) 100vw, 700px\" \/><br \/>\n<img data-recalc-dims=\"1\" loading=\"lazy\" decoding=\"async\" data-attachment-id=\"527\" data-permalink=\"http:\/\/kirstengomez.es\/bodas\/?attachment_id=527\" data-orig-file=\"https:\/\/i0.wp.com\/kirstengomez.es\/bodas\/wp-content\/uploads\/2015\/03\/eepostcasament-10.jpg?fit=700%2C467\" data-orig-size=\"700,467\" data-comments-opened=\"1\" data-image-meta=\"{&quot;aperture&quot;:&quot;4.5&quot;,&quot;credit&quot;:&quot;Kirsten G\\u00f3mez&quot;,&quot;camera&quot;:&quot;Canon EOS 5D Mark III&quot;,&quot;caption&quot;:&quot;&quot;,&quot;created_timestamp&quot;:&quot;1412792615&quot;,&quot;copyright&quot;:&quot;&quot;,&quot;focal_length&quot;:&quot;65&quot;,&quot;iso&quot;:&quot;200&quot;,&quot;shutter_speed&quot;:&quot;0.008&quot;,&quot;title&quot;:&quot;&quot;,&quot;orientation&quot;:&quot;0&quot;}\" data-image-title=\"E&amp;#038;Epostcasament-10\" data-image-description=\"\" data-image-caption=\"\" data-large-file=\"https:\/\/i0.wp.com\/kirstengomez.es\/bodas\/wp-content\/uploads\/2015\/03\/eepostcasament-10.jpg?fit=700%2C467\" class=\"alignnone size-full wp-image-527\" src=\"https:\/\/i0.wp.com\/kirstengomez.es\/bodas\/wp-content\/uploads\/2015\/03\/eepostcasament-10.jpg?resize=700%2C467\" alt=\"E&amp;Epostcasament-10\" width=\"700\" height=\"467\" srcset=\"https:\/\/i0.wp.com\/kirstengomez.es\/bodas\/wp-content\/uploads\/2015\/03\/eepostcasament-10.jpg?w=700 700w, https:\/\/i0.wp.com\/kirstengomez.es\/bodas\/wp-content\/uploads\/2015\/03\/eepostcasament-10.jpg?resize=300%2C200 300w, https:\/\/i0.wp.com\/kirstengomez.es\/bodas\/wp-content\/uploads\/2015\/03\/eepostcasament-10.jpg?resize=500%2C334 500w\" sizes=\"auto, (max-width: 700px) 100vw, 700px\" \/><br \/>\n<img data-recalc-dims=\"1\" loading=\"lazy\" decoding=\"async\" data-attachment-id=\"544\" data-permalink=\"http:\/\/kirstengomez.es\/bodas\/?attachment_id=544\" data-orig-file=\"https:\/\/i0.wp.com\/kirstengomez.es\/bodas\/wp-content\/uploads\/2015\/03\/eepostcasament08.jpg?fit=700%2C517\" data-orig-size=\"700,517\" data-comments-opened=\"1\" data-image-meta=\"{&quot;aperture&quot;:&quot;0&quot;,&quot;credit&quot;:&quot;&quot;,&quot;camera&quot;:&quot;&quot;,&quot;caption&quot;:&quot;&quot;,&quot;created_timestamp&quot;:&quot;0&quot;,&quot;copyright&quot;:&quot;&quot;,&quot;focal_length&quot;:&quot;0&quot;,&quot;iso&quot;:&quot;0&quot;,&quot;shutter_speed&quot;:&quot;0&quot;,&quot;title&quot;:&quot;&quot;,&quot;orientation&quot;:&quot;0&quot;}\" data-image-title=\"E&amp;#038;Epostcasament08\" data-image-description=\"\" data-image-caption=\"\" data-large-file=\"https:\/\/i0.wp.com\/kirstengomez.es\/bodas\/wp-content\/uploads\/2015\/03\/eepostcasament08.jpg?fit=700%2C517\" class=\"alignnone size-full wp-image-544\" src=\"https:\/\/i0.wp.com\/kirstengomez.es\/bodas\/wp-content\/uploads\/2015\/03\/eepostcasament08.jpg?resize=700%2C517\" alt=\"E&amp;Epostcasament08\" width=\"700\" height=\"517\" srcset=\"https:\/\/i0.wp.com\/kirstengomez.es\/bodas\/wp-content\/uploads\/2015\/03\/eepostcasament08.jpg?w=700 700w, https:\/\/i0.wp.com\/kirstengomez.es\/bodas\/wp-content\/uploads\/2015\/03\/eepostcasament08.jpg?resize=300%2C222 300w, https:\/\/i0.wp.com\/kirstengomez.es\/bodas\/wp-content\/uploads\/2015\/03\/eepostcasament08.jpg?resize=500%2C369 500w\" sizes=\"auto, (max-width: 700px) 100vw, 700px\" \/><br \/>\n&nbsp;<\/p>\n<p style=\"text-align: justify;\">La entrega personalizada de E &amp; E.<\/p>\n<p>&nbsp;<\/p>\n<p><img data-recalc-dims=\"1\" loading=\"lazy\" decoding=\"async\" data-attachment-id=\"1019\" data-permalink=\"http:\/\/kirstengomez.es\/bodas\/?attachment_id=1019\" data-orig-file=\"https:\/\/i0.wp.com\/kirstengomez.es\/bodas\/wp-content\/uploads\/2014\/09\/albumee.jpg?fit=700%2C800\" data-orig-size=\"700,800\" data-comments-opened=\"1\" data-image-meta=\"{&quot;aperture&quot;:&quot;0&quot;,&quot;credit&quot;:&quot;&quot;,&quot;camera&quot;:&quot;&quot;,&quot;caption&quot;:&quot;&quot;,&quot;created_timestamp&quot;:&quot;0&quot;,&quot;copyright&quot;:&quot;&quot;,&quot;focal_length&quot;:&quot;0&quot;,&quot;iso&quot;:&quot;0&quot;,&quot;shutter_speed&quot;:&quot;0&quot;,&quot;title&quot;:&quot;&quot;,&quot;orientation&quot;:&quot;1&quot;}\" data-image-title=\"albumE&amp;#038;E\" data-image-description=\"\" data-image-caption=\"\" data-large-file=\"https:\/\/i0.wp.com\/kirstengomez.es\/bodas\/wp-content\/uploads\/2014\/09\/albumee.jpg?fit=700%2C800\" class=\"alignleft size-full wp-image-1019\" src=\"https:\/\/i0.wp.com\/kirstengomez.es\/bodas\/wp-content\/uploads\/2014\/09\/albumee.jpg?resize=700%2C800\" alt=\"albumE&amp;E\" width=\"700\" height=\"800\" srcset=\"https:\/\/i0.wp.com\/kirstengomez.es\/bodas\/wp-content\/uploads\/2014\/09\/albumee.jpg?w=700 700w, https:\/\/i0.wp.com\/kirstengomez.es\/bodas\/wp-content\/uploads\/2014\/09\/albumee.jpg?resize=263%2C300 263w, https:\/\/i0.wp.com\/kirstengomez.es\/bodas\/wp-content\/uploads\/2014\/09\/albumee.jpg?resize=500%2C571 500w\" sizes=\"auto, (max-width: 700px) 100vw, 700px\" \/><br \/>\n<img data-recalc-dims=\"1\" loading=\"lazy\" decoding=\"async\" data-attachment-id=\"1022\" data-permalink=\"http:\/\/kirstengomez.es\/bodas\/?attachment_id=1022\" data-orig-file=\"https:\/\/i0.wp.com\/kirstengomez.es\/bodas\/wp-content\/uploads\/2014\/09\/ee-1.jpg?fit=700%2C336\" data-orig-size=\"700,336\" data-comments-opened=\"1\" data-image-meta=\"{&quot;aperture&quot;:&quot;2&quot;,&quot;credit&quot;:&quot;Kirsten G\\u00f3mez&quot;,&quot;camera&quot;:&quot;Canon EOS 5D Mark II&quot;,&quot;caption&quot;:&quot;&quot;,&quot;created_timestamp&quot;:&quot;1428066943&quot;,&quot;copyright&quot;:&quot;&quot;,&quot;focal_length&quot;:&quot;50&quot;,&quot;iso&quot;:&quot;200&quot;,&quot;shutter_speed&quot;:&quot;0.008&quot;,&quot;title&quot;:&quot;&quot;,&quot;orientation&quot;:&quot;1&quot;}\" data-image-title=\"E&amp;#038;E-1\" data-image-description=\"\" data-image-caption=\"\" data-large-file=\"https:\/\/i0.wp.com\/kirstengomez.es\/bodas\/wp-content\/uploads\/2014\/09\/ee-1.jpg?fit=700%2C336\" class=\"alignleft size-full wp-image-1022\" src=\"https:\/\/i0.wp.com\/kirstengomez.es\/bodas\/wp-content\/uploads\/2014\/09\/ee-1.jpg?resize=700%2C336\" alt=\"E&amp;E-1\" width=\"700\" height=\"336\" srcset=\"https:\/\/i0.wp.com\/kirstengomez.es\/bodas\/wp-content\/uploads\/2014\/09\/ee-1.jpg?w=700 700w, https:\/\/i0.wp.com\/kirstengomez.es\/bodas\/wp-content\/uploads\/2014\/09\/ee-1.jpg?resize=300%2C144 300w, https:\/\/i0.wp.com\/kirstengomez.es\/bodas\/wp-content\/uploads\/2014\/09\/ee-1.jpg?resize=500%2C240 500w\" sizes=\"auto, (max-width: 700px) 100vw, 700px\" \/><br \/>\n<img data-recalc-dims=\"1\" loading=\"lazy\" decoding=\"async\" data-attachment-id=\"1021\" data-permalink=\"http:\/\/kirstengomez.es\/bodas\/?attachment_id=1021\" data-orig-file=\"https:\/\/i0.wp.com\/kirstengomez.es\/bodas\/wp-content\/uploads\/2014\/09\/ee-13.jpg?fit=700%2C344\" data-orig-size=\"700,344\" data-comments-opened=\"1\" data-image-meta=\"{&quot;aperture&quot;:&quot;2&quot;,&quot;credit&quot;:&quot;Kirsten G\\u00f3mez&quot;,&quot;camera&quot;:&quot;Canon EOS 5D Mark II&quot;,&quot;caption&quot;:&quot;&quot;,&quot;created_timestamp&quot;:&quot;1428067370&quot;,&quot;copyright&quot;:&quot;&quot;,&quot;focal_length&quot;:&quot;50&quot;,&quot;iso&quot;:&quot;200&quot;,&quot;shutter_speed&quot;:&quot;0.008&quot;,&quot;title&quot;:&quot;&quot;,&quot;orientation&quot;:&quot;1&quot;}\" data-image-title=\"E&amp;#038;E-13\" data-image-description=\"\" data-image-caption=\"\" data-large-file=\"https:\/\/i0.wp.com\/kirstengomez.es\/bodas\/wp-content\/uploads\/2014\/09\/ee-13.jpg?fit=700%2C344\" class=\"alignleft size-full wp-image-1021\" src=\"https:\/\/i0.wp.com\/kirstengomez.es\/bodas\/wp-content\/uploads\/2014\/09\/ee-13.jpg?resize=700%2C344\" alt=\"E&amp;E-13\" width=\"700\" height=\"344\" srcset=\"https:\/\/i0.wp.com\/kirstengomez.es\/bodas\/wp-content\/uploads\/2014\/09\/ee-13.jpg?w=700 700w, https:\/\/i0.wp.com\/kirstengomez.es\/bodas\/wp-content\/uploads\/2014\/09\/ee-13.jpg?resize=300%2C147 300w, https:\/\/i0.wp.com\/kirstengomez.es\/bodas\/wp-content\/uploads\/2014\/09\/ee-13.jpg?resize=500%2C246 500w\" sizes=\"auto, (max-width: 700px) 100vw, 700px\" \/><br \/>\n<img data-recalc-dims=\"1\" loading=\"lazy\" decoding=\"async\" data-attachment-id=\"1020\" data-permalink=\"http:\/\/kirstengomez.es\/bodas\/?attachment_id=1020\" data-orig-file=\"https:\/\/i0.wp.com\/kirstengomez.es\/bodas\/wp-content\/uploads\/2014\/09\/ee-9.jpg?fit=700%2C341\" data-orig-size=\"700,341\" data-comments-opened=\"1\" data-image-meta=\"{&quot;aperture&quot;:&quot;2&quot;,&quot;credit&quot;:&quot;Kirsten G\\u00f3mez&quot;,&quot;camera&quot;:&quot;Canon EOS 5D Mark II&quot;,&quot;caption&quot;:&quot;&quot;,&quot;created_timestamp&quot;:&quot;1428067310&quot;,&quot;copyright&quot;:&quot;&quot;,&quot;focal_length&quot;:&quot;50&quot;,&quot;iso&quot;:&quot;200&quot;,&quot;shutter_speed&quot;:&quot;0.008&quot;,&quot;title&quot;:&quot;&quot;,&quot;orientation&quot;:&quot;1&quot;}\" data-image-title=\"E&amp;#038;E-9\" data-image-description=\"\" data-image-caption=\"\" data-large-file=\"https:\/\/i0.wp.com\/kirstengomez.es\/bodas\/wp-content\/uploads\/2014\/09\/ee-9.jpg?fit=700%2C341\" class=\"alignleft size-full wp-image-1020\" src=\"https:\/\/i0.wp.com\/kirstengomez.es\/bodas\/wp-content\/uploads\/2014\/09\/ee-9.jpg?resize=700%2C341\" alt=\"E&amp;E-9\" width=\"700\" height=\"341\" srcset=\"https:\/\/i0.wp.com\/kirstengomez.es\/bodas\/wp-content\/uploads\/2014\/09\/ee-9.jpg?w=700 700w, https:\/\/i0.wp.com\/kirstengomez.es\/bodas\/wp-content\/uploads\/2014\/09\/ee-9.jpg?resize=300%2C146 300w, https:\/\/i0.wp.com\/kirstengomez.es\/bodas\/wp-content\/uploads\/2014\/09\/ee-9.jpg?resize=500%2C244 500w\" sizes=\"auto, (max-width: 700px) 100vw, 700px\" \/><br \/>\n&nbsp;<br \/>\nUn cuadro hecho especialmente para ellos con madera.<br \/>\n&nbsp;<br \/>\n<img data-recalc-dims=\"1\" loading=\"lazy\" decoding=\"async\" data-attachment-id=\"1023\" data-permalink=\"http:\/\/kirstengomez.es\/bodas\/?attachment_id=1023\" data-orig-file=\"https:\/\/i0.wp.com\/kirstengomez.es\/bodas\/wp-content\/uploads\/2014\/09\/murals.jpg?fit=798%2C684\" data-orig-size=\"798,684\" data-comments-opened=\"1\" data-image-meta=\"{&quot;aperture&quot;:&quot;0&quot;,&quot;credit&quot;:&quot;&quot;,&quot;camera&quot;:&quot;&quot;,&quot;caption&quot;:&quot;&quot;,&quot;created_timestamp&quot;:&quot;0&quot;,&quot;copyright&quot;:&quot;&quot;,&quot;focal_length&quot;:&quot;0&quot;,&quot;iso&quot;:&quot;0&quot;,&quot;shutter_speed&quot;:&quot;0&quot;,&quot;title&quot;:&quot;&quot;,&quot;orientation&quot;:&quot;1&quot;}\" data-image-title=\"murals\" data-image-description=\"\" data-image-caption=\"\" data-large-file=\"https:\/\/i0.wp.com\/kirstengomez.es\/bodas\/wp-content\/uploads\/2014\/09\/murals.jpg?fit=798%2C684\" class=\"alignleft wp-image-1023\" src=\"https:\/\/i0.wp.com\/kirstengomez.es\/bodas\/wp-content\/uploads\/2014\/09\/murals.jpg?resize=700%2C600\" alt=\"murals\" width=\"700\" height=\"600\" srcset=\"https:\/\/i0.wp.com\/kirstengomez.es\/bodas\/wp-content\/uploads\/2014\/09\/murals.jpg?w=798 798w, https:\/\/i0.wp.com\/kirstengomez.es\/bodas\/wp-content\/uploads\/2014\/09\/murals.jpg?resize=300%2C257 300w, https:\/\/i0.wp.com\/kirstengomez.es\/bodas\/wp-content\/uploads\/2014\/09\/murals.jpg?resize=500%2C429 500w\" sizes=\"auto, (max-width: 700px) 100vw, 700px\" \/><\/p>\n<p>Entrega de las im\u00e1genes en digital en un pendrive pintado a mano.<\/p>\n<p><img data-recalc-dims=\"1\" loading=\"lazy\" decoding=\"async\" data-attachment-id=\"1024\" data-permalink=\"http:\/\/kirstengomez.es\/bodas\/?attachment_id=1024\" data-orig-file=\"https:\/\/i0.wp.com\/kirstengomez.es\/bodas\/wp-content\/uploads\/2014\/09\/bodaia-copia.jpg?fit=700%2C516\" data-orig-size=\"700,516\" data-comments-opened=\"1\" data-image-meta=\"{&quot;aperture&quot;:&quot;0&quot;,&quot;credit&quot;:&quot;&quot;,&quot;camera&quot;:&quot;&quot;,&quot;caption&quot;:&quot;&quot;,&quot;created_timestamp&quot;:&quot;0&quot;,&quot;copyright&quot;:&quot;&quot;,&quot;focal_length&quot;:&quot;0&quot;,&quot;iso&quot;:&quot;0&quot;,&quot;shutter_speed&quot;:&quot;0&quot;,&quot;title&quot;:&quot;&quot;,&quot;orientation&quot;:&quot;1&quot;}\" data-image-title=\"E&amp;#038;E\" data-image-description=\"\" data-image-caption=\"\" data-large-file=\"https:\/\/i0.wp.com\/kirstengomez.es\/bodas\/wp-content\/uploads\/2014\/09\/bodaia-copia.jpg?fit=700%2C516\" class=\"alignleft wp-image-1024 size-full\" src=\"https:\/\/i0.wp.com\/kirstengomez.es\/bodas\/wp-content\/uploads\/2014\/09\/bodaia-copia.jpg?resize=700%2C516\" alt=\"E&amp;E\" width=\"700\" height=\"516\" srcset=\"https:\/\/i0.wp.com\/kirstengomez.es\/bodas\/wp-content\/uploads\/2014\/09\/bodaia-copia.jpg?w=700 700w, https:\/\/i0.wp.com\/kirstengomez.es\/bodas\/wp-content\/uploads\/2014\/09\/bodaia-copia.jpg?resize=300%2C221 300w, https:\/\/i0.wp.com\/kirstengomez.es\/bodas\/wp-content\/uploads\/2014\/09\/bodaia-copia.jpg?resize=500%2C369 500w\" sizes=\"auto, (max-width: 700px) 100vw, 700px\" \/><\/p>\n","protected":false},"excerpt":{"rendered":"<p>La boda de E &amp; E estuvo cargada de momentos m\u00e1gicos. Fue un placer para m\u00ed poder compartir con ellos ese gran momento. Y a\u00fan hoy hay fotograf\u00edas que me transmiten tanto de aquel d\u00eda&#8230; &nbsp; Y unos d\u00edas despu\u00e9s del gran d\u00eda, la post-boda en un lugar m\u00e1gico para ellos. &nbsp; &nbsp; La entrega&#8230;<\/p>\n","protected":false},"author":1,"featured_media":587,"comment_status":"open","ping_status":"open","sticky":false,"template":"","format":"image","meta":{"jetpack_post_was_ever_published":false,"_jetpack_newsletter_access":"","_jetpack_dont_email_post_to_subs":false,"_jetpack_newsletter_tier_id":0,"_jetpack_memberships_contains_paywalled_content":false,"_jetpack_memberships_contains_paid_content":false,"footnotes":"","jetpack_publicize_message":"","jetpack_publicize_feature_enabled":true,"jetpack_social_post_already_shared":false,"jetpack_social_options":{"image_generator_settings":{"template":"highway","default_image_id":0,"font":"","enabled":false},"version":2}},"categories":[11],"tags":[3,35,36,8,17,22,4],"class_list":["post-432","post","type-post","status-publish","format-image","has-post-thumbnail","hentry","category-fotografia","tag-boda","tag-enlace","tag-fotografa","tag-fotografia-de-boda","tag-girona","tag-kirsten-gomez","tag-wedding","post_format-post-format-image"],"jetpack_publicize_connections":[],"jetpack_featured_media_url":"https:\/\/i0.wp.com\/kirstengomez.es\/bodas\/wp-content\/uploads\/2015\/03\/eepostcasament-25.jpg?fit=900%2C600","jetpack_sharing_enabled":true,"jetpack_shortlink":"https:\/\/wp.me\/s5ZDAn-ee","_links":{"self":[{"href":"http:\/\/kirstengomez.es\/bodas\/index.php?rest_route=\/wp\/v2\/posts\/432","targetHints":{"allow":["GET"]}}],"collection":[{"href":"http:\/\/kirstengomez.es\/bodas\/index.php?rest_route=\/wp\/v2\/posts"}],"about":[{"href":"http:\/\/kirstengomez.es\/bodas\/index.php?rest_route=\/wp\/v2\/types\/post"}],"author":[{"embeddable":true,"href":"http:\/\/kirstengomez.es\/bodas\/index.php?rest_route=\/wp\/v2\/users\/1"}],"replies":[{"embeddable":true,"href":"http:\/\/kirstengomez.es\/bodas\/index.php?rest_route=%2Fwp%2Fv2%2Fcomments&post=432"}],"version-history":[{"count":13,"href":"http:\/\/kirstengomez.es\/bodas\/index.php?rest_route=\/wp\/v2\/posts\/432\/revisions"}],"predecessor-version":[{"id":585,"href":"http:\/\/kirstengomez.es\/bodas\/index.php?rest_route=\/wp\/v2\/posts\/432\/revisions\/585"}],"wp:featuredmedia":[{"embeddable":true,"href":"http:\/\/kirstengomez.es\/bodas\/index.php?rest_route=\/wp\/v2\/media\/587"}],"wp:attachment":[{"href":"http:\/\/kirstengomez.es\/bodas\/index.php?rest_route=%2Fwp%2Fv2%2Fmedia&parent=432"}],"wp:term":[{"taxonomy":"category","embeddable":true,"href":"http:\/\/kirstengomez.es\/bodas\/index.php?rest_route=%2Fwp%2Fv2%2Fcategories&post=432"},{"taxonomy":"post_tag","embeddable":true,"href":"http:\/\/kirstengomez.es\/bodas\/index.php?rest_route=%2Fwp%2Fv2%2Ftags&post=432"}],"curies":[{"name":"wp","href":"https:\/\/api.w.org\/{rel}","templated":true}]}}