{"id":4035,"date":"2017-06-21T16:43:33","date_gmt":"2017-06-21T16:43:33","guid":{"rendered":"http:\/\/kirstengomez.es\/bodas\/?p=4035"},"modified":"2017-06-21T16:43:33","modified_gmt":"2017-06-21T16:43:33","slug":"preboda-a-g","status":"publish","type":"post","link":"http:\/\/kirstengomez.es\/bodas\/?p=4035","title":{"rendered":"Preboda A &#038; G"},"content":{"rendered":"<p style=\"text-align: justify;\"><span style=\"color: #7a4d25;\">La preboda de \u00a0A&amp;G ha sido preciosa. Son una pareja encantadora junto a un paisaje maravilloso de Tossa de Mar, \u00bfQu\u00e9 m\u00e1s se\u00a0puede pedir? \ud83d\ude00<\/span><\/p>\n<p style=\"text-align: justify;\"><span style=\"color: #7a4d25;\">Van muy bien las prebodas para poder conocernos y coger confianza para el d\u00eda de la boda. De esta manera todo es m\u00e1s f\u00e1cil, ya no soy una extra\u00f1a que entra en vuestras casas o est\u00e1 ah\u00ed presente durante vuestro gran d\u00eda.\u00a0<\/span><\/p>\n<p style=\"text-align: justify;\">\n<p style=\"text-align: justify;\"><span style=\"color: #7a4d25;\">\u00a1Espero que os guste esta preciosa sesi\u00f3n!<\/span><\/p>\n<p><img data-recalc-dims=\"1\" loading=\"lazy\" decoding=\"async\" data-attachment-id=\"4036\" data-permalink=\"http:\/\/kirstengomez.es\/bodas\/?attachment_id=4036\" data-orig-file=\"https:\/\/i0.wp.com\/kirstengomez.es\/bodas\/wp-content\/uploads\/2017\/06\/agprebodabykirsten-1.jpg?fit=800%2C533\" data-orig-size=\"800,533\" data-comments-opened=\"1\" data-image-meta=\"{&quot;aperture&quot;:&quot;0&quot;,&quot;credit&quot;:&quot;&quot;,&quot;camera&quot;:&quot;&quot;,&quot;caption&quot;:&quot;&quot;,&quot;created_timestamp&quot;:&quot;0&quot;,&quot;copyright&quot;:&quot;&quot;,&quot;focal_length&quot;:&quot;0&quot;,&quot;iso&quot;:&quot;0&quot;,&quot;shutter_speed&quot;:&quot;0&quot;,&quot;title&quot;:&quot;&quot;,&quot;orientation&quot;:&quot;0&quot;}\" data-image-title=\"\" data-image-description=\"\" data-image-caption=\"\" data-large-file=\"https:\/\/i0.wp.com\/kirstengomez.es\/bodas\/wp-content\/uploads\/2017\/06\/agprebodabykirsten-1.jpg?fit=800%2C533\" class=\"aligncenter size-full wp-image-4036 aligncenter\" src=\"https:\/\/i0.wp.com\/kirstengomez.es\/bodas\/wp-content\/uploads\/2017\/06\/agprebodabykirsten-1.jpg?resize=800%2C533\" alt=\"\" width=\"800\" height=\"533\" srcset=\"https:\/\/i0.wp.com\/kirstengomez.es\/bodas\/wp-content\/uploads\/2017\/06\/agprebodabykirsten-1.jpg?w=800 800w, https:\/\/i0.wp.com\/kirstengomez.es\/bodas\/wp-content\/uploads\/2017\/06\/agprebodabykirsten-1.jpg?resize=300%2C200 300w, https:\/\/i0.wp.com\/kirstengomez.es\/bodas\/wp-content\/uploads\/2017\/06\/agprebodabykirsten-1.jpg?resize=500%2C333 500w\" sizes=\"auto, (max-width: 800px) 100vw, 800px\" \/> <img data-recalc-dims=\"1\" loading=\"lazy\" decoding=\"async\" data-attachment-id=\"4037\" data-permalink=\"http:\/\/kirstengomez.es\/bodas\/?attachment_id=4037\" data-orig-file=\"https:\/\/i0.wp.com\/kirstengomez.es\/bodas\/wp-content\/uploads\/2017\/06\/agprebodabykirsten-2.jpg?fit=800%2C533\" data-orig-size=\"800,533\" data-comments-opened=\"1\" data-image-meta=\"{&quot;aperture&quot;:&quot;0&quot;,&quot;credit&quot;:&quot;&quot;,&quot;camera&quot;:&quot;&quot;,&quot;caption&quot;:&quot;&quot;,&quot;created_timestamp&quot;:&quot;0&quot;,&quot;copyright&quot;:&quot;&quot;,&quot;focal_length&quot;:&quot;0&quot;,&quot;iso&quot;:&quot;0&quot;,&quot;shutter_speed&quot;:&quot;0&quot;,&quot;title&quot;:&quot;&quot;,&quot;orientation&quot;:&quot;0&quot;}\" data-image-title=\"\" data-image-description=\"\" data-image-caption=\"\" data-large-file=\"https:\/\/i0.wp.com\/kirstengomez.es\/bodas\/wp-content\/uploads\/2017\/06\/agprebodabykirsten-2.jpg?fit=800%2C533\" class=\"aligncenter size-full wp-image-4037 aligncenter\" src=\"https:\/\/i0.wp.com\/kirstengomez.es\/bodas\/wp-content\/uploads\/2017\/06\/agprebodabykirsten-2.jpg?resize=800%2C533\" alt=\"\" width=\"800\" height=\"533\" srcset=\"https:\/\/i0.wp.com\/kirstengomez.es\/bodas\/wp-content\/uploads\/2017\/06\/agprebodabykirsten-2.jpg?w=800 800w, https:\/\/i0.wp.com\/kirstengomez.es\/bodas\/wp-content\/uploads\/2017\/06\/agprebodabykirsten-2.jpg?resize=300%2C200 300w, https:\/\/i0.wp.com\/kirstengomez.es\/bodas\/wp-content\/uploads\/2017\/06\/agprebodabykirsten-2.jpg?resize=500%2C333 500w\" sizes=\"auto, (max-width: 800px) 100vw, 800px\" \/> <img data-recalc-dims=\"1\" loading=\"lazy\" decoding=\"async\" data-attachment-id=\"4038\" data-permalink=\"http:\/\/kirstengomez.es\/bodas\/?attachment_id=4038\" data-orig-file=\"https:\/\/i0.wp.com\/kirstengomez.es\/bodas\/wp-content\/uploads\/2017\/06\/agprebodabykirsten-3.jpg?fit=800%2C533\" data-orig-size=\"800,533\" data-comments-opened=\"1\" data-image-meta=\"{&quot;aperture&quot;:&quot;0&quot;,&quot;credit&quot;:&quot;&quot;,&quot;camera&quot;:&quot;&quot;,&quot;caption&quot;:&quot;&quot;,&quot;created_timestamp&quot;:&quot;0&quot;,&quot;copyright&quot;:&quot;&quot;,&quot;focal_length&quot;:&quot;0&quot;,&quot;iso&quot;:&quot;0&quot;,&quot;shutter_speed&quot;:&quot;0&quot;,&quot;title&quot;:&quot;&quot;,&quot;orientation&quot;:&quot;0&quot;}\" data-image-title=\"\" data-image-description=\"\" data-image-caption=\"\" data-large-file=\"https:\/\/i0.wp.com\/kirstengomez.es\/bodas\/wp-content\/uploads\/2017\/06\/agprebodabykirsten-3.jpg?fit=800%2C533\" class=\"aligncenter size-full wp-image-4038 aligncenter\" src=\"https:\/\/i0.wp.com\/kirstengomez.es\/bodas\/wp-content\/uploads\/2017\/06\/agprebodabykirsten-3.jpg?resize=800%2C533\" alt=\"\" width=\"800\" height=\"533\" srcset=\"https:\/\/i0.wp.com\/kirstengomez.es\/bodas\/wp-content\/uploads\/2017\/06\/agprebodabykirsten-3.jpg?w=800 800w, https:\/\/i0.wp.com\/kirstengomez.es\/bodas\/wp-content\/uploads\/2017\/06\/agprebodabykirsten-3.jpg?resize=300%2C200 300w, https:\/\/i0.wp.com\/kirstengomez.es\/bodas\/wp-content\/uploads\/2017\/06\/agprebodabykirsten-3.jpg?resize=500%2C333 500w\" sizes=\"auto, (max-width: 800px) 100vw, 800px\" \/><\/p>\n<p><a href=\"https:\/\/i0.wp.com\/kirstengomez.es\/bodas\/wp-content\/uploads\/2017\/06\/agweb-12.jpg\"><img data-recalc-dims=\"1\" loading=\"lazy\" decoding=\"async\" data-attachment-id=\"4119\" data-permalink=\"http:\/\/kirstengomez.es\/bodas\/?attachment_id=4119\" data-orig-file=\"https:\/\/i0.wp.com\/kirstengomez.es\/bodas\/wp-content\/uploads\/2017\/06\/agweb-12.jpg?fit=1000%2C667\" data-orig-size=\"1000,667\" data-comments-opened=\"1\" data-image-meta=\"{&quot;aperture&quot;:&quot;0&quot;,&quot;credit&quot;:&quot;&quot;,&quot;camera&quot;:&quot;&quot;,&quot;caption&quot;:&quot;&quot;,&quot;created_timestamp&quot;:&quot;0&quot;,&quot;copyright&quot;:&quot;&quot;,&quot;focal_length&quot;:&quot;0&quot;,&quot;iso&quot;:&quot;0&quot;,&quot;shutter_speed&quot;:&quot;0&quot;,&quot;title&quot;:&quot;&quot;,&quot;orientation&quot;:&quot;0&quot;}\" data-image-title=\"A&amp;#038;GWEB-12\" data-image-description=\"\" data-image-caption=\"\" data-large-file=\"https:\/\/i0.wp.com\/kirstengomez.es\/bodas\/wp-content\/uploads\/2017\/06\/agweb-12.jpg?fit=1000%2C667\" class=\" wp-image-4119 aligncenter\" src=\"https:\/\/i0.wp.com\/kirstengomez.es\/bodas\/wp-content\/uploads\/2017\/06\/agweb-12.jpg?resize=800%2C534\" alt=\"A&amp;GWEB-12\" width=\"800\" height=\"534\" srcset=\"https:\/\/i0.wp.com\/kirstengomez.es\/bodas\/wp-content\/uploads\/2017\/06\/agweb-12.jpg?w=1000 1000w, https:\/\/i0.wp.com\/kirstengomez.es\/bodas\/wp-content\/uploads\/2017\/06\/agweb-12.jpg?resize=300%2C200 300w, https:\/\/i0.wp.com\/kirstengomez.es\/bodas\/wp-content\/uploads\/2017\/06\/agweb-12.jpg?resize=800%2C534 800w, https:\/\/i0.wp.com\/kirstengomez.es\/bodas\/wp-content\/uploads\/2017\/06\/agweb-12.jpg?resize=500%2C334 500w\" sizes=\"auto, (max-width: 800px) 100vw, 800px\" \/><\/a><img data-recalc-dims=\"1\" loading=\"lazy\" decoding=\"async\" data-attachment-id=\"4044\" data-permalink=\"http:\/\/kirstengomez.es\/bodas\/?attachment_id=4044\" data-orig-file=\"https:\/\/i0.wp.com\/kirstengomez.es\/bodas\/wp-content\/uploads\/2017\/06\/agprebodabykirsten-7.jpg?fit=800%2C533\" data-orig-size=\"800,533\" data-comments-opened=\"1\" data-image-meta=\"{&quot;aperture&quot;:&quot;0&quot;,&quot;credit&quot;:&quot;&quot;,&quot;camera&quot;:&quot;&quot;,&quot;caption&quot;:&quot;&quot;,&quot;created_timestamp&quot;:&quot;0&quot;,&quot;copyright&quot;:&quot;&quot;,&quot;focal_length&quot;:&quot;0&quot;,&quot;iso&quot;:&quot;0&quot;,&quot;shutter_speed&quot;:&quot;0&quot;,&quot;title&quot;:&quot;&quot;,&quot;orientation&quot;:&quot;0&quot;}\" data-image-title=\"\" data-image-description=\"\" data-image-caption=\"\" data-large-file=\"https:\/\/i0.wp.com\/kirstengomez.es\/bodas\/wp-content\/uploads\/2017\/06\/agprebodabykirsten-7.jpg?fit=800%2C533\" class=\"aligncenter size-full wp-image-4044 aligncenter\" src=\"https:\/\/i0.wp.com\/kirstengomez.es\/bodas\/wp-content\/uploads\/2017\/06\/agprebodabykirsten-7.jpg?resize=800%2C533\" alt=\"\" width=\"800\" height=\"533\" srcset=\"https:\/\/i0.wp.com\/kirstengomez.es\/bodas\/wp-content\/uploads\/2017\/06\/agprebodabykirsten-7.jpg?w=800 800w, https:\/\/i0.wp.com\/kirstengomez.es\/bodas\/wp-content\/uploads\/2017\/06\/agprebodabykirsten-7.jpg?resize=300%2C200 300w, https:\/\/i0.wp.com\/kirstengomez.es\/bodas\/wp-content\/uploads\/2017\/06\/agprebodabykirsten-7.jpg?resize=500%2C333 500w\" sizes=\"auto, (max-width: 800px) 100vw, 800px\" \/> <img data-recalc-dims=\"1\" loading=\"lazy\" decoding=\"async\" data-attachment-id=\"4045\" data-permalink=\"http:\/\/kirstengomez.es\/bodas\/?attachment_id=4045\" data-orig-file=\"https:\/\/i0.wp.com\/kirstengomez.es\/bodas\/wp-content\/uploads\/2017\/06\/agprebodabykirsten-8.jpg?fit=800%2C533\" data-orig-size=\"800,533\" data-comments-opened=\"1\" data-image-meta=\"{&quot;aperture&quot;:&quot;0&quot;,&quot;credit&quot;:&quot;&quot;,&quot;camera&quot;:&quot;&quot;,&quot;caption&quot;:&quot;&quot;,&quot;created_timestamp&quot;:&quot;0&quot;,&quot;copyright&quot;:&quot;&quot;,&quot;focal_length&quot;:&quot;0&quot;,&quot;iso&quot;:&quot;0&quot;,&quot;shutter_speed&quot;:&quot;0&quot;,&quot;title&quot;:&quot;&quot;,&quot;orientation&quot;:&quot;0&quot;}\" data-image-title=\"\" data-image-description=\"\" data-image-caption=\"\" data-large-file=\"https:\/\/i0.wp.com\/kirstengomez.es\/bodas\/wp-content\/uploads\/2017\/06\/agprebodabykirsten-8.jpg?fit=800%2C533\" class=\"aligncenter size-full wp-image-4045 aligncenter\" src=\"https:\/\/i0.wp.com\/kirstengomez.es\/bodas\/wp-content\/uploads\/2017\/06\/agprebodabykirsten-8.jpg?resize=800%2C533\" alt=\"\" width=\"800\" height=\"533\" srcset=\"https:\/\/i0.wp.com\/kirstengomez.es\/bodas\/wp-content\/uploads\/2017\/06\/agprebodabykirsten-8.jpg?w=800 800w, https:\/\/i0.wp.com\/kirstengomez.es\/bodas\/wp-content\/uploads\/2017\/06\/agprebodabykirsten-8.jpg?resize=300%2C200 300w, https:\/\/i0.wp.com\/kirstengomez.es\/bodas\/wp-content\/uploads\/2017\/06\/agprebodabykirsten-8.jpg?resize=500%2C333 500w\" sizes=\"auto, (max-width: 800px) 100vw, 800px\" \/> <img data-recalc-dims=\"1\" loading=\"lazy\" decoding=\"async\" data-attachment-id=\"4047\" data-permalink=\"http:\/\/kirstengomez.es\/bodas\/?attachment_id=4047\" data-orig-file=\"https:\/\/i0.wp.com\/kirstengomez.es\/bodas\/wp-content\/uploads\/2017\/06\/agprebodabykirsten-10.jpg?fit=800%2C533\" data-orig-size=\"800,533\" data-comments-opened=\"1\" data-image-meta=\"{&quot;aperture&quot;:&quot;0&quot;,&quot;credit&quot;:&quot;&quot;,&quot;camera&quot;:&quot;&quot;,&quot;caption&quot;:&quot;&quot;,&quot;created_timestamp&quot;:&quot;0&quot;,&quot;copyright&quot;:&quot;&quot;,&quot;focal_length&quot;:&quot;0&quot;,&quot;iso&quot;:&quot;0&quot;,&quot;shutter_speed&quot;:&quot;0&quot;,&quot;title&quot;:&quot;&quot;,&quot;orientation&quot;:&quot;0&quot;}\" data-image-title=\"\" data-image-description=\"\" data-image-caption=\"\" data-large-file=\"https:\/\/i0.wp.com\/kirstengomez.es\/bodas\/wp-content\/uploads\/2017\/06\/agprebodabykirsten-10.jpg?fit=800%2C533\" class=\"aligncenter size-full wp-image-4047 aligncenter\" src=\"https:\/\/i0.wp.com\/kirstengomez.es\/bodas\/wp-content\/uploads\/2017\/06\/agprebodabykirsten-10.jpg?resize=800%2C533\" alt=\"\" width=\"800\" height=\"533\" srcset=\"https:\/\/i0.wp.com\/kirstengomez.es\/bodas\/wp-content\/uploads\/2017\/06\/agprebodabykirsten-10.jpg?w=800 800w, https:\/\/i0.wp.com\/kirstengomez.es\/bodas\/wp-content\/uploads\/2017\/06\/agprebodabykirsten-10.jpg?resize=300%2C200 300w, https:\/\/i0.wp.com\/kirstengomez.es\/bodas\/wp-content\/uploads\/2017\/06\/agprebodabykirsten-10.jpg?resize=500%2C333 500w\" sizes=\"auto, (max-width: 800px) 100vw, 800px\" \/> <img data-recalc-dims=\"1\" loading=\"lazy\" decoding=\"async\" data-attachment-id=\"4048\" data-permalink=\"http:\/\/kirstengomez.es\/bodas\/?attachment_id=4048\" data-orig-file=\"https:\/\/i0.wp.com\/kirstengomez.es\/bodas\/wp-content\/uploads\/2017\/06\/agprebodabykirsten-11.jpg?fit=800%2C533\" data-orig-size=\"800,533\" data-comments-opened=\"1\" data-image-meta=\"{&quot;aperture&quot;:&quot;0&quot;,&quot;credit&quot;:&quot;&quot;,&quot;camera&quot;:&quot;&quot;,&quot;caption&quot;:&quot;&quot;,&quot;created_timestamp&quot;:&quot;0&quot;,&quot;copyright&quot;:&quot;&quot;,&quot;focal_length&quot;:&quot;0&quot;,&quot;iso&quot;:&quot;0&quot;,&quot;shutter_speed&quot;:&quot;0&quot;,&quot;title&quot;:&quot;&quot;,&quot;orientation&quot;:&quot;0&quot;}\" data-image-title=\"\" data-image-description=\"\" data-image-caption=\"\" data-large-file=\"https:\/\/i0.wp.com\/kirstengomez.es\/bodas\/wp-content\/uploads\/2017\/06\/agprebodabykirsten-11.jpg?fit=800%2C533\" class=\"aligncenter size-full wp-image-4048 aligncenter\" src=\"https:\/\/i0.wp.com\/kirstengomez.es\/bodas\/wp-content\/uploads\/2017\/06\/agprebodabykirsten-11.jpg?resize=800%2C533\" alt=\"\" width=\"800\" height=\"533\" srcset=\"https:\/\/i0.wp.com\/kirstengomez.es\/bodas\/wp-content\/uploads\/2017\/06\/agprebodabykirsten-11.jpg?w=800 800w, https:\/\/i0.wp.com\/kirstengomez.es\/bodas\/wp-content\/uploads\/2017\/06\/agprebodabykirsten-11.jpg?resize=300%2C200 300w, https:\/\/i0.wp.com\/kirstengomez.es\/bodas\/wp-content\/uploads\/2017\/06\/agprebodabykirsten-11.jpg?resize=500%2C333 500w\" sizes=\"auto, (max-width: 800px) 100vw, 800px\" \/> <img data-recalc-dims=\"1\" loading=\"lazy\" decoding=\"async\" data-attachment-id=\"4062\" data-permalink=\"http:\/\/kirstengomez.es\/bodas\/?attachment_id=4062\" data-orig-file=\"https:\/\/i0.wp.com\/kirstengomez.es\/bodas\/wp-content\/uploads\/2017\/06\/agprebodabykirsten-14.jpg?fit=800%2C533\" data-orig-size=\"800,533\" data-comments-opened=\"1\" data-image-meta=\"{&quot;aperture&quot;:&quot;0&quot;,&quot;credit&quot;:&quot;&quot;,&quot;camera&quot;:&quot;&quot;,&quot;caption&quot;:&quot;&quot;,&quot;created_timestamp&quot;:&quot;0&quot;,&quot;copyright&quot;:&quot;&quot;,&quot;focal_length&quot;:&quot;0&quot;,&quot;iso&quot;:&quot;0&quot;,&quot;shutter_speed&quot;:&quot;0&quot;,&quot;title&quot;:&quot;&quot;,&quot;orientation&quot;:&quot;0&quot;}\" data-image-title=\"\" data-image-description=\"\" data-image-caption=\"\" data-large-file=\"https:\/\/i0.wp.com\/kirstengomez.es\/bodas\/wp-content\/uploads\/2017\/06\/agprebodabykirsten-14.jpg?fit=800%2C533\" class=\"aligncenter size-full wp-image-4062 aligncenter\" src=\"https:\/\/i0.wp.com\/kirstengomez.es\/bodas\/wp-content\/uploads\/2017\/06\/agprebodabykirsten-14.jpg?resize=800%2C533\" alt=\"\" width=\"800\" height=\"533\" srcset=\"https:\/\/i0.wp.com\/kirstengomez.es\/bodas\/wp-content\/uploads\/2017\/06\/agprebodabykirsten-14.jpg?w=800 800w, https:\/\/i0.wp.com\/kirstengomez.es\/bodas\/wp-content\/uploads\/2017\/06\/agprebodabykirsten-14.jpg?resize=300%2C200 300w, https:\/\/i0.wp.com\/kirstengomez.es\/bodas\/wp-content\/uploads\/2017\/06\/agprebodabykirsten-14.jpg?resize=500%2C333 500w\" sizes=\"auto, (max-width: 800px) 100vw, 800px\" \/> <img data-recalc-dims=\"1\" loading=\"lazy\" decoding=\"async\" data-attachment-id=\"4063\" data-permalink=\"http:\/\/kirstengomez.es\/bodas\/?attachment_id=4063\" data-orig-file=\"https:\/\/i0.wp.com\/kirstengomez.es\/bodas\/wp-content\/uploads\/2017\/06\/agprebodabykirsten-15.jpg?fit=800%2C533\" data-orig-size=\"800,533\" data-comments-opened=\"1\" data-image-meta=\"{&quot;aperture&quot;:&quot;0&quot;,&quot;credit&quot;:&quot;&quot;,&quot;camera&quot;:&quot;&quot;,&quot;caption&quot;:&quot;&quot;,&quot;created_timestamp&quot;:&quot;0&quot;,&quot;copyright&quot;:&quot;&quot;,&quot;focal_length&quot;:&quot;0&quot;,&quot;iso&quot;:&quot;0&quot;,&quot;shutter_speed&quot;:&quot;0&quot;,&quot;title&quot;:&quot;&quot;,&quot;orientation&quot;:&quot;0&quot;}\" data-image-title=\"\" data-image-description=\"\" data-image-caption=\"\" data-large-file=\"https:\/\/i0.wp.com\/kirstengomez.es\/bodas\/wp-content\/uploads\/2017\/06\/agprebodabykirsten-15.jpg?fit=800%2C533\" class=\"aligncenter size-full wp-image-4063 aligncenter\" src=\"https:\/\/i0.wp.com\/kirstengomez.es\/bodas\/wp-content\/uploads\/2017\/06\/agprebodabykirsten-15.jpg?resize=800%2C533\" alt=\"\" width=\"800\" height=\"533\" srcset=\"https:\/\/i0.wp.com\/kirstengomez.es\/bodas\/wp-content\/uploads\/2017\/06\/agprebodabykirsten-15.jpg?w=800 800w, https:\/\/i0.wp.com\/kirstengomez.es\/bodas\/wp-content\/uploads\/2017\/06\/agprebodabykirsten-15.jpg?resize=300%2C200 300w, https:\/\/i0.wp.com\/kirstengomez.es\/bodas\/wp-content\/uploads\/2017\/06\/agprebodabykirsten-15.jpg?resize=500%2C333 500w\" sizes=\"auto, (max-width: 800px) 100vw, 800px\" \/> <img data-recalc-dims=\"1\" loading=\"lazy\" decoding=\"async\" data-attachment-id=\"4064\" data-permalink=\"http:\/\/kirstengomez.es\/bodas\/?attachment_id=4064\" data-orig-file=\"https:\/\/i0.wp.com\/kirstengomez.es\/bodas\/wp-content\/uploads\/2017\/06\/agprebodabykirsten-16.jpg?fit=800%2C533\" data-orig-size=\"800,533\" data-comments-opened=\"1\" data-image-meta=\"{&quot;aperture&quot;:&quot;0&quot;,&quot;credit&quot;:&quot;&quot;,&quot;camera&quot;:&quot;&quot;,&quot;caption&quot;:&quot;&quot;,&quot;created_timestamp&quot;:&quot;0&quot;,&quot;copyright&quot;:&quot;&quot;,&quot;focal_length&quot;:&quot;0&quot;,&quot;iso&quot;:&quot;0&quot;,&quot;shutter_speed&quot;:&quot;0&quot;,&quot;title&quot;:&quot;&quot;,&quot;orientation&quot;:&quot;0&quot;}\" data-image-title=\"\" data-image-description=\"\" data-image-caption=\"\" data-large-file=\"https:\/\/i0.wp.com\/kirstengomez.es\/bodas\/wp-content\/uploads\/2017\/06\/agprebodabykirsten-16.jpg?fit=800%2C533\" class=\"aligncenter size-full wp-image-4064 aligncenter\" src=\"https:\/\/i0.wp.com\/kirstengomez.es\/bodas\/wp-content\/uploads\/2017\/06\/agprebodabykirsten-16.jpg?resize=800%2C533\" alt=\"\" width=\"800\" height=\"533\" srcset=\"https:\/\/i0.wp.com\/kirstengomez.es\/bodas\/wp-content\/uploads\/2017\/06\/agprebodabykirsten-16.jpg?w=800 800w, https:\/\/i0.wp.com\/kirstengomez.es\/bodas\/wp-content\/uploads\/2017\/06\/agprebodabykirsten-16.jpg?resize=300%2C200 300w, https:\/\/i0.wp.com\/kirstengomez.es\/bodas\/wp-content\/uploads\/2017\/06\/agprebodabykirsten-16.jpg?resize=500%2C333 500w\" sizes=\"auto, (max-width: 800px) 100vw, 800px\" \/> <img data-recalc-dims=\"1\" loading=\"lazy\" decoding=\"async\" data-attachment-id=\"4065\" data-permalink=\"http:\/\/kirstengomez.es\/bodas\/?attachment_id=4065\" data-orig-file=\"https:\/\/i0.wp.com\/kirstengomez.es\/bodas\/wp-content\/uploads\/2017\/06\/agprebodabykirsten-17.jpg?fit=800%2C533\" data-orig-size=\"800,533\" data-comments-opened=\"1\" data-image-meta=\"{&quot;aperture&quot;:&quot;0&quot;,&quot;credit&quot;:&quot;&quot;,&quot;camera&quot;:&quot;&quot;,&quot;caption&quot;:&quot;&quot;,&quot;created_timestamp&quot;:&quot;0&quot;,&quot;copyright&quot;:&quot;&quot;,&quot;focal_length&quot;:&quot;0&quot;,&quot;iso&quot;:&quot;0&quot;,&quot;shutter_speed&quot;:&quot;0&quot;,&quot;title&quot;:&quot;&quot;,&quot;orientation&quot;:&quot;0&quot;}\" data-image-title=\"\" data-image-description=\"\" data-image-caption=\"\" data-large-file=\"https:\/\/i0.wp.com\/kirstengomez.es\/bodas\/wp-content\/uploads\/2017\/06\/agprebodabykirsten-17.jpg?fit=800%2C533\" class=\"aligncenter size-full wp-image-4065 aligncenter\" src=\"https:\/\/i0.wp.com\/kirstengomez.es\/bodas\/wp-content\/uploads\/2017\/06\/agprebodabykirsten-17.jpg?resize=800%2C533\" alt=\"\" width=\"800\" height=\"533\" srcset=\"https:\/\/i0.wp.com\/kirstengomez.es\/bodas\/wp-content\/uploads\/2017\/06\/agprebodabykirsten-17.jpg?w=800 800w, https:\/\/i0.wp.com\/kirstengomez.es\/bodas\/wp-content\/uploads\/2017\/06\/agprebodabykirsten-17.jpg?resize=300%2C200 300w, https:\/\/i0.wp.com\/kirstengomez.es\/bodas\/wp-content\/uploads\/2017\/06\/agprebodabykirsten-17.jpg?resize=500%2C333 500w\" sizes=\"auto, (max-width: 800px) 100vw, 800px\" \/> <img data-recalc-dims=\"1\" loading=\"lazy\" decoding=\"async\" data-attachment-id=\"4066\" data-permalink=\"http:\/\/kirstengomez.es\/bodas\/?attachment_id=4066\" data-orig-file=\"https:\/\/i0.wp.com\/kirstengomez.es\/bodas\/wp-content\/uploads\/2017\/06\/agprebodabykirsten-19.jpg?fit=800%2C533\" data-orig-size=\"800,533\" data-comments-opened=\"1\" data-image-meta=\"{&quot;aperture&quot;:&quot;0&quot;,&quot;credit&quot;:&quot;&quot;,&quot;camera&quot;:&quot;&quot;,&quot;caption&quot;:&quot;&quot;,&quot;created_timestamp&quot;:&quot;0&quot;,&quot;copyright&quot;:&quot;&quot;,&quot;focal_length&quot;:&quot;0&quot;,&quot;iso&quot;:&quot;0&quot;,&quot;shutter_speed&quot;:&quot;0&quot;,&quot;title&quot;:&quot;&quot;,&quot;orientation&quot;:&quot;0&quot;}\" data-image-title=\"\" data-image-description=\"\" data-image-caption=\"\" data-large-file=\"https:\/\/i0.wp.com\/kirstengomez.es\/bodas\/wp-content\/uploads\/2017\/06\/agprebodabykirsten-19.jpg?fit=800%2C533\" class=\"aligncenter size-full wp-image-4066 aligncenter\" src=\"https:\/\/i0.wp.com\/kirstengomez.es\/bodas\/wp-content\/uploads\/2017\/06\/agprebodabykirsten-19.jpg?resize=800%2C533\" alt=\"\" width=\"800\" height=\"533\" srcset=\"https:\/\/i0.wp.com\/kirstengomez.es\/bodas\/wp-content\/uploads\/2017\/06\/agprebodabykirsten-19.jpg?w=800 800w, https:\/\/i0.wp.com\/kirstengomez.es\/bodas\/wp-content\/uploads\/2017\/06\/agprebodabykirsten-19.jpg?resize=300%2C200 300w, https:\/\/i0.wp.com\/kirstengomez.es\/bodas\/wp-content\/uploads\/2017\/06\/agprebodabykirsten-19.jpg?resize=500%2C333 500w\" sizes=\"auto, (max-width: 800px) 100vw, 800px\" \/> <img data-recalc-dims=\"1\" loading=\"lazy\" decoding=\"async\" data-attachment-id=\"4067\" data-permalink=\"http:\/\/kirstengomez.es\/bodas\/?attachment_id=4067\" data-orig-file=\"https:\/\/i0.wp.com\/kirstengomez.es\/bodas\/wp-content\/uploads\/2017\/06\/agprebodabykirsten-21.jpg?fit=800%2C533\" data-orig-size=\"800,533\" data-comments-opened=\"1\" data-image-meta=\"{&quot;aperture&quot;:&quot;0&quot;,&quot;credit&quot;:&quot;&quot;,&quot;camera&quot;:&quot;&quot;,&quot;caption&quot;:&quot;&quot;,&quot;created_timestamp&quot;:&quot;0&quot;,&quot;copyright&quot;:&quot;&quot;,&quot;focal_length&quot;:&quot;0&quot;,&quot;iso&quot;:&quot;0&quot;,&quot;shutter_speed&quot;:&quot;0&quot;,&quot;title&quot;:&quot;&quot;,&quot;orientation&quot;:&quot;0&quot;}\" data-image-title=\"\" data-image-description=\"\" data-image-caption=\"\" data-large-file=\"https:\/\/i0.wp.com\/kirstengomez.es\/bodas\/wp-content\/uploads\/2017\/06\/agprebodabykirsten-21.jpg?fit=800%2C533\" class=\"aligncenter size-full wp-image-4067 aligncenter\" src=\"https:\/\/i0.wp.com\/kirstengomez.es\/bodas\/wp-content\/uploads\/2017\/06\/agprebodabykirsten-21.jpg?resize=800%2C533\" alt=\"\" width=\"800\" height=\"533\" srcset=\"https:\/\/i0.wp.com\/kirstengomez.es\/bodas\/wp-content\/uploads\/2017\/06\/agprebodabykirsten-21.jpg?w=800 800w, https:\/\/i0.wp.com\/kirstengomez.es\/bodas\/wp-content\/uploads\/2017\/06\/agprebodabykirsten-21.jpg?resize=300%2C200 300w, https:\/\/i0.wp.com\/kirstengomez.es\/bodas\/wp-content\/uploads\/2017\/06\/agprebodabykirsten-21.jpg?resize=500%2C333 500w\" sizes=\"auto, (max-width: 800px) 100vw, 800px\" \/> <img data-recalc-dims=\"1\" loading=\"lazy\" decoding=\"async\" data-attachment-id=\"4068\" data-permalink=\"http:\/\/kirstengomez.es\/bodas\/?attachment_id=4068\" data-orig-file=\"https:\/\/i0.wp.com\/kirstengomez.es\/bodas\/wp-content\/uploads\/2017\/06\/agprebodabykirsten-22.jpg?fit=800%2C533\" data-orig-size=\"800,533\" data-comments-opened=\"1\" data-image-meta=\"{&quot;aperture&quot;:&quot;0&quot;,&quot;credit&quot;:&quot;&quot;,&quot;camera&quot;:&quot;&quot;,&quot;caption&quot;:&quot;&quot;,&quot;created_timestamp&quot;:&quot;0&quot;,&quot;copyright&quot;:&quot;&quot;,&quot;focal_length&quot;:&quot;0&quot;,&quot;iso&quot;:&quot;0&quot;,&quot;shutter_speed&quot;:&quot;0&quot;,&quot;title&quot;:&quot;&quot;,&quot;orientation&quot;:&quot;0&quot;}\" data-image-title=\"\" data-image-description=\"\" data-image-caption=\"\" data-large-file=\"https:\/\/i0.wp.com\/kirstengomez.es\/bodas\/wp-content\/uploads\/2017\/06\/agprebodabykirsten-22.jpg?fit=800%2C533\" class=\"aligncenter size-full wp-image-4068 aligncenter\" src=\"https:\/\/i0.wp.com\/kirstengomez.es\/bodas\/wp-content\/uploads\/2017\/06\/agprebodabykirsten-22.jpg?resize=800%2C533\" alt=\"\" width=\"800\" height=\"533\" srcset=\"https:\/\/i0.wp.com\/kirstengomez.es\/bodas\/wp-content\/uploads\/2017\/06\/agprebodabykirsten-22.jpg?w=800 800w, https:\/\/i0.wp.com\/kirstengomez.es\/bodas\/wp-content\/uploads\/2017\/06\/agprebodabykirsten-22.jpg?resize=300%2C200 300w, https:\/\/i0.wp.com\/kirstengomez.es\/bodas\/wp-content\/uploads\/2017\/06\/agprebodabykirsten-22.jpg?resize=500%2C333 500w\" sizes=\"auto, (max-width: 800px) 100vw, 800px\" \/> <img data-recalc-dims=\"1\" loading=\"lazy\" decoding=\"async\" data-attachment-id=\"4070\" data-permalink=\"http:\/\/kirstengomez.es\/bodas\/?attachment_id=4070\" data-orig-file=\"https:\/\/i0.wp.com\/kirstengomez.es\/bodas\/wp-content\/uploads\/2017\/06\/agprebodabykirsten-24.jpg?fit=800%2C533\" data-orig-size=\"800,533\" data-comments-opened=\"1\" data-image-meta=\"{&quot;aperture&quot;:&quot;0&quot;,&quot;credit&quot;:&quot;&quot;,&quot;camera&quot;:&quot;&quot;,&quot;caption&quot;:&quot;&quot;,&quot;created_timestamp&quot;:&quot;0&quot;,&quot;copyright&quot;:&quot;&quot;,&quot;focal_length&quot;:&quot;0&quot;,&quot;iso&quot;:&quot;0&quot;,&quot;shutter_speed&quot;:&quot;0&quot;,&quot;title&quot;:&quot;&quot;,&quot;orientation&quot;:&quot;0&quot;}\" data-image-title=\"\" data-image-description=\"\" data-image-caption=\"\" data-large-file=\"https:\/\/i0.wp.com\/kirstengomez.es\/bodas\/wp-content\/uploads\/2017\/06\/agprebodabykirsten-24.jpg?fit=800%2C533\" class=\"aligncenter size-full wp-image-4070 aligncenter\" src=\"https:\/\/i0.wp.com\/kirstengomez.es\/bodas\/wp-content\/uploads\/2017\/06\/agprebodabykirsten-24.jpg?resize=800%2C533\" alt=\"\" width=\"800\" height=\"533\" srcset=\"https:\/\/i0.wp.com\/kirstengomez.es\/bodas\/wp-content\/uploads\/2017\/06\/agprebodabykirsten-24.jpg?w=800 800w, https:\/\/i0.wp.com\/kirstengomez.es\/bodas\/wp-content\/uploads\/2017\/06\/agprebodabykirsten-24.jpg?resize=300%2C200 300w, https:\/\/i0.wp.com\/kirstengomez.es\/bodas\/wp-content\/uploads\/2017\/06\/agprebodabykirsten-24.jpg?resize=500%2C333 500w\" sizes=\"auto, (max-width: 800px) 100vw, 800px\" \/> <img data-recalc-dims=\"1\" loading=\"lazy\" decoding=\"async\" data-attachment-id=\"4069\" data-permalink=\"http:\/\/kirstengomez.es\/bodas\/?attachment_id=4069\" data-orig-file=\"https:\/\/i0.wp.com\/kirstengomez.es\/bodas\/wp-content\/uploads\/2017\/06\/agprebodabykirsten-23.jpg?fit=800%2C533\" data-orig-size=\"800,533\" data-comments-opened=\"1\" data-image-meta=\"{&quot;aperture&quot;:&quot;0&quot;,&quot;credit&quot;:&quot;&quot;,&quot;camera&quot;:&quot;&quot;,&quot;caption&quot;:&quot;&quot;,&quot;created_timestamp&quot;:&quot;0&quot;,&quot;copyright&quot;:&quot;&quot;,&quot;focal_length&quot;:&quot;0&quot;,&quot;iso&quot;:&quot;0&quot;,&quot;shutter_speed&quot;:&quot;0&quot;,&quot;title&quot;:&quot;&quot;,&quot;orientation&quot;:&quot;0&quot;}\" data-image-title=\"\" data-image-description=\"\" data-image-caption=\"\" data-large-file=\"https:\/\/i0.wp.com\/kirstengomez.es\/bodas\/wp-content\/uploads\/2017\/06\/agprebodabykirsten-23.jpg?fit=800%2C533\" class=\"aligncenter size-full wp-image-4069 aligncenter\" src=\"https:\/\/i0.wp.com\/kirstengomez.es\/bodas\/wp-content\/uploads\/2017\/06\/agprebodabykirsten-23.jpg?resize=800%2C533\" alt=\"\" width=\"800\" height=\"533\" srcset=\"https:\/\/i0.wp.com\/kirstengomez.es\/bodas\/wp-content\/uploads\/2017\/06\/agprebodabykirsten-23.jpg?w=800 800w, https:\/\/i0.wp.com\/kirstengomez.es\/bodas\/wp-content\/uploads\/2017\/06\/agprebodabykirsten-23.jpg?resize=300%2C200 300w, https:\/\/i0.wp.com\/kirstengomez.es\/bodas\/wp-content\/uploads\/2017\/06\/agprebodabykirsten-23.jpg?resize=500%2C333 500w\" sizes=\"auto, (max-width: 800px) 100vw, 800px\" \/> <img data-recalc-dims=\"1\" loading=\"lazy\" decoding=\"async\" data-attachment-id=\"4071\" data-permalink=\"http:\/\/kirstengomez.es\/bodas\/?attachment_id=4071\" data-orig-file=\"https:\/\/i0.wp.com\/kirstengomez.es\/bodas\/wp-content\/uploads\/2017\/06\/agprebodabykirsten-25.jpg?fit=800%2C533\" data-orig-size=\"800,533\" data-comments-opened=\"1\" data-image-meta=\"{&quot;aperture&quot;:&quot;0&quot;,&quot;credit&quot;:&quot;&quot;,&quot;camera&quot;:&quot;&quot;,&quot;caption&quot;:&quot;&quot;,&quot;created_timestamp&quot;:&quot;0&quot;,&quot;copyright&quot;:&quot;&quot;,&quot;focal_length&quot;:&quot;0&quot;,&quot;iso&quot;:&quot;0&quot;,&quot;shutter_speed&quot;:&quot;0&quot;,&quot;title&quot;:&quot;&quot;,&quot;orientation&quot;:&quot;0&quot;}\" data-image-title=\"\" data-image-description=\"\" data-image-caption=\"\" data-large-file=\"https:\/\/i0.wp.com\/kirstengomez.es\/bodas\/wp-content\/uploads\/2017\/06\/agprebodabykirsten-25.jpg?fit=800%2C533\" class=\"aligncenter size-full wp-image-4071 aligncenter\" src=\"https:\/\/i0.wp.com\/kirstengomez.es\/bodas\/wp-content\/uploads\/2017\/06\/agprebodabykirsten-25.jpg?resize=800%2C533\" alt=\"\" width=\"800\" height=\"533\" srcset=\"https:\/\/i0.wp.com\/kirstengomez.es\/bodas\/wp-content\/uploads\/2017\/06\/agprebodabykirsten-25.jpg?w=800 800w, https:\/\/i0.wp.com\/kirstengomez.es\/bodas\/wp-content\/uploads\/2017\/06\/agprebodabykirsten-25.jpg?resize=300%2C200 300w, https:\/\/i0.wp.com\/kirstengomez.es\/bodas\/wp-content\/uploads\/2017\/06\/agprebodabykirsten-25.jpg?resize=500%2C333 500w\" sizes=\"auto, (max-width: 800px) 100vw, 800px\" \/> <img data-recalc-dims=\"1\" loading=\"lazy\" decoding=\"async\" data-attachment-id=\"4072\" data-permalink=\"http:\/\/kirstengomez.es\/bodas\/?attachment_id=4072\" data-orig-file=\"https:\/\/i0.wp.com\/kirstengomez.es\/bodas\/wp-content\/uploads\/2017\/06\/agprebodabykirsten-26.jpg?fit=800%2C533\" data-orig-size=\"800,533\" data-comments-opened=\"1\" data-image-meta=\"{&quot;aperture&quot;:&quot;0&quot;,&quot;credit&quot;:&quot;&quot;,&quot;camera&quot;:&quot;&quot;,&quot;caption&quot;:&quot;&quot;,&quot;created_timestamp&quot;:&quot;0&quot;,&quot;copyright&quot;:&quot;&quot;,&quot;focal_length&quot;:&quot;0&quot;,&quot;iso&quot;:&quot;0&quot;,&quot;shutter_speed&quot;:&quot;0&quot;,&quot;title&quot;:&quot;&quot;,&quot;orientation&quot;:&quot;0&quot;}\" data-image-title=\"\" data-image-description=\"\" data-image-caption=\"\" data-large-file=\"https:\/\/i0.wp.com\/kirstengomez.es\/bodas\/wp-content\/uploads\/2017\/06\/agprebodabykirsten-26.jpg?fit=800%2C533\" class=\"aligncenter size-full wp-image-4072 aligncenter\" src=\"https:\/\/i0.wp.com\/kirstengomez.es\/bodas\/wp-content\/uploads\/2017\/06\/agprebodabykirsten-26.jpg?resize=800%2C533\" alt=\"\" width=\"800\" height=\"533\" srcset=\"https:\/\/i0.wp.com\/kirstengomez.es\/bodas\/wp-content\/uploads\/2017\/06\/agprebodabykirsten-26.jpg?w=800 800w, https:\/\/i0.wp.com\/kirstengomez.es\/bodas\/wp-content\/uploads\/2017\/06\/agprebodabykirsten-26.jpg?resize=300%2C200 300w, https:\/\/i0.wp.com\/kirstengomez.es\/bodas\/wp-content\/uploads\/2017\/06\/agprebodabykirsten-26.jpg?resize=500%2C333 500w\" sizes=\"auto, (max-width: 800px) 100vw, 800px\" \/> <img data-recalc-dims=\"1\" loading=\"lazy\" decoding=\"async\" data-attachment-id=\"4073\" data-permalink=\"http:\/\/kirstengomez.es\/bodas\/?attachment_id=4073\" data-orig-file=\"https:\/\/i0.wp.com\/kirstengomez.es\/bodas\/wp-content\/uploads\/2017\/06\/agprebodabykirsten-27.jpg?fit=800%2C533\" data-orig-size=\"800,533\" data-comments-opened=\"1\" data-image-meta=\"{&quot;aperture&quot;:&quot;0&quot;,&quot;credit&quot;:&quot;&quot;,&quot;camera&quot;:&quot;&quot;,&quot;caption&quot;:&quot;&quot;,&quot;created_timestamp&quot;:&quot;0&quot;,&quot;copyright&quot;:&quot;&quot;,&quot;focal_length&quot;:&quot;0&quot;,&quot;iso&quot;:&quot;0&quot;,&quot;shutter_speed&quot;:&quot;0&quot;,&quot;title&quot;:&quot;&quot;,&quot;orientation&quot;:&quot;0&quot;}\" data-image-title=\"\" data-image-description=\"\" data-image-caption=\"\" data-large-file=\"https:\/\/i0.wp.com\/kirstengomez.es\/bodas\/wp-content\/uploads\/2017\/06\/agprebodabykirsten-27.jpg?fit=800%2C533\" class=\"aligncenter size-full wp-image-4073 aligncenter\" src=\"https:\/\/i0.wp.com\/kirstengomez.es\/bodas\/wp-content\/uploads\/2017\/06\/agprebodabykirsten-27.jpg?resize=800%2C533\" alt=\"\" width=\"800\" height=\"533\" srcset=\"https:\/\/i0.wp.com\/kirstengomez.es\/bodas\/wp-content\/uploads\/2017\/06\/agprebodabykirsten-27.jpg?w=800 800w, https:\/\/i0.wp.com\/kirstengomez.es\/bodas\/wp-content\/uploads\/2017\/06\/agprebodabykirsten-27.jpg?resize=300%2C200 300w, https:\/\/i0.wp.com\/kirstengomez.es\/bodas\/wp-content\/uploads\/2017\/06\/agprebodabykirsten-27.jpg?resize=500%2C333 500w\" sizes=\"auto, (max-width: 800px) 100vw, 800px\" \/> <img data-recalc-dims=\"1\" loading=\"lazy\" decoding=\"async\" data-attachment-id=\"4074\" data-permalink=\"http:\/\/kirstengomez.es\/bodas\/?attachment_id=4074\" data-orig-file=\"https:\/\/i0.wp.com\/kirstengomez.es\/bodas\/wp-content\/uploads\/2017\/06\/agprebodabykirsten-28.jpg?fit=800%2C533\" data-orig-size=\"800,533\" data-comments-opened=\"1\" data-image-meta=\"{&quot;aperture&quot;:&quot;0&quot;,&quot;credit&quot;:&quot;&quot;,&quot;camera&quot;:&quot;&quot;,&quot;caption&quot;:&quot;&quot;,&quot;created_timestamp&quot;:&quot;0&quot;,&quot;copyright&quot;:&quot;&quot;,&quot;focal_length&quot;:&quot;0&quot;,&quot;iso&quot;:&quot;0&quot;,&quot;shutter_speed&quot;:&quot;0&quot;,&quot;title&quot;:&quot;&quot;,&quot;orientation&quot;:&quot;0&quot;}\" data-image-title=\"\" data-image-description=\"\" data-image-caption=\"\" data-large-file=\"https:\/\/i0.wp.com\/kirstengomez.es\/bodas\/wp-content\/uploads\/2017\/06\/agprebodabykirsten-28.jpg?fit=800%2C533\" class=\"aligncenter size-full wp-image-4074 aligncenter\" src=\"https:\/\/i0.wp.com\/kirstengomez.es\/bodas\/wp-content\/uploads\/2017\/06\/agprebodabykirsten-28.jpg?resize=800%2C533\" alt=\"\" width=\"800\" height=\"533\" srcset=\"https:\/\/i0.wp.com\/kirstengomez.es\/bodas\/wp-content\/uploads\/2017\/06\/agprebodabykirsten-28.jpg?w=800 800w, https:\/\/i0.wp.com\/kirstengomez.es\/bodas\/wp-content\/uploads\/2017\/06\/agprebodabykirsten-28.jpg?resize=300%2C200 300w, https:\/\/i0.wp.com\/kirstengomez.es\/bodas\/wp-content\/uploads\/2017\/06\/agprebodabykirsten-28.jpg?resize=500%2C333 500w\" sizes=\"auto, (max-width: 800px) 100vw, 800px\" \/> <img data-recalc-dims=\"1\" loading=\"lazy\" decoding=\"async\" data-attachment-id=\"4075\" data-permalink=\"http:\/\/kirstengomez.es\/bodas\/?attachment_id=4075\" data-orig-file=\"https:\/\/i0.wp.com\/kirstengomez.es\/bodas\/wp-content\/uploads\/2017\/06\/agprebodabykirsten-29.jpg?fit=533%2C800\" data-orig-size=\"533,800\" data-comments-opened=\"1\" data-image-meta=\"{&quot;aperture&quot;:&quot;0&quot;,&quot;credit&quot;:&quot;&quot;,&quot;camera&quot;:&quot;&quot;,&quot;caption&quot;:&quot;&quot;,&quot;created_timestamp&quot;:&quot;0&quot;,&quot;copyright&quot;:&quot;&quot;,&quot;focal_length&quot;:&quot;0&quot;,&quot;iso&quot;:&quot;0&quot;,&quot;shutter_speed&quot;:&quot;0&quot;,&quot;title&quot;:&quot;&quot;,&quot;orientation&quot;:&quot;0&quot;}\" data-image-title=\"\" data-image-description=\"\" data-image-caption=\"\" data-large-file=\"https:\/\/i0.wp.com\/kirstengomez.es\/bodas\/wp-content\/uploads\/2017\/06\/agprebodabykirsten-29.jpg?fit=533%2C800\" class=\"aligncenter size-full wp-image-4075 aligncenter\" src=\"https:\/\/i0.wp.com\/kirstengomez.es\/bodas\/wp-content\/uploads\/2017\/06\/agprebodabykirsten-29.jpg?resize=533%2C800\" alt=\"\" width=\"533\" height=\"800\" srcset=\"https:\/\/i0.wp.com\/kirstengomez.es\/bodas\/wp-content\/uploads\/2017\/06\/agprebodabykirsten-29.jpg?w=533 533w, https:\/\/i0.wp.com\/kirstengomez.es\/bodas\/wp-content\/uploads\/2017\/06\/agprebodabykirsten-29.jpg?resize=200%2C300 200w, https:\/\/i0.wp.com\/kirstengomez.es\/bodas\/wp-content\/uploads\/2017\/06\/agprebodabykirsten-29.jpg?resize=500%2C750 500w\" sizes=\"auto, (max-width: 533px) 100vw, 533px\" \/> <img data-recalc-dims=\"1\" loading=\"lazy\" decoding=\"async\" data-attachment-id=\"4076\" data-permalink=\"http:\/\/kirstengomez.es\/bodas\/?attachment_id=4076\" data-orig-file=\"https:\/\/i0.wp.com\/kirstengomez.es\/bodas\/wp-content\/uploads\/2017\/06\/agprebodabykirsten-30.jpg?fit=800%2C533\" data-orig-size=\"800,533\" data-comments-opened=\"1\" data-image-meta=\"{&quot;aperture&quot;:&quot;0&quot;,&quot;credit&quot;:&quot;&quot;,&quot;camera&quot;:&quot;&quot;,&quot;caption&quot;:&quot;&quot;,&quot;created_timestamp&quot;:&quot;0&quot;,&quot;copyright&quot;:&quot;&quot;,&quot;focal_length&quot;:&quot;0&quot;,&quot;iso&quot;:&quot;0&quot;,&quot;shutter_speed&quot;:&quot;0&quot;,&quot;title&quot;:&quot;&quot;,&quot;orientation&quot;:&quot;0&quot;}\" data-image-title=\"\" data-image-description=\"\" data-image-caption=\"\" data-large-file=\"https:\/\/i0.wp.com\/kirstengomez.es\/bodas\/wp-content\/uploads\/2017\/06\/agprebodabykirsten-30.jpg?fit=800%2C533\" class=\"aligncenter size-full wp-image-4076 aligncenter\" src=\"https:\/\/i0.wp.com\/kirstengomez.es\/bodas\/wp-content\/uploads\/2017\/06\/agprebodabykirsten-30.jpg?resize=800%2C533\" alt=\"\" width=\"800\" height=\"533\" srcset=\"https:\/\/i0.wp.com\/kirstengomez.es\/bodas\/wp-content\/uploads\/2017\/06\/agprebodabykirsten-30.jpg?w=800 800w, https:\/\/i0.wp.com\/kirstengomez.es\/bodas\/wp-content\/uploads\/2017\/06\/agprebodabykirsten-30.jpg?resize=300%2C200 300w, https:\/\/i0.wp.com\/kirstengomez.es\/bodas\/wp-content\/uploads\/2017\/06\/agprebodabykirsten-30.jpg?resize=500%2C333 500w\" sizes=\"auto, (max-width: 800px) 100vw, 800px\" \/> <img data-recalc-dims=\"1\" loading=\"lazy\" decoding=\"async\" data-attachment-id=\"4077\" data-permalink=\"http:\/\/kirstengomez.es\/bodas\/?attachment_id=4077\" data-orig-file=\"https:\/\/i0.wp.com\/kirstengomez.es\/bodas\/wp-content\/uploads\/2017\/06\/agprebodabykirsten-31.jpg?fit=800%2C533\" data-orig-size=\"800,533\" data-comments-opened=\"1\" data-image-meta=\"{&quot;aperture&quot;:&quot;0&quot;,&quot;credit&quot;:&quot;&quot;,&quot;camera&quot;:&quot;&quot;,&quot;caption&quot;:&quot;&quot;,&quot;created_timestamp&quot;:&quot;0&quot;,&quot;copyright&quot;:&quot;&quot;,&quot;focal_length&quot;:&quot;0&quot;,&quot;iso&quot;:&quot;0&quot;,&quot;shutter_speed&quot;:&quot;0&quot;,&quot;title&quot;:&quot;&quot;,&quot;orientation&quot;:&quot;0&quot;}\" data-image-title=\"\" data-image-description=\"\" data-image-caption=\"\" data-large-file=\"https:\/\/i0.wp.com\/kirstengomez.es\/bodas\/wp-content\/uploads\/2017\/06\/agprebodabykirsten-31.jpg?fit=800%2C533\" class=\"aligncenter size-full wp-image-4077 aligncenter\" src=\"https:\/\/i0.wp.com\/kirstengomez.es\/bodas\/wp-content\/uploads\/2017\/06\/agprebodabykirsten-31.jpg?resize=800%2C533\" alt=\"\" width=\"800\" height=\"533\" srcset=\"https:\/\/i0.wp.com\/kirstengomez.es\/bodas\/wp-content\/uploads\/2017\/06\/agprebodabykirsten-31.jpg?w=800 800w, https:\/\/i0.wp.com\/kirstengomez.es\/bodas\/wp-content\/uploads\/2017\/06\/agprebodabykirsten-31.jpg?resize=300%2C200 300w, https:\/\/i0.wp.com\/kirstengomez.es\/bodas\/wp-content\/uploads\/2017\/06\/agprebodabykirsten-31.jpg?resize=500%2C333 500w\" sizes=\"auto, (max-width: 800px) 100vw, 800px\" \/> <img data-recalc-dims=\"1\" loading=\"lazy\" decoding=\"async\" data-attachment-id=\"4078\" data-permalink=\"http:\/\/kirstengomez.es\/bodas\/?attachment_id=4078\" data-orig-file=\"https:\/\/i0.wp.com\/kirstengomez.es\/bodas\/wp-content\/uploads\/2017\/06\/agprebodabykirsten-32.jpg?fit=800%2C533\" data-orig-size=\"800,533\" data-comments-opened=\"1\" data-image-meta=\"{&quot;aperture&quot;:&quot;0&quot;,&quot;credit&quot;:&quot;&quot;,&quot;camera&quot;:&quot;&quot;,&quot;caption&quot;:&quot;&quot;,&quot;created_timestamp&quot;:&quot;0&quot;,&quot;copyright&quot;:&quot;&quot;,&quot;focal_length&quot;:&quot;0&quot;,&quot;iso&quot;:&quot;0&quot;,&quot;shutter_speed&quot;:&quot;0&quot;,&quot;title&quot;:&quot;&quot;,&quot;orientation&quot;:&quot;0&quot;}\" data-image-title=\"\" data-image-description=\"\" data-image-caption=\"\" data-large-file=\"https:\/\/i0.wp.com\/kirstengomez.es\/bodas\/wp-content\/uploads\/2017\/06\/agprebodabykirsten-32.jpg?fit=800%2C533\" class=\"aligncenter size-full wp-image-4078 aligncenter\" src=\"https:\/\/i0.wp.com\/kirstengomez.es\/bodas\/wp-content\/uploads\/2017\/06\/agprebodabykirsten-32.jpg?resize=800%2C533\" alt=\"\" width=\"800\" height=\"533\" srcset=\"https:\/\/i0.wp.com\/kirstengomez.es\/bodas\/wp-content\/uploads\/2017\/06\/agprebodabykirsten-32.jpg?w=800 800w, https:\/\/i0.wp.com\/kirstengomez.es\/bodas\/wp-content\/uploads\/2017\/06\/agprebodabykirsten-32.jpg?resize=300%2C200 300w, https:\/\/i0.wp.com\/kirstengomez.es\/bodas\/wp-content\/uploads\/2017\/06\/agprebodabykirsten-32.jpg?resize=500%2C333 500w\" sizes=\"auto, (max-width: 800px) 100vw, 800px\" \/> <img data-recalc-dims=\"1\" loading=\"lazy\" decoding=\"async\" data-attachment-id=\"4079\" data-permalink=\"http:\/\/kirstengomez.es\/bodas\/?attachment_id=4079\" data-orig-file=\"https:\/\/i0.wp.com\/kirstengomez.es\/bodas\/wp-content\/uploads\/2017\/06\/agprebodabykirsten-33.jpg?fit=533%2C800\" data-orig-size=\"533,800\" data-comments-opened=\"1\" data-image-meta=\"{&quot;aperture&quot;:&quot;0&quot;,&quot;credit&quot;:&quot;&quot;,&quot;camera&quot;:&quot;&quot;,&quot;caption&quot;:&quot;&quot;,&quot;created_timestamp&quot;:&quot;0&quot;,&quot;copyright&quot;:&quot;&quot;,&quot;focal_length&quot;:&quot;0&quot;,&quot;iso&quot;:&quot;0&quot;,&quot;shutter_speed&quot;:&quot;0&quot;,&quot;title&quot;:&quot;&quot;,&quot;orientation&quot;:&quot;0&quot;}\" data-image-title=\"\" data-image-description=\"\" data-image-caption=\"\" data-large-file=\"https:\/\/i0.wp.com\/kirstengomez.es\/bodas\/wp-content\/uploads\/2017\/06\/agprebodabykirsten-33.jpg?fit=533%2C800\" class=\"aligncenter size-full wp-image-4079 aligncenter\" src=\"https:\/\/i0.wp.com\/kirstengomez.es\/bodas\/wp-content\/uploads\/2017\/06\/agprebodabykirsten-33.jpg?resize=533%2C800\" alt=\"\" width=\"533\" height=\"800\" srcset=\"https:\/\/i0.wp.com\/kirstengomez.es\/bodas\/wp-content\/uploads\/2017\/06\/agprebodabykirsten-33.jpg?w=533 533w, https:\/\/i0.wp.com\/kirstengomez.es\/bodas\/wp-content\/uploads\/2017\/06\/agprebodabykirsten-33.jpg?resize=200%2C300 200w, https:\/\/i0.wp.com\/kirstengomez.es\/bodas\/wp-content\/uploads\/2017\/06\/agprebodabykirsten-33.jpg?resize=500%2C750 500w\" sizes=\"auto, (max-width: 533px) 100vw, 533px\" \/> <img data-recalc-dims=\"1\" loading=\"lazy\" decoding=\"async\" data-attachment-id=\"4080\" data-permalink=\"http:\/\/kirstengomez.es\/bodas\/?attachment_id=4080\" data-orig-file=\"https:\/\/i0.wp.com\/kirstengomez.es\/bodas\/wp-content\/uploads\/2017\/06\/agprebodabykirsten-34.jpg?fit=800%2C533\" data-orig-size=\"800,533\" data-comments-opened=\"1\" data-image-meta=\"{&quot;aperture&quot;:&quot;0&quot;,&quot;credit&quot;:&quot;&quot;,&quot;camera&quot;:&quot;&quot;,&quot;caption&quot;:&quot;&quot;,&quot;created_timestamp&quot;:&quot;0&quot;,&quot;copyright&quot;:&quot;&quot;,&quot;focal_length&quot;:&quot;0&quot;,&quot;iso&quot;:&quot;0&quot;,&quot;shutter_speed&quot;:&quot;0&quot;,&quot;title&quot;:&quot;&quot;,&quot;orientation&quot;:&quot;0&quot;}\" data-image-title=\"\" data-image-description=\"\" data-image-caption=\"\" data-large-file=\"https:\/\/i0.wp.com\/kirstengomez.es\/bodas\/wp-content\/uploads\/2017\/06\/agprebodabykirsten-34.jpg?fit=800%2C533\" class=\"aligncenter size-full wp-image-4080 aligncenter\" src=\"https:\/\/i0.wp.com\/kirstengomez.es\/bodas\/wp-content\/uploads\/2017\/06\/agprebodabykirsten-34.jpg?resize=800%2C533\" alt=\"\" width=\"800\" height=\"533\" srcset=\"https:\/\/i0.wp.com\/kirstengomez.es\/bodas\/wp-content\/uploads\/2017\/06\/agprebodabykirsten-34.jpg?w=800 800w, https:\/\/i0.wp.com\/kirstengomez.es\/bodas\/wp-content\/uploads\/2017\/06\/agprebodabykirsten-34.jpg?resize=300%2C200 300w, https:\/\/i0.wp.com\/kirstengomez.es\/bodas\/wp-content\/uploads\/2017\/06\/agprebodabykirsten-34.jpg?resize=500%2C333 500w\" sizes=\"auto, (max-width: 800px) 100vw, 800px\" \/> <img data-recalc-dims=\"1\" loading=\"lazy\" decoding=\"async\" data-attachment-id=\"4081\" data-permalink=\"http:\/\/kirstengomez.es\/bodas\/?attachment_id=4081\" data-orig-file=\"https:\/\/i0.wp.com\/kirstengomez.es\/bodas\/wp-content\/uploads\/2017\/06\/agprebodabykirsten-35.jpg?fit=800%2C533\" data-orig-size=\"800,533\" data-comments-opened=\"1\" data-image-meta=\"{&quot;aperture&quot;:&quot;0&quot;,&quot;credit&quot;:&quot;&quot;,&quot;camera&quot;:&quot;&quot;,&quot;caption&quot;:&quot;&quot;,&quot;created_timestamp&quot;:&quot;0&quot;,&quot;copyright&quot;:&quot;&quot;,&quot;focal_length&quot;:&quot;0&quot;,&quot;iso&quot;:&quot;0&quot;,&quot;shutter_speed&quot;:&quot;0&quot;,&quot;title&quot;:&quot;&quot;,&quot;orientation&quot;:&quot;0&quot;}\" data-image-title=\"\" data-image-description=\"\" data-image-caption=\"\" data-large-file=\"https:\/\/i0.wp.com\/kirstengomez.es\/bodas\/wp-content\/uploads\/2017\/06\/agprebodabykirsten-35.jpg?fit=800%2C533\" class=\"aligncenter size-full wp-image-4081 aligncenter\" src=\"https:\/\/i0.wp.com\/kirstengomez.es\/bodas\/wp-content\/uploads\/2017\/06\/agprebodabykirsten-35.jpg?resize=800%2C533\" alt=\"\" width=\"800\" height=\"533\" srcset=\"https:\/\/i0.wp.com\/kirstengomez.es\/bodas\/wp-content\/uploads\/2017\/06\/agprebodabykirsten-35.jpg?w=800 800w, https:\/\/i0.wp.com\/kirstengomez.es\/bodas\/wp-content\/uploads\/2017\/06\/agprebodabykirsten-35.jpg?resize=300%2C200 300w, https:\/\/i0.wp.com\/kirstengomez.es\/bodas\/wp-content\/uploads\/2017\/06\/agprebodabykirsten-35.jpg?resize=500%2C333 500w\" sizes=\"auto, (max-width: 800px) 100vw, 800px\" \/> <img data-recalc-dims=\"1\" loading=\"lazy\" decoding=\"async\" data-attachment-id=\"4082\" data-permalink=\"http:\/\/kirstengomez.es\/bodas\/?attachment_id=4082\" data-orig-file=\"https:\/\/i0.wp.com\/kirstengomez.es\/bodas\/wp-content\/uploads\/2017\/06\/agprebodabykirsten-37.jpg?fit=800%2C533\" data-orig-size=\"800,533\" data-comments-opened=\"1\" data-image-meta=\"{&quot;aperture&quot;:&quot;0&quot;,&quot;credit&quot;:&quot;&quot;,&quot;camera&quot;:&quot;&quot;,&quot;caption&quot;:&quot;&quot;,&quot;created_timestamp&quot;:&quot;0&quot;,&quot;copyright&quot;:&quot;&quot;,&quot;focal_length&quot;:&quot;0&quot;,&quot;iso&quot;:&quot;0&quot;,&quot;shutter_speed&quot;:&quot;0&quot;,&quot;title&quot;:&quot;&quot;,&quot;orientation&quot;:&quot;0&quot;}\" data-image-title=\"\" data-image-description=\"\" data-image-caption=\"\" data-large-file=\"https:\/\/i0.wp.com\/kirstengomez.es\/bodas\/wp-content\/uploads\/2017\/06\/agprebodabykirsten-37.jpg?fit=800%2C533\" class=\"aligncenter size-full wp-image-4082 aligncenter\" src=\"https:\/\/i0.wp.com\/kirstengomez.es\/bodas\/wp-content\/uploads\/2017\/06\/agprebodabykirsten-37.jpg?resize=800%2C533\" alt=\"\" width=\"800\" height=\"533\" srcset=\"https:\/\/i0.wp.com\/kirstengomez.es\/bodas\/wp-content\/uploads\/2017\/06\/agprebodabykirsten-37.jpg?w=800 800w, https:\/\/i0.wp.com\/kirstengomez.es\/bodas\/wp-content\/uploads\/2017\/06\/agprebodabykirsten-37.jpg?resize=300%2C200 300w, https:\/\/i0.wp.com\/kirstengomez.es\/bodas\/wp-content\/uploads\/2017\/06\/agprebodabykirsten-37.jpg?resize=500%2C333 500w\" sizes=\"auto, (max-width: 800px) 100vw, 800px\" \/> <img data-recalc-dims=\"1\" loading=\"lazy\" decoding=\"async\" data-attachment-id=\"4083\" data-permalink=\"http:\/\/kirstengomez.es\/bodas\/?attachment_id=4083\" data-orig-file=\"https:\/\/i0.wp.com\/kirstengomez.es\/bodas\/wp-content\/uploads\/2017\/06\/agprebodabykirsten-38.jpg?fit=533%2C800\" data-orig-size=\"533,800\" data-comments-opened=\"1\" data-image-meta=\"{&quot;aperture&quot;:&quot;0&quot;,&quot;credit&quot;:&quot;&quot;,&quot;camera&quot;:&quot;&quot;,&quot;caption&quot;:&quot;&quot;,&quot;created_timestamp&quot;:&quot;0&quot;,&quot;copyright&quot;:&quot;&quot;,&quot;focal_length&quot;:&quot;0&quot;,&quot;iso&quot;:&quot;0&quot;,&quot;shutter_speed&quot;:&quot;0&quot;,&quot;title&quot;:&quot;&quot;,&quot;orientation&quot;:&quot;0&quot;}\" data-image-title=\"\" data-image-description=\"\" data-image-caption=\"\" data-large-file=\"https:\/\/i0.wp.com\/kirstengomez.es\/bodas\/wp-content\/uploads\/2017\/06\/agprebodabykirsten-38.jpg?fit=533%2C800\" class=\"aligncenter size-full wp-image-4083 aligncenter\" src=\"https:\/\/i0.wp.com\/kirstengomez.es\/bodas\/wp-content\/uploads\/2017\/06\/agprebodabykirsten-38.jpg?resize=533%2C800\" alt=\"\" width=\"533\" height=\"800\" srcset=\"https:\/\/i0.wp.com\/kirstengomez.es\/bodas\/wp-content\/uploads\/2017\/06\/agprebodabykirsten-38.jpg?w=533 533w, https:\/\/i0.wp.com\/kirstengomez.es\/bodas\/wp-content\/uploads\/2017\/06\/agprebodabykirsten-38.jpg?resize=200%2C300 200w, https:\/\/i0.wp.com\/kirstengomez.es\/bodas\/wp-content\/uploads\/2017\/06\/agprebodabykirsten-38.jpg?resize=500%2C750 500w\" sizes=\"auto, (max-width: 533px) 100vw, 533px\" \/> <img data-recalc-dims=\"1\" loading=\"lazy\" decoding=\"async\" data-attachment-id=\"4084\" data-permalink=\"http:\/\/kirstengomez.es\/bodas\/?attachment_id=4084\" data-orig-file=\"https:\/\/i0.wp.com\/kirstengomez.es\/bodas\/wp-content\/uploads\/2017\/06\/agprebodabykirsten-39.jpg?fit=800%2C533\" data-orig-size=\"800,533\" data-comments-opened=\"1\" data-image-meta=\"{&quot;aperture&quot;:&quot;0&quot;,&quot;credit&quot;:&quot;&quot;,&quot;camera&quot;:&quot;&quot;,&quot;caption&quot;:&quot;&quot;,&quot;created_timestamp&quot;:&quot;0&quot;,&quot;copyright&quot;:&quot;&quot;,&quot;focal_length&quot;:&quot;0&quot;,&quot;iso&quot;:&quot;0&quot;,&quot;shutter_speed&quot;:&quot;0&quot;,&quot;title&quot;:&quot;&quot;,&quot;orientation&quot;:&quot;0&quot;}\" data-image-title=\"\" data-image-description=\"\" data-image-caption=\"\" data-large-file=\"https:\/\/i0.wp.com\/kirstengomez.es\/bodas\/wp-content\/uploads\/2017\/06\/agprebodabykirsten-39.jpg?fit=800%2C533\" class=\"aligncenter size-full wp-image-4084 aligncenter\" src=\"https:\/\/i0.wp.com\/kirstengomez.es\/bodas\/wp-content\/uploads\/2017\/06\/agprebodabykirsten-39.jpg?resize=800%2C533\" alt=\"\" width=\"800\" height=\"533\" srcset=\"https:\/\/i0.wp.com\/kirstengomez.es\/bodas\/wp-content\/uploads\/2017\/06\/agprebodabykirsten-39.jpg?w=800 800w, https:\/\/i0.wp.com\/kirstengomez.es\/bodas\/wp-content\/uploads\/2017\/06\/agprebodabykirsten-39.jpg?resize=300%2C200 300w, https:\/\/i0.wp.com\/kirstengomez.es\/bodas\/wp-content\/uploads\/2017\/06\/agprebodabykirsten-39.jpg?resize=500%2C333 500w\" sizes=\"auto, (max-width: 800px) 100vw, 800px\" \/> <img data-recalc-dims=\"1\" loading=\"lazy\" decoding=\"async\" data-attachment-id=\"4085\" data-permalink=\"http:\/\/kirstengomez.es\/bodas\/?attachment_id=4085\" data-orig-file=\"https:\/\/i0.wp.com\/kirstengomez.es\/bodas\/wp-content\/uploads\/2017\/06\/agprebodabykirsten-40.jpg?fit=533%2C800\" data-orig-size=\"533,800\" data-comments-opened=\"1\" data-image-meta=\"{&quot;aperture&quot;:&quot;0&quot;,&quot;credit&quot;:&quot;&quot;,&quot;camera&quot;:&quot;&quot;,&quot;caption&quot;:&quot;&quot;,&quot;created_timestamp&quot;:&quot;0&quot;,&quot;copyright&quot;:&quot;&quot;,&quot;focal_length&quot;:&quot;0&quot;,&quot;iso&quot;:&quot;0&quot;,&quot;shutter_speed&quot;:&quot;0&quot;,&quot;title&quot;:&quot;&quot;,&quot;orientation&quot;:&quot;0&quot;}\" data-image-title=\"\" data-image-description=\"\" data-image-caption=\"\" data-large-file=\"https:\/\/i0.wp.com\/kirstengomez.es\/bodas\/wp-content\/uploads\/2017\/06\/agprebodabykirsten-40.jpg?fit=533%2C800\" class=\"aligncenter size-full wp-image-4085 aligncenter\" src=\"https:\/\/i0.wp.com\/kirstengomez.es\/bodas\/wp-content\/uploads\/2017\/06\/agprebodabykirsten-40.jpg?resize=533%2C800\" alt=\"\" width=\"533\" height=\"800\" srcset=\"https:\/\/i0.wp.com\/kirstengomez.es\/bodas\/wp-content\/uploads\/2017\/06\/agprebodabykirsten-40.jpg?w=533 533w, https:\/\/i0.wp.com\/kirstengomez.es\/bodas\/wp-content\/uploads\/2017\/06\/agprebodabykirsten-40.jpg?resize=200%2C300 200w, https:\/\/i0.wp.com\/kirstengomez.es\/bodas\/wp-content\/uploads\/2017\/06\/agprebodabykirsten-40.jpg?resize=500%2C750 500w\" sizes=\"auto, (max-width: 533px) 100vw, 533px\" \/> <img data-recalc-dims=\"1\" loading=\"lazy\" decoding=\"async\" data-attachment-id=\"4086\" data-permalink=\"http:\/\/kirstengomez.es\/bodas\/?attachment_id=4086\" data-orig-file=\"https:\/\/i0.wp.com\/kirstengomez.es\/bodas\/wp-content\/uploads\/2017\/06\/agprebodabykirsten-41.jpg?fit=533%2C800\" data-orig-size=\"533,800\" data-comments-opened=\"1\" data-image-meta=\"{&quot;aperture&quot;:&quot;0&quot;,&quot;credit&quot;:&quot;&quot;,&quot;camera&quot;:&quot;&quot;,&quot;caption&quot;:&quot;&quot;,&quot;created_timestamp&quot;:&quot;0&quot;,&quot;copyright&quot;:&quot;&quot;,&quot;focal_length&quot;:&quot;0&quot;,&quot;iso&quot;:&quot;0&quot;,&quot;shutter_speed&quot;:&quot;0&quot;,&quot;title&quot;:&quot;&quot;,&quot;orientation&quot;:&quot;0&quot;}\" data-image-title=\"\" data-image-description=\"\" data-image-caption=\"\" data-large-file=\"https:\/\/i0.wp.com\/kirstengomez.es\/bodas\/wp-content\/uploads\/2017\/06\/agprebodabykirsten-41.jpg?fit=533%2C800\" class=\"aligncenter size-full wp-image-4086 aligncenter\" src=\"https:\/\/i0.wp.com\/kirstengomez.es\/bodas\/wp-content\/uploads\/2017\/06\/agprebodabykirsten-41.jpg?resize=533%2C800\" alt=\"\" width=\"533\" height=\"800\" srcset=\"https:\/\/i0.wp.com\/kirstengomez.es\/bodas\/wp-content\/uploads\/2017\/06\/agprebodabykirsten-41.jpg?w=533 533w, https:\/\/i0.wp.com\/kirstengomez.es\/bodas\/wp-content\/uploads\/2017\/06\/agprebodabykirsten-41.jpg?resize=200%2C300 200w, https:\/\/i0.wp.com\/kirstengomez.es\/bodas\/wp-content\/uploads\/2017\/06\/agprebodabykirsten-41.jpg?resize=500%2C750 500w\" sizes=\"auto, (max-width: 533px) 100vw, 533px\" \/> <img data-recalc-dims=\"1\" loading=\"lazy\" decoding=\"async\" data-attachment-id=\"4087\" data-permalink=\"http:\/\/kirstengomez.es\/bodas\/?attachment_id=4087\" data-orig-file=\"https:\/\/i0.wp.com\/kirstengomez.es\/bodas\/wp-content\/uploads\/2017\/06\/agprebodabykirsten-42.jpg?fit=800%2C533\" data-orig-size=\"800,533\" data-comments-opened=\"1\" data-image-meta=\"{&quot;aperture&quot;:&quot;0&quot;,&quot;credit&quot;:&quot;&quot;,&quot;camera&quot;:&quot;&quot;,&quot;caption&quot;:&quot;&quot;,&quot;created_timestamp&quot;:&quot;0&quot;,&quot;copyright&quot;:&quot;&quot;,&quot;focal_length&quot;:&quot;0&quot;,&quot;iso&quot;:&quot;0&quot;,&quot;shutter_speed&quot;:&quot;0&quot;,&quot;title&quot;:&quot;&quot;,&quot;orientation&quot;:&quot;0&quot;}\" data-image-title=\"\" data-image-description=\"\" data-image-caption=\"\" data-large-file=\"https:\/\/i0.wp.com\/kirstengomez.es\/bodas\/wp-content\/uploads\/2017\/06\/agprebodabykirsten-42.jpg?fit=800%2C533\" class=\"aligncenter size-full wp-image-4087 aligncenter\" src=\"https:\/\/i0.wp.com\/kirstengomez.es\/bodas\/wp-content\/uploads\/2017\/06\/agprebodabykirsten-42.jpg?resize=800%2C533\" alt=\"\" width=\"800\" height=\"533\" srcset=\"https:\/\/i0.wp.com\/kirstengomez.es\/bodas\/wp-content\/uploads\/2017\/06\/agprebodabykirsten-42.jpg?w=800 800w, https:\/\/i0.wp.com\/kirstengomez.es\/bodas\/wp-content\/uploads\/2017\/06\/agprebodabykirsten-42.jpg?resize=300%2C200 300w, https:\/\/i0.wp.com\/kirstengomez.es\/bodas\/wp-content\/uploads\/2017\/06\/agprebodabykirsten-42.jpg?resize=500%2C333 500w\" sizes=\"auto, (max-width: 800px) 100vw, 800px\" \/> <img data-recalc-dims=\"1\" loading=\"lazy\" decoding=\"async\" data-attachment-id=\"4088\" data-permalink=\"http:\/\/kirstengomez.es\/bodas\/?attachment_id=4088\" data-orig-file=\"https:\/\/i0.wp.com\/kirstengomez.es\/bodas\/wp-content\/uploads\/2017\/06\/agprebodabykirsten-43.jpg?fit=800%2C533\" data-orig-size=\"800,533\" data-comments-opened=\"1\" data-image-meta=\"{&quot;aperture&quot;:&quot;0&quot;,&quot;credit&quot;:&quot;&quot;,&quot;camera&quot;:&quot;&quot;,&quot;caption&quot;:&quot;&quot;,&quot;created_timestamp&quot;:&quot;0&quot;,&quot;copyright&quot;:&quot;&quot;,&quot;focal_length&quot;:&quot;0&quot;,&quot;iso&quot;:&quot;0&quot;,&quot;shutter_speed&quot;:&quot;0&quot;,&quot;title&quot;:&quot;&quot;,&quot;orientation&quot;:&quot;0&quot;}\" data-image-title=\"\" data-image-description=\"\" data-image-caption=\"\" data-large-file=\"https:\/\/i0.wp.com\/kirstengomez.es\/bodas\/wp-content\/uploads\/2017\/06\/agprebodabykirsten-43.jpg?fit=800%2C533\" class=\"aligncenter size-full wp-image-4088 aligncenter\" src=\"https:\/\/i0.wp.com\/kirstengomez.es\/bodas\/wp-content\/uploads\/2017\/06\/agprebodabykirsten-43.jpg?resize=800%2C533\" alt=\"\" width=\"800\" height=\"533\" srcset=\"https:\/\/i0.wp.com\/kirstengomez.es\/bodas\/wp-content\/uploads\/2017\/06\/agprebodabykirsten-43.jpg?w=800 800w, https:\/\/i0.wp.com\/kirstengomez.es\/bodas\/wp-content\/uploads\/2017\/06\/agprebodabykirsten-43.jpg?resize=300%2C200 300w, https:\/\/i0.wp.com\/kirstengomez.es\/bodas\/wp-content\/uploads\/2017\/06\/agprebodabykirsten-43.jpg?resize=500%2C333 500w\" sizes=\"auto, (max-width: 800px) 100vw, 800px\" \/> <img data-recalc-dims=\"1\" loading=\"lazy\" decoding=\"async\" data-attachment-id=\"4089\" data-permalink=\"http:\/\/kirstengomez.es\/bodas\/?attachment_id=4089\" data-orig-file=\"https:\/\/i0.wp.com\/kirstengomez.es\/bodas\/wp-content\/uploads\/2017\/06\/agprebodabykirsten-44.jpg?fit=800%2C533\" data-orig-size=\"800,533\" data-comments-opened=\"1\" data-image-meta=\"{&quot;aperture&quot;:&quot;0&quot;,&quot;credit&quot;:&quot;&quot;,&quot;camera&quot;:&quot;&quot;,&quot;caption&quot;:&quot;&quot;,&quot;created_timestamp&quot;:&quot;0&quot;,&quot;copyright&quot;:&quot;&quot;,&quot;focal_length&quot;:&quot;0&quot;,&quot;iso&quot;:&quot;0&quot;,&quot;shutter_speed&quot;:&quot;0&quot;,&quot;title&quot;:&quot;&quot;,&quot;orientation&quot;:&quot;0&quot;}\" data-image-title=\"\" data-image-description=\"\" data-image-caption=\"\" data-large-file=\"https:\/\/i0.wp.com\/kirstengomez.es\/bodas\/wp-content\/uploads\/2017\/06\/agprebodabykirsten-44.jpg?fit=800%2C533\" class=\"aligncenter size-full wp-image-4089 aligncenter\" src=\"https:\/\/i0.wp.com\/kirstengomez.es\/bodas\/wp-content\/uploads\/2017\/06\/agprebodabykirsten-44.jpg?resize=800%2C533\" alt=\"\" width=\"800\" height=\"533\" srcset=\"https:\/\/i0.wp.com\/kirstengomez.es\/bodas\/wp-content\/uploads\/2017\/06\/agprebodabykirsten-44.jpg?w=800 800w, https:\/\/i0.wp.com\/kirstengomez.es\/bodas\/wp-content\/uploads\/2017\/06\/agprebodabykirsten-44.jpg?resize=300%2C200 300w, https:\/\/i0.wp.com\/kirstengomez.es\/bodas\/wp-content\/uploads\/2017\/06\/agprebodabykirsten-44.jpg?resize=500%2C333 500w\" sizes=\"auto, (max-width: 800px) 100vw, 800px\" \/> <img data-recalc-dims=\"1\" loading=\"lazy\" decoding=\"async\" data-attachment-id=\"4090\" data-permalink=\"http:\/\/kirstengomez.es\/bodas\/?attachment_id=4090\" data-orig-file=\"https:\/\/i0.wp.com\/kirstengomez.es\/bodas\/wp-content\/uploads\/2017\/06\/agprebodabykirsten-45.jpg?fit=800%2C533\" data-orig-size=\"800,533\" data-comments-opened=\"1\" data-image-meta=\"{&quot;aperture&quot;:&quot;0&quot;,&quot;credit&quot;:&quot;&quot;,&quot;camera&quot;:&quot;&quot;,&quot;caption&quot;:&quot;&quot;,&quot;created_timestamp&quot;:&quot;0&quot;,&quot;copyright&quot;:&quot;&quot;,&quot;focal_length&quot;:&quot;0&quot;,&quot;iso&quot;:&quot;0&quot;,&quot;shutter_speed&quot;:&quot;0&quot;,&quot;title&quot;:&quot;&quot;,&quot;orientation&quot;:&quot;0&quot;}\" data-image-title=\"\" data-image-description=\"\" data-image-caption=\"\" data-large-file=\"https:\/\/i0.wp.com\/kirstengomez.es\/bodas\/wp-content\/uploads\/2017\/06\/agprebodabykirsten-45.jpg?fit=800%2C533\" class=\"aligncenter size-full wp-image-4090 aligncenter\" src=\"https:\/\/i0.wp.com\/kirstengomez.es\/bodas\/wp-content\/uploads\/2017\/06\/agprebodabykirsten-45.jpg?resize=800%2C533\" alt=\"\" width=\"800\" height=\"533\" srcset=\"https:\/\/i0.wp.com\/kirstengomez.es\/bodas\/wp-content\/uploads\/2017\/06\/agprebodabykirsten-45.jpg?w=800 800w, https:\/\/i0.wp.com\/kirstengomez.es\/bodas\/wp-content\/uploads\/2017\/06\/agprebodabykirsten-45.jpg?resize=300%2C200 300w, https:\/\/i0.wp.com\/kirstengomez.es\/bodas\/wp-content\/uploads\/2017\/06\/agprebodabykirsten-45.jpg?resize=500%2C333 500w\" sizes=\"auto, (max-width: 800px) 100vw, 800px\" \/> <img data-recalc-dims=\"1\" loading=\"lazy\" decoding=\"async\" data-attachment-id=\"4091\" data-permalink=\"http:\/\/kirstengomez.es\/bodas\/?attachment_id=4091\" data-orig-file=\"https:\/\/i0.wp.com\/kirstengomez.es\/bodas\/wp-content\/uploads\/2017\/06\/agprebodabykirsten-46.jpg?fit=800%2C533\" data-orig-size=\"800,533\" data-comments-opened=\"1\" data-image-meta=\"{&quot;aperture&quot;:&quot;0&quot;,&quot;credit&quot;:&quot;&quot;,&quot;camera&quot;:&quot;&quot;,&quot;caption&quot;:&quot;&quot;,&quot;created_timestamp&quot;:&quot;0&quot;,&quot;copyright&quot;:&quot;&quot;,&quot;focal_length&quot;:&quot;0&quot;,&quot;iso&quot;:&quot;0&quot;,&quot;shutter_speed&quot;:&quot;0&quot;,&quot;title&quot;:&quot;&quot;,&quot;orientation&quot;:&quot;0&quot;}\" data-image-title=\"\" data-image-description=\"\" data-image-caption=\"\" data-large-file=\"https:\/\/i0.wp.com\/kirstengomez.es\/bodas\/wp-content\/uploads\/2017\/06\/agprebodabykirsten-46.jpg?fit=800%2C533\" class=\"aligncenter size-full wp-image-4091 aligncenter\" src=\"https:\/\/i0.wp.com\/kirstengomez.es\/bodas\/wp-content\/uploads\/2017\/06\/agprebodabykirsten-46.jpg?resize=800%2C533\" alt=\"\" width=\"800\" height=\"533\" srcset=\"https:\/\/i0.wp.com\/kirstengomez.es\/bodas\/wp-content\/uploads\/2017\/06\/agprebodabykirsten-46.jpg?w=800 800w, https:\/\/i0.wp.com\/kirstengomez.es\/bodas\/wp-content\/uploads\/2017\/06\/agprebodabykirsten-46.jpg?resize=300%2C200 300w, https:\/\/i0.wp.com\/kirstengomez.es\/bodas\/wp-content\/uploads\/2017\/06\/agprebodabykirsten-46.jpg?resize=500%2C333 500w\" sizes=\"auto, (max-width: 800px) 100vw, 800px\" \/> <img data-recalc-dims=\"1\" loading=\"lazy\" decoding=\"async\" data-attachment-id=\"4092\" data-permalink=\"http:\/\/kirstengomez.es\/bodas\/?attachment_id=4092\" data-orig-file=\"https:\/\/i0.wp.com\/kirstengomez.es\/bodas\/wp-content\/uploads\/2017\/06\/agprebodabykirsten-47.jpg?fit=800%2C533\" data-orig-size=\"800,533\" data-comments-opened=\"1\" data-image-meta=\"{&quot;aperture&quot;:&quot;0&quot;,&quot;credit&quot;:&quot;&quot;,&quot;camera&quot;:&quot;&quot;,&quot;caption&quot;:&quot;&quot;,&quot;created_timestamp&quot;:&quot;0&quot;,&quot;copyright&quot;:&quot;&quot;,&quot;focal_length&quot;:&quot;0&quot;,&quot;iso&quot;:&quot;0&quot;,&quot;shutter_speed&quot;:&quot;0&quot;,&quot;title&quot;:&quot;&quot;,&quot;orientation&quot;:&quot;0&quot;}\" data-image-title=\"\" data-image-description=\"\" data-image-caption=\"\" data-large-file=\"https:\/\/i0.wp.com\/kirstengomez.es\/bodas\/wp-content\/uploads\/2017\/06\/agprebodabykirsten-47.jpg?fit=800%2C533\" class=\"aligncenter size-full wp-image-4092 aligncenter\" src=\"https:\/\/i0.wp.com\/kirstengomez.es\/bodas\/wp-content\/uploads\/2017\/06\/agprebodabykirsten-47.jpg?resize=800%2C533\" alt=\"\" width=\"800\" height=\"533\" srcset=\"https:\/\/i0.wp.com\/kirstengomez.es\/bodas\/wp-content\/uploads\/2017\/06\/agprebodabykirsten-47.jpg?w=800 800w, https:\/\/i0.wp.com\/kirstengomez.es\/bodas\/wp-content\/uploads\/2017\/06\/agprebodabykirsten-47.jpg?resize=300%2C200 300w, https:\/\/i0.wp.com\/kirstengomez.es\/bodas\/wp-content\/uploads\/2017\/06\/agprebodabykirsten-47.jpg?resize=500%2C333 500w\" sizes=\"auto, (max-width: 800px) 100vw, 800px\" \/> <img data-recalc-dims=\"1\" loading=\"lazy\" decoding=\"async\" data-attachment-id=\"4093\" data-permalink=\"http:\/\/kirstengomez.es\/bodas\/?attachment_id=4093\" data-orig-file=\"https:\/\/i0.wp.com\/kirstengomez.es\/bodas\/wp-content\/uploads\/2017\/06\/agprebodabykirsten-48.jpg?fit=800%2C533\" data-orig-size=\"800,533\" data-comments-opened=\"1\" data-image-meta=\"{&quot;aperture&quot;:&quot;0&quot;,&quot;credit&quot;:&quot;&quot;,&quot;camera&quot;:&quot;&quot;,&quot;caption&quot;:&quot;&quot;,&quot;created_timestamp&quot;:&quot;0&quot;,&quot;copyright&quot;:&quot;&quot;,&quot;focal_length&quot;:&quot;0&quot;,&quot;iso&quot;:&quot;0&quot;,&quot;shutter_speed&quot;:&quot;0&quot;,&quot;title&quot;:&quot;&quot;,&quot;orientation&quot;:&quot;0&quot;}\" data-image-title=\"\" data-image-description=\"\" data-image-caption=\"\" data-large-file=\"https:\/\/i0.wp.com\/kirstengomez.es\/bodas\/wp-content\/uploads\/2017\/06\/agprebodabykirsten-48.jpg?fit=800%2C533\" class=\"aligncenter size-full wp-image-4093 aligncenter\" src=\"https:\/\/i0.wp.com\/kirstengomez.es\/bodas\/wp-content\/uploads\/2017\/06\/agprebodabykirsten-48.jpg?resize=800%2C533\" alt=\"\" width=\"800\" height=\"533\" srcset=\"https:\/\/i0.wp.com\/kirstengomez.es\/bodas\/wp-content\/uploads\/2017\/06\/agprebodabykirsten-48.jpg?w=800 800w, https:\/\/i0.wp.com\/kirstengomez.es\/bodas\/wp-content\/uploads\/2017\/06\/agprebodabykirsten-48.jpg?resize=300%2C200 300w, https:\/\/i0.wp.com\/kirstengomez.es\/bodas\/wp-content\/uploads\/2017\/06\/agprebodabykirsten-48.jpg?resize=500%2C333 500w\" sizes=\"auto, (max-width: 800px) 100vw, 800px\" \/> <img data-recalc-dims=\"1\" loading=\"lazy\" decoding=\"async\" data-attachment-id=\"4094\" data-permalink=\"http:\/\/kirstengomez.es\/bodas\/?attachment_id=4094\" data-orig-file=\"https:\/\/i0.wp.com\/kirstengomez.es\/bodas\/wp-content\/uploads\/2017\/06\/agprebodabykirsten-49.jpg?fit=800%2C533\" data-orig-size=\"800,533\" data-comments-opened=\"1\" data-image-meta=\"{&quot;aperture&quot;:&quot;0&quot;,&quot;credit&quot;:&quot;&quot;,&quot;camera&quot;:&quot;&quot;,&quot;caption&quot;:&quot;&quot;,&quot;created_timestamp&quot;:&quot;0&quot;,&quot;copyright&quot;:&quot;&quot;,&quot;focal_length&quot;:&quot;0&quot;,&quot;iso&quot;:&quot;0&quot;,&quot;shutter_speed&quot;:&quot;0&quot;,&quot;title&quot;:&quot;&quot;,&quot;orientation&quot;:&quot;0&quot;}\" data-image-title=\"\" data-image-description=\"\" data-image-caption=\"\" data-large-file=\"https:\/\/i0.wp.com\/kirstengomez.es\/bodas\/wp-content\/uploads\/2017\/06\/agprebodabykirsten-49.jpg?fit=800%2C533\" class=\"aligncenter size-full wp-image-4094 aligncenter\" src=\"https:\/\/i0.wp.com\/kirstengomez.es\/bodas\/wp-content\/uploads\/2017\/06\/agprebodabykirsten-49.jpg?resize=800%2C533\" alt=\"\" width=\"800\" height=\"533\" srcset=\"https:\/\/i0.wp.com\/kirstengomez.es\/bodas\/wp-content\/uploads\/2017\/06\/agprebodabykirsten-49.jpg?w=800 800w, https:\/\/i0.wp.com\/kirstengomez.es\/bodas\/wp-content\/uploads\/2017\/06\/agprebodabykirsten-49.jpg?resize=300%2C200 300w, https:\/\/i0.wp.com\/kirstengomez.es\/bodas\/wp-content\/uploads\/2017\/06\/agprebodabykirsten-49.jpg?resize=500%2C333 500w\" sizes=\"auto, (max-width: 800px) 100vw, 800px\" \/> <img data-recalc-dims=\"1\" loading=\"lazy\" decoding=\"async\" data-attachment-id=\"4095\" data-permalink=\"http:\/\/kirstengomez.es\/bodas\/?attachment_id=4095\" data-orig-file=\"https:\/\/i0.wp.com\/kirstengomez.es\/bodas\/wp-content\/uploads\/2017\/06\/agprebodabykirsten-50.jpg?fit=800%2C533\" data-orig-size=\"800,533\" data-comments-opened=\"1\" data-image-meta=\"{&quot;aperture&quot;:&quot;0&quot;,&quot;credit&quot;:&quot;&quot;,&quot;camera&quot;:&quot;&quot;,&quot;caption&quot;:&quot;&quot;,&quot;created_timestamp&quot;:&quot;0&quot;,&quot;copyright&quot;:&quot;&quot;,&quot;focal_length&quot;:&quot;0&quot;,&quot;iso&quot;:&quot;0&quot;,&quot;shutter_speed&quot;:&quot;0&quot;,&quot;title&quot;:&quot;&quot;,&quot;orientation&quot;:&quot;0&quot;}\" data-image-title=\"\" data-image-description=\"\" data-image-caption=\"\" data-large-file=\"https:\/\/i0.wp.com\/kirstengomez.es\/bodas\/wp-content\/uploads\/2017\/06\/agprebodabykirsten-50.jpg?fit=800%2C533\" class=\"aligncenter size-full wp-image-4095 aligncenter\" src=\"https:\/\/i0.wp.com\/kirstengomez.es\/bodas\/wp-content\/uploads\/2017\/06\/agprebodabykirsten-50.jpg?resize=800%2C533\" alt=\"\" width=\"800\" height=\"533\" srcset=\"https:\/\/i0.wp.com\/kirstengomez.es\/bodas\/wp-content\/uploads\/2017\/06\/agprebodabykirsten-50.jpg?w=800 800w, https:\/\/i0.wp.com\/kirstengomez.es\/bodas\/wp-content\/uploads\/2017\/06\/agprebodabykirsten-50.jpg?resize=300%2C200 300w, https:\/\/i0.wp.com\/kirstengomez.es\/bodas\/wp-content\/uploads\/2017\/06\/agprebodabykirsten-50.jpg?resize=500%2C333 500w\" sizes=\"auto, (max-width: 800px) 100vw, 800px\" \/> <img data-recalc-dims=\"1\" loading=\"lazy\" decoding=\"async\" data-attachment-id=\"4096\" data-permalink=\"http:\/\/kirstengomez.es\/bodas\/?attachment_id=4096\" data-orig-file=\"https:\/\/i0.wp.com\/kirstengomez.es\/bodas\/wp-content\/uploads\/2017\/06\/agprebodabykirsten-51.jpg?fit=800%2C533\" data-orig-size=\"800,533\" data-comments-opened=\"1\" data-image-meta=\"{&quot;aperture&quot;:&quot;0&quot;,&quot;credit&quot;:&quot;&quot;,&quot;camera&quot;:&quot;&quot;,&quot;caption&quot;:&quot;&quot;,&quot;created_timestamp&quot;:&quot;0&quot;,&quot;copyright&quot;:&quot;&quot;,&quot;focal_length&quot;:&quot;0&quot;,&quot;iso&quot;:&quot;0&quot;,&quot;shutter_speed&quot;:&quot;0&quot;,&quot;title&quot;:&quot;&quot;,&quot;orientation&quot;:&quot;0&quot;}\" data-image-title=\"\" data-image-description=\"\" data-image-caption=\"\" data-large-file=\"https:\/\/i0.wp.com\/kirstengomez.es\/bodas\/wp-content\/uploads\/2017\/06\/agprebodabykirsten-51.jpg?fit=800%2C533\" class=\"aligncenter size-full wp-image-4096 aligncenter\" src=\"https:\/\/i0.wp.com\/kirstengomez.es\/bodas\/wp-content\/uploads\/2017\/06\/agprebodabykirsten-51.jpg?resize=800%2C533\" alt=\"\" width=\"800\" height=\"533\" srcset=\"https:\/\/i0.wp.com\/kirstengomez.es\/bodas\/wp-content\/uploads\/2017\/06\/agprebodabykirsten-51.jpg?w=800 800w, https:\/\/i0.wp.com\/kirstengomez.es\/bodas\/wp-content\/uploads\/2017\/06\/agprebodabykirsten-51.jpg?resize=300%2C200 300w, https:\/\/i0.wp.com\/kirstengomez.es\/bodas\/wp-content\/uploads\/2017\/06\/agprebodabykirsten-51.jpg?resize=500%2C333 500w\" sizes=\"auto, (max-width: 800px) 100vw, 800px\" \/> <img data-recalc-dims=\"1\" loading=\"lazy\" decoding=\"async\" data-attachment-id=\"4097\" data-permalink=\"http:\/\/kirstengomez.es\/bodas\/?attachment_id=4097\" data-orig-file=\"https:\/\/i0.wp.com\/kirstengomez.es\/bodas\/wp-content\/uploads\/2017\/06\/agprebodabykirsten-52.jpg?fit=800%2C533\" data-orig-size=\"800,533\" data-comments-opened=\"1\" data-image-meta=\"{&quot;aperture&quot;:&quot;0&quot;,&quot;credit&quot;:&quot;&quot;,&quot;camera&quot;:&quot;&quot;,&quot;caption&quot;:&quot;&quot;,&quot;created_timestamp&quot;:&quot;0&quot;,&quot;copyright&quot;:&quot;&quot;,&quot;focal_length&quot;:&quot;0&quot;,&quot;iso&quot;:&quot;0&quot;,&quot;shutter_speed&quot;:&quot;0&quot;,&quot;title&quot;:&quot;&quot;,&quot;orientation&quot;:&quot;0&quot;}\" data-image-title=\"\" data-image-description=\"\" data-image-caption=\"\" data-large-file=\"https:\/\/i0.wp.com\/kirstengomez.es\/bodas\/wp-content\/uploads\/2017\/06\/agprebodabykirsten-52.jpg?fit=800%2C533\" class=\"aligncenter size-full wp-image-4097 aligncenter\" src=\"https:\/\/i0.wp.com\/kirstengomez.es\/bodas\/wp-content\/uploads\/2017\/06\/agprebodabykirsten-52.jpg?resize=800%2C533\" alt=\"\" width=\"800\" height=\"533\" srcset=\"https:\/\/i0.wp.com\/kirstengomez.es\/bodas\/wp-content\/uploads\/2017\/06\/agprebodabykirsten-52.jpg?w=800 800w, https:\/\/i0.wp.com\/kirstengomez.es\/bodas\/wp-content\/uploads\/2017\/06\/agprebodabykirsten-52.jpg?resize=300%2C200 300w, https:\/\/i0.wp.com\/kirstengomez.es\/bodas\/wp-content\/uploads\/2017\/06\/agprebodabykirsten-52.jpg?resize=500%2C333 500w\" sizes=\"auto, (max-width: 800px) 100vw, 800px\" \/> <img data-recalc-dims=\"1\" loading=\"lazy\" decoding=\"async\" data-attachment-id=\"4098\" data-permalink=\"http:\/\/kirstengomez.es\/bodas\/?attachment_id=4098\" data-orig-file=\"https:\/\/i0.wp.com\/kirstengomez.es\/bodas\/wp-content\/uploads\/2017\/06\/agprebodabykirsten-53.jpg?fit=800%2C533\" data-orig-size=\"800,533\" data-comments-opened=\"1\" data-image-meta=\"{&quot;aperture&quot;:&quot;0&quot;,&quot;credit&quot;:&quot;&quot;,&quot;camera&quot;:&quot;&quot;,&quot;caption&quot;:&quot;&quot;,&quot;created_timestamp&quot;:&quot;0&quot;,&quot;copyright&quot;:&quot;&quot;,&quot;focal_length&quot;:&quot;0&quot;,&quot;iso&quot;:&quot;0&quot;,&quot;shutter_speed&quot;:&quot;0&quot;,&quot;title&quot;:&quot;&quot;,&quot;orientation&quot;:&quot;0&quot;}\" data-image-title=\"\" data-image-description=\"\" data-image-caption=\"\" data-large-file=\"https:\/\/i0.wp.com\/kirstengomez.es\/bodas\/wp-content\/uploads\/2017\/06\/agprebodabykirsten-53.jpg?fit=800%2C533\" class=\"aligncenter size-full wp-image-4098 aligncenter\" src=\"https:\/\/i0.wp.com\/kirstengomez.es\/bodas\/wp-content\/uploads\/2017\/06\/agprebodabykirsten-53.jpg?resize=800%2C533\" alt=\"\" width=\"800\" height=\"533\" srcset=\"https:\/\/i0.wp.com\/kirstengomez.es\/bodas\/wp-content\/uploads\/2017\/06\/agprebodabykirsten-53.jpg?w=800 800w, https:\/\/i0.wp.com\/kirstengomez.es\/bodas\/wp-content\/uploads\/2017\/06\/agprebodabykirsten-53.jpg?resize=300%2C200 300w, https:\/\/i0.wp.com\/kirstengomez.es\/bodas\/wp-content\/uploads\/2017\/06\/agprebodabykirsten-53.jpg?resize=500%2C333 500w\" sizes=\"auto, (max-width: 800px) 100vw, 800px\" \/> <img data-recalc-dims=\"1\" loading=\"lazy\" decoding=\"async\" data-attachment-id=\"4099\" data-permalink=\"http:\/\/kirstengomez.es\/bodas\/?attachment_id=4099\" data-orig-file=\"https:\/\/i0.wp.com\/kirstengomez.es\/bodas\/wp-content\/uploads\/2017\/06\/agprebodabykirsten-54.jpg?fit=800%2C533\" data-orig-size=\"800,533\" data-comments-opened=\"1\" data-image-meta=\"{&quot;aperture&quot;:&quot;0&quot;,&quot;credit&quot;:&quot;&quot;,&quot;camera&quot;:&quot;&quot;,&quot;caption&quot;:&quot;&quot;,&quot;created_timestamp&quot;:&quot;0&quot;,&quot;copyright&quot;:&quot;&quot;,&quot;focal_length&quot;:&quot;0&quot;,&quot;iso&quot;:&quot;0&quot;,&quot;shutter_speed&quot;:&quot;0&quot;,&quot;title&quot;:&quot;&quot;,&quot;orientation&quot;:&quot;0&quot;}\" data-image-title=\"\" data-image-description=\"\" data-image-caption=\"\" data-large-file=\"https:\/\/i0.wp.com\/kirstengomez.es\/bodas\/wp-content\/uploads\/2017\/06\/agprebodabykirsten-54.jpg?fit=800%2C533\" class=\"aligncenter size-full wp-image-4099 aligncenter\" src=\"https:\/\/i0.wp.com\/kirstengomez.es\/bodas\/wp-content\/uploads\/2017\/06\/agprebodabykirsten-54.jpg?resize=800%2C533\" alt=\"\" width=\"800\" height=\"533\" srcset=\"https:\/\/i0.wp.com\/kirstengomez.es\/bodas\/wp-content\/uploads\/2017\/06\/agprebodabykirsten-54.jpg?w=800 800w, https:\/\/i0.wp.com\/kirstengomez.es\/bodas\/wp-content\/uploads\/2017\/06\/agprebodabykirsten-54.jpg?resize=300%2C200 300w, https:\/\/i0.wp.com\/kirstengomez.es\/bodas\/wp-content\/uploads\/2017\/06\/agprebodabykirsten-54.jpg?resize=500%2C333 500w\" sizes=\"auto, (max-width: 800px) 100vw, 800px\" \/> <img data-recalc-dims=\"1\" loading=\"lazy\" decoding=\"async\" data-attachment-id=\"4100\" data-permalink=\"http:\/\/kirstengomez.es\/bodas\/?attachment_id=4100\" data-orig-file=\"https:\/\/i0.wp.com\/kirstengomez.es\/bodas\/wp-content\/uploads\/2017\/06\/agprebodabykirsten-55.jpg?fit=800%2C533\" data-orig-size=\"800,533\" data-comments-opened=\"1\" data-image-meta=\"{&quot;aperture&quot;:&quot;0&quot;,&quot;credit&quot;:&quot;&quot;,&quot;camera&quot;:&quot;&quot;,&quot;caption&quot;:&quot;&quot;,&quot;created_timestamp&quot;:&quot;0&quot;,&quot;copyright&quot;:&quot;&quot;,&quot;focal_length&quot;:&quot;0&quot;,&quot;iso&quot;:&quot;0&quot;,&quot;shutter_speed&quot;:&quot;0&quot;,&quot;title&quot;:&quot;&quot;,&quot;orientation&quot;:&quot;0&quot;}\" data-image-title=\"\" data-image-description=\"\" data-image-caption=\"\" data-large-file=\"https:\/\/i0.wp.com\/kirstengomez.es\/bodas\/wp-content\/uploads\/2017\/06\/agprebodabykirsten-55.jpg?fit=800%2C533\" class=\"aligncenter size-full wp-image-4100 aligncenter\" src=\"https:\/\/i0.wp.com\/kirstengomez.es\/bodas\/wp-content\/uploads\/2017\/06\/agprebodabykirsten-55.jpg?resize=800%2C533\" alt=\"\" width=\"800\" height=\"533\" srcset=\"https:\/\/i0.wp.com\/kirstengomez.es\/bodas\/wp-content\/uploads\/2017\/06\/agprebodabykirsten-55.jpg?w=800 800w, https:\/\/i0.wp.com\/kirstengomez.es\/bodas\/wp-content\/uploads\/2017\/06\/agprebodabykirsten-55.jpg?resize=300%2C200 300w, https:\/\/i0.wp.com\/kirstengomez.es\/bodas\/wp-content\/uploads\/2017\/06\/agprebodabykirsten-55.jpg?resize=500%2C333 500w\" sizes=\"auto, (max-width: 800px) 100vw, 800px\" \/> <img data-recalc-dims=\"1\" loading=\"lazy\" decoding=\"async\" data-attachment-id=\"4101\" data-permalink=\"http:\/\/kirstengomez.es\/bodas\/?attachment_id=4101\" data-orig-file=\"https:\/\/i0.wp.com\/kirstengomez.es\/bodas\/wp-content\/uploads\/2017\/06\/agprebodabykirsten-56.jpg?fit=533%2C800\" data-orig-size=\"533,800\" data-comments-opened=\"1\" data-image-meta=\"{&quot;aperture&quot;:&quot;0&quot;,&quot;credit&quot;:&quot;&quot;,&quot;camera&quot;:&quot;&quot;,&quot;caption&quot;:&quot;&quot;,&quot;created_timestamp&quot;:&quot;0&quot;,&quot;copyright&quot;:&quot;&quot;,&quot;focal_length&quot;:&quot;0&quot;,&quot;iso&quot;:&quot;0&quot;,&quot;shutter_speed&quot;:&quot;0&quot;,&quot;title&quot;:&quot;&quot;,&quot;orientation&quot;:&quot;0&quot;}\" data-image-title=\"\" data-image-description=\"\" data-image-caption=\"\" data-large-file=\"https:\/\/i0.wp.com\/kirstengomez.es\/bodas\/wp-content\/uploads\/2017\/06\/agprebodabykirsten-56.jpg?fit=533%2C800\" class=\"aligncenter size-full wp-image-4101 aligncenter\" src=\"https:\/\/i0.wp.com\/kirstengomez.es\/bodas\/wp-content\/uploads\/2017\/06\/agprebodabykirsten-56.jpg?resize=533%2C800\" alt=\"\" width=\"533\" height=\"800\" srcset=\"https:\/\/i0.wp.com\/kirstengomez.es\/bodas\/wp-content\/uploads\/2017\/06\/agprebodabykirsten-56.jpg?w=533 533w, https:\/\/i0.wp.com\/kirstengomez.es\/bodas\/wp-content\/uploads\/2017\/06\/agprebodabykirsten-56.jpg?resize=200%2C300 200w, https:\/\/i0.wp.com\/kirstengomez.es\/bodas\/wp-content\/uploads\/2017\/06\/agprebodabykirsten-56.jpg?resize=500%2C750 500w\" sizes=\"auto, (max-width: 533px) 100vw, 533px\" \/> <img data-recalc-dims=\"1\" loading=\"lazy\" decoding=\"async\" data-attachment-id=\"4102\" data-permalink=\"http:\/\/kirstengomez.es\/bodas\/?attachment_id=4102\" data-orig-file=\"https:\/\/i0.wp.com\/kirstengomez.es\/bodas\/wp-content\/uploads\/2017\/06\/agprebodabykirsten-57.jpg?fit=800%2C533\" data-orig-size=\"800,533\" data-comments-opened=\"1\" data-image-meta=\"{&quot;aperture&quot;:&quot;0&quot;,&quot;credit&quot;:&quot;&quot;,&quot;camera&quot;:&quot;&quot;,&quot;caption&quot;:&quot;&quot;,&quot;created_timestamp&quot;:&quot;0&quot;,&quot;copyright&quot;:&quot;&quot;,&quot;focal_length&quot;:&quot;0&quot;,&quot;iso&quot;:&quot;0&quot;,&quot;shutter_speed&quot;:&quot;0&quot;,&quot;title&quot;:&quot;&quot;,&quot;orientation&quot;:&quot;0&quot;}\" data-image-title=\"\" data-image-description=\"\" data-image-caption=\"\" data-large-file=\"https:\/\/i0.wp.com\/kirstengomez.es\/bodas\/wp-content\/uploads\/2017\/06\/agprebodabykirsten-57.jpg?fit=800%2C533\" class=\"aligncenter size-full wp-image-4102 aligncenter\" src=\"https:\/\/i0.wp.com\/kirstengomez.es\/bodas\/wp-content\/uploads\/2017\/06\/agprebodabykirsten-57.jpg?resize=800%2C533\" alt=\"\" width=\"800\" height=\"533\" srcset=\"https:\/\/i0.wp.com\/kirstengomez.es\/bodas\/wp-content\/uploads\/2017\/06\/agprebodabykirsten-57.jpg?w=800 800w, https:\/\/i0.wp.com\/kirstengomez.es\/bodas\/wp-content\/uploads\/2017\/06\/agprebodabykirsten-57.jpg?resize=300%2C200 300w, https:\/\/i0.wp.com\/kirstengomez.es\/bodas\/wp-content\/uploads\/2017\/06\/agprebodabykirsten-57.jpg?resize=500%2C333 500w\" sizes=\"auto, (max-width: 800px) 100vw, 800px\" \/> <img data-recalc-dims=\"1\" loading=\"lazy\" decoding=\"async\" data-attachment-id=\"4103\" data-permalink=\"http:\/\/kirstengomez.es\/bodas\/?attachment_id=4103\" data-orig-file=\"https:\/\/i0.wp.com\/kirstengomez.es\/bodas\/wp-content\/uploads\/2017\/06\/agprebodabykirsten-58.jpg?fit=533%2C800\" data-orig-size=\"533,800\" data-comments-opened=\"1\" data-image-meta=\"{&quot;aperture&quot;:&quot;0&quot;,&quot;credit&quot;:&quot;&quot;,&quot;camera&quot;:&quot;&quot;,&quot;caption&quot;:&quot;&quot;,&quot;created_timestamp&quot;:&quot;0&quot;,&quot;copyright&quot;:&quot;&quot;,&quot;focal_length&quot;:&quot;0&quot;,&quot;iso&quot;:&quot;0&quot;,&quot;shutter_speed&quot;:&quot;0&quot;,&quot;title&quot;:&quot;&quot;,&quot;orientation&quot;:&quot;0&quot;}\" data-image-title=\"\" data-image-description=\"\" data-image-caption=\"\" data-large-file=\"https:\/\/i0.wp.com\/kirstengomez.es\/bodas\/wp-content\/uploads\/2017\/06\/agprebodabykirsten-58.jpg?fit=533%2C800\" class=\"aligncenter size-full wp-image-4103 aligncenter\" src=\"https:\/\/i0.wp.com\/kirstengomez.es\/bodas\/wp-content\/uploads\/2017\/06\/agprebodabykirsten-58.jpg?resize=533%2C800\" alt=\"\" width=\"533\" height=\"800\" srcset=\"https:\/\/i0.wp.com\/kirstengomez.es\/bodas\/wp-content\/uploads\/2017\/06\/agprebodabykirsten-58.jpg?w=533 533w, https:\/\/i0.wp.com\/kirstengomez.es\/bodas\/wp-content\/uploads\/2017\/06\/agprebodabykirsten-58.jpg?resize=200%2C300 200w, https:\/\/i0.wp.com\/kirstengomez.es\/bodas\/wp-content\/uploads\/2017\/06\/agprebodabykirsten-58.jpg?resize=500%2C750 500w\" sizes=\"auto, (max-width: 533px) 100vw, 533px\" \/> <img data-recalc-dims=\"1\" loading=\"lazy\" decoding=\"async\" data-attachment-id=\"4104\" data-permalink=\"http:\/\/kirstengomez.es\/bodas\/?attachment_id=4104\" data-orig-file=\"https:\/\/i0.wp.com\/kirstengomez.es\/bodas\/wp-content\/uploads\/2017\/06\/agprebodabykirsten-59.jpg?fit=533%2C800\" data-orig-size=\"533,800\" data-comments-opened=\"1\" data-image-meta=\"{&quot;aperture&quot;:&quot;0&quot;,&quot;credit&quot;:&quot;&quot;,&quot;camera&quot;:&quot;&quot;,&quot;caption&quot;:&quot;&quot;,&quot;created_timestamp&quot;:&quot;0&quot;,&quot;copyright&quot;:&quot;&quot;,&quot;focal_length&quot;:&quot;0&quot;,&quot;iso&quot;:&quot;0&quot;,&quot;shutter_speed&quot;:&quot;0&quot;,&quot;title&quot;:&quot;&quot;,&quot;orientation&quot;:&quot;0&quot;}\" data-image-title=\"\" data-image-description=\"\" data-image-caption=\"\" data-large-file=\"https:\/\/i0.wp.com\/kirstengomez.es\/bodas\/wp-content\/uploads\/2017\/06\/agprebodabykirsten-59.jpg?fit=533%2C800\" class=\"aligncenter size-full wp-image-4104 aligncenter\" src=\"https:\/\/i0.wp.com\/kirstengomez.es\/bodas\/wp-content\/uploads\/2017\/06\/agprebodabykirsten-59.jpg?resize=533%2C800\" alt=\"\" width=\"533\" height=\"800\" srcset=\"https:\/\/i0.wp.com\/kirstengomez.es\/bodas\/wp-content\/uploads\/2017\/06\/agprebodabykirsten-59.jpg?w=533 533w, https:\/\/i0.wp.com\/kirstengomez.es\/bodas\/wp-content\/uploads\/2017\/06\/agprebodabykirsten-59.jpg?resize=200%2C300 200w, https:\/\/i0.wp.com\/kirstengomez.es\/bodas\/wp-content\/uploads\/2017\/06\/agprebodabykirsten-59.jpg?resize=500%2C750 500w\" sizes=\"auto, (max-width: 533px) 100vw, 533px\" \/> <img data-recalc-dims=\"1\" loading=\"lazy\" decoding=\"async\" data-attachment-id=\"4105\" data-permalink=\"http:\/\/kirstengomez.es\/bodas\/?attachment_id=4105\" data-orig-file=\"https:\/\/i0.wp.com\/kirstengomez.es\/bodas\/wp-content\/uploads\/2017\/06\/agprebodabykirsten-60.jpg?fit=800%2C533\" data-orig-size=\"800,533\" data-comments-opened=\"1\" data-image-meta=\"{&quot;aperture&quot;:&quot;0&quot;,&quot;credit&quot;:&quot;&quot;,&quot;camera&quot;:&quot;&quot;,&quot;caption&quot;:&quot;&quot;,&quot;created_timestamp&quot;:&quot;0&quot;,&quot;copyright&quot;:&quot;&quot;,&quot;focal_length&quot;:&quot;0&quot;,&quot;iso&quot;:&quot;0&quot;,&quot;shutter_speed&quot;:&quot;0&quot;,&quot;title&quot;:&quot;&quot;,&quot;orientation&quot;:&quot;0&quot;}\" data-image-title=\"\" data-image-description=\"\" data-image-caption=\"\" data-large-file=\"https:\/\/i0.wp.com\/kirstengomez.es\/bodas\/wp-content\/uploads\/2017\/06\/agprebodabykirsten-60.jpg?fit=800%2C533\" class=\"aligncenter size-full wp-image-4105 aligncenter\" src=\"https:\/\/i0.wp.com\/kirstengomez.es\/bodas\/wp-content\/uploads\/2017\/06\/agprebodabykirsten-60.jpg?resize=800%2C533\" alt=\"\" width=\"800\" height=\"533\" srcset=\"https:\/\/i0.wp.com\/kirstengomez.es\/bodas\/wp-content\/uploads\/2017\/06\/agprebodabykirsten-60.jpg?w=800 800w, https:\/\/i0.wp.com\/kirstengomez.es\/bodas\/wp-content\/uploads\/2017\/06\/agprebodabykirsten-60.jpg?resize=300%2C200 300w, https:\/\/i0.wp.com\/kirstengomez.es\/bodas\/wp-content\/uploads\/2017\/06\/agprebodabykirsten-60.jpg?resize=500%2C333 500w\" sizes=\"auto, (max-width: 800px) 100vw, 800px\" \/> <img data-recalc-dims=\"1\" loading=\"lazy\" decoding=\"async\" data-attachment-id=\"4106\" data-permalink=\"http:\/\/kirstengomez.es\/bodas\/?attachment_id=4106\" data-orig-file=\"https:\/\/i0.wp.com\/kirstengomez.es\/bodas\/wp-content\/uploads\/2017\/06\/agprebodabykirsten-61.jpg?fit=800%2C533\" data-orig-size=\"800,533\" data-comments-opened=\"1\" data-image-meta=\"{&quot;aperture&quot;:&quot;0&quot;,&quot;credit&quot;:&quot;&quot;,&quot;camera&quot;:&quot;&quot;,&quot;caption&quot;:&quot;&quot;,&quot;created_timestamp&quot;:&quot;0&quot;,&quot;copyright&quot;:&quot;&quot;,&quot;focal_length&quot;:&quot;0&quot;,&quot;iso&quot;:&quot;0&quot;,&quot;shutter_speed&quot;:&quot;0&quot;,&quot;title&quot;:&quot;&quot;,&quot;orientation&quot;:&quot;0&quot;}\" data-image-title=\"\" data-image-description=\"\" data-image-caption=\"\" data-large-file=\"https:\/\/i0.wp.com\/kirstengomez.es\/bodas\/wp-content\/uploads\/2017\/06\/agprebodabykirsten-61.jpg?fit=800%2C533\" class=\"aligncenter size-full wp-image-4106 aligncenter\" src=\"https:\/\/i0.wp.com\/kirstengomez.es\/bodas\/wp-content\/uploads\/2017\/06\/agprebodabykirsten-61.jpg?resize=800%2C533\" alt=\"\" width=\"800\" height=\"533\" srcset=\"https:\/\/i0.wp.com\/kirstengomez.es\/bodas\/wp-content\/uploads\/2017\/06\/agprebodabykirsten-61.jpg?w=800 800w, https:\/\/i0.wp.com\/kirstengomez.es\/bodas\/wp-content\/uploads\/2017\/06\/agprebodabykirsten-61.jpg?resize=300%2C200 300w, https:\/\/i0.wp.com\/kirstengomez.es\/bodas\/wp-content\/uploads\/2017\/06\/agprebodabykirsten-61.jpg?resize=500%2C333 500w\" sizes=\"auto, (max-width: 800px) 100vw, 800px\" \/> <img data-recalc-dims=\"1\" loading=\"lazy\" decoding=\"async\" data-attachment-id=\"4107\" data-permalink=\"http:\/\/kirstengomez.es\/bodas\/?attachment_id=4107\" data-orig-file=\"https:\/\/i0.wp.com\/kirstengomez.es\/bodas\/wp-content\/uploads\/2017\/06\/agprebodabykirsten-62.jpg?fit=800%2C533\" data-orig-size=\"800,533\" data-comments-opened=\"1\" data-image-meta=\"{&quot;aperture&quot;:&quot;0&quot;,&quot;credit&quot;:&quot;&quot;,&quot;camera&quot;:&quot;&quot;,&quot;caption&quot;:&quot;&quot;,&quot;created_timestamp&quot;:&quot;0&quot;,&quot;copyright&quot;:&quot;&quot;,&quot;focal_length&quot;:&quot;0&quot;,&quot;iso&quot;:&quot;0&quot;,&quot;shutter_speed&quot;:&quot;0&quot;,&quot;title&quot;:&quot;&quot;,&quot;orientation&quot;:&quot;0&quot;}\" data-image-title=\"\" data-image-description=\"\" data-image-caption=\"\" data-large-file=\"https:\/\/i0.wp.com\/kirstengomez.es\/bodas\/wp-content\/uploads\/2017\/06\/agprebodabykirsten-62.jpg?fit=800%2C533\" class=\"aligncenter size-full wp-image-4107 aligncenter\" src=\"https:\/\/i0.wp.com\/kirstengomez.es\/bodas\/wp-content\/uploads\/2017\/06\/agprebodabykirsten-62.jpg?resize=800%2C533\" alt=\"\" width=\"800\" height=\"533\" srcset=\"https:\/\/i0.wp.com\/kirstengomez.es\/bodas\/wp-content\/uploads\/2017\/06\/agprebodabykirsten-62.jpg?w=800 800w, https:\/\/i0.wp.com\/kirstengomez.es\/bodas\/wp-content\/uploads\/2017\/06\/agprebodabykirsten-62.jpg?resize=300%2C200 300w, https:\/\/i0.wp.com\/kirstengomez.es\/bodas\/wp-content\/uploads\/2017\/06\/agprebodabykirsten-62.jpg?resize=500%2C333 500w\" sizes=\"auto, (max-width: 800px) 100vw, 800px\" \/> <img data-recalc-dims=\"1\" loading=\"lazy\" decoding=\"async\" data-attachment-id=\"4108\" data-permalink=\"http:\/\/kirstengomez.es\/bodas\/?attachment_id=4108\" data-orig-file=\"https:\/\/i0.wp.com\/kirstengomez.es\/bodas\/wp-content\/uploads\/2017\/06\/agprebodabykirsten-63.jpg?fit=533%2C800\" data-orig-size=\"533,800\" data-comments-opened=\"1\" data-image-meta=\"{&quot;aperture&quot;:&quot;0&quot;,&quot;credit&quot;:&quot;&quot;,&quot;camera&quot;:&quot;&quot;,&quot;caption&quot;:&quot;&quot;,&quot;created_timestamp&quot;:&quot;0&quot;,&quot;copyright&quot;:&quot;&quot;,&quot;focal_length&quot;:&quot;0&quot;,&quot;iso&quot;:&quot;0&quot;,&quot;shutter_speed&quot;:&quot;0&quot;,&quot;title&quot;:&quot;&quot;,&quot;orientation&quot;:&quot;0&quot;}\" data-image-title=\"\" data-image-description=\"\" data-image-caption=\"\" data-large-file=\"https:\/\/i0.wp.com\/kirstengomez.es\/bodas\/wp-content\/uploads\/2017\/06\/agprebodabykirsten-63.jpg?fit=533%2C800\" class=\"aligncenter size-full wp-image-4108 aligncenter\" src=\"https:\/\/i0.wp.com\/kirstengomez.es\/bodas\/wp-content\/uploads\/2017\/06\/agprebodabykirsten-63.jpg?resize=533%2C800\" alt=\"\" width=\"533\" height=\"800\" srcset=\"https:\/\/i0.wp.com\/kirstengomez.es\/bodas\/wp-content\/uploads\/2017\/06\/agprebodabykirsten-63.jpg?w=533 533w, https:\/\/i0.wp.com\/kirstengomez.es\/bodas\/wp-content\/uploads\/2017\/06\/agprebodabykirsten-63.jpg?resize=200%2C300 200w, https:\/\/i0.wp.com\/kirstengomez.es\/bodas\/wp-content\/uploads\/2017\/06\/agprebodabykirsten-63.jpg?resize=500%2C750 500w\" sizes=\"auto, (max-width: 533px) 100vw, 533px\" \/> <img data-recalc-dims=\"1\" loading=\"lazy\" decoding=\"async\" data-attachment-id=\"4109\" data-permalink=\"http:\/\/kirstengomez.es\/bodas\/?attachment_id=4109\" data-orig-file=\"https:\/\/i0.wp.com\/kirstengomez.es\/bodas\/wp-content\/uploads\/2017\/06\/agprebodabykirsten-64.jpg?fit=800%2C533\" data-orig-size=\"800,533\" data-comments-opened=\"1\" data-image-meta=\"{&quot;aperture&quot;:&quot;0&quot;,&quot;credit&quot;:&quot;&quot;,&quot;camera&quot;:&quot;&quot;,&quot;caption&quot;:&quot;&quot;,&quot;created_timestamp&quot;:&quot;0&quot;,&quot;copyright&quot;:&quot;&quot;,&quot;focal_length&quot;:&quot;0&quot;,&quot;iso&quot;:&quot;0&quot;,&quot;shutter_speed&quot;:&quot;0&quot;,&quot;title&quot;:&quot;&quot;,&quot;orientation&quot;:&quot;0&quot;}\" data-image-title=\"\" data-image-description=\"\" data-image-caption=\"\" data-large-file=\"https:\/\/i0.wp.com\/kirstengomez.es\/bodas\/wp-content\/uploads\/2017\/06\/agprebodabykirsten-64.jpg?fit=800%2C533\" class=\"aligncenter size-full wp-image-4109 aligncenter\" src=\"https:\/\/i0.wp.com\/kirstengomez.es\/bodas\/wp-content\/uploads\/2017\/06\/agprebodabykirsten-64.jpg?resize=800%2C533\" alt=\"\" width=\"800\" height=\"533\" srcset=\"https:\/\/i0.wp.com\/kirstengomez.es\/bodas\/wp-content\/uploads\/2017\/06\/agprebodabykirsten-64.jpg?w=800 800w, https:\/\/i0.wp.com\/kirstengomez.es\/bodas\/wp-content\/uploads\/2017\/06\/agprebodabykirsten-64.jpg?resize=300%2C200 300w, https:\/\/i0.wp.com\/kirstengomez.es\/bodas\/wp-content\/uploads\/2017\/06\/agprebodabykirsten-64.jpg?resize=500%2C333 500w\" sizes=\"auto, (max-width: 800px) 100vw, 800px\" \/> <img data-recalc-dims=\"1\" loading=\"lazy\" decoding=\"async\" data-attachment-id=\"4110\" data-permalink=\"http:\/\/kirstengomez.es\/bodas\/?attachment_id=4110\" data-orig-file=\"https:\/\/i0.wp.com\/kirstengomez.es\/bodas\/wp-content\/uploads\/2017\/06\/agprebodabykirsten-65.jpg?fit=800%2C533\" data-orig-size=\"800,533\" data-comments-opened=\"1\" data-image-meta=\"{&quot;aperture&quot;:&quot;0&quot;,&quot;credit&quot;:&quot;&quot;,&quot;camera&quot;:&quot;&quot;,&quot;caption&quot;:&quot;&quot;,&quot;created_timestamp&quot;:&quot;0&quot;,&quot;copyright&quot;:&quot;&quot;,&quot;focal_length&quot;:&quot;0&quot;,&quot;iso&quot;:&quot;0&quot;,&quot;shutter_speed&quot;:&quot;0&quot;,&quot;title&quot;:&quot;&quot;,&quot;orientation&quot;:&quot;0&quot;}\" data-image-title=\"\" data-image-description=\"\" data-image-caption=\"\" data-large-file=\"https:\/\/i0.wp.com\/kirstengomez.es\/bodas\/wp-content\/uploads\/2017\/06\/agprebodabykirsten-65.jpg?fit=800%2C533\" class=\"aligncenter size-full wp-image-4110 aligncenter\" src=\"https:\/\/i0.wp.com\/kirstengomez.es\/bodas\/wp-content\/uploads\/2017\/06\/agprebodabykirsten-65.jpg?resize=800%2C533\" alt=\"\" width=\"800\" height=\"533\" srcset=\"https:\/\/i0.wp.com\/kirstengomez.es\/bodas\/wp-content\/uploads\/2017\/06\/agprebodabykirsten-65.jpg?w=800 800w, https:\/\/i0.wp.com\/kirstengomez.es\/bodas\/wp-content\/uploads\/2017\/06\/agprebodabykirsten-65.jpg?resize=300%2C200 300w, https:\/\/i0.wp.com\/kirstengomez.es\/bodas\/wp-content\/uploads\/2017\/06\/agprebodabykirsten-65.jpg?resize=500%2C333 500w\" sizes=\"auto, (max-width: 800px) 100vw, 800px\" \/> <img data-recalc-dims=\"1\" loading=\"lazy\" decoding=\"async\" data-attachment-id=\"4111\" data-permalink=\"http:\/\/kirstengomez.es\/bodas\/?attachment_id=4111\" data-orig-file=\"https:\/\/i0.wp.com\/kirstengomez.es\/bodas\/wp-content\/uploads\/2017\/06\/agprebodabykirsten-66.jpg?fit=533%2C800\" data-orig-size=\"533,800\" data-comments-opened=\"1\" data-image-meta=\"{&quot;aperture&quot;:&quot;0&quot;,&quot;credit&quot;:&quot;&quot;,&quot;camera&quot;:&quot;&quot;,&quot;caption&quot;:&quot;&quot;,&quot;created_timestamp&quot;:&quot;0&quot;,&quot;copyright&quot;:&quot;&quot;,&quot;focal_length&quot;:&quot;0&quot;,&quot;iso&quot;:&quot;0&quot;,&quot;shutter_speed&quot;:&quot;0&quot;,&quot;title&quot;:&quot;&quot;,&quot;orientation&quot;:&quot;0&quot;}\" data-image-title=\"\" data-image-description=\"\" data-image-caption=\"\" data-large-file=\"https:\/\/i0.wp.com\/kirstengomez.es\/bodas\/wp-content\/uploads\/2017\/06\/agprebodabykirsten-66.jpg?fit=533%2C800\" class=\"aligncenter size-full wp-image-4111 aligncenter\" src=\"https:\/\/i0.wp.com\/kirstengomez.es\/bodas\/wp-content\/uploads\/2017\/06\/agprebodabykirsten-66.jpg?resize=533%2C800\" alt=\"\" width=\"533\" height=\"800\" srcset=\"https:\/\/i0.wp.com\/kirstengomez.es\/bodas\/wp-content\/uploads\/2017\/06\/agprebodabykirsten-66.jpg?w=533 533w, https:\/\/i0.wp.com\/kirstengomez.es\/bodas\/wp-content\/uploads\/2017\/06\/agprebodabykirsten-66.jpg?resize=200%2C300 200w, https:\/\/i0.wp.com\/kirstengomez.es\/bodas\/wp-content\/uploads\/2017\/06\/agprebodabykirsten-66.jpg?resize=500%2C750 500w\" sizes=\"auto, (max-width: 533px) 100vw, 533px\" \/> <img data-recalc-dims=\"1\" loading=\"lazy\" decoding=\"async\" data-attachment-id=\"4112\" data-permalink=\"http:\/\/kirstengomez.es\/bodas\/?attachment_id=4112\" data-orig-file=\"https:\/\/i0.wp.com\/kirstengomez.es\/bodas\/wp-content\/uploads\/2017\/06\/agprebodabykirsten-67.jpg?fit=533%2C800\" data-orig-size=\"533,800\" data-comments-opened=\"1\" data-image-meta=\"{&quot;aperture&quot;:&quot;0&quot;,&quot;credit&quot;:&quot;&quot;,&quot;camera&quot;:&quot;&quot;,&quot;caption&quot;:&quot;&quot;,&quot;created_timestamp&quot;:&quot;0&quot;,&quot;copyright&quot;:&quot;&quot;,&quot;focal_length&quot;:&quot;0&quot;,&quot;iso&quot;:&quot;0&quot;,&quot;shutter_speed&quot;:&quot;0&quot;,&quot;title&quot;:&quot;&quot;,&quot;orientation&quot;:&quot;0&quot;}\" data-image-title=\"\" data-image-description=\"\" data-image-caption=\"\" data-large-file=\"https:\/\/i0.wp.com\/kirstengomez.es\/bodas\/wp-content\/uploads\/2017\/06\/agprebodabykirsten-67.jpg?fit=533%2C800\" class=\"aligncenter size-full wp-image-4112 aligncenter\" src=\"https:\/\/i0.wp.com\/kirstengomez.es\/bodas\/wp-content\/uploads\/2017\/06\/agprebodabykirsten-67.jpg?resize=533%2C800\" alt=\"\" width=\"533\" height=\"800\" srcset=\"https:\/\/i0.wp.com\/kirstengomez.es\/bodas\/wp-content\/uploads\/2017\/06\/agprebodabykirsten-67.jpg?w=533 533w, https:\/\/i0.wp.com\/kirstengomez.es\/bodas\/wp-content\/uploads\/2017\/06\/agprebodabykirsten-67.jpg?resize=200%2C300 200w, https:\/\/i0.wp.com\/kirstengomez.es\/bodas\/wp-content\/uploads\/2017\/06\/agprebodabykirsten-67.jpg?resize=500%2C750 500w\" sizes=\"auto, (max-width: 533px) 100vw, 533px\" \/> <img data-recalc-dims=\"1\" loading=\"lazy\" decoding=\"async\" data-attachment-id=\"4113\" data-permalink=\"http:\/\/kirstengomez.es\/bodas\/?attachment_id=4113\" data-orig-file=\"https:\/\/i0.wp.com\/kirstengomez.es\/bodas\/wp-content\/uploads\/2017\/06\/agprebodabykirsten-68.jpg?fit=800%2C533\" data-orig-size=\"800,533\" data-comments-opened=\"1\" data-image-meta=\"{&quot;aperture&quot;:&quot;0&quot;,&quot;credit&quot;:&quot;&quot;,&quot;camera&quot;:&quot;&quot;,&quot;caption&quot;:&quot;&quot;,&quot;created_timestamp&quot;:&quot;0&quot;,&quot;copyright&quot;:&quot;&quot;,&quot;focal_length&quot;:&quot;0&quot;,&quot;iso&quot;:&quot;0&quot;,&quot;shutter_speed&quot;:&quot;0&quot;,&quot;title&quot;:&quot;&quot;,&quot;orientation&quot;:&quot;0&quot;}\" data-image-title=\"\" data-image-description=\"\" data-image-caption=\"\" data-large-file=\"https:\/\/i0.wp.com\/kirstengomez.es\/bodas\/wp-content\/uploads\/2017\/06\/agprebodabykirsten-68.jpg?fit=800%2C533\" class=\"aligncenter size-full wp-image-4113 aligncenter\" src=\"https:\/\/i0.wp.com\/kirstengomez.es\/bodas\/wp-content\/uploads\/2017\/06\/agprebodabykirsten-68.jpg?resize=800%2C533\" alt=\"\" width=\"800\" height=\"533\" srcset=\"https:\/\/i0.wp.com\/kirstengomez.es\/bodas\/wp-content\/uploads\/2017\/06\/agprebodabykirsten-68.jpg?w=800 800w, https:\/\/i0.wp.com\/kirstengomez.es\/bodas\/wp-content\/uploads\/2017\/06\/agprebodabykirsten-68.jpg?resize=300%2C200 300w, https:\/\/i0.wp.com\/kirstengomez.es\/bodas\/wp-content\/uploads\/2017\/06\/agprebodabykirsten-68.jpg?resize=500%2C333 500w\" sizes=\"auto, (max-width: 800px) 100vw, 800px\" \/> <img data-recalc-dims=\"1\" loading=\"lazy\" decoding=\"async\" data-attachment-id=\"4114\" data-permalink=\"http:\/\/kirstengomez.es\/bodas\/?attachment_id=4114\" data-orig-file=\"https:\/\/i0.wp.com\/kirstengomez.es\/bodas\/wp-content\/uploads\/2017\/06\/agprebodabykirsten-69.jpg?fit=800%2C533\" data-orig-size=\"800,533\" data-comments-opened=\"1\" data-image-meta=\"{&quot;aperture&quot;:&quot;0&quot;,&quot;credit&quot;:&quot;&quot;,&quot;camera&quot;:&quot;&quot;,&quot;caption&quot;:&quot;&quot;,&quot;created_timestamp&quot;:&quot;0&quot;,&quot;copyright&quot;:&quot;&quot;,&quot;focal_length&quot;:&quot;0&quot;,&quot;iso&quot;:&quot;0&quot;,&quot;shutter_speed&quot;:&quot;0&quot;,&quot;title&quot;:&quot;&quot;,&quot;orientation&quot;:&quot;0&quot;}\" data-image-title=\"\" data-image-description=\"\" data-image-caption=\"\" data-large-file=\"https:\/\/i0.wp.com\/kirstengomez.es\/bodas\/wp-content\/uploads\/2017\/06\/agprebodabykirsten-69.jpg?fit=800%2C533\" class=\"aligncenter size-full wp-image-4114 aligncenter\" src=\"https:\/\/i0.wp.com\/kirstengomez.es\/bodas\/wp-content\/uploads\/2017\/06\/agprebodabykirsten-69.jpg?resize=800%2C533\" alt=\"\" width=\"800\" height=\"533\" srcset=\"https:\/\/i0.wp.com\/kirstengomez.es\/bodas\/wp-content\/uploads\/2017\/06\/agprebodabykirsten-69.jpg?w=800 800w, https:\/\/i0.wp.com\/kirstengomez.es\/bodas\/wp-content\/uploads\/2017\/06\/agprebodabykirsten-69.jpg?resize=300%2C200 300w, https:\/\/i0.wp.com\/kirstengomez.es\/bodas\/wp-content\/uploads\/2017\/06\/agprebodabykirsten-69.jpg?resize=500%2C333 500w\" sizes=\"auto, (max-width: 800px) 100vw, 800px\" \/><\/p>\n","protected":false},"excerpt":{"rendered":"<p>La preboda de \u00a0A&amp;G ha sido preciosa. Son una pareja encantadora junto a un paisaje maravilloso de Tossa de Mar, \u00bfQu\u00e9 m\u00e1s se\u00a0puede pedir? \ud83d\ude00 Van muy bien las prebodas para poder conocernos y coger confianza para el d\u00eda de la boda. De esta manera todo es m\u00e1s f\u00e1cil, ya no soy una extra\u00f1a que&#8230;<\/p>\n","protected":false},"author":1,"featured_media":4118,"comment_status":"open","ping_status":"open","sticky":false,"template":"","format":"image","meta":{"jetpack_post_was_ever_published":false,"_jetpack_newsletter_access":"","_jetpack_dont_email_post_to_subs":false,"_jetpack_newsletter_tier_id":0,"_jetpack_memberships_contains_paywalled_content":false,"_jetpack_memberships_contains_paid_content":false,"footnotes":"","jetpack_publicize_message":"","jetpack_publicize_feature_enabled":true,"jetpack_social_post_already_shared":true,"jetpack_social_options":{"image_generator_settings":{"template":"highway","default_image_id":0,"font":"","enabled":false},"version":2}},"categories":[11],"tags":[3,12,8,22,50,488,49],"class_list":["post-4035","post","type-post","status-publish","format-image","has-post-thumbnail","hentry","category-fotografia","tag-boda","tag-fotografia","tag-fotografia-de-boda","tag-kirsten-gomez","tag-pre-boda","tag-pre-casament-es","tag-preboda","post_format-post-format-image"],"jetpack_publicize_connections":[],"jetpack_featured_media_url":"https:\/\/i0.wp.com\/kirstengomez.es\/bodas\/wp-content\/uploads\/2017\/06\/cabecera.png?fit=1000%2C667","jetpack_sharing_enabled":true,"jetpack_shortlink":"https:\/\/wp.me\/p5ZDAn-135","_links":{"self":[{"href":"http:\/\/kirstengomez.es\/bodas\/index.php?rest_route=\/wp\/v2\/posts\/4035","targetHints":{"allow":["GET"]}}],"collection":[{"href":"http:\/\/kirstengomez.es\/bodas\/index.php?rest_route=\/wp\/v2\/posts"}],"about":[{"href":"http:\/\/kirstengomez.es\/bodas\/index.php?rest_route=\/wp\/v2\/types\/post"}],"author":[{"embeddable":true,"href":"http:\/\/kirstengomez.es\/bodas\/index.php?rest_route=\/wp\/v2\/users\/1"}],"replies":[{"embeddable":true,"href":"http:\/\/kirstengomez.es\/bodas\/index.php?rest_route=%2Fwp%2Fv2%2Fcomments&post=4035"}],"version-history":[{"count":28,"href":"http:\/\/kirstengomez.es\/bodas\/index.php?rest_route=\/wp\/v2\/posts\/4035\/revisions"}],"predecessor-version":[{"id":4129,"href":"http:\/\/kirstengomez.es\/bodas\/index.php?rest_route=\/wp\/v2\/posts\/4035\/revisions\/4129"}],"wp:featuredmedia":[{"embeddable":true,"href":"http:\/\/kirstengomez.es\/bodas\/index.php?rest_route=\/wp\/v2\/media\/4118"}],"wp:attachment":[{"href":"http:\/\/kirstengomez.es\/bodas\/index.php?rest_route=%2Fwp%2Fv2%2Fmedia&parent=4035"}],"wp:term":[{"taxonomy":"category","embeddable":true,"href":"http:\/\/kirstengomez.es\/bodas\/index.php?rest_route=%2Fwp%2Fv2%2Fcategories&post=4035"},{"taxonomy":"post_tag","embeddable":true,"href":"http:\/\/kirstengomez.es\/bodas\/index.php?rest_route=%2Fwp%2Fv2%2Ftags&post=4035"}],"curies":[{"name":"wp","href":"https:\/\/api.w.org\/{rel}","templated":true}]}}