{"id":1937,"date":"2016-06-18T09:57:11","date_gmt":"2016-06-18T09:57:11","guid":{"rendered":"http:\/\/kirstengomez.es\/bodas\/?p=1937"},"modified":"2016-12-16T10:54:25","modified_gmt":"2016-12-16T10:54:25","slug":"teaser-casament-am","status":"publish","type":"post","link":"http:\/\/kirstengomez.es\/bodas\/?p=1937","title":{"rendered":"TEASER A &#038; M"},"content":{"rendered":"<p>Teaser casament de A&amp;M<br \/>\nC\u00f3rdoba \/ 16-04-2016<br \/>\nFilmaci\u00f3 i edici\u00f3 v\u00eddeo: Kirsten G\u00f3mez<br \/>\nM\u00fasica: <a href=\"https:\/\/www.facebook.com\/dani.olvido?fref=ts\" target=\"_blank\">Daniel Ruiz<\/a><\/p>\n","protected":false},"excerpt":{"rendered":"<p>Teaser casament de A&amp;M C\u00f3rdoba \/ 16-04-2016 Filmaci\u00f3 i edici\u00f3 v\u00eddeo: Kirsten G\u00f3mez M\u00fasica: Daniel Ruiz<\/p>\n","protected":false},"author":1,"featured_media":1935,"comment_status":"open","ping_status":"open","sticky":false,"template":"","format":"video","meta":{"jetpack_post_was_ever_published":false,"_jetpack_newsletter_access":"","_jetpack_dont_email_post_to_subs":false,"_jetpack_newsletter_tier_id":0,"_jetpack_memberships_contains_paywalled_content":false,"_jetpack_memberships_contains_paid_content":false,"footnotes":"","jetpack_publicize_message":"","jetpack_publicize_feature_enabled":true,"jetpack_social_post_already_shared":true,"jetpack_social_options":{"image_generator_settings":{"template":"highway","default_image_id":0,"font":"","enabled":false},"version":2}},"categories":[154],"tags":[122,381,180,323,383,385,327,387,335,353,389,349,187,329,333,351,391,345,131,347,145,357,367,365,375,124,339,379,377,369,371,373,337,341,393,361,359,363,343,321,395,325,331,355],"class_list":["post-1937","post","type-post","status-publish","format-video","has-post-thumbnail","hentry","category-videoo","tag-casament-ca","tag-casament-girona-ca","tag-enllac-ca","tag-film-girona","tag-foto-casament-ca","tag-fotograf-ca","tag-fotograf-boda","tag-fotograf-casament-ca","tag-fotograf-casament-girona","tag-fotograf-casament-salt","tag-fotograf-girona-ca","tag-fotograf-salt","tag-fotografa-ca","tag-fotografa-casament","tag-fotografa-casament-girona","tag-fotografa-casament-salt","tag-fotografa-girona-ca","tag-fotografa-salt","tag-fotografia-ca","tag-fotografia-salt","tag-girona-ca","tag-girona-wedding","tag-kirsten-fotograf","tag-kirsten-fotografa","tag-kirsten-fotografia","tag-kirsten-gomez-ca","tag-kirsten-gomez-fotografa","tag-kirsten-gomez-photographer","tag-kirsten-photographer","tag-kristen-fotograf","tag-kristen-fotografa","tag-kristen-fotografia","tag-kristen-gomez","tag-kristen-gomez-fotografa","tag-reportaje-de-boda-ca","tag-reportaje-de-boda-girona","tag-reportatge-de-casament","tag-reportatge-de-casament-girona","tag-salt","tag-video-girona","tag-wedding-film-ca","tag-wedding-film-girona","tag-wedding-photographer","tag-wedding-photographer-girona","post_format-post-format-video"],"jetpack_publicize_connections":[],"jetpack_featured_media_url":"https:\/\/i0.wp.com\/kirstengomez.es\/bodas\/wp-content\/uploads\/2016\/06\/13000258_1033904176657789_2428659533332075540_n.png?fit=816%2C563","jetpack_sharing_enabled":true,"jetpack_shortlink":"https:\/\/wp.me\/p5ZDAn-vf","_links":{"self":[{"href":"http:\/\/kirstengomez.es\/bodas\/index.php?rest_route=\/wp\/v2\/posts\/1937","targetHints":{"allow":["GET"]}}],"collection":[{"href":"http:\/\/kirstengomez.es\/bodas\/index.php?rest_route=\/wp\/v2\/posts"}],"about":[{"href":"http:\/\/kirstengomez.es\/bodas\/index.php?rest_route=\/wp\/v2\/types\/post"}],"author":[{"embeddable":true,"href":"http:\/\/kirstengomez.es\/bodas\/index.php?rest_route=\/wp\/v2\/users\/1"}],"replies":[{"embeddable":true,"href":"http:\/\/kirstengomez.es\/bodas\/index.php?rest_route=%2Fwp%2Fv2%2Fcomments&post=1937"}],"version-history":[{"count":2,"href":"http:\/\/kirstengomez.es\/bodas\/index.php?rest_route=\/wp\/v2\/posts\/1937\/revisions"}],"predecessor-version":[{"id":2322,"href":"http:\/\/kirstengomez.es\/bodas\/index.php?rest_route=\/wp\/v2\/posts\/1937\/revisions\/2322"}],"wp:featuredmedia":[{"embeddable":true,"href":"http:\/\/kirstengomez.es\/bodas\/index.php?rest_route=\/wp\/v2\/media\/1935"}],"wp:attachment":[{"href":"http:\/\/kirstengomez.es\/bodas\/index.php?rest_route=%2Fwp%2Fv2%2Fmedia&parent=1937"}],"wp:term":[{"taxonomy":"category","embeddable":true,"href":"http:\/\/kirstengomez.es\/bodas\/index.php?rest_route=%2Fwp%2Fv2%2Fcategories&post=1937"},{"taxonomy":"post_tag","embeddable":true,"href":"http:\/\/kirstengomez.es\/bodas\/index.php?rest_route=%2Fwp%2Fv2%2Ftags&post=1937"}],"curies":[{"name":"wp","href":"https:\/\/api.w.org\/{rel}","templated":true}]}}