{"id":1911,"date":"2016-02-20T19:41:08","date_gmt":"2016-02-20T19:41:08","guid":{"rendered":"http:\/\/kirstengomez.es\/bodas\/?p=1911"},"modified":"2016-12-16T10:54:50","modified_gmt":"2016-12-16T10:54:50","slug":"j-j-27-06-2015","status":"publish","type":"post","link":"http:\/\/kirstengomez.es\/bodas\/?p=1911","title":{"rendered":"J &#038; J  27-06-2015"},"content":{"rendered":"<pre>El casament de J&amp;J que es va fer en el preci\u00f3s entorn de platja de l'Hotel s'Agar\u00f3.\r\nLa cerim\u00f2nia es va celebrar a l'aire lliure amb la Coral X\u00e0ntica i el Cor de Cambra de la Diputaci\u00f3 de Girona. \r\nCorals a les que la n\u00favia pertany per aix\u00f2 no va poder faltar la gran sorpresa de fer-li cantar :)<\/pre>\n<p><img data-recalc-dims=\"1\" loading=\"lazy\" decoding=\"async\" data-attachment-id=\"1846\" data-permalink=\"http:\/\/kirstengomez.es\/bodas\/?attachment_id=1846\" data-orig-file=\"https:\/\/i0.wp.com\/kirstengomez.es\/bodas\/wp-content\/uploads\/2016\/02\/jj-1.jpg?fit=700%2C467\" data-orig-size=\"700,467\" data-comments-opened=\"1\" data-image-meta=\"{&quot;aperture&quot;:&quot;2.2&quot;,&quot;credit&quot;:&quot;Kirsten G\\u00f3mez&quot;,&quot;camera&quot;:&quot;Canon EOS 5D Mark III&quot;,&quot;caption&quot;:&quot;&quot;,&quot;created_timestamp&quot;:&quot;1435427534&quot;,&quot;copyright&quot;:&quot;&quot;,&quot;focal_length&quot;:&quot;50&quot;,&quot;iso&quot;:&quot;200&quot;,&quot;shutter_speed&quot;:&quot;0.002&quot;,&quot;title&quot;:&quot;&quot;,&quot;orientation&quot;:&quot;1&quot;}\" data-image-title=\"J&amp;#038;J-1\" data-image-description=\"\" data-image-caption=\"\" data-large-file=\"https:\/\/i0.wp.com\/kirstengomez.es\/bodas\/wp-content\/uploads\/2016\/02\/jj-1.jpg?fit=700%2C467\" class=\"alignleft size-full wp-image-1846\" src=\"https:\/\/i0.wp.com\/kirstengomez.es\/bodas\/wp-content\/uploads\/2016\/02\/jj-1.jpg?resize=700%2C467\" alt=\"J&amp;J-1\" width=\"700\" height=\"467\" srcset=\"https:\/\/i0.wp.com\/kirstengomez.es\/bodas\/wp-content\/uploads\/2016\/02\/jj-1.jpg?w=700 700w, https:\/\/i0.wp.com\/kirstengomez.es\/bodas\/wp-content\/uploads\/2016\/02\/jj-1.jpg?resize=300%2C200 300w, https:\/\/i0.wp.com\/kirstengomez.es\/bodas\/wp-content\/uploads\/2016\/02\/jj-1.jpg?resize=500%2C334 500w\" sizes=\"auto, (max-width: 700px) 100vw, 700px\" \/><br \/>\n<img data-recalc-dims=\"1\" loading=\"lazy\" decoding=\"async\" data-attachment-id=\"1847\" data-permalink=\"http:\/\/kirstengomez.es\/bodas\/?attachment_id=1847\" data-orig-file=\"https:\/\/i0.wp.com\/kirstengomez.es\/bodas\/wp-content\/uploads\/2016\/02\/jj-2.jpg?fit=700%2C467\" data-orig-size=\"700,467\" data-comments-opened=\"1\" data-image-meta=\"{&quot;aperture&quot;:&quot;2.5&quot;,&quot;credit&quot;:&quot;Kirsten G\\u00f3mez&quot;,&quot;camera&quot;:&quot;Canon EOS 5D Mark III&quot;,&quot;caption&quot;:&quot;&quot;,&quot;created_timestamp&quot;:&quot;1435429753&quot;,&quot;copyright&quot;:&quot;&quot;,&quot;focal_length&quot;:&quot;50&quot;,&quot;iso&quot;:&quot;200&quot;,&quot;shutter_speed&quot;:&quot;0.002&quot;,&quot;title&quot;:&quot;&quot;,&quot;orientation&quot;:&quot;1&quot;}\" data-image-title=\"J&amp;#038;J-2\" data-image-description=\"\" data-image-caption=\"\" data-large-file=\"https:\/\/i0.wp.com\/kirstengomez.es\/bodas\/wp-content\/uploads\/2016\/02\/jj-2.jpg?fit=700%2C467\" class=\"alignleft size-full wp-image-1847\" src=\"https:\/\/i0.wp.com\/kirstengomez.es\/bodas\/wp-content\/uploads\/2016\/02\/jj-2.jpg?resize=700%2C467\" alt=\"J&amp;J-2\" width=\"700\" height=\"467\" srcset=\"https:\/\/i0.wp.com\/kirstengomez.es\/bodas\/wp-content\/uploads\/2016\/02\/jj-2.jpg?w=700 700w, https:\/\/i0.wp.com\/kirstengomez.es\/bodas\/wp-content\/uploads\/2016\/02\/jj-2.jpg?resize=300%2C200 300w, https:\/\/i0.wp.com\/kirstengomez.es\/bodas\/wp-content\/uploads\/2016\/02\/jj-2.jpg?resize=500%2C334 500w\" sizes=\"auto, (max-width: 700px) 100vw, 700px\" \/><br \/>\n<img data-recalc-dims=\"1\" loading=\"lazy\" decoding=\"async\" data-attachment-id=\"1894\" data-permalink=\"http:\/\/kirstengomez.es\/bodas\/?attachment_id=1894\" data-orig-file=\"https:\/\/i0.wp.com\/kirstengomez.es\/bodas\/wp-content\/uploads\/2016\/02\/jj.png?fit=700%2C509\" data-orig-size=\"700,509\" data-comments-opened=\"1\" data-image-meta=\"{&quot;aperture&quot;:&quot;0&quot;,&quot;credit&quot;:&quot;&quot;,&quot;camera&quot;:&quot;&quot;,&quot;caption&quot;:&quot;&quot;,&quot;created_timestamp&quot;:&quot;0&quot;,&quot;copyright&quot;:&quot;&quot;,&quot;focal_length&quot;:&quot;0&quot;,&quot;iso&quot;:&quot;0&quot;,&quot;shutter_speed&quot;:&quot;0&quot;,&quot;title&quot;:&quot;&quot;,&quot;orientation&quot;:&quot;0&quot;}\" data-image-title=\"J&amp;#038;J\" data-image-description=\"\" data-image-caption=\"\" data-large-file=\"https:\/\/i0.wp.com\/kirstengomez.es\/bodas\/wp-content\/uploads\/2016\/02\/jj.png?fit=700%2C509\" class=\"alignleft size-large wp-image-1894\" src=\"https:\/\/i0.wp.com\/kirstengomez.es\/bodas\/wp-content\/uploads\/2016\/02\/jj.png?resize=700%2C509\" alt=\"J&amp;J\" width=\"700\" height=\"509\" srcset=\"https:\/\/i0.wp.com\/kirstengomez.es\/bodas\/wp-content\/uploads\/2016\/02\/jj.png?w=700 700w, https:\/\/i0.wp.com\/kirstengomez.es\/bodas\/wp-content\/uploads\/2016\/02\/jj.png?resize=300%2C218 300w, https:\/\/i0.wp.com\/kirstengomez.es\/bodas\/wp-content\/uploads\/2016\/02\/jj.png?resize=500%2C364 500w\" sizes=\"auto, (max-width: 700px) 100vw, 700px\" \/><br \/>\n<img data-recalc-dims=\"1\" loading=\"lazy\" decoding=\"async\" data-attachment-id=\"1848\" data-permalink=\"http:\/\/kirstengomez.es\/bodas\/?attachment_id=1848\" data-orig-file=\"https:\/\/i0.wp.com\/kirstengomez.es\/bodas\/wp-content\/uploads\/2016\/02\/jj-4.jpg?fit=700%2C467\" data-orig-size=\"700,467\" data-comments-opened=\"1\" data-image-meta=\"{&quot;aperture&quot;:&quot;2.8&quot;,&quot;credit&quot;:&quot;Kirsten G\\u00f3mez&quot;,&quot;camera&quot;:&quot;Canon EOS 5D Mark III&quot;,&quot;caption&quot;:&quot;&quot;,&quot;created_timestamp&quot;:&quot;1435430409&quot;,&quot;copyright&quot;:&quot;&quot;,&quot;focal_length&quot;:&quot;50&quot;,&quot;iso&quot;:&quot;200&quot;,&quot;shutter_speed&quot;:&quot;0.005&quot;,&quot;title&quot;:&quot;&quot;,&quot;orientation&quot;:&quot;1&quot;}\" data-image-title=\"J&amp;#038;J-4\" data-image-description=\"\" data-image-caption=\"\" data-large-file=\"https:\/\/i0.wp.com\/kirstengomez.es\/bodas\/wp-content\/uploads\/2016\/02\/jj-4.jpg?fit=700%2C467\" class=\"alignleft size-full wp-image-1848\" src=\"https:\/\/i0.wp.com\/kirstengomez.es\/bodas\/wp-content\/uploads\/2016\/02\/jj-4.jpg?resize=700%2C467\" alt=\"J&amp;J-4\" width=\"700\" height=\"467\" srcset=\"https:\/\/i0.wp.com\/kirstengomez.es\/bodas\/wp-content\/uploads\/2016\/02\/jj-4.jpg?w=700 700w, https:\/\/i0.wp.com\/kirstengomez.es\/bodas\/wp-content\/uploads\/2016\/02\/jj-4.jpg?resize=300%2C200 300w, https:\/\/i0.wp.com\/kirstengomez.es\/bodas\/wp-content\/uploads\/2016\/02\/jj-4.jpg?resize=500%2C334 500w\" sizes=\"auto, (max-width: 700px) 100vw, 700px\" \/><br \/>\n<img data-recalc-dims=\"1\" loading=\"lazy\" decoding=\"async\" data-attachment-id=\"1849\" data-permalink=\"http:\/\/kirstengomez.es\/bodas\/?attachment_id=1849\" data-orig-file=\"https:\/\/i0.wp.com\/kirstengomez.es\/bodas\/wp-content\/uploads\/2016\/02\/jj-6.jpg?fit=700%2C467\" data-orig-size=\"700,467\" data-comments-opened=\"1\" data-image-meta=\"{&quot;aperture&quot;:&quot;4&quot;,&quot;credit&quot;:&quot;Kirsten G\\u00f3mez&quot;,&quot;camera&quot;:&quot;Canon EOS 5D Mark III&quot;,&quot;caption&quot;:&quot;&quot;,&quot;created_timestamp&quot;:&quot;1435432292&quot;,&quot;copyright&quot;:&quot;&quot;,&quot;focal_length&quot;:&quot;50&quot;,&quot;iso&quot;:&quot;200&quot;,&quot;shutter_speed&quot;:&quot;0.003125&quot;,&quot;title&quot;:&quot;&quot;,&quot;orientation&quot;:&quot;1&quot;}\" data-image-title=\"J&amp;#038;J-6\" data-image-description=\"\" data-image-caption=\"\" data-large-file=\"https:\/\/i0.wp.com\/kirstengomez.es\/bodas\/wp-content\/uploads\/2016\/02\/jj-6.jpg?fit=700%2C467\" class=\"alignleft size-large wp-image-1849\" src=\"https:\/\/i0.wp.com\/kirstengomez.es\/bodas\/wp-content\/uploads\/2016\/02\/jj-6.jpg?resize=700%2C467\" alt=\"J&amp;J-6\" width=\"700\" height=\"467\" srcset=\"https:\/\/i0.wp.com\/kirstengomez.es\/bodas\/wp-content\/uploads\/2016\/02\/jj-6.jpg?w=700 700w, https:\/\/i0.wp.com\/kirstengomez.es\/bodas\/wp-content\/uploads\/2016\/02\/jj-6.jpg?resize=300%2C200 300w, https:\/\/i0.wp.com\/kirstengomez.es\/bodas\/wp-content\/uploads\/2016\/02\/jj-6.jpg?resize=500%2C334 500w\" sizes=\"auto, (max-width: 700px) 100vw, 700px\" \/><br \/>\n<img data-recalc-dims=\"1\" loading=\"lazy\" decoding=\"async\" data-attachment-id=\"1850\" data-permalink=\"http:\/\/kirstengomez.es\/bodas\/?attachment_id=1850\" data-orig-file=\"https:\/\/i0.wp.com\/kirstengomez.es\/bodas\/wp-content\/uploads\/2016\/02\/jj-7.jpg?fit=700%2C467\" data-orig-size=\"700,467\" data-comments-opened=\"1\" data-image-meta=\"{&quot;aperture&quot;:&quot;3.5&quot;,&quot;credit&quot;:&quot;Kirsten G\\u00f3mez&quot;,&quot;camera&quot;:&quot;Canon EOS 5D Mark III&quot;,&quot;caption&quot;:&quot;&quot;,&quot;created_timestamp&quot;:&quot;1435432889&quot;,&quot;copyright&quot;:&quot;&quot;,&quot;focal_length&quot;:&quot;50&quot;,&quot;iso&quot;:&quot;200&quot;,&quot;shutter_speed&quot;:&quot;0.005&quot;,&quot;title&quot;:&quot;&quot;,&quot;orientation&quot;:&quot;1&quot;}\" data-image-title=\"J&amp;#038;J-7\" data-image-description=\"\" data-image-caption=\"\" data-large-file=\"https:\/\/i0.wp.com\/kirstengomez.es\/bodas\/wp-content\/uploads\/2016\/02\/jj-7.jpg?fit=700%2C467\" class=\"alignleft size-large wp-image-1850\" src=\"https:\/\/i0.wp.com\/kirstengomez.es\/bodas\/wp-content\/uploads\/2016\/02\/jj-7.jpg?resize=700%2C467\" alt=\"J&amp;J-7\" width=\"700\" height=\"467\" srcset=\"https:\/\/i0.wp.com\/kirstengomez.es\/bodas\/wp-content\/uploads\/2016\/02\/jj-7.jpg?w=700 700w, https:\/\/i0.wp.com\/kirstengomez.es\/bodas\/wp-content\/uploads\/2016\/02\/jj-7.jpg?resize=300%2C200 300w, https:\/\/i0.wp.com\/kirstengomez.es\/bodas\/wp-content\/uploads\/2016\/02\/jj-7.jpg?resize=500%2C334 500w\" sizes=\"auto, (max-width: 700px) 100vw, 700px\" \/><br \/>\n<img data-recalc-dims=\"1\" loading=\"lazy\" decoding=\"async\" data-attachment-id=\"1851\" data-permalink=\"http:\/\/kirstengomez.es\/bodas\/?attachment_id=1851\" data-orig-file=\"https:\/\/i0.wp.com\/kirstengomez.es\/bodas\/wp-content\/uploads\/2016\/02\/jj-8.jpg?fit=700%2C467\" data-orig-size=\"700,467\" data-comments-opened=\"1\" data-image-meta=\"{&quot;aperture&quot;:&quot;3.5&quot;,&quot;credit&quot;:&quot;Kirsten G\\u00f3mez&quot;,&quot;camera&quot;:&quot;Canon EOS 5D Mark III&quot;,&quot;caption&quot;:&quot;&quot;,&quot;created_timestamp&quot;:&quot;1435432905&quot;,&quot;copyright&quot;:&quot;&quot;,&quot;focal_length&quot;:&quot;50&quot;,&quot;iso&quot;:&quot;200&quot;,&quot;shutter_speed&quot;:&quot;0.005&quot;,&quot;title&quot;:&quot;&quot;,&quot;orientation&quot;:&quot;1&quot;}\" data-image-title=\"J&amp;#038;J-8\" data-image-description=\"\" data-image-caption=\"\" data-large-file=\"https:\/\/i0.wp.com\/kirstengomez.es\/bodas\/wp-content\/uploads\/2016\/02\/jj-8.jpg?fit=700%2C467\" class=\"alignleft size-large wp-image-1851\" src=\"https:\/\/i0.wp.com\/kirstengomez.es\/bodas\/wp-content\/uploads\/2016\/02\/jj-8.jpg?resize=700%2C467\" alt=\"J&amp;J-8\" width=\"700\" height=\"467\" srcset=\"https:\/\/i0.wp.com\/kirstengomez.es\/bodas\/wp-content\/uploads\/2016\/02\/jj-8.jpg?w=700 700w, https:\/\/i0.wp.com\/kirstengomez.es\/bodas\/wp-content\/uploads\/2016\/02\/jj-8.jpg?resize=300%2C200 300w, https:\/\/i0.wp.com\/kirstengomez.es\/bodas\/wp-content\/uploads\/2016\/02\/jj-8.jpg?resize=500%2C334 500w\" sizes=\"auto, (max-width: 700px) 100vw, 700px\" \/><br \/>\n<img data-recalc-dims=\"1\" loading=\"lazy\" decoding=\"async\" data-attachment-id=\"1852\" data-permalink=\"http:\/\/kirstengomez.es\/bodas\/?attachment_id=1852\" data-orig-file=\"https:\/\/i0.wp.com\/kirstengomez.es\/bodas\/wp-content\/uploads\/2016\/02\/jj-9.jpg?fit=700%2C467\" data-orig-size=\"700,467\" data-comments-opened=\"1\" data-image-meta=\"{&quot;aperture&quot;:&quot;3.5&quot;,&quot;credit&quot;:&quot;Kirsten G\\u00f3mez&quot;,&quot;camera&quot;:&quot;Canon EOS 5D Mark III&quot;,&quot;caption&quot;:&quot;&quot;,&quot;created_timestamp&quot;:&quot;1435432919&quot;,&quot;copyright&quot;:&quot;&quot;,&quot;focal_length&quot;:&quot;50&quot;,&quot;iso&quot;:&quot;200&quot;,&quot;shutter_speed&quot;:&quot;0.005&quot;,&quot;title&quot;:&quot;&quot;,&quot;orientation&quot;:&quot;1&quot;}\" data-image-title=\"J&amp;#038;J-9\" data-image-description=\"\" data-image-caption=\"\" data-large-file=\"https:\/\/i0.wp.com\/kirstengomez.es\/bodas\/wp-content\/uploads\/2016\/02\/jj-9.jpg?fit=700%2C467\" class=\"alignleft size-large wp-image-1852\" src=\"https:\/\/i0.wp.com\/kirstengomez.es\/bodas\/wp-content\/uploads\/2016\/02\/jj-9.jpg?resize=700%2C467\" alt=\"J&amp;J-9\" width=\"700\" height=\"467\" srcset=\"https:\/\/i0.wp.com\/kirstengomez.es\/bodas\/wp-content\/uploads\/2016\/02\/jj-9.jpg?w=700 700w, https:\/\/i0.wp.com\/kirstengomez.es\/bodas\/wp-content\/uploads\/2016\/02\/jj-9.jpg?resize=300%2C200 300w, https:\/\/i0.wp.com\/kirstengomez.es\/bodas\/wp-content\/uploads\/2016\/02\/jj-9.jpg?resize=500%2C334 500w\" sizes=\"auto, (max-width: 700px) 100vw, 700px\" \/><br \/>\n<img data-recalc-dims=\"1\" loading=\"lazy\" decoding=\"async\" data-attachment-id=\"1853\" data-permalink=\"http:\/\/kirstengomez.es\/bodas\/?attachment_id=1853\" data-orig-file=\"https:\/\/i0.wp.com\/kirstengomez.es\/bodas\/wp-content\/uploads\/2016\/02\/jj-10.jpg?fit=700%2C467\" data-orig-size=\"700,467\" data-comments-opened=\"1\" data-image-meta=\"{&quot;aperture&quot;:&quot;3.2&quot;,&quot;credit&quot;:&quot;Kirsten G\\u00f3mez&quot;,&quot;camera&quot;:&quot;Canon EOS 5D Mark III&quot;,&quot;caption&quot;:&quot;&quot;,&quot;created_timestamp&quot;:&quot;1435432954&quot;,&quot;copyright&quot;:&quot;&quot;,&quot;focal_length&quot;:&quot;50&quot;,&quot;iso&quot;:&quot;200&quot;,&quot;shutter_speed&quot;:&quot;0.005&quot;,&quot;title&quot;:&quot;&quot;,&quot;orientation&quot;:&quot;1&quot;}\" data-image-title=\"J&amp;#038;J-10\" data-image-description=\"\" data-image-caption=\"\" data-large-file=\"https:\/\/i0.wp.com\/kirstengomez.es\/bodas\/wp-content\/uploads\/2016\/02\/jj-10.jpg?fit=700%2C467\" class=\"alignleft size-large wp-image-1853\" src=\"https:\/\/i0.wp.com\/kirstengomez.es\/bodas\/wp-content\/uploads\/2016\/02\/jj-10.jpg?resize=700%2C467\" alt=\"J&amp;J-10\" width=\"700\" height=\"467\" srcset=\"https:\/\/i0.wp.com\/kirstengomez.es\/bodas\/wp-content\/uploads\/2016\/02\/jj-10.jpg?w=700 700w, https:\/\/i0.wp.com\/kirstengomez.es\/bodas\/wp-content\/uploads\/2016\/02\/jj-10.jpg?resize=300%2C200 300w, https:\/\/i0.wp.com\/kirstengomez.es\/bodas\/wp-content\/uploads\/2016\/02\/jj-10.jpg?resize=500%2C334 500w\" sizes=\"auto, (max-width: 700px) 100vw, 700px\" \/><br \/>\n<img data-recalc-dims=\"1\" loading=\"lazy\" decoding=\"async\" data-attachment-id=\"1854\" data-permalink=\"http:\/\/kirstengomez.es\/bodas\/?attachment_id=1854\" data-orig-file=\"https:\/\/i0.wp.com\/kirstengomez.es\/bodas\/wp-content\/uploads\/2016\/02\/jj-11.jpg?fit=700%2C467\" data-orig-size=\"700,467\" data-comments-opened=\"1\" data-image-meta=\"{&quot;aperture&quot;:&quot;3.2&quot;,&quot;credit&quot;:&quot;Kirsten G\\u00f3mez&quot;,&quot;camera&quot;:&quot;Canon EOS 5D Mark III&quot;,&quot;caption&quot;:&quot;&quot;,&quot;created_timestamp&quot;:&quot;1435433009&quot;,&quot;copyright&quot;:&quot;&quot;,&quot;focal_length&quot;:&quot;50&quot;,&quot;iso&quot;:&quot;200&quot;,&quot;shutter_speed&quot;:&quot;0.005&quot;,&quot;title&quot;:&quot;&quot;,&quot;orientation&quot;:&quot;1&quot;}\" data-image-title=\"J&amp;#038;J-11\" data-image-description=\"\" data-image-caption=\"\" data-large-file=\"https:\/\/i0.wp.com\/kirstengomez.es\/bodas\/wp-content\/uploads\/2016\/02\/jj-11.jpg?fit=700%2C467\" class=\"alignleft size-large wp-image-1854\" src=\"https:\/\/i0.wp.com\/kirstengomez.es\/bodas\/wp-content\/uploads\/2016\/02\/jj-11.jpg?resize=700%2C467\" alt=\"J&amp;J-11\" width=\"700\" height=\"467\" srcset=\"https:\/\/i0.wp.com\/kirstengomez.es\/bodas\/wp-content\/uploads\/2016\/02\/jj-11.jpg?w=700 700w, https:\/\/i0.wp.com\/kirstengomez.es\/bodas\/wp-content\/uploads\/2016\/02\/jj-11.jpg?resize=300%2C200 300w, https:\/\/i0.wp.com\/kirstengomez.es\/bodas\/wp-content\/uploads\/2016\/02\/jj-11.jpg?resize=500%2C334 500w\" sizes=\"auto, (max-width: 700px) 100vw, 700px\" \/><br \/>\n<img data-recalc-dims=\"1\" loading=\"lazy\" decoding=\"async\" data-attachment-id=\"1855\" data-permalink=\"http:\/\/kirstengomez.es\/bodas\/?attachment_id=1855\" data-orig-file=\"https:\/\/i0.wp.com\/kirstengomez.es\/bodas\/wp-content\/uploads\/2016\/02\/jj-12.jpg?fit=700%2C467\" data-orig-size=\"700,467\" data-comments-opened=\"1\" data-image-meta=\"{&quot;aperture&quot;:&quot;3.2&quot;,&quot;credit&quot;:&quot;Kirsten G\\u00f3mez&quot;,&quot;camera&quot;:&quot;Canon EOS 5D Mark III&quot;,&quot;caption&quot;:&quot;&quot;,&quot;created_timestamp&quot;:&quot;1435433026&quot;,&quot;copyright&quot;:&quot;&quot;,&quot;focal_length&quot;:&quot;50&quot;,&quot;iso&quot;:&quot;200&quot;,&quot;shutter_speed&quot;:&quot;0.005&quot;,&quot;title&quot;:&quot;&quot;,&quot;orientation&quot;:&quot;1&quot;}\" data-image-title=\"J&amp;#038;J-12\" data-image-description=\"\" data-image-caption=\"\" data-large-file=\"https:\/\/i0.wp.com\/kirstengomez.es\/bodas\/wp-content\/uploads\/2016\/02\/jj-12.jpg?fit=700%2C467\" class=\"alignleft size-large wp-image-1855\" src=\"https:\/\/i0.wp.com\/kirstengomez.es\/bodas\/wp-content\/uploads\/2016\/02\/jj-12.jpg?resize=700%2C467\" alt=\"J&amp;J-12\" width=\"700\" height=\"467\" srcset=\"https:\/\/i0.wp.com\/kirstengomez.es\/bodas\/wp-content\/uploads\/2016\/02\/jj-12.jpg?w=700 700w, https:\/\/i0.wp.com\/kirstengomez.es\/bodas\/wp-content\/uploads\/2016\/02\/jj-12.jpg?resize=300%2C200 300w, https:\/\/i0.wp.com\/kirstengomez.es\/bodas\/wp-content\/uploads\/2016\/02\/jj-12.jpg?resize=500%2C334 500w\" sizes=\"auto, (max-width: 700px) 100vw, 700px\" \/><br \/>\n<img data-recalc-dims=\"1\" loading=\"lazy\" decoding=\"async\" data-attachment-id=\"1856\" data-permalink=\"http:\/\/kirstengomez.es\/bodas\/?attachment_id=1856\" data-orig-file=\"https:\/\/i0.wp.com\/kirstengomez.es\/bodas\/wp-content\/uploads\/2016\/02\/jj-13.jpg?fit=700%2C467\" data-orig-size=\"700,467\" data-comments-opened=\"1\" data-image-meta=\"{&quot;aperture&quot;:&quot;3.2&quot;,&quot;credit&quot;:&quot;Kirsten G\\u00f3mez&quot;,&quot;camera&quot;:&quot;Canon EOS 5D Mark III&quot;,&quot;caption&quot;:&quot;&quot;,&quot;created_timestamp&quot;:&quot;1435433109&quot;,&quot;copyright&quot;:&quot;&quot;,&quot;focal_length&quot;:&quot;50&quot;,&quot;iso&quot;:&quot;200&quot;,&quot;shutter_speed&quot;:&quot;0.005&quot;,&quot;title&quot;:&quot;&quot;,&quot;orientation&quot;:&quot;1&quot;}\" data-image-title=\"J&amp;#038;J-13\" data-image-description=\"\" data-image-caption=\"\" data-large-file=\"https:\/\/i0.wp.com\/kirstengomez.es\/bodas\/wp-content\/uploads\/2016\/02\/jj-13.jpg?fit=700%2C467\" class=\"alignleft size-large wp-image-1856\" src=\"https:\/\/i0.wp.com\/kirstengomez.es\/bodas\/wp-content\/uploads\/2016\/02\/jj-13.jpg?resize=700%2C467\" alt=\"J&amp;J-13\" width=\"700\" height=\"467\" srcset=\"https:\/\/i0.wp.com\/kirstengomez.es\/bodas\/wp-content\/uploads\/2016\/02\/jj-13.jpg?w=700 700w, https:\/\/i0.wp.com\/kirstengomez.es\/bodas\/wp-content\/uploads\/2016\/02\/jj-13.jpg?resize=300%2C200 300w, https:\/\/i0.wp.com\/kirstengomez.es\/bodas\/wp-content\/uploads\/2016\/02\/jj-13.jpg?resize=500%2C334 500w\" sizes=\"auto, (max-width: 700px) 100vw, 700px\" \/><br \/>\n<img data-recalc-dims=\"1\" loading=\"lazy\" decoding=\"async\" data-attachment-id=\"1857\" data-permalink=\"http:\/\/kirstengomez.es\/bodas\/?attachment_id=1857\" data-orig-file=\"https:\/\/i0.wp.com\/kirstengomez.es\/bodas\/wp-content\/uploads\/2016\/02\/jj-14.jpg?fit=700%2C467\" data-orig-size=\"700,467\" data-comments-opened=\"1\" data-image-meta=\"{&quot;aperture&quot;:&quot;3.2&quot;,&quot;credit&quot;:&quot;Kirsten G\\u00f3mez&quot;,&quot;camera&quot;:&quot;Canon EOS 5D Mark III&quot;,&quot;caption&quot;:&quot;&quot;,&quot;created_timestamp&quot;:&quot;1435433186&quot;,&quot;copyright&quot;:&quot;&quot;,&quot;focal_length&quot;:&quot;50&quot;,&quot;iso&quot;:&quot;200&quot;,&quot;shutter_speed&quot;:&quot;0.005&quot;,&quot;title&quot;:&quot;&quot;,&quot;orientation&quot;:&quot;1&quot;}\" data-image-title=\"J&amp;#038;J-14\" data-image-description=\"\" data-image-caption=\"\" data-large-file=\"https:\/\/i0.wp.com\/kirstengomez.es\/bodas\/wp-content\/uploads\/2016\/02\/jj-14.jpg?fit=700%2C467\" class=\"alignleft size-large wp-image-1857\" src=\"https:\/\/i0.wp.com\/kirstengomez.es\/bodas\/wp-content\/uploads\/2016\/02\/jj-14.jpg?resize=700%2C467\" alt=\"J&amp;J-14\" width=\"700\" height=\"467\" srcset=\"https:\/\/i0.wp.com\/kirstengomez.es\/bodas\/wp-content\/uploads\/2016\/02\/jj-14.jpg?w=700 700w, https:\/\/i0.wp.com\/kirstengomez.es\/bodas\/wp-content\/uploads\/2016\/02\/jj-14.jpg?resize=300%2C200 300w, https:\/\/i0.wp.com\/kirstengomez.es\/bodas\/wp-content\/uploads\/2016\/02\/jj-14.jpg?resize=500%2C334 500w\" sizes=\"auto, (max-width: 700px) 100vw, 700px\" \/><br \/>\n<img data-recalc-dims=\"1\" loading=\"lazy\" decoding=\"async\" data-attachment-id=\"1858\" data-permalink=\"http:\/\/kirstengomez.es\/bodas\/?attachment_id=1858\" data-orig-file=\"https:\/\/i0.wp.com\/kirstengomez.es\/bodas\/wp-content\/uploads\/2016\/02\/jj-15.jpg?fit=700%2C467\" data-orig-size=\"700,467\" data-comments-opened=\"1\" data-image-meta=\"{&quot;aperture&quot;:&quot;2&quot;,&quot;credit&quot;:&quot;Kirsten G\\u00f3mez&quot;,&quot;camera&quot;:&quot;Canon EOS 5D Mark III&quot;,&quot;caption&quot;:&quot;&quot;,&quot;created_timestamp&quot;:&quot;1435433413&quot;,&quot;copyright&quot;:&quot;&quot;,&quot;focal_length&quot;:&quot;50&quot;,&quot;iso&quot;:&quot;200&quot;,&quot;shutter_speed&quot;:&quot;0.0025&quot;,&quot;title&quot;:&quot;&quot;,&quot;orientation&quot;:&quot;1&quot;}\" data-image-title=\"J&amp;#038;J-15\" data-image-description=\"\" data-image-caption=\"\" data-large-file=\"https:\/\/i0.wp.com\/kirstengomez.es\/bodas\/wp-content\/uploads\/2016\/02\/jj-15.jpg?fit=700%2C467\" class=\"alignleft size-large wp-image-1858\" src=\"https:\/\/i0.wp.com\/kirstengomez.es\/bodas\/wp-content\/uploads\/2016\/02\/jj-15.jpg?resize=700%2C467\" alt=\"J&amp;J-15\" width=\"700\" height=\"467\" srcset=\"https:\/\/i0.wp.com\/kirstengomez.es\/bodas\/wp-content\/uploads\/2016\/02\/jj-15.jpg?w=700 700w, https:\/\/i0.wp.com\/kirstengomez.es\/bodas\/wp-content\/uploads\/2016\/02\/jj-15.jpg?resize=300%2C200 300w, https:\/\/i0.wp.com\/kirstengomez.es\/bodas\/wp-content\/uploads\/2016\/02\/jj-15.jpg?resize=500%2C334 500w\" sizes=\"auto, (max-width: 700px) 100vw, 700px\" \/><br \/>\n<img data-recalc-dims=\"1\" loading=\"lazy\" decoding=\"async\" data-attachment-id=\"1859\" data-permalink=\"http:\/\/kirstengomez.es\/bodas\/?attachment_id=1859\" data-orig-file=\"https:\/\/i0.wp.com\/kirstengomez.es\/bodas\/wp-content\/uploads\/2016\/02\/jj-16.jpg?fit=700%2C467\" data-orig-size=\"700,467\" data-comments-opened=\"1\" data-image-meta=\"{&quot;aperture&quot;:&quot;3.2&quot;,&quot;credit&quot;:&quot;Kirsten G\\u00f3mez&quot;,&quot;camera&quot;:&quot;Canon EOS 5D Mark III&quot;,&quot;caption&quot;:&quot;&quot;,&quot;created_timestamp&quot;:&quot;1435433706&quot;,&quot;copyright&quot;:&quot;&quot;,&quot;focal_length&quot;:&quot;50&quot;,&quot;iso&quot;:&quot;200&quot;,&quot;shutter_speed&quot;:&quot;0.005&quot;,&quot;title&quot;:&quot;&quot;,&quot;orientation&quot;:&quot;1&quot;}\" data-image-title=\"J&amp;#038;J-16\" data-image-description=\"\" data-image-caption=\"\" data-large-file=\"https:\/\/i0.wp.com\/kirstengomez.es\/bodas\/wp-content\/uploads\/2016\/02\/jj-16.jpg?fit=700%2C467\" class=\"alignleft size-large wp-image-1859\" src=\"https:\/\/i0.wp.com\/kirstengomez.es\/bodas\/wp-content\/uploads\/2016\/02\/jj-16.jpg?resize=700%2C467\" alt=\"J&amp;J-16\" width=\"700\" height=\"467\" srcset=\"https:\/\/i0.wp.com\/kirstengomez.es\/bodas\/wp-content\/uploads\/2016\/02\/jj-16.jpg?w=700 700w, https:\/\/i0.wp.com\/kirstengomez.es\/bodas\/wp-content\/uploads\/2016\/02\/jj-16.jpg?resize=300%2C200 300w, https:\/\/i0.wp.com\/kirstengomez.es\/bodas\/wp-content\/uploads\/2016\/02\/jj-16.jpg?resize=500%2C334 500w\" sizes=\"auto, (max-width: 700px) 100vw, 700px\" \/><br \/>\n<img data-recalc-dims=\"1\" loading=\"lazy\" decoding=\"async\" data-attachment-id=\"1895\" data-permalink=\"http:\/\/kirstengomez.es\/bodas\/?attachment_id=1895\" data-orig-file=\"https:\/\/i0.wp.com\/kirstengomez.es\/bodas\/wp-content\/uploads\/2016\/02\/jj02.png?fit=700%2C509\" data-orig-size=\"700,509\" data-comments-opened=\"1\" data-image-meta=\"{&quot;aperture&quot;:&quot;0&quot;,&quot;credit&quot;:&quot;&quot;,&quot;camera&quot;:&quot;&quot;,&quot;caption&quot;:&quot;&quot;,&quot;created_timestamp&quot;:&quot;0&quot;,&quot;copyright&quot;:&quot;&quot;,&quot;focal_length&quot;:&quot;0&quot;,&quot;iso&quot;:&quot;0&quot;,&quot;shutter_speed&quot;:&quot;0&quot;,&quot;title&quot;:&quot;&quot;,&quot;orientation&quot;:&quot;0&quot;}\" data-image-title=\"J&amp;#038;J02\" data-image-description=\"\" data-image-caption=\"\" data-large-file=\"https:\/\/i0.wp.com\/kirstengomez.es\/bodas\/wp-content\/uploads\/2016\/02\/jj02.png?fit=700%2C509\" class=\"alignleft size-large wp-image-1895\" src=\"https:\/\/i0.wp.com\/kirstengomez.es\/bodas\/wp-content\/uploads\/2016\/02\/jj02.png?resize=700%2C509\" alt=\"J&amp;J02\" width=\"700\" height=\"509\" srcset=\"https:\/\/i0.wp.com\/kirstengomez.es\/bodas\/wp-content\/uploads\/2016\/02\/jj02.png?w=700 700w, https:\/\/i0.wp.com\/kirstengomez.es\/bodas\/wp-content\/uploads\/2016\/02\/jj02.png?resize=300%2C218 300w, https:\/\/i0.wp.com\/kirstengomez.es\/bodas\/wp-content\/uploads\/2016\/02\/jj02.png?resize=500%2C364 500w\" sizes=\"auto, (max-width: 700px) 100vw, 700px\" \/><br \/>\n<img data-recalc-dims=\"1\" loading=\"lazy\" decoding=\"async\" data-attachment-id=\"1860\" data-permalink=\"http:\/\/kirstengomez.es\/bodas\/?attachment_id=1860\" data-orig-file=\"https:\/\/i0.wp.com\/kirstengomez.es\/bodas\/wp-content\/uploads\/2016\/02\/jj-19.jpg?fit=700%2C467\" data-orig-size=\"700,467\" data-comments-opened=\"1\" data-image-meta=\"{&quot;aperture&quot;:&quot;4&quot;,&quot;credit&quot;:&quot;Kirsten G\\u00f3mez&quot;,&quot;camera&quot;:&quot;Canon EOS 5D Mark III&quot;,&quot;caption&quot;:&quot;&quot;,&quot;created_timestamp&quot;:&quot;1435434085&quot;,&quot;copyright&quot;:&quot;&quot;,&quot;focal_length&quot;:&quot;50&quot;,&quot;iso&quot;:&quot;320&quot;,&quot;shutter_speed&quot;:&quot;0.004&quot;,&quot;title&quot;:&quot;&quot;,&quot;orientation&quot;:&quot;1&quot;}\" data-image-title=\"J&amp;#038;J-19\" data-image-description=\"\" data-image-caption=\"\" data-large-file=\"https:\/\/i0.wp.com\/kirstengomez.es\/bodas\/wp-content\/uploads\/2016\/02\/jj-19.jpg?fit=700%2C467\" class=\"alignleft size-large wp-image-1860\" src=\"https:\/\/i0.wp.com\/kirstengomez.es\/bodas\/wp-content\/uploads\/2016\/02\/jj-19.jpg?resize=700%2C467\" alt=\"J&amp;J-19\" width=\"700\" height=\"467\" srcset=\"https:\/\/i0.wp.com\/kirstengomez.es\/bodas\/wp-content\/uploads\/2016\/02\/jj-19.jpg?w=700 700w, https:\/\/i0.wp.com\/kirstengomez.es\/bodas\/wp-content\/uploads\/2016\/02\/jj-19.jpg?resize=300%2C200 300w, https:\/\/i0.wp.com\/kirstengomez.es\/bodas\/wp-content\/uploads\/2016\/02\/jj-19.jpg?resize=500%2C334 500w\" sizes=\"auto, (max-width: 700px) 100vw, 700px\" \/> <img data-recalc-dims=\"1\" loading=\"lazy\" decoding=\"async\" data-attachment-id=\"1861\" data-permalink=\"http:\/\/kirstengomez.es\/bodas\/?attachment_id=1861\" data-orig-file=\"https:\/\/i0.wp.com\/kirstengomez.es\/bodas\/wp-content\/uploads\/2016\/02\/jj-20.jpg?fit=700%2C467\" data-orig-size=\"700,467\" data-comments-opened=\"1\" data-image-meta=\"{&quot;aperture&quot;:&quot;3.2&quot;,&quot;credit&quot;:&quot;Kirsten G\\u00f3mez&quot;,&quot;camera&quot;:&quot;Canon EOS 5D Mark III&quot;,&quot;caption&quot;:&quot;&quot;,&quot;created_timestamp&quot;:&quot;1435434123&quot;,&quot;copyright&quot;:&quot;&quot;,&quot;focal_length&quot;:&quot;50&quot;,&quot;iso&quot;:&quot;320&quot;,&quot;shutter_speed&quot;:&quot;0.004&quot;,&quot;title&quot;:&quot;&quot;,&quot;orientation&quot;:&quot;1&quot;}\" data-image-title=\"J&amp;#038;J-20\" data-image-description=\"\" data-image-caption=\"\" data-large-file=\"https:\/\/i0.wp.com\/kirstengomez.es\/bodas\/wp-content\/uploads\/2016\/02\/jj-20.jpg?fit=700%2C467\" class=\"alignleft size-large wp-image-1861\" src=\"https:\/\/i0.wp.com\/kirstengomez.es\/bodas\/wp-content\/uploads\/2016\/02\/jj-20.jpg?resize=700%2C467\" alt=\"J&amp;J-20\" width=\"700\" height=\"467\" srcset=\"https:\/\/i0.wp.com\/kirstengomez.es\/bodas\/wp-content\/uploads\/2016\/02\/jj-20.jpg?w=700 700w, https:\/\/i0.wp.com\/kirstengomez.es\/bodas\/wp-content\/uploads\/2016\/02\/jj-20.jpg?resize=300%2C200 300w, https:\/\/i0.wp.com\/kirstengomez.es\/bodas\/wp-content\/uploads\/2016\/02\/jj-20.jpg?resize=500%2C334 500w\" sizes=\"auto, (max-width: 700px) 100vw, 700px\" \/> <img data-recalc-dims=\"1\" loading=\"lazy\" decoding=\"async\" data-attachment-id=\"1862\" data-permalink=\"http:\/\/kirstengomez.es\/bodas\/?attachment_id=1862\" data-orig-file=\"https:\/\/i0.wp.com\/kirstengomez.es\/bodas\/wp-content\/uploads\/2016\/02\/jj-21.jpg?fit=700%2C467\" data-orig-size=\"700,467\" data-comments-opened=\"1\" data-image-meta=\"{&quot;aperture&quot;:&quot;2.5&quot;,&quot;credit&quot;:&quot;Kirsten G\\u00f3mez&quot;,&quot;camera&quot;:&quot;Canon EOS 5D Mark III&quot;,&quot;caption&quot;:&quot;&quot;,&quot;created_timestamp&quot;:&quot;1435434286&quot;,&quot;copyright&quot;:&quot;&quot;,&quot;focal_length&quot;:&quot;50&quot;,&quot;iso&quot;:&quot;320&quot;,&quot;shutter_speed&quot;:&quot;0.003125&quot;,&quot;title&quot;:&quot;&quot;,&quot;orientation&quot;:&quot;1&quot;}\" data-image-title=\"J&amp;#038;J-21\" data-image-description=\"\" data-image-caption=\"\" data-large-file=\"https:\/\/i0.wp.com\/kirstengomez.es\/bodas\/wp-content\/uploads\/2016\/02\/jj-21.jpg?fit=700%2C467\" class=\"alignleft size-large wp-image-1862\" src=\"https:\/\/i0.wp.com\/kirstengomez.es\/bodas\/wp-content\/uploads\/2016\/02\/jj-21.jpg?resize=700%2C467\" alt=\"J&amp;J-21\" width=\"700\" height=\"467\" srcset=\"https:\/\/i0.wp.com\/kirstengomez.es\/bodas\/wp-content\/uploads\/2016\/02\/jj-21.jpg?w=700 700w, https:\/\/i0.wp.com\/kirstengomez.es\/bodas\/wp-content\/uploads\/2016\/02\/jj-21.jpg?resize=300%2C200 300w, https:\/\/i0.wp.com\/kirstengomez.es\/bodas\/wp-content\/uploads\/2016\/02\/jj-21.jpg?resize=500%2C334 500w\" sizes=\"auto, (max-width: 700px) 100vw, 700px\" \/> <img data-recalc-dims=\"1\" loading=\"lazy\" decoding=\"async\" data-attachment-id=\"1863\" data-permalink=\"http:\/\/kirstengomez.es\/bodas\/?attachment_id=1863\" data-orig-file=\"https:\/\/i0.wp.com\/kirstengomez.es\/bodas\/wp-content\/uploads\/2016\/02\/jj-22.jpg?fit=700%2C467\" data-orig-size=\"700,467\" data-comments-opened=\"1\" data-image-meta=\"{&quot;aperture&quot;:&quot;6.3&quot;,&quot;credit&quot;:&quot;Kirsten G\\u00f3mez&quot;,&quot;camera&quot;:&quot;Canon EOS 5D Mark II&quot;,&quot;caption&quot;:&quot;&quot;,&quot;created_timestamp&quot;:&quot;1435434629&quot;,&quot;copyright&quot;:&quot;&quot;,&quot;focal_length&quot;:&quot;24&quot;,&quot;iso&quot;:&quot;160&quot;,&quot;shutter_speed&quot;:&quot;0.008&quot;,&quot;title&quot;:&quot;&quot;,&quot;orientation&quot;:&quot;1&quot;}\" data-image-title=\"J&amp;#038;J-22\" data-image-description=\"\" data-image-caption=\"\" data-large-file=\"https:\/\/i0.wp.com\/kirstengomez.es\/bodas\/wp-content\/uploads\/2016\/02\/jj-22.jpg?fit=700%2C467\" class=\"alignleft size-large wp-image-1863\" src=\"https:\/\/i0.wp.com\/kirstengomez.es\/bodas\/wp-content\/uploads\/2016\/02\/jj-22.jpg?resize=700%2C467\" alt=\"J&amp;J-22\" width=\"700\" height=\"467\" srcset=\"https:\/\/i0.wp.com\/kirstengomez.es\/bodas\/wp-content\/uploads\/2016\/02\/jj-22.jpg?w=700 700w, https:\/\/i0.wp.com\/kirstengomez.es\/bodas\/wp-content\/uploads\/2016\/02\/jj-22.jpg?resize=300%2C200 300w, https:\/\/i0.wp.com\/kirstengomez.es\/bodas\/wp-content\/uploads\/2016\/02\/jj-22.jpg?resize=500%2C334 500w\" sizes=\"auto, (max-width: 700px) 100vw, 700px\" \/> <img data-recalc-dims=\"1\" loading=\"lazy\" decoding=\"async\" data-attachment-id=\"1864\" data-permalink=\"http:\/\/kirstengomez.es\/bodas\/?attachment_id=1864\" data-orig-file=\"https:\/\/i0.wp.com\/kirstengomez.es\/bodas\/wp-content\/uploads\/2016\/02\/jj-23.jpg?fit=700%2C467\" data-orig-size=\"700,467\" data-comments-opened=\"1\" data-image-meta=\"{&quot;aperture&quot;:&quot;5&quot;,&quot;credit&quot;:&quot;Kirsten G\\u00f3mez&quot;,&quot;camera&quot;:&quot;Canon EOS 5D Mark II&quot;,&quot;caption&quot;:&quot;&quot;,&quot;created_timestamp&quot;:&quot;1435434677&quot;,&quot;copyright&quot;:&quot;&quot;,&quot;focal_length&quot;:&quot;47&quot;,&quot;iso&quot;:&quot;160&quot;,&quot;shutter_speed&quot;:&quot;0.005&quot;,&quot;title&quot;:&quot;&quot;,&quot;orientation&quot;:&quot;1&quot;}\" data-image-title=\"J&amp;#038;J-23\" data-image-description=\"\" data-image-caption=\"\" data-large-file=\"https:\/\/i0.wp.com\/kirstengomez.es\/bodas\/wp-content\/uploads\/2016\/02\/jj-23.jpg?fit=700%2C467\" class=\"alignleft size-large wp-image-1864\" src=\"https:\/\/i0.wp.com\/kirstengomez.es\/bodas\/wp-content\/uploads\/2016\/02\/jj-23.jpg?resize=700%2C467\" alt=\"J&amp;J-23\" width=\"700\" height=\"467\" srcset=\"https:\/\/i0.wp.com\/kirstengomez.es\/bodas\/wp-content\/uploads\/2016\/02\/jj-23.jpg?w=700 700w, https:\/\/i0.wp.com\/kirstengomez.es\/bodas\/wp-content\/uploads\/2016\/02\/jj-23.jpg?resize=300%2C200 300w, https:\/\/i0.wp.com\/kirstengomez.es\/bodas\/wp-content\/uploads\/2016\/02\/jj-23.jpg?resize=500%2C334 500w\" sizes=\"auto, (max-width: 700px) 100vw, 700px\" \/> <img data-recalc-dims=\"1\" loading=\"lazy\" decoding=\"async\" data-attachment-id=\"1865\" data-permalink=\"http:\/\/kirstengomez.es\/bodas\/?attachment_id=1865\" data-orig-file=\"https:\/\/i0.wp.com\/kirstengomez.es\/bodas\/wp-content\/uploads\/2016\/02\/jj-24.jpg?fit=700%2C467\" data-orig-size=\"700,467\" data-comments-opened=\"1\" data-image-meta=\"{&quot;aperture&quot;:&quot;3.5&quot;,&quot;credit&quot;:&quot;Kirsten G\\u00f3mez&quot;,&quot;camera&quot;:&quot;Canon EOS 5D Mark II&quot;,&quot;caption&quot;:&quot;&quot;,&quot;created_timestamp&quot;:&quot;1435434912&quot;,&quot;copyright&quot;:&quot;&quot;,&quot;focal_length&quot;:&quot;45&quot;,&quot;iso&quot;:&quot;160&quot;,&quot;shutter_speed&quot;:&quot;0.004&quot;,&quot;title&quot;:&quot;&quot;,&quot;orientation&quot;:&quot;1&quot;}\" data-image-title=\"J&amp;#038;J-24\" data-image-description=\"\" data-image-caption=\"\" data-large-file=\"https:\/\/i0.wp.com\/kirstengomez.es\/bodas\/wp-content\/uploads\/2016\/02\/jj-24.jpg?fit=700%2C467\" class=\"alignleft size-large wp-image-1865\" src=\"https:\/\/i0.wp.com\/kirstengomez.es\/bodas\/wp-content\/uploads\/2016\/02\/jj-24.jpg?resize=700%2C467\" alt=\"J&amp;J-24\" width=\"700\" height=\"467\" srcset=\"https:\/\/i0.wp.com\/kirstengomez.es\/bodas\/wp-content\/uploads\/2016\/02\/jj-24.jpg?w=700 700w, https:\/\/i0.wp.com\/kirstengomez.es\/bodas\/wp-content\/uploads\/2016\/02\/jj-24.jpg?resize=300%2C200 300w, https:\/\/i0.wp.com\/kirstengomez.es\/bodas\/wp-content\/uploads\/2016\/02\/jj-24.jpg?resize=500%2C334 500w\" sizes=\"auto, (max-width: 700px) 100vw, 700px\" \/> <img data-recalc-dims=\"1\" loading=\"lazy\" decoding=\"async\" data-attachment-id=\"1866\" data-permalink=\"http:\/\/kirstengomez.es\/bodas\/?attachment_id=1866\" data-orig-file=\"https:\/\/i0.wp.com\/kirstengomez.es\/bodas\/wp-content\/uploads\/2016\/02\/jj-25.jpg?fit=700%2C467\" data-orig-size=\"700,467\" data-comments-opened=\"1\" data-image-meta=\"{&quot;aperture&quot;:&quot;3.2&quot;,&quot;credit&quot;:&quot;Kirsten G\\u00f3mez&quot;,&quot;camera&quot;:&quot;Canon EOS 5D Mark II&quot;,&quot;caption&quot;:&quot;&quot;,&quot;created_timestamp&quot;:&quot;1435435107&quot;,&quot;copyright&quot;:&quot;&quot;,&quot;focal_length&quot;:&quot;50&quot;,&quot;iso&quot;:&quot;160&quot;,&quot;shutter_speed&quot;:&quot;0.00625&quot;,&quot;title&quot;:&quot;&quot;,&quot;orientation&quot;:&quot;1&quot;}\" data-image-title=\"J&amp;#038;J-25\" data-image-description=\"\" data-image-caption=\"\" data-large-file=\"https:\/\/i0.wp.com\/kirstengomez.es\/bodas\/wp-content\/uploads\/2016\/02\/jj-25.jpg?fit=700%2C467\" class=\"alignleft size-large wp-image-1866\" src=\"https:\/\/i0.wp.com\/kirstengomez.es\/bodas\/wp-content\/uploads\/2016\/02\/jj-25.jpg?resize=700%2C467\" alt=\"J&amp;J-25\" width=\"700\" height=\"467\" srcset=\"https:\/\/i0.wp.com\/kirstengomez.es\/bodas\/wp-content\/uploads\/2016\/02\/jj-25.jpg?w=700 700w, https:\/\/i0.wp.com\/kirstengomez.es\/bodas\/wp-content\/uploads\/2016\/02\/jj-25.jpg?resize=300%2C200 300w, https:\/\/i0.wp.com\/kirstengomez.es\/bodas\/wp-content\/uploads\/2016\/02\/jj-25.jpg?resize=500%2C334 500w\" sizes=\"auto, (max-width: 700px) 100vw, 700px\" \/> <img data-recalc-dims=\"1\" loading=\"lazy\" decoding=\"async\" data-attachment-id=\"1867\" data-permalink=\"http:\/\/kirstengomez.es\/bodas\/?attachment_id=1867\" data-orig-file=\"https:\/\/i0.wp.com\/kirstengomez.es\/bodas\/wp-content\/uploads\/2016\/02\/jj-26.jpg?fit=700%2C467\" data-orig-size=\"700,467\" data-comments-opened=\"1\" data-image-meta=\"{&quot;aperture&quot;:&quot;3.5&quot;,&quot;credit&quot;:&quot;Kirsten G\\u00f3mez&quot;,&quot;camera&quot;:&quot;Canon EOS 5D Mark II&quot;,&quot;caption&quot;:&quot;&quot;,&quot;created_timestamp&quot;:&quot;1435435216&quot;,&quot;copyright&quot;:&quot;&quot;,&quot;focal_length&quot;:&quot;70&quot;,&quot;iso&quot;:&quot;160&quot;,&quot;shutter_speed&quot;:&quot;0.00625&quot;,&quot;title&quot;:&quot;&quot;,&quot;orientation&quot;:&quot;1&quot;}\" data-image-title=\"J&amp;#038;J-26\" data-image-description=\"\" data-image-caption=\"\" data-large-file=\"https:\/\/i0.wp.com\/kirstengomez.es\/bodas\/wp-content\/uploads\/2016\/02\/jj-26.jpg?fit=700%2C467\" class=\"alignleft size-large wp-image-1867\" src=\"https:\/\/i0.wp.com\/kirstengomez.es\/bodas\/wp-content\/uploads\/2016\/02\/jj-26.jpg?resize=700%2C467\" alt=\"J&amp;J-26\" width=\"700\" height=\"467\" srcset=\"https:\/\/i0.wp.com\/kirstengomez.es\/bodas\/wp-content\/uploads\/2016\/02\/jj-26.jpg?w=700 700w, https:\/\/i0.wp.com\/kirstengomez.es\/bodas\/wp-content\/uploads\/2016\/02\/jj-26.jpg?resize=300%2C200 300w, https:\/\/i0.wp.com\/kirstengomez.es\/bodas\/wp-content\/uploads\/2016\/02\/jj-26.jpg?resize=500%2C334 500w\" sizes=\"auto, (max-width: 700px) 100vw, 700px\" \/> <img data-recalc-dims=\"1\" loading=\"lazy\" decoding=\"async\" data-attachment-id=\"1868\" data-permalink=\"http:\/\/kirstengomez.es\/bodas\/?attachment_id=1868\" data-orig-file=\"https:\/\/i0.wp.com\/kirstengomez.es\/bodas\/wp-content\/uploads\/2016\/02\/jj-27.jpg?fit=700%2C467\" data-orig-size=\"700,467\" data-comments-opened=\"1\" data-image-meta=\"{&quot;aperture&quot;:&quot;3.5&quot;,&quot;credit&quot;:&quot;Kirsten G\\u00f3mez&quot;,&quot;camera&quot;:&quot;Canon EOS 5D Mark II&quot;,&quot;caption&quot;:&quot;&quot;,&quot;created_timestamp&quot;:&quot;1435435236&quot;,&quot;copyright&quot;:&quot;&quot;,&quot;focal_length&quot;:&quot;55&quot;,&quot;iso&quot;:&quot;160&quot;,&quot;shutter_speed&quot;:&quot;0.00625&quot;,&quot;title&quot;:&quot;&quot;,&quot;orientation&quot;:&quot;1&quot;}\" data-image-title=\"J&amp;#038;J-27\" data-image-description=\"\" data-image-caption=\"\" data-large-file=\"https:\/\/i0.wp.com\/kirstengomez.es\/bodas\/wp-content\/uploads\/2016\/02\/jj-27.jpg?fit=700%2C467\" class=\"alignleft size-large wp-image-1868\" src=\"https:\/\/i0.wp.com\/kirstengomez.es\/bodas\/wp-content\/uploads\/2016\/02\/jj-27.jpg?resize=700%2C467\" alt=\"J&amp;J-27\" width=\"700\" height=\"467\" srcset=\"https:\/\/i0.wp.com\/kirstengomez.es\/bodas\/wp-content\/uploads\/2016\/02\/jj-27.jpg?w=700 700w, https:\/\/i0.wp.com\/kirstengomez.es\/bodas\/wp-content\/uploads\/2016\/02\/jj-27.jpg?resize=300%2C200 300w, https:\/\/i0.wp.com\/kirstengomez.es\/bodas\/wp-content\/uploads\/2016\/02\/jj-27.jpg?resize=500%2C334 500w\" sizes=\"auto, (max-width: 700px) 100vw, 700px\" \/> <img data-recalc-dims=\"1\" loading=\"lazy\" decoding=\"async\" data-attachment-id=\"1869\" data-permalink=\"http:\/\/kirstengomez.es\/bodas\/?attachment_id=1869\" data-orig-file=\"https:\/\/i0.wp.com\/kirstengomez.es\/bodas\/wp-content\/uploads\/2016\/02\/jj-28.jpg?fit=700%2C467\" data-orig-size=\"700,467\" data-comments-opened=\"1\" data-image-meta=\"{&quot;aperture&quot;:&quot;3.5&quot;,&quot;credit&quot;:&quot;Kirsten G\\u00f3mez&quot;,&quot;camera&quot;:&quot;Canon EOS 5D Mark III&quot;,&quot;caption&quot;:&quot;&quot;,&quot;created_timestamp&quot;:&quot;1435435262&quot;,&quot;copyright&quot;:&quot;&quot;,&quot;focal_length&quot;:&quot;50&quot;,&quot;iso&quot;:&quot;320&quot;,&quot;shutter_speed&quot;:&quot;0.005&quot;,&quot;title&quot;:&quot;&quot;,&quot;orientation&quot;:&quot;1&quot;}\" data-image-title=\"J&amp;#038;J-28\" data-image-description=\"\" data-image-caption=\"\" data-large-file=\"https:\/\/i0.wp.com\/kirstengomez.es\/bodas\/wp-content\/uploads\/2016\/02\/jj-28.jpg?fit=700%2C467\" class=\"alignleft size-large wp-image-1869\" src=\"https:\/\/i0.wp.com\/kirstengomez.es\/bodas\/wp-content\/uploads\/2016\/02\/jj-28.jpg?resize=700%2C467\" alt=\"J&amp;J-28\" width=\"700\" height=\"467\" srcset=\"https:\/\/i0.wp.com\/kirstengomez.es\/bodas\/wp-content\/uploads\/2016\/02\/jj-28.jpg?w=700 700w, https:\/\/i0.wp.com\/kirstengomez.es\/bodas\/wp-content\/uploads\/2016\/02\/jj-28.jpg?resize=300%2C200 300w, https:\/\/i0.wp.com\/kirstengomez.es\/bodas\/wp-content\/uploads\/2016\/02\/jj-28.jpg?resize=500%2C334 500w\" sizes=\"auto, (max-width: 700px) 100vw, 700px\" \/> <img data-recalc-dims=\"1\" loading=\"lazy\" decoding=\"async\" data-attachment-id=\"1870\" data-permalink=\"http:\/\/kirstengomez.es\/bodas\/?attachment_id=1870\" data-orig-file=\"https:\/\/i0.wp.com\/kirstengomez.es\/bodas\/wp-content\/uploads\/2016\/02\/jj-29.jpg?fit=700%2C467\" data-orig-size=\"700,467\" data-comments-opened=\"1\" data-image-meta=\"{&quot;aperture&quot;:&quot;4.5&quot;,&quot;credit&quot;:&quot;Kirsten G\\u00f3mez&quot;,&quot;camera&quot;:&quot;Canon EOS 5D Mark II&quot;,&quot;caption&quot;:&quot;&quot;,&quot;created_timestamp&quot;:&quot;1435435358&quot;,&quot;copyright&quot;:&quot;&quot;,&quot;focal_length&quot;:&quot;39&quot;,&quot;iso&quot;:&quot;160&quot;,&quot;shutter_speed&quot;:&quot;0.00625&quot;,&quot;title&quot;:&quot;&quot;,&quot;orientation&quot;:&quot;1&quot;}\" data-image-title=\"J&amp;#038;J-29\" data-image-description=\"\" data-image-caption=\"\" data-large-file=\"https:\/\/i0.wp.com\/kirstengomez.es\/bodas\/wp-content\/uploads\/2016\/02\/jj-29.jpg?fit=700%2C467\" class=\"alignleft size-large wp-image-1870\" src=\"https:\/\/i0.wp.com\/kirstengomez.es\/bodas\/wp-content\/uploads\/2016\/02\/jj-29.jpg?resize=700%2C467\" alt=\"J&amp;J-29\" width=\"700\" height=\"467\" srcset=\"https:\/\/i0.wp.com\/kirstengomez.es\/bodas\/wp-content\/uploads\/2016\/02\/jj-29.jpg?w=700 700w, https:\/\/i0.wp.com\/kirstengomez.es\/bodas\/wp-content\/uploads\/2016\/02\/jj-29.jpg?resize=300%2C200 300w, https:\/\/i0.wp.com\/kirstengomez.es\/bodas\/wp-content\/uploads\/2016\/02\/jj-29.jpg?resize=500%2C334 500w\" sizes=\"auto, (max-width: 700px) 100vw, 700px\" \/> <img data-recalc-dims=\"1\" loading=\"lazy\" decoding=\"async\" data-attachment-id=\"1871\" data-permalink=\"http:\/\/kirstengomez.es\/bodas\/?attachment_id=1871\" data-orig-file=\"https:\/\/i0.wp.com\/kirstengomez.es\/bodas\/wp-content\/uploads\/2016\/02\/jj-30.jpg?fit=700%2C467\" data-orig-size=\"700,467\" data-comments-opened=\"1\" data-image-meta=\"{&quot;aperture&quot;:&quot;3.2&quot;,&quot;credit&quot;:&quot;Kirsten G\\u00f3mez&quot;,&quot;camera&quot;:&quot;Canon EOS 5D Mark III&quot;,&quot;caption&quot;:&quot;&quot;,&quot;created_timestamp&quot;:&quot;1435435485&quot;,&quot;copyright&quot;:&quot;&quot;,&quot;focal_length&quot;:&quot;50&quot;,&quot;iso&quot;:&quot;400&quot;,&quot;shutter_speed&quot;:&quot;0.004&quot;,&quot;title&quot;:&quot;&quot;,&quot;orientation&quot;:&quot;1&quot;}\" data-image-title=\"J&amp;#038;J-30\" data-image-description=\"\" data-image-caption=\"\" data-large-file=\"https:\/\/i0.wp.com\/kirstengomez.es\/bodas\/wp-content\/uploads\/2016\/02\/jj-30.jpg?fit=700%2C467\" class=\"alignleft size-large wp-image-1871\" src=\"https:\/\/i0.wp.com\/kirstengomez.es\/bodas\/wp-content\/uploads\/2016\/02\/jj-30.jpg?resize=700%2C467\" alt=\"J&amp;J-30\" width=\"700\" height=\"467\" srcset=\"https:\/\/i0.wp.com\/kirstengomez.es\/bodas\/wp-content\/uploads\/2016\/02\/jj-30.jpg?w=700 700w, https:\/\/i0.wp.com\/kirstengomez.es\/bodas\/wp-content\/uploads\/2016\/02\/jj-30.jpg?resize=300%2C200 300w, https:\/\/i0.wp.com\/kirstengomez.es\/bodas\/wp-content\/uploads\/2016\/02\/jj-30.jpg?resize=500%2C334 500w\" sizes=\"auto, (max-width: 700px) 100vw, 700px\" \/> <img data-recalc-dims=\"1\" loading=\"lazy\" decoding=\"async\" data-attachment-id=\"1872\" data-permalink=\"http:\/\/kirstengomez.es\/bodas\/?attachment_id=1872\" data-orig-file=\"https:\/\/i0.wp.com\/kirstengomez.es\/bodas\/wp-content\/uploads\/2016\/02\/jj-31.jpg?fit=700%2C467\" data-orig-size=\"700,467\" data-comments-opened=\"1\" data-image-meta=\"{&quot;aperture&quot;:&quot;3.5&quot;,&quot;credit&quot;:&quot;Kirsten G\\u00f3mez&quot;,&quot;camera&quot;:&quot;Canon EOS 5D Mark III&quot;,&quot;caption&quot;:&quot;&quot;,&quot;created_timestamp&quot;:&quot;1435435626&quot;,&quot;copyright&quot;:&quot;&quot;,&quot;focal_length&quot;:&quot;50&quot;,&quot;iso&quot;:&quot;400&quot;,&quot;shutter_speed&quot;:&quot;0.004&quot;,&quot;title&quot;:&quot;&quot;,&quot;orientation&quot;:&quot;1&quot;}\" data-image-title=\"J&amp;#038;J-31\" data-image-description=\"\" data-image-caption=\"\" data-large-file=\"https:\/\/i0.wp.com\/kirstengomez.es\/bodas\/wp-content\/uploads\/2016\/02\/jj-31.jpg?fit=700%2C467\" class=\"alignleft size-large wp-image-1872\" src=\"https:\/\/i0.wp.com\/kirstengomez.es\/bodas\/wp-content\/uploads\/2016\/02\/jj-31.jpg?resize=700%2C467\" alt=\"J&amp;J-31\" width=\"700\" height=\"467\" srcset=\"https:\/\/i0.wp.com\/kirstengomez.es\/bodas\/wp-content\/uploads\/2016\/02\/jj-31.jpg?w=700 700w, https:\/\/i0.wp.com\/kirstengomez.es\/bodas\/wp-content\/uploads\/2016\/02\/jj-31.jpg?resize=300%2C200 300w, https:\/\/i0.wp.com\/kirstengomez.es\/bodas\/wp-content\/uploads\/2016\/02\/jj-31.jpg?resize=500%2C334 500w\" sizes=\"auto, (max-width: 700px) 100vw, 700px\" \/> <img data-recalc-dims=\"1\" loading=\"lazy\" decoding=\"async\" data-attachment-id=\"1873\" data-permalink=\"http:\/\/kirstengomez.es\/bodas\/?attachment_id=1873\" data-orig-file=\"https:\/\/i0.wp.com\/kirstengomez.es\/bodas\/wp-content\/uploads\/2016\/02\/jj-32.jpg?fit=700%2C467\" data-orig-size=\"700,467\" data-comments-opened=\"1\" data-image-meta=\"{&quot;aperture&quot;:&quot;3.5&quot;,&quot;credit&quot;:&quot;Kirsten G\\u00f3mez&quot;,&quot;camera&quot;:&quot;Canon EOS 5D Mark III&quot;,&quot;caption&quot;:&quot;&quot;,&quot;created_timestamp&quot;:&quot;1435435632&quot;,&quot;copyright&quot;:&quot;&quot;,&quot;focal_length&quot;:&quot;50&quot;,&quot;iso&quot;:&quot;400&quot;,&quot;shutter_speed&quot;:&quot;0.004&quot;,&quot;title&quot;:&quot;&quot;,&quot;orientation&quot;:&quot;1&quot;}\" data-image-title=\"J&amp;#038;J-32\" data-image-description=\"\" data-image-caption=\"\" data-large-file=\"https:\/\/i0.wp.com\/kirstengomez.es\/bodas\/wp-content\/uploads\/2016\/02\/jj-32.jpg?fit=700%2C467\" class=\"alignleft size-large wp-image-1873\" src=\"https:\/\/i0.wp.com\/kirstengomez.es\/bodas\/wp-content\/uploads\/2016\/02\/jj-32.jpg?resize=700%2C467\" alt=\"J&amp;J-32\" width=\"700\" height=\"467\" srcset=\"https:\/\/i0.wp.com\/kirstengomez.es\/bodas\/wp-content\/uploads\/2016\/02\/jj-32.jpg?w=700 700w, https:\/\/i0.wp.com\/kirstengomez.es\/bodas\/wp-content\/uploads\/2016\/02\/jj-32.jpg?resize=300%2C200 300w, https:\/\/i0.wp.com\/kirstengomez.es\/bodas\/wp-content\/uploads\/2016\/02\/jj-32.jpg?resize=500%2C334 500w\" sizes=\"auto, (max-width: 700px) 100vw, 700px\" \/> <img data-recalc-dims=\"1\" loading=\"lazy\" decoding=\"async\" data-attachment-id=\"1874\" data-permalink=\"http:\/\/kirstengomez.es\/bodas\/?attachment_id=1874\" data-orig-file=\"https:\/\/i0.wp.com\/kirstengomez.es\/bodas\/wp-content\/uploads\/2016\/02\/jj-33.jpg?fit=700%2C467\" data-orig-size=\"700,467\" data-comments-opened=\"1\" data-image-meta=\"{&quot;aperture&quot;:&quot;3.5&quot;,&quot;credit&quot;:&quot;Kirsten G\\u00f3mez&quot;,&quot;camera&quot;:&quot;Canon EOS 5D Mark III&quot;,&quot;caption&quot;:&quot;&quot;,&quot;created_timestamp&quot;:&quot;1435435637&quot;,&quot;copyright&quot;:&quot;&quot;,&quot;focal_length&quot;:&quot;50&quot;,&quot;iso&quot;:&quot;400&quot;,&quot;shutter_speed&quot;:&quot;0.004&quot;,&quot;title&quot;:&quot;&quot;,&quot;orientation&quot;:&quot;1&quot;}\" data-image-title=\"J&amp;#038;J-33\" data-image-description=\"\" data-image-caption=\"\" data-large-file=\"https:\/\/i0.wp.com\/kirstengomez.es\/bodas\/wp-content\/uploads\/2016\/02\/jj-33.jpg?fit=700%2C467\" class=\"alignleft size-large wp-image-1874\" src=\"https:\/\/i0.wp.com\/kirstengomez.es\/bodas\/wp-content\/uploads\/2016\/02\/jj-33.jpg?resize=700%2C467\" alt=\"J&amp;J-33\" width=\"700\" height=\"467\" srcset=\"https:\/\/i0.wp.com\/kirstengomez.es\/bodas\/wp-content\/uploads\/2016\/02\/jj-33.jpg?w=700 700w, https:\/\/i0.wp.com\/kirstengomez.es\/bodas\/wp-content\/uploads\/2016\/02\/jj-33.jpg?resize=300%2C200 300w, https:\/\/i0.wp.com\/kirstengomez.es\/bodas\/wp-content\/uploads\/2016\/02\/jj-33.jpg?resize=500%2C334 500w\" sizes=\"auto, (max-width: 700px) 100vw, 700px\" \/> <img data-recalc-dims=\"1\" loading=\"lazy\" decoding=\"async\" data-attachment-id=\"1875\" data-permalink=\"http:\/\/kirstengomez.es\/bodas\/?attachment_id=1875\" data-orig-file=\"https:\/\/i0.wp.com\/kirstengomez.es\/bodas\/wp-content\/uploads\/2016\/02\/jj-34.jpg?fit=700%2C467\" data-orig-size=\"700,467\" data-comments-opened=\"1\" data-image-meta=\"{&quot;aperture&quot;:&quot;3.5&quot;,&quot;credit&quot;:&quot;Kirsten G\\u00f3mez&quot;,&quot;camera&quot;:&quot;Canon EOS 5D Mark III&quot;,&quot;caption&quot;:&quot;&quot;,&quot;created_timestamp&quot;:&quot;1435435696&quot;,&quot;copyright&quot;:&quot;&quot;,&quot;focal_length&quot;:&quot;50&quot;,&quot;iso&quot;:&quot;400&quot;,&quot;shutter_speed&quot;:&quot;0.004&quot;,&quot;title&quot;:&quot;&quot;,&quot;orientation&quot;:&quot;1&quot;}\" data-image-title=\"J&amp;#038;J-34\" data-image-description=\"\" data-image-caption=\"\" data-large-file=\"https:\/\/i0.wp.com\/kirstengomez.es\/bodas\/wp-content\/uploads\/2016\/02\/jj-34.jpg?fit=700%2C467\" class=\"alignleft size-large wp-image-1875\" src=\"https:\/\/i0.wp.com\/kirstengomez.es\/bodas\/wp-content\/uploads\/2016\/02\/jj-34.jpg?resize=700%2C467\" alt=\"J&amp;J-34\" width=\"700\" height=\"467\" srcset=\"https:\/\/i0.wp.com\/kirstengomez.es\/bodas\/wp-content\/uploads\/2016\/02\/jj-34.jpg?w=700 700w, https:\/\/i0.wp.com\/kirstengomez.es\/bodas\/wp-content\/uploads\/2016\/02\/jj-34.jpg?resize=300%2C200 300w, https:\/\/i0.wp.com\/kirstengomez.es\/bodas\/wp-content\/uploads\/2016\/02\/jj-34.jpg?resize=500%2C334 500w\" sizes=\"auto, (max-width: 700px) 100vw, 700px\" \/> <img data-recalc-dims=\"1\" loading=\"lazy\" decoding=\"async\" data-attachment-id=\"1876\" data-permalink=\"http:\/\/kirstengomez.es\/bodas\/?attachment_id=1876\" data-orig-file=\"https:\/\/i0.wp.com\/kirstengomez.es\/bodas\/wp-content\/uploads\/2016\/02\/jj-35.jpg?fit=700%2C467\" data-orig-size=\"700,467\" data-comments-opened=\"1\" data-image-meta=\"{&quot;aperture&quot;:&quot;3.2&quot;,&quot;credit&quot;:&quot;Kirsten G\\u00f3mez&quot;,&quot;camera&quot;:&quot;Canon EOS 5D Mark III&quot;,&quot;caption&quot;:&quot;&quot;,&quot;created_timestamp&quot;:&quot;1435435851&quot;,&quot;copyright&quot;:&quot;&quot;,&quot;focal_length&quot;:&quot;50&quot;,&quot;iso&quot;:&quot;400&quot;,&quot;shutter_speed&quot;:&quot;0.004&quot;,&quot;title&quot;:&quot;&quot;,&quot;orientation&quot;:&quot;1&quot;}\" data-image-title=\"J&amp;#038;J-35\" data-image-description=\"\" data-image-caption=\"\" data-large-file=\"https:\/\/i0.wp.com\/kirstengomez.es\/bodas\/wp-content\/uploads\/2016\/02\/jj-35.jpg?fit=700%2C467\" class=\"alignleft size-large wp-image-1876\" src=\"https:\/\/i0.wp.com\/kirstengomez.es\/bodas\/wp-content\/uploads\/2016\/02\/jj-35.jpg?resize=700%2C467\" alt=\"J&amp;J-35\" width=\"700\" height=\"467\" srcset=\"https:\/\/i0.wp.com\/kirstengomez.es\/bodas\/wp-content\/uploads\/2016\/02\/jj-35.jpg?w=700 700w, https:\/\/i0.wp.com\/kirstengomez.es\/bodas\/wp-content\/uploads\/2016\/02\/jj-35.jpg?resize=300%2C200 300w, https:\/\/i0.wp.com\/kirstengomez.es\/bodas\/wp-content\/uploads\/2016\/02\/jj-35.jpg?resize=500%2C334 500w\" sizes=\"auto, (max-width: 700px) 100vw, 700px\" \/> <img data-recalc-dims=\"1\" loading=\"lazy\" decoding=\"async\" data-attachment-id=\"1877\" data-permalink=\"http:\/\/kirstengomez.es\/bodas\/?attachment_id=1877\" data-orig-file=\"https:\/\/i0.wp.com\/kirstengomez.es\/bodas\/wp-content\/uploads\/2016\/02\/jj-36.jpg?fit=700%2C467\" data-orig-size=\"700,467\" data-comments-opened=\"1\" data-image-meta=\"{&quot;aperture&quot;:&quot;2.8&quot;,&quot;credit&quot;:&quot;Kirsten G\\u00f3mez&quot;,&quot;camera&quot;:&quot;Canon EOS 5D Mark III&quot;,&quot;caption&quot;:&quot;&quot;,&quot;created_timestamp&quot;:&quot;1435437142&quot;,&quot;copyright&quot;:&quot;&quot;,&quot;focal_length&quot;:&quot;50&quot;,&quot;iso&quot;:&quot;400&quot;,&quot;shutter_speed&quot;:&quot;0.008&quot;,&quot;title&quot;:&quot;&quot;,&quot;orientation&quot;:&quot;1&quot;}\" data-image-title=\"J&amp;#038;J-36\" data-image-description=\"\" data-image-caption=\"\" data-large-file=\"https:\/\/i0.wp.com\/kirstengomez.es\/bodas\/wp-content\/uploads\/2016\/02\/jj-36.jpg?fit=700%2C467\" class=\"alignleft size-large wp-image-1877\" src=\"https:\/\/i0.wp.com\/kirstengomez.es\/bodas\/wp-content\/uploads\/2016\/02\/jj-36.jpg?resize=700%2C467\" alt=\"J&amp;J-36\" width=\"700\" height=\"467\" srcset=\"https:\/\/i0.wp.com\/kirstengomez.es\/bodas\/wp-content\/uploads\/2016\/02\/jj-36.jpg?w=700 700w, https:\/\/i0.wp.com\/kirstengomez.es\/bodas\/wp-content\/uploads\/2016\/02\/jj-36.jpg?resize=300%2C200 300w, https:\/\/i0.wp.com\/kirstengomez.es\/bodas\/wp-content\/uploads\/2016\/02\/jj-36.jpg?resize=500%2C334 500w\" sizes=\"auto, (max-width: 700px) 100vw, 700px\" \/> <img data-recalc-dims=\"1\" loading=\"lazy\" decoding=\"async\" data-attachment-id=\"1878\" data-permalink=\"http:\/\/kirstengomez.es\/bodas\/?attachment_id=1878\" data-orig-file=\"https:\/\/i0.wp.com\/kirstengomez.es\/bodas\/wp-content\/uploads\/2016\/02\/jj-37.jpg?fit=700%2C467\" data-orig-size=\"700,467\" data-comments-opened=\"1\" data-image-meta=\"{&quot;aperture&quot;:&quot;3.2&quot;,&quot;credit&quot;:&quot;Kirsten G\\u00f3mez&quot;,&quot;camera&quot;:&quot;Canon EOS 5D Mark III&quot;,&quot;caption&quot;:&quot;&quot;,&quot;created_timestamp&quot;:&quot;1435437686&quot;,&quot;copyright&quot;:&quot;&quot;,&quot;focal_length&quot;:&quot;50&quot;,&quot;iso&quot;:&quot;250&quot;,&quot;shutter_speed&quot;:&quot;0.008&quot;,&quot;title&quot;:&quot;&quot;,&quot;orientation&quot;:&quot;1&quot;}\" data-image-title=\"J&amp;#038;J-37\" data-image-description=\"\" data-image-caption=\"\" data-large-file=\"https:\/\/i0.wp.com\/kirstengomez.es\/bodas\/wp-content\/uploads\/2016\/02\/jj-37.jpg?fit=700%2C467\" class=\"alignleft size-large wp-image-1878\" src=\"https:\/\/i0.wp.com\/kirstengomez.es\/bodas\/wp-content\/uploads\/2016\/02\/jj-37.jpg?resize=700%2C467\" alt=\"J&amp;J-37\" width=\"700\" height=\"467\" srcset=\"https:\/\/i0.wp.com\/kirstengomez.es\/bodas\/wp-content\/uploads\/2016\/02\/jj-37.jpg?w=700 700w, https:\/\/i0.wp.com\/kirstengomez.es\/bodas\/wp-content\/uploads\/2016\/02\/jj-37.jpg?resize=300%2C200 300w, https:\/\/i0.wp.com\/kirstengomez.es\/bodas\/wp-content\/uploads\/2016\/02\/jj-37.jpg?resize=500%2C334 500w\" sizes=\"auto, (max-width: 700px) 100vw, 700px\" \/><br \/>\n<img data-recalc-dims=\"1\" loading=\"lazy\" decoding=\"async\" data-attachment-id=\"1879\" data-permalink=\"http:\/\/kirstengomez.es\/bodas\/?attachment_id=1879\" data-orig-file=\"https:\/\/i0.wp.com\/kirstengomez.es\/bodas\/wp-content\/uploads\/2016\/02\/jj-38.jpg?fit=700%2C467\" data-orig-size=\"700,467\" data-comments-opened=\"1\" data-image-meta=\"{&quot;aperture&quot;:&quot;3.5&quot;,&quot;credit&quot;:&quot;Kirsten G\\u00f3mez&quot;,&quot;camera&quot;:&quot;Canon EOS 5D Mark III&quot;,&quot;caption&quot;:&quot;&quot;,&quot;created_timestamp&quot;:&quot;1435438003&quot;,&quot;copyright&quot;:&quot;&quot;,&quot;focal_length&quot;:&quot;50&quot;,&quot;iso&quot;:&quot;250&quot;,&quot;shutter_speed&quot;:&quot;0.008&quot;,&quot;title&quot;:&quot;&quot;,&quot;orientation&quot;:&quot;1&quot;}\" data-image-title=\"J&amp;#038;J-38\" data-image-description=\"\" data-image-caption=\"\" data-large-file=\"https:\/\/i0.wp.com\/kirstengomez.es\/bodas\/wp-content\/uploads\/2016\/02\/jj-38.jpg?fit=700%2C467\" class=\"alignleft size-large wp-image-1879\" src=\"https:\/\/i0.wp.com\/kirstengomez.es\/bodas\/wp-content\/uploads\/2016\/02\/jj-38.jpg?resize=700%2C467\" alt=\"J&amp;J-38\" width=\"700\" height=\"467\" srcset=\"https:\/\/i0.wp.com\/kirstengomez.es\/bodas\/wp-content\/uploads\/2016\/02\/jj-38.jpg?w=700 700w, https:\/\/i0.wp.com\/kirstengomez.es\/bodas\/wp-content\/uploads\/2016\/02\/jj-38.jpg?resize=300%2C200 300w, https:\/\/i0.wp.com\/kirstengomez.es\/bodas\/wp-content\/uploads\/2016\/02\/jj-38.jpg?resize=500%2C334 500w\" sizes=\"auto, (max-width: 700px) 100vw, 700px\" \/><br \/>\n<img data-recalc-dims=\"1\" loading=\"lazy\" decoding=\"async\" data-attachment-id=\"1896\" data-permalink=\"http:\/\/kirstengomez.es\/bodas\/?attachment_id=1896\" data-orig-file=\"https:\/\/i0.wp.com\/kirstengomez.es\/bodas\/wp-content\/uploads\/2016\/02\/jj03.png?fit=700%2C509\" data-orig-size=\"700,509\" data-comments-opened=\"1\" data-image-meta=\"{&quot;aperture&quot;:&quot;0&quot;,&quot;credit&quot;:&quot;&quot;,&quot;camera&quot;:&quot;&quot;,&quot;caption&quot;:&quot;&quot;,&quot;created_timestamp&quot;:&quot;0&quot;,&quot;copyright&quot;:&quot;&quot;,&quot;focal_length&quot;:&quot;0&quot;,&quot;iso&quot;:&quot;0&quot;,&quot;shutter_speed&quot;:&quot;0&quot;,&quot;title&quot;:&quot;&quot;,&quot;orientation&quot;:&quot;0&quot;}\" data-image-title=\"J&amp;#038;J03\" data-image-description=\"\" data-image-caption=\"\" data-large-file=\"https:\/\/i0.wp.com\/kirstengomez.es\/bodas\/wp-content\/uploads\/2016\/02\/jj03.png?fit=700%2C509\" class=\"alignleft size-large wp-image-1896\" src=\"https:\/\/i0.wp.com\/kirstengomez.es\/bodas\/wp-content\/uploads\/2016\/02\/jj03.png?resize=700%2C509\" alt=\"J&amp;J03\" width=\"700\" height=\"509\" srcset=\"https:\/\/i0.wp.com\/kirstengomez.es\/bodas\/wp-content\/uploads\/2016\/02\/jj03.png?w=700 700w, https:\/\/i0.wp.com\/kirstengomez.es\/bodas\/wp-content\/uploads\/2016\/02\/jj03.png?resize=300%2C218 300w, https:\/\/i0.wp.com\/kirstengomez.es\/bodas\/wp-content\/uploads\/2016\/02\/jj03.png?resize=500%2C364 500w\" sizes=\"auto, (max-width: 700px) 100vw, 700px\" \/><br \/>\n<img data-recalc-dims=\"1\" loading=\"lazy\" decoding=\"async\" data-attachment-id=\"1880\" data-permalink=\"http:\/\/kirstengomez.es\/bodas\/?attachment_id=1880\" data-orig-file=\"https:\/\/i0.wp.com\/kirstengomez.es\/bodas\/wp-content\/uploads\/2016\/02\/jj-39.jpg?fit=700%2C467\" data-orig-size=\"700,467\" data-comments-opened=\"1\" data-image-meta=\"{&quot;aperture&quot;:&quot;3.2&quot;,&quot;credit&quot;:&quot;Kirsten G\\u00f3mez&quot;,&quot;camera&quot;:&quot;Canon EOS 5D Mark III&quot;,&quot;caption&quot;:&quot;&quot;,&quot;created_timestamp&quot;:&quot;1435438241&quot;,&quot;copyright&quot;:&quot;&quot;,&quot;focal_length&quot;:&quot;50&quot;,&quot;iso&quot;:&quot;400&quot;,&quot;shutter_speed&quot;:&quot;0.008&quot;,&quot;title&quot;:&quot;&quot;,&quot;orientation&quot;:&quot;1&quot;}\" data-image-title=\"J&amp;#038;J-39\" data-image-description=\"\" data-image-caption=\"\" data-large-file=\"https:\/\/i0.wp.com\/kirstengomez.es\/bodas\/wp-content\/uploads\/2016\/02\/jj-39.jpg?fit=700%2C467\" class=\"alignleft size-large wp-image-1880\" src=\"https:\/\/i0.wp.com\/kirstengomez.es\/bodas\/wp-content\/uploads\/2016\/02\/jj-39.jpg?resize=700%2C467\" alt=\"J&amp;J-39\" width=\"700\" height=\"467\" srcset=\"https:\/\/i0.wp.com\/kirstengomez.es\/bodas\/wp-content\/uploads\/2016\/02\/jj-39.jpg?w=700 700w, https:\/\/i0.wp.com\/kirstengomez.es\/bodas\/wp-content\/uploads\/2016\/02\/jj-39.jpg?resize=300%2C200 300w, https:\/\/i0.wp.com\/kirstengomez.es\/bodas\/wp-content\/uploads\/2016\/02\/jj-39.jpg?resize=500%2C334 500w\" sizes=\"auto, (max-width: 700px) 100vw, 700px\" \/><br \/>\n<img data-recalc-dims=\"1\" loading=\"lazy\" decoding=\"async\" data-attachment-id=\"1896\" data-permalink=\"http:\/\/kirstengomez.es\/bodas\/?attachment_id=1896\" data-orig-file=\"https:\/\/i0.wp.com\/kirstengomez.es\/bodas\/wp-content\/uploads\/2016\/02\/jj03.png?fit=700%2C509\" data-orig-size=\"700,509\" data-comments-opened=\"1\" data-image-meta=\"{&quot;aperture&quot;:&quot;0&quot;,&quot;credit&quot;:&quot;&quot;,&quot;camera&quot;:&quot;&quot;,&quot;caption&quot;:&quot;&quot;,&quot;created_timestamp&quot;:&quot;0&quot;,&quot;copyright&quot;:&quot;&quot;,&quot;focal_length&quot;:&quot;0&quot;,&quot;iso&quot;:&quot;0&quot;,&quot;shutter_speed&quot;:&quot;0&quot;,&quot;title&quot;:&quot;&quot;,&quot;orientation&quot;:&quot;0&quot;}\" data-image-title=\"J&amp;#038;J03\" data-image-description=\"\" data-image-caption=\"\" data-large-file=\"https:\/\/i0.wp.com\/kirstengomez.es\/bodas\/wp-content\/uploads\/2016\/02\/jj03.png?fit=700%2C509\" class=\"alignleft size-large wp-image-1896\" src=\"https:\/\/i0.wp.com\/kirstengomez.es\/bodas\/wp-content\/uploads\/2016\/02\/jj04.png?resize=700%2C509\" alt=\"J&amp;J04\" width=\"700\" height=\"509\" \/><br \/>\n<img data-recalc-dims=\"1\" loading=\"lazy\" decoding=\"async\" data-attachment-id=\"1881\" data-permalink=\"http:\/\/kirstengomez.es\/bodas\/?attachment_id=1881\" data-orig-file=\"https:\/\/i0.wp.com\/kirstengomez.es\/bodas\/wp-content\/uploads\/2016\/02\/jj-45.jpg?fit=700%2C467\" data-orig-size=\"700,467\" data-comments-opened=\"1\" data-image-meta=\"{&quot;aperture&quot;:&quot;3.2&quot;,&quot;credit&quot;:&quot;Kirsten G\\u00f3mez&quot;,&quot;camera&quot;:&quot;Canon EOS 5D Mark III&quot;,&quot;caption&quot;:&quot;&quot;,&quot;created_timestamp&quot;:&quot;1435438789&quot;,&quot;copyright&quot;:&quot;&quot;,&quot;focal_length&quot;:&quot;50&quot;,&quot;iso&quot;:&quot;400&quot;,&quot;shutter_speed&quot;:&quot;0.008&quot;,&quot;title&quot;:&quot;&quot;,&quot;orientation&quot;:&quot;1&quot;}\" data-image-title=\"J&amp;#038;J-45\" data-image-description=\"\" data-image-caption=\"\" data-large-file=\"https:\/\/i0.wp.com\/kirstengomez.es\/bodas\/wp-content\/uploads\/2016\/02\/jj-45.jpg?fit=700%2C467\" class=\"alignleft size-large wp-image-1881\" src=\"https:\/\/i0.wp.com\/kirstengomez.es\/bodas\/wp-content\/uploads\/2016\/02\/jj-45.jpg?resize=700%2C467\" alt=\"J&amp;J-45\" width=\"700\" height=\"467\" srcset=\"https:\/\/i0.wp.com\/kirstengomez.es\/bodas\/wp-content\/uploads\/2016\/02\/jj-45.jpg?w=700 700w, https:\/\/i0.wp.com\/kirstengomez.es\/bodas\/wp-content\/uploads\/2016\/02\/jj-45.jpg?resize=300%2C200 300w, https:\/\/i0.wp.com\/kirstengomez.es\/bodas\/wp-content\/uploads\/2016\/02\/jj-45.jpg?resize=500%2C334 500w\" sizes=\"auto, (max-width: 700px) 100vw, 700px\" \/><br \/>\n<img data-recalc-dims=\"1\" loading=\"lazy\" decoding=\"async\" data-attachment-id=\"1882\" data-permalink=\"http:\/\/kirstengomez.es\/bodas\/?attachment_id=1882\" data-orig-file=\"https:\/\/i0.wp.com\/kirstengomez.es\/bodas\/wp-content\/uploads\/2016\/02\/jj-46.jpg?fit=700%2C467\" data-orig-size=\"700,467\" data-comments-opened=\"1\" data-image-meta=\"{&quot;aperture&quot;:&quot;3.2&quot;,&quot;credit&quot;:&quot;Kirsten G\\u00f3mez&quot;,&quot;camera&quot;:&quot;Canon EOS 5D Mark III&quot;,&quot;caption&quot;:&quot;&quot;,&quot;created_timestamp&quot;:&quot;1435438806&quot;,&quot;copyright&quot;:&quot;&quot;,&quot;focal_length&quot;:&quot;50&quot;,&quot;iso&quot;:&quot;400&quot;,&quot;shutter_speed&quot;:&quot;0.008&quot;,&quot;title&quot;:&quot;&quot;,&quot;orientation&quot;:&quot;1&quot;}\" data-image-title=\"J&amp;#038;J-46\" data-image-description=\"\" data-image-caption=\"\" data-large-file=\"https:\/\/i0.wp.com\/kirstengomez.es\/bodas\/wp-content\/uploads\/2016\/02\/jj-46.jpg?fit=700%2C467\" class=\"alignleft size-large wp-image-1882\" src=\"https:\/\/i0.wp.com\/kirstengomez.es\/bodas\/wp-content\/uploads\/2016\/02\/jj-46.jpg?resize=700%2C467\" alt=\"J&amp;J-46\" width=\"700\" height=\"467\" srcset=\"https:\/\/i0.wp.com\/kirstengomez.es\/bodas\/wp-content\/uploads\/2016\/02\/jj-46.jpg?w=700 700w, https:\/\/i0.wp.com\/kirstengomez.es\/bodas\/wp-content\/uploads\/2016\/02\/jj-46.jpg?resize=300%2C200 300w, https:\/\/i0.wp.com\/kirstengomez.es\/bodas\/wp-content\/uploads\/2016\/02\/jj-46.jpg?resize=500%2C334 500w\" sizes=\"auto, (max-width: 700px) 100vw, 700px\" \/> <img data-recalc-dims=\"1\" loading=\"lazy\" decoding=\"async\" data-attachment-id=\"1883\" data-permalink=\"http:\/\/kirstengomez.es\/bodas\/?attachment_id=1883\" data-orig-file=\"https:\/\/i0.wp.com\/kirstengomez.es\/bodas\/wp-content\/uploads\/2016\/02\/jj-47.jpg?fit=700%2C467\" data-orig-size=\"700,467\" data-comments-opened=\"1\" data-image-meta=\"{&quot;aperture&quot;:&quot;3.2&quot;,&quot;credit&quot;:&quot;Kirsten G\\u00f3mez&quot;,&quot;camera&quot;:&quot;Canon EOS 5D Mark III&quot;,&quot;caption&quot;:&quot;&quot;,&quot;created_timestamp&quot;:&quot;1435438836&quot;,&quot;copyright&quot;:&quot;&quot;,&quot;focal_length&quot;:&quot;50&quot;,&quot;iso&quot;:&quot;400&quot;,&quot;shutter_speed&quot;:&quot;0.008&quot;,&quot;title&quot;:&quot;&quot;,&quot;orientation&quot;:&quot;1&quot;}\" data-image-title=\"J&amp;#038;J-47\" data-image-description=\"\" data-image-caption=\"\" data-large-file=\"https:\/\/i0.wp.com\/kirstengomez.es\/bodas\/wp-content\/uploads\/2016\/02\/jj-47.jpg?fit=700%2C467\" class=\"alignleft size-large wp-image-1883\" src=\"https:\/\/i0.wp.com\/kirstengomez.es\/bodas\/wp-content\/uploads\/2016\/02\/jj-47.jpg?resize=700%2C467\" alt=\"J&amp;J-47\" width=\"700\" height=\"467\" srcset=\"https:\/\/i0.wp.com\/kirstengomez.es\/bodas\/wp-content\/uploads\/2016\/02\/jj-47.jpg?w=700 700w, https:\/\/i0.wp.com\/kirstengomez.es\/bodas\/wp-content\/uploads\/2016\/02\/jj-47.jpg?resize=300%2C200 300w, https:\/\/i0.wp.com\/kirstengomez.es\/bodas\/wp-content\/uploads\/2016\/02\/jj-47.jpg?resize=500%2C334 500w\" sizes=\"auto, (max-width: 700px) 100vw, 700px\" \/> <img data-recalc-dims=\"1\" loading=\"lazy\" decoding=\"async\" data-attachment-id=\"1884\" data-permalink=\"http:\/\/kirstengomez.es\/bodas\/?attachment_id=1884\" data-orig-file=\"https:\/\/i0.wp.com\/kirstengomez.es\/bodas\/wp-content\/uploads\/2016\/02\/jj-48.jpg?fit=700%2C467\" data-orig-size=\"700,467\" data-comments-opened=\"1\" data-image-meta=\"{&quot;aperture&quot;:&quot;3.2&quot;,&quot;credit&quot;:&quot;Kirsten G\\u00f3mez&quot;,&quot;camera&quot;:&quot;Canon EOS 5D Mark III&quot;,&quot;caption&quot;:&quot;&quot;,&quot;created_timestamp&quot;:&quot;1435438860&quot;,&quot;copyright&quot;:&quot;&quot;,&quot;focal_length&quot;:&quot;50&quot;,&quot;iso&quot;:&quot;400&quot;,&quot;shutter_speed&quot;:&quot;0.008&quot;,&quot;title&quot;:&quot;&quot;,&quot;orientation&quot;:&quot;1&quot;}\" data-image-title=\"J&amp;#038;J-48\" data-image-description=\"\" data-image-caption=\"\" data-large-file=\"https:\/\/i0.wp.com\/kirstengomez.es\/bodas\/wp-content\/uploads\/2016\/02\/jj-48.jpg?fit=700%2C467\" class=\"alignleft size-large wp-image-1884\" src=\"https:\/\/i0.wp.com\/kirstengomez.es\/bodas\/wp-content\/uploads\/2016\/02\/jj-48.jpg?resize=700%2C467\" alt=\"J&amp;J-48\" width=\"700\" height=\"467\" srcset=\"https:\/\/i0.wp.com\/kirstengomez.es\/bodas\/wp-content\/uploads\/2016\/02\/jj-48.jpg?w=700 700w, https:\/\/i0.wp.com\/kirstengomez.es\/bodas\/wp-content\/uploads\/2016\/02\/jj-48.jpg?resize=300%2C200 300w, https:\/\/i0.wp.com\/kirstengomez.es\/bodas\/wp-content\/uploads\/2016\/02\/jj-48.jpg?resize=500%2C334 500w\" sizes=\"auto, (max-width: 700px) 100vw, 700px\" \/> <img data-recalc-dims=\"1\" loading=\"lazy\" decoding=\"async\" data-attachment-id=\"1885\" data-permalink=\"http:\/\/kirstengomez.es\/bodas\/?attachment_id=1885\" data-orig-file=\"https:\/\/i0.wp.com\/kirstengomez.es\/bodas\/wp-content\/uploads\/2016\/02\/jj-49.jpg?fit=700%2C467\" data-orig-size=\"700,467\" data-comments-opened=\"1\" data-image-meta=\"{&quot;aperture&quot;:&quot;2.5&quot;,&quot;credit&quot;:&quot;Kirsten G\\u00f3mez&quot;,&quot;camera&quot;:&quot;Canon EOS 5D Mark III&quot;,&quot;caption&quot;:&quot;&quot;,&quot;created_timestamp&quot;:&quot;1435439255&quot;,&quot;copyright&quot;:&quot;&quot;,&quot;focal_length&quot;:&quot;50&quot;,&quot;iso&quot;:&quot;400&quot;,&quot;shutter_speed&quot;:&quot;0.008&quot;,&quot;title&quot;:&quot;&quot;,&quot;orientation&quot;:&quot;1&quot;}\" data-image-title=\"J&amp;#038;J-49\" data-image-description=\"\" data-image-caption=\"\" data-large-file=\"https:\/\/i0.wp.com\/kirstengomez.es\/bodas\/wp-content\/uploads\/2016\/02\/jj-49.jpg?fit=700%2C467\" class=\"alignleft size-large wp-image-1885\" src=\"https:\/\/i0.wp.com\/kirstengomez.es\/bodas\/wp-content\/uploads\/2016\/02\/jj-49.jpg?resize=700%2C467\" alt=\"J&amp;J-49\" width=\"700\" height=\"467\" srcset=\"https:\/\/i0.wp.com\/kirstengomez.es\/bodas\/wp-content\/uploads\/2016\/02\/jj-49.jpg?w=700 700w, https:\/\/i0.wp.com\/kirstengomez.es\/bodas\/wp-content\/uploads\/2016\/02\/jj-49.jpg?resize=300%2C200 300w, https:\/\/i0.wp.com\/kirstengomez.es\/bodas\/wp-content\/uploads\/2016\/02\/jj-49.jpg?resize=500%2C334 500w\" sizes=\"auto, (max-width: 700px) 100vw, 700px\" \/> <img data-recalc-dims=\"1\" loading=\"lazy\" decoding=\"async\" data-attachment-id=\"1886\" data-permalink=\"http:\/\/kirstengomez.es\/bodas\/?attachment_id=1886\" data-orig-file=\"https:\/\/i0.wp.com\/kirstengomez.es\/bodas\/wp-content\/uploads\/2016\/02\/jj-50.jpg?fit=700%2C467\" data-orig-size=\"700,467\" data-comments-opened=\"1\" data-image-meta=\"{&quot;aperture&quot;:&quot;1.8&quot;,&quot;credit&quot;:&quot;Kirsten G\\u00f3mez&quot;,&quot;camera&quot;:&quot;Canon EOS 5D Mark III&quot;,&quot;caption&quot;:&quot;&quot;,&quot;created_timestamp&quot;:&quot;1435439317&quot;,&quot;copyright&quot;:&quot;&quot;,&quot;focal_length&quot;:&quot;50&quot;,&quot;iso&quot;:&quot;400&quot;,&quot;shutter_speed&quot;:&quot;0.008&quot;,&quot;title&quot;:&quot;&quot;,&quot;orientation&quot;:&quot;1&quot;}\" data-image-title=\"J&amp;#038;J-50\" data-image-description=\"\" data-image-caption=\"\" data-large-file=\"https:\/\/i0.wp.com\/kirstengomez.es\/bodas\/wp-content\/uploads\/2016\/02\/jj-50.jpg?fit=700%2C467\" class=\"alignleft size-large wp-image-1886\" src=\"https:\/\/i0.wp.com\/kirstengomez.es\/bodas\/wp-content\/uploads\/2016\/02\/jj-50.jpg?resize=700%2C467\" alt=\"J&amp;J-50\" width=\"700\" height=\"467\" srcset=\"https:\/\/i0.wp.com\/kirstengomez.es\/bodas\/wp-content\/uploads\/2016\/02\/jj-50.jpg?w=700 700w, https:\/\/i0.wp.com\/kirstengomez.es\/bodas\/wp-content\/uploads\/2016\/02\/jj-50.jpg?resize=300%2C200 300w, https:\/\/i0.wp.com\/kirstengomez.es\/bodas\/wp-content\/uploads\/2016\/02\/jj-50.jpg?resize=500%2C334 500w\" sizes=\"auto, (max-width: 700px) 100vw, 700px\" \/> <img data-recalc-dims=\"1\" loading=\"lazy\" decoding=\"async\" data-attachment-id=\"1887\" data-permalink=\"http:\/\/kirstengomez.es\/bodas\/?attachment_id=1887\" data-orig-file=\"https:\/\/i0.wp.com\/kirstengomez.es\/bodas\/wp-content\/uploads\/2016\/02\/jj-51.jpg?fit=700%2C467\" data-orig-size=\"700,467\" data-comments-opened=\"1\" data-image-meta=\"{&quot;aperture&quot;:&quot;1.8&quot;,&quot;credit&quot;:&quot;Kirsten G\\u00f3mez&quot;,&quot;camera&quot;:&quot;Canon EOS 5D Mark III&quot;,&quot;caption&quot;:&quot;&quot;,&quot;created_timestamp&quot;:&quot;1435439813&quot;,&quot;copyright&quot;:&quot;&quot;,&quot;focal_length&quot;:&quot;50&quot;,&quot;iso&quot;:&quot;400&quot;,&quot;shutter_speed&quot;:&quot;0.008&quot;,&quot;title&quot;:&quot;&quot;,&quot;orientation&quot;:&quot;1&quot;}\" data-image-title=\"J&amp;#038;J-51\" data-image-description=\"\" data-image-caption=\"\" data-large-file=\"https:\/\/i0.wp.com\/kirstengomez.es\/bodas\/wp-content\/uploads\/2016\/02\/jj-51.jpg?fit=700%2C467\" class=\"alignleft size-large wp-image-1887\" src=\"https:\/\/i0.wp.com\/kirstengomez.es\/bodas\/wp-content\/uploads\/2016\/02\/jj-51.jpg?resize=700%2C467\" alt=\"J&amp;J-51\" width=\"700\" height=\"467\" srcset=\"https:\/\/i0.wp.com\/kirstengomez.es\/bodas\/wp-content\/uploads\/2016\/02\/jj-51.jpg?w=700 700w, https:\/\/i0.wp.com\/kirstengomez.es\/bodas\/wp-content\/uploads\/2016\/02\/jj-51.jpg?resize=300%2C200 300w, https:\/\/i0.wp.com\/kirstengomez.es\/bodas\/wp-content\/uploads\/2016\/02\/jj-51.jpg?resize=500%2C334 500w\" sizes=\"auto, (max-width: 700px) 100vw, 700px\" \/> <img data-recalc-dims=\"1\" loading=\"lazy\" decoding=\"async\" data-attachment-id=\"1888\" data-permalink=\"http:\/\/kirstengomez.es\/bodas\/?attachment_id=1888\" data-orig-file=\"https:\/\/i0.wp.com\/kirstengomez.es\/bodas\/wp-content\/uploads\/2016\/02\/jj-52.jpg?fit=700%2C467\" data-orig-size=\"700,467\" data-comments-opened=\"1\" data-image-meta=\"{&quot;aperture&quot;:&quot;1.8&quot;,&quot;credit&quot;:&quot;Kirsten G\\u00f3mez&quot;,&quot;camera&quot;:&quot;Canon EOS 5D Mark III&quot;,&quot;caption&quot;:&quot;&quot;,&quot;created_timestamp&quot;:&quot;1435440030&quot;,&quot;copyright&quot;:&quot;&quot;,&quot;focal_length&quot;:&quot;50&quot;,&quot;iso&quot;:&quot;400&quot;,&quot;shutter_speed&quot;:&quot;0.008&quot;,&quot;title&quot;:&quot;&quot;,&quot;orientation&quot;:&quot;1&quot;}\" data-image-title=\"J&amp;#038;J-52\" data-image-description=\"\" data-image-caption=\"\" data-large-file=\"https:\/\/i0.wp.com\/kirstengomez.es\/bodas\/wp-content\/uploads\/2016\/02\/jj-52.jpg?fit=700%2C467\" class=\"alignleft size-large wp-image-1888\" src=\"https:\/\/i0.wp.com\/kirstengomez.es\/bodas\/wp-content\/uploads\/2016\/02\/jj-52.jpg?resize=700%2C467\" alt=\"J&amp;J-52\" width=\"700\" height=\"467\" srcset=\"https:\/\/i0.wp.com\/kirstengomez.es\/bodas\/wp-content\/uploads\/2016\/02\/jj-52.jpg?w=700 700w, https:\/\/i0.wp.com\/kirstengomez.es\/bodas\/wp-content\/uploads\/2016\/02\/jj-52.jpg?resize=300%2C200 300w, https:\/\/i0.wp.com\/kirstengomez.es\/bodas\/wp-content\/uploads\/2016\/02\/jj-52.jpg?resize=500%2C334 500w\" sizes=\"auto, (max-width: 700px) 100vw, 700px\" \/> <img data-recalc-dims=\"1\" loading=\"lazy\" decoding=\"async\" data-attachment-id=\"1889\" data-permalink=\"http:\/\/kirstengomez.es\/bodas\/?attachment_id=1889\" data-orig-file=\"https:\/\/i0.wp.com\/kirstengomez.es\/bodas\/wp-content\/uploads\/2016\/02\/jj-53.jpg?fit=700%2C467\" data-orig-size=\"700,467\" data-comments-opened=\"1\" data-image-meta=\"{&quot;aperture&quot;:&quot;1.8&quot;,&quot;credit&quot;:&quot;Kirsten G\\u00f3mez&quot;,&quot;camera&quot;:&quot;Canon EOS 5D Mark III&quot;,&quot;caption&quot;:&quot;&quot;,&quot;created_timestamp&quot;:&quot;1435440140&quot;,&quot;copyright&quot;:&quot;&quot;,&quot;focal_length&quot;:&quot;50&quot;,&quot;iso&quot;:&quot;400&quot;,&quot;shutter_speed&quot;:&quot;0.008&quot;,&quot;title&quot;:&quot;&quot;,&quot;orientation&quot;:&quot;1&quot;}\" data-image-title=\"J&amp;#038;J-53\" data-image-description=\"\" data-image-caption=\"\" data-large-file=\"https:\/\/i0.wp.com\/kirstengomez.es\/bodas\/wp-content\/uploads\/2016\/02\/jj-53.jpg?fit=700%2C467\" class=\"alignleft size-large wp-image-1889\" src=\"https:\/\/i0.wp.com\/kirstengomez.es\/bodas\/wp-content\/uploads\/2016\/02\/jj-53.jpg?resize=700%2C467\" alt=\"J&amp;J-53\" width=\"700\" height=\"467\" srcset=\"https:\/\/i0.wp.com\/kirstengomez.es\/bodas\/wp-content\/uploads\/2016\/02\/jj-53.jpg?w=700 700w, https:\/\/i0.wp.com\/kirstengomez.es\/bodas\/wp-content\/uploads\/2016\/02\/jj-53.jpg?resize=300%2C200 300w, https:\/\/i0.wp.com\/kirstengomez.es\/bodas\/wp-content\/uploads\/2016\/02\/jj-53.jpg?resize=500%2C334 500w\" sizes=\"auto, (max-width: 700px) 100vw, 700px\" \/> <img data-recalc-dims=\"1\" loading=\"lazy\" decoding=\"async\" data-attachment-id=\"1890\" data-permalink=\"http:\/\/kirstengomez.es\/bodas\/?attachment_id=1890\" data-orig-file=\"https:\/\/i0.wp.com\/kirstengomez.es\/bodas\/wp-content\/uploads\/2016\/02\/jj-54.jpg?fit=700%2C467\" data-orig-size=\"700,467\" data-comments-opened=\"1\" data-image-meta=\"{&quot;aperture&quot;:&quot;1.4&quot;,&quot;credit&quot;:&quot;Kirsten G\\u00f3mez&quot;,&quot;camera&quot;:&quot;Canon EOS 5D Mark III&quot;,&quot;caption&quot;:&quot;&quot;,&quot;created_timestamp&quot;:&quot;1435440560&quot;,&quot;copyright&quot;:&quot;&quot;,&quot;focal_length&quot;:&quot;50&quot;,&quot;iso&quot;:&quot;320&quot;,&quot;shutter_speed&quot;:&quot;0.0125&quot;,&quot;title&quot;:&quot;&quot;,&quot;orientation&quot;:&quot;1&quot;}\" data-image-title=\"J&amp;#038;J-54\" data-image-description=\"\" data-image-caption=\"\" data-large-file=\"https:\/\/i0.wp.com\/kirstengomez.es\/bodas\/wp-content\/uploads\/2016\/02\/jj-54.jpg?fit=700%2C467\" class=\"alignleft size-large wp-image-1890\" src=\"https:\/\/i0.wp.com\/kirstengomez.es\/bodas\/wp-content\/uploads\/2016\/02\/jj-54.jpg?resize=700%2C467\" alt=\"J&amp;J-54\" width=\"700\" height=\"467\" srcset=\"https:\/\/i0.wp.com\/kirstengomez.es\/bodas\/wp-content\/uploads\/2016\/02\/jj-54.jpg?w=700 700w, https:\/\/i0.wp.com\/kirstengomez.es\/bodas\/wp-content\/uploads\/2016\/02\/jj-54.jpg?resize=300%2C200 300w, https:\/\/i0.wp.com\/kirstengomez.es\/bodas\/wp-content\/uploads\/2016\/02\/jj-54.jpg?resize=500%2C334 500w\" sizes=\"auto, (max-width: 700px) 100vw, 700px\" \/> <img data-recalc-dims=\"1\" loading=\"lazy\" decoding=\"async\" data-attachment-id=\"1891\" data-permalink=\"http:\/\/kirstengomez.es\/bodas\/?attachment_id=1891\" data-orig-file=\"https:\/\/i0.wp.com\/kirstengomez.es\/bodas\/wp-content\/uploads\/2016\/02\/jj-55.jpg?fit=700%2C467\" data-orig-size=\"700,467\" data-comments-opened=\"1\" data-image-meta=\"{&quot;aperture&quot;:&quot;1.4&quot;,&quot;credit&quot;:&quot;Kirsten G\\u00f3mez&quot;,&quot;camera&quot;:&quot;Canon EOS 5D Mark III&quot;,&quot;caption&quot;:&quot;&quot;,&quot;created_timestamp&quot;:&quot;1435440643&quot;,&quot;copyright&quot;:&quot;&quot;,&quot;focal_length&quot;:&quot;50&quot;,&quot;iso&quot;:&quot;400&quot;,&quot;shutter_speed&quot;:&quot;0.008&quot;,&quot;title&quot;:&quot;&quot;,&quot;orientation&quot;:&quot;1&quot;}\" data-image-title=\"J&amp;#038;J-55\" data-image-description=\"\" data-image-caption=\"\" data-large-file=\"https:\/\/i0.wp.com\/kirstengomez.es\/bodas\/wp-content\/uploads\/2016\/02\/jj-55.jpg?fit=700%2C467\" class=\"alignleft size-large wp-image-1891\" src=\"https:\/\/i0.wp.com\/kirstengomez.es\/bodas\/wp-content\/uploads\/2016\/02\/jj-55.jpg?resize=700%2C467\" alt=\"J&amp;J-55\" width=\"700\" height=\"467\" srcset=\"https:\/\/i0.wp.com\/kirstengomez.es\/bodas\/wp-content\/uploads\/2016\/02\/jj-55.jpg?w=700 700w, https:\/\/i0.wp.com\/kirstengomez.es\/bodas\/wp-content\/uploads\/2016\/02\/jj-55.jpg?resize=300%2C200 300w, https:\/\/i0.wp.com\/kirstengomez.es\/bodas\/wp-content\/uploads\/2016\/02\/jj-55.jpg?resize=500%2C334 500w\" sizes=\"auto, (max-width: 700px) 100vw, 700px\" \/> <img data-recalc-dims=\"1\" loading=\"lazy\" decoding=\"async\" data-attachment-id=\"1892\" data-permalink=\"http:\/\/kirstengomez.es\/bodas\/?attachment_id=1892\" data-orig-file=\"https:\/\/i0.wp.com\/kirstengomez.es\/bodas\/wp-content\/uploads\/2016\/02\/jj-58.jpg?fit=700%2C467\" data-orig-size=\"700,467\" data-comments-opened=\"1\" data-image-meta=\"{&quot;aperture&quot;:&quot;1.4&quot;,&quot;credit&quot;:&quot;Kirsten G\\u00f3mez&quot;,&quot;camera&quot;:&quot;Canon EOS 5D Mark III&quot;,&quot;caption&quot;:&quot;&quot;,&quot;created_timestamp&quot;:&quot;1435444600&quot;,&quot;copyright&quot;:&quot;&quot;,&quot;focal_length&quot;:&quot;50&quot;,&quot;iso&quot;:&quot;400&quot;,&quot;shutter_speed&quot;:&quot;0.008&quot;,&quot;title&quot;:&quot;&quot;,&quot;orientation&quot;:&quot;1&quot;}\" data-image-title=\"J&amp;#038;J-58\" data-image-description=\"\" data-image-caption=\"\" data-large-file=\"https:\/\/i0.wp.com\/kirstengomez.es\/bodas\/wp-content\/uploads\/2016\/02\/jj-58.jpg?fit=700%2C467\" class=\"alignleft size-large wp-image-1892\" src=\"https:\/\/i0.wp.com\/kirstengomez.es\/bodas\/wp-content\/uploads\/2016\/02\/jj-58.jpg?resize=700%2C467\" alt=\"J&amp;J-58\" width=\"700\" height=\"467\" srcset=\"https:\/\/i0.wp.com\/kirstengomez.es\/bodas\/wp-content\/uploads\/2016\/02\/jj-58.jpg?w=700 700w, https:\/\/i0.wp.com\/kirstengomez.es\/bodas\/wp-content\/uploads\/2016\/02\/jj-58.jpg?resize=300%2C200 300w, https:\/\/i0.wp.com\/kirstengomez.es\/bodas\/wp-content\/uploads\/2016\/02\/jj-58.jpg?resize=500%2C334 500w\" sizes=\"auto, (max-width: 700px) 100vw, 700px\" \/><br \/>\n<img data-recalc-dims=\"1\" loading=\"lazy\" decoding=\"async\" data-attachment-id=\"1898\" data-permalink=\"http:\/\/kirstengomez.es\/bodas\/?attachment_id=1898\" data-orig-file=\"https:\/\/i0.wp.com\/kirstengomez.es\/bodas\/wp-content\/uploads\/2016\/02\/jj05.png?fit=700%2C509\" data-orig-size=\"700,509\" data-comments-opened=\"1\" data-image-meta=\"{&quot;aperture&quot;:&quot;0&quot;,&quot;credit&quot;:&quot;&quot;,&quot;camera&quot;:&quot;&quot;,&quot;caption&quot;:&quot;&quot;,&quot;created_timestamp&quot;:&quot;0&quot;,&quot;copyright&quot;:&quot;&quot;,&quot;focal_length&quot;:&quot;0&quot;,&quot;iso&quot;:&quot;0&quot;,&quot;shutter_speed&quot;:&quot;0&quot;,&quot;title&quot;:&quot;&quot;,&quot;orientation&quot;:&quot;0&quot;}\" data-image-title=\"J&amp;#038;J05\" data-image-description=\"\" data-image-caption=\"\" data-large-file=\"https:\/\/i0.wp.com\/kirstengomez.es\/bodas\/wp-content\/uploads\/2016\/02\/jj05.png?fit=700%2C509\" class=\"alignleft size-large wp-image-1898\" src=\"https:\/\/i0.wp.com\/kirstengomez.es\/bodas\/wp-content\/uploads\/2016\/02\/jj05.png?resize=700%2C509\" alt=\"J&amp;J05\" width=\"700\" height=\"509\" srcset=\"https:\/\/i0.wp.com\/kirstengomez.es\/bodas\/wp-content\/uploads\/2016\/02\/jj05.png?w=700 700w, https:\/\/i0.wp.com\/kirstengomez.es\/bodas\/wp-content\/uploads\/2016\/02\/jj05.png?resize=300%2C218 300w, https:\/\/i0.wp.com\/kirstengomez.es\/bodas\/wp-content\/uploads\/2016\/02\/jj05.png?resize=500%2C364 500w\" sizes=\"auto, (max-width: 700px) 100vw, 700px\" \/> <img data-recalc-dims=\"1\" loading=\"lazy\" decoding=\"async\" data-attachment-id=\"1899\" data-permalink=\"http:\/\/kirstengomez.es\/bodas\/?attachment_id=1899\" data-orig-file=\"https:\/\/i0.wp.com\/kirstengomez.es\/bodas\/wp-content\/uploads\/2016\/02\/jj06.png?fit=700%2C509\" data-orig-size=\"700,509\" data-comments-opened=\"1\" data-image-meta=\"{&quot;aperture&quot;:&quot;0&quot;,&quot;credit&quot;:&quot;&quot;,&quot;camera&quot;:&quot;&quot;,&quot;caption&quot;:&quot;&quot;,&quot;created_timestamp&quot;:&quot;0&quot;,&quot;copyright&quot;:&quot;&quot;,&quot;focal_length&quot;:&quot;0&quot;,&quot;iso&quot;:&quot;0&quot;,&quot;shutter_speed&quot;:&quot;0&quot;,&quot;title&quot;:&quot;&quot;,&quot;orientation&quot;:&quot;0&quot;}\" data-image-title=\"J&amp;#038;J06\" data-image-description=\"\" data-image-caption=\"\" data-large-file=\"https:\/\/i0.wp.com\/kirstengomez.es\/bodas\/wp-content\/uploads\/2016\/02\/jj06.png?fit=700%2C509\" class=\"alignleft size-full wp-image-1899\" src=\"https:\/\/i0.wp.com\/kirstengomez.es\/bodas\/wp-content\/uploads\/2016\/02\/jj06.png?resize=700%2C509\" alt=\"J&amp;J06\" width=\"700\" height=\"509\" srcset=\"https:\/\/i0.wp.com\/kirstengomez.es\/bodas\/wp-content\/uploads\/2016\/02\/jj06.png?w=700 700w, https:\/\/i0.wp.com\/kirstengomez.es\/bodas\/wp-content\/uploads\/2016\/02\/jj06.png?resize=300%2C218 300w, https:\/\/i0.wp.com\/kirstengomez.es\/bodas\/wp-content\/uploads\/2016\/02\/jj06.png?resize=500%2C364 500w\" sizes=\"auto, (max-width: 700px) 100vw, 700px\" \/><br \/>\n<img data-recalc-dims=\"1\" loading=\"lazy\" decoding=\"async\" data-attachment-id=\"1893\" data-permalink=\"http:\/\/kirstengomez.es\/bodas\/?attachment_id=1893\" data-orig-file=\"https:\/\/i0.wp.com\/kirstengomez.es\/bodas\/wp-content\/uploads\/2016\/02\/jj-61.jpg?fit=700%2C467\" data-orig-size=\"700,467\" data-comments-opened=\"1\" data-image-meta=\"{&quot;aperture&quot;:&quot;1.8&quot;,&quot;credit&quot;:&quot;Kirsten G\\u00f3mez&quot;,&quot;camera&quot;:&quot;Canon EOS 5D Mark III&quot;,&quot;caption&quot;:&quot;&quot;,&quot;created_timestamp&quot;:&quot;1435455362&quot;,&quot;copyright&quot;:&quot;&quot;,&quot;focal_length&quot;:&quot;50&quot;,&quot;iso&quot;:&quot;640&quot;,&quot;shutter_speed&quot;:&quot;0.008&quot;,&quot;title&quot;:&quot;&quot;,&quot;orientation&quot;:&quot;1&quot;}\" data-image-title=\"J&amp;#038;J-61\" data-image-description=\"\" data-image-caption=\"\" data-large-file=\"https:\/\/i0.wp.com\/kirstengomez.es\/bodas\/wp-content\/uploads\/2016\/02\/jj-61.jpg?fit=700%2C467\" class=\"alignleft size-large wp-image-1893\" src=\"https:\/\/i0.wp.com\/kirstengomez.es\/bodas\/wp-content\/uploads\/2016\/02\/jj-61.jpg?resize=700%2C467\" alt=\"J&amp;J-61\" width=\"700\" height=\"467\" srcset=\"https:\/\/i0.wp.com\/kirstengomez.es\/bodas\/wp-content\/uploads\/2016\/02\/jj-61.jpg?w=700 700w, https:\/\/i0.wp.com\/kirstengomez.es\/bodas\/wp-content\/uploads\/2016\/02\/jj-61.jpg?resize=300%2C200 300w, https:\/\/i0.wp.com\/kirstengomez.es\/bodas\/wp-content\/uploads\/2016\/02\/jj-61.jpg?resize=500%2C334 500w\" sizes=\"auto, (max-width: 700px) 100vw, 700px\" \/><br \/>\n<img data-recalc-dims=\"1\" loading=\"lazy\" decoding=\"async\" data-attachment-id=\"1908\" data-permalink=\"http:\/\/kirstengomez.es\/bodas\/?attachment_id=1908\" data-orig-file=\"https:\/\/i0.wp.com\/kirstengomez.es\/bodas\/wp-content\/uploads\/2016\/02\/albumjj700.png?fit=700%2C525\" data-orig-size=\"700,525\" data-comments-opened=\"1\" data-image-meta=\"{&quot;aperture&quot;:&quot;0&quot;,&quot;credit&quot;:&quot;&quot;,&quot;camera&quot;:&quot;&quot;,&quot;caption&quot;:&quot;&quot;,&quot;created_timestamp&quot;:&quot;0&quot;,&quot;copyright&quot;:&quot;&quot;,&quot;focal_length&quot;:&quot;0&quot;,&quot;iso&quot;:&quot;0&quot;,&quot;shutter_speed&quot;:&quot;0&quot;,&quot;title&quot;:&quot;&quot;,&quot;orientation&quot;:&quot;0&quot;}\" data-image-title=\"ALBUMJ&amp;#038;J700\" data-image-description=\"\" data-image-caption=\"\" data-large-file=\"https:\/\/i0.wp.com\/kirstengomez.es\/bodas\/wp-content\/uploads\/2016\/02\/albumjj700.png?fit=700%2C525\" class=\"alignleft size-full wp-image-1908\" src=\"https:\/\/i0.wp.com\/kirstengomez.es\/bodas\/wp-content\/uploads\/2016\/02\/albumjj700.png?resize=700%2C525\" alt=\"ALBUMJ&amp;J700\" width=\"700\" height=\"525\" srcset=\"https:\/\/i0.wp.com\/kirstengomez.es\/bodas\/wp-content\/uploads\/2016\/02\/albumjj700.png?w=700 700w, https:\/\/i0.wp.com\/kirstengomez.es\/bodas\/wp-content\/uploads\/2016\/02\/albumjj700.png?resize=300%2C225 300w, https:\/\/i0.wp.com\/kirstengomez.es\/bodas\/wp-content\/uploads\/2016\/02\/albumjj700.png?resize=500%2C375 500w\" sizes=\"auto, (max-width: 700px) 100vw, 700px\" \/><\/p>\n","protected":false},"excerpt":{"rendered":"<p>El casament de J&amp;J que es va fer en el preci\u00f3s entorn de platja de l&#8217;Hotel s&#8217;Agar\u00f3. La cerim\u00f2nia es va celebrar a l&#8217;aire lliure amb la Coral X\u00e0ntica i el Cor de Cambra de la Diputaci\u00f3 de Girona. Corals a les que la n\u00favia pertany per aix\u00f2 no va poder faltar la gran sorpresa&#8230;<\/p>\n","protected":false},"author":1,"featured_media":1906,"comment_status":"open","ping_status":"open","sticky":false,"template":"","format":"image","meta":{"jetpack_post_was_ever_published":false,"_jetpack_newsletter_access":"","_jetpack_dont_email_post_to_subs":false,"_jetpack_newsletter_tier_id":0,"_jetpack_memberships_contains_paywalled_content":false,"_jetpack_memberships_contains_paid_content":false,"footnotes":"","jetpack_publicize_message":"","jetpack_publicize_feature_enabled":true,"jetpack_social_post_already_shared":true,"jetpack_social_options":{"image_generator_settings":{"template":"highway","default_image_id":0,"font":"","enabled":false},"version":2}},"categories":[57],"tags":[122,381,180,323,383,385,327,387,335,353,389,349,187,329,333,351,391,345,131,347,145,357,367,365,375,124,339,379,377,369,371,373,337,341,393,361,359,363,343,321,395,325,331,355],"class_list":["post-1911","post","type-post","status-publish","format-image","has-post-thumbnail","hentry","category-fotografia-ca","tag-casament-ca","tag-casament-girona-ca","tag-enllac-ca","tag-film-girona","tag-foto-casament-ca","tag-fotograf-ca","tag-fotograf-boda","tag-fotograf-casament-ca","tag-fotograf-casament-girona","tag-fotograf-casament-salt","tag-fotograf-girona-ca","tag-fotograf-salt","tag-fotografa-ca","tag-fotografa-casament","tag-fotografa-casament-girona","tag-fotografa-casament-salt","tag-fotografa-girona-ca","tag-fotografa-salt","tag-fotografia-ca","tag-fotografia-salt","tag-girona-ca","tag-girona-wedding","tag-kirsten-fotograf","tag-kirsten-fotografa","tag-kirsten-fotografia","tag-kirsten-gomez-ca","tag-kirsten-gomez-fotografa","tag-kirsten-gomez-photographer","tag-kirsten-photographer","tag-kristen-fotograf","tag-kristen-fotografa","tag-kristen-fotografia","tag-kristen-gomez","tag-kristen-gomez-fotografa","tag-reportaje-de-boda-ca","tag-reportaje-de-boda-girona","tag-reportatge-de-casament","tag-reportatge-de-casament-girona","tag-salt","tag-video-girona","tag-wedding-film-ca","tag-wedding-film-girona","tag-wedding-photographer","tag-wedding-photographer-girona","post_format-post-format-image"],"jetpack_publicize_connections":[],"jetpack_featured_media_url":"https:\/\/i0.wp.com\/kirstengomez.es\/bodas\/wp-content\/uploads\/2016\/02\/jeruijesus-146.jpg?fit=1000%2C667","jetpack_sharing_enabled":true,"jetpack_shortlink":"https:\/\/wp.me\/p5ZDAn-uP","_links":{"self":[{"href":"http:\/\/kirstengomez.es\/bodas\/index.php?rest_route=\/wp\/v2\/posts\/1911","targetHints":{"allow":["GET"]}}],"collection":[{"href":"http:\/\/kirstengomez.es\/bodas\/index.php?rest_route=\/wp\/v2\/posts"}],"about":[{"href":"http:\/\/kirstengomez.es\/bodas\/index.php?rest_route=\/wp\/v2\/types\/post"}],"author":[{"embeddable":true,"href":"http:\/\/kirstengomez.es\/bodas\/index.php?rest_route=\/wp\/v2\/users\/1"}],"replies":[{"embeddable":true,"href":"http:\/\/kirstengomez.es\/bodas\/index.php?rest_route=%2Fwp%2Fv2%2Fcomments&post=1911"}],"version-history":[{"count":6,"href":"http:\/\/kirstengomez.es\/bodas\/index.php?rest_route=\/wp\/v2\/posts\/1911\/revisions"}],"predecessor-version":[{"id":1922,"href":"http:\/\/kirstengomez.es\/bodas\/index.php?rest_route=\/wp\/v2\/posts\/1911\/revisions\/1922"}],"wp:featuredmedia":[{"embeddable":true,"href":"http:\/\/kirstengomez.es\/bodas\/index.php?rest_route=\/wp\/v2\/media\/1906"}],"wp:attachment":[{"href":"http:\/\/kirstengomez.es\/bodas\/index.php?rest_route=%2Fwp%2Fv2%2Fmedia&parent=1911"}],"wp:term":[{"taxonomy":"category","embeddable":true,"href":"http:\/\/kirstengomez.es\/bodas\/index.php?rest_route=%2Fwp%2Fv2%2Fcategories&post=1911"},{"taxonomy":"post_tag","embeddable":true,"href":"http:\/\/kirstengomez.es\/bodas\/index.php?rest_route=%2Fwp%2Fv2%2Ftags&post=1911"}],"curies":[{"name":"wp","href":"https:\/\/api.w.org\/{rel}","templated":true}]}}