{"id":1615,"date":"2016-01-30T18:28:14","date_gmt":"2016-01-30T18:28:14","guid":{"rendered":"http:\/\/kirstengomez.es\/bodas\/?p=1615"},"modified":"2016-11-17T17:20:56","modified_gmt":"2016-11-17T17:20:56","slug":"sacosta-sant-valenti","status":"publish","type":"post","link":"http:\/\/kirstengomez.es\/bodas\/?p=1615","title":{"rendered":"S&#8217;ACOSTA SANT VALENT\u00cd"},"content":{"rendered":"<p>Pot ser que Sant Valent\u00ed sigui l&#8217;excusa perfecta per retratar la vostra felicitat junts. \u00a0A alguns ens costa fer-ho per\u00f2 crec que s&#8217;ha de dedicar una sessi\u00f3 de fotos a capturar l&#8217;amor i recordar sempre aquella \u00e8poca. Perqu\u00e8 quan us vulgueu adonar tindreu molts\u00a0\u00a0Selfies amb\u00a0el Smartphone que no transmetran\u00a0el mateix i\/o no tindr\u00e1n la mateixa qualitat fotogr\u00e0fica. Es veur\u00e0 lo macos que sou s\u00ed, per\u00f2 no es veur\u00e0 aquest amor que es captura en una imatge sense posats. Us convido a que preneu com a excusa Sant Valent\u00ed per donar-vos aquest caprici que durar\u00e0 per sempre.<\/p>\n<p><img data-recalc-dims=\"1\" loading=\"lazy\" decoding=\"async\" data-attachment-id=\"1622\" data-permalink=\"http:\/\/kirstengomez.es\/bodas\/?attachment_id=1622\" data-orig-file=\"https:\/\/i0.wp.com\/kirstengomez.es\/bodas\/wp-content\/uploads\/2016\/01\/12651249_984600524921488_4734173242612739253_n.jpg?fit=960%2C639\" data-orig-size=\"960,639\" data-comments-opened=\"1\" data-image-meta=\"{&quot;aperture&quot;:&quot;0&quot;,&quot;credit&quot;:&quot;&quot;,&quot;camera&quot;:&quot;&quot;,&quot;caption&quot;:&quot;&quot;,&quot;created_timestamp&quot;:&quot;0&quot;,&quot;copyright&quot;:&quot;&quot;,&quot;focal_length&quot;:&quot;0&quot;,&quot;iso&quot;:&quot;0&quot;,&quot;shutter_speed&quot;:&quot;0&quot;,&quot;title&quot;:&quot;&quot;,&quot;orientation&quot;:&quot;0&quot;}\" data-image-title=\"12651249_984600524921488_4734173242612739253_n\" data-image-description=\"\" data-image-caption=\"\" data-large-file=\"https:\/\/i0.wp.com\/kirstengomez.es\/bodas\/wp-content\/uploads\/2016\/01\/12651249_984600524921488_4734173242612739253_n.jpg?fit=960%2C639\" class=\"alignleft size-full wp-image-1622\" src=\"https:\/\/i0.wp.com\/kirstengomez.es\/bodas\/wp-content\/uploads\/2016\/01\/12651249_984600524921488_4734173242612739253_n.jpg?resize=960%2C639\" alt=\"12651249_984600524921488_4734173242612739253_n\" width=\"960\" height=\"639\" srcset=\"https:\/\/i0.wp.com\/kirstengomez.es\/bodas\/wp-content\/uploads\/2016\/01\/12651249_984600524921488_4734173242612739253_n.jpg?w=960 960w, https:\/\/i0.wp.com\/kirstengomez.es\/bodas\/wp-content\/uploads\/2016\/01\/12651249_984600524921488_4734173242612739253_n.jpg?resize=300%2C200 300w, https:\/\/i0.wp.com\/kirstengomez.es\/bodas\/wp-content\/uploads\/2016\/01\/12651249_984600524921488_4734173242612739253_n.jpg?resize=800%2C533 800w, https:\/\/i0.wp.com\/kirstengomez.es\/bodas\/wp-content\/uploads\/2016\/01\/12651249_984600524921488_4734173242612739253_n.jpg?resize=500%2C333 500w\" sizes=\"auto, (max-width: 960px) 100vw, 960px\" \/><\/p>\n","protected":false},"excerpt":{"rendered":"<p>Pot ser que Sant Valent\u00ed sigui l&#8217;excusa perfecta per retratar la vostra felicitat junts. \u00a0A alguns ens costa fer-ho per\u00f2 crec que s&#8217;ha de dedicar una sessi\u00f3 de fotos a capturar l&#8217;amor i recordar sempre aquella \u00e8poca. Perqu\u00e8 quan us vulgueu adonar tindreu molts\u00a0\u00a0Selfies amb\u00a0el Smartphone que no transmetran\u00a0el mateix i\/o no tindr\u00e1n la mateixa&#8230;<\/p>\n","protected":false},"author":1,"featured_media":1612,"comment_status":"open","ping_status":"open","sticky":false,"template":"","format":"video","meta":{"jetpack_post_was_ever_published":false,"_jetpack_newsletter_access":"","_jetpack_dont_email_post_to_subs":false,"_jetpack_newsletter_tier_id":0,"_jetpack_memberships_contains_paywalled_content":false,"_jetpack_memberships_contains_paid_content":false,"footnotes":"","jetpack_publicize_message":"","jetpack_publicize_feature_enabled":true,"jetpack_social_post_already_shared":true,"jetpack_social_options":{"image_generator_settings":{"template":"highway","default_image_id":0,"font":"","enabled":false},"version":2}},"categories":[57],"tags":[],"class_list":["post-1615","post","type-post","status-publish","format-video","has-post-thumbnail","hentry","category-fotografia-ca","post_format-post-format-video"],"jetpack_publicize_connections":[],"jetpack_featured_media_url":"https:\/\/i0.wp.com\/kirstengomez.es\/bodas\/wp-content\/uploads\/2016\/01\/love.png?fit=1100%2C733","jetpack_sharing_enabled":true,"jetpack_shortlink":"https:\/\/wp.me\/p5ZDAn-q3","_links":{"self":[{"href":"http:\/\/kirstengomez.es\/bodas\/index.php?rest_route=\/wp\/v2\/posts\/1615","targetHints":{"allow":["GET"]}}],"collection":[{"href":"http:\/\/kirstengomez.es\/bodas\/index.php?rest_route=\/wp\/v2\/posts"}],"about":[{"href":"http:\/\/kirstengomez.es\/bodas\/index.php?rest_route=\/wp\/v2\/types\/post"}],"author":[{"embeddable":true,"href":"http:\/\/kirstengomez.es\/bodas\/index.php?rest_route=\/wp\/v2\/users\/1"}],"replies":[{"embeddable":true,"href":"http:\/\/kirstengomez.es\/bodas\/index.php?rest_route=%2Fwp%2Fv2%2Fcomments&post=1615"}],"version-history":[{"count":4,"href":"http:\/\/kirstengomez.es\/bodas\/index.php?rest_route=\/wp\/v2\/posts\/1615\/revisions"}],"predecessor-version":[{"id":2327,"href":"http:\/\/kirstengomez.es\/bodas\/index.php?rest_route=\/wp\/v2\/posts\/1615\/revisions\/2327"}],"wp:featuredmedia":[{"embeddable":true,"href":"http:\/\/kirstengomez.es\/bodas\/index.php?rest_route=\/wp\/v2\/media\/1612"}],"wp:attachment":[{"href":"http:\/\/kirstengomez.es\/bodas\/index.php?rest_route=%2Fwp%2Fv2%2Fmedia&parent=1615"}],"wp:term":[{"taxonomy":"category","embeddable":true,"href":"http:\/\/kirstengomez.es\/bodas\/index.php?rest_route=%2Fwp%2Fv2%2Fcategories&post=1615"},{"taxonomy":"post_tag","embeddable":true,"href":"http:\/\/kirstengomez.es\/bodas\/index.php?rest_route=%2Fwp%2Fv2%2Ftags&post=1615"}],"curies":[{"name":"wp","href":"https:\/\/api.w.org\/{rel}","templated":true}]}}