{"id":1611,"date":"2016-01-30T18:23:40","date_gmt":"2016-01-30T18:23:40","guid":{"rendered":"http:\/\/kirstengomez.es\/bodas\/?p=1611"},"modified":"2016-11-17T17:21:22","modified_gmt":"2016-11-17T17:21:22","slug":"se-acerca-san-valentin","status":"publish","type":"post","link":"http:\/\/kirstengomez.es\/bodas\/?p=1611","title":{"rendered":"SE ACERCA SAN VALENT\u00cdN"},"content":{"rendered":"<p style=\"text-align: justify;\">Puede que San Valent\u00edn sea la excusa perfecta para retratar vuestra felicidad juntos. A algunos nos cuesta hacerlo pero creo que hay que dedicar una sesi\u00f3n de fotos a capturar el amor y recordar siempre esa \u00e9poca. Porque cuando os quer\u00e1is dar cuenta tendr\u00e9is muchos Selfies con el Smartphone que no transmiten lo mismo y\/o no tendr\u00e1n la misma calidad fotogr\u00e1fica. Se ver\u00e1 lo bellos que sois s\u00ed, pero no se ver\u00e1 ese amor que se captura en una imagen sin posados. Os invito a que tom\u00e9is por excusa San Valent\u00edn para daros ese capricho que durar\u00e1 para siempre.<\/p>\n<p>&nbsp;<\/p>\n<p><img data-recalc-dims=\"1\" loading=\"lazy\" decoding=\"async\" data-attachment-id=\"1622\" data-permalink=\"http:\/\/kirstengomez.es\/bodas\/?attachment_id=1622\" data-orig-file=\"https:\/\/i0.wp.com\/kirstengomez.es\/bodas\/wp-content\/uploads\/2016\/01\/12651249_984600524921488_4734173242612739253_n.jpg?fit=960%2C639\" data-orig-size=\"960,639\" data-comments-opened=\"1\" data-image-meta=\"{&quot;aperture&quot;:&quot;0&quot;,&quot;credit&quot;:&quot;&quot;,&quot;camera&quot;:&quot;&quot;,&quot;caption&quot;:&quot;&quot;,&quot;created_timestamp&quot;:&quot;0&quot;,&quot;copyright&quot;:&quot;&quot;,&quot;focal_length&quot;:&quot;0&quot;,&quot;iso&quot;:&quot;0&quot;,&quot;shutter_speed&quot;:&quot;0&quot;,&quot;title&quot;:&quot;&quot;,&quot;orientation&quot;:&quot;0&quot;}\" data-image-title=\"12651249_984600524921488_4734173242612739253_n\" data-image-description=\"\" data-image-caption=\"\" data-large-file=\"https:\/\/i0.wp.com\/kirstengomez.es\/bodas\/wp-content\/uploads\/2016\/01\/12651249_984600524921488_4734173242612739253_n.jpg?fit=960%2C639\" class=\"alignleft size-full wp-image-1622\" src=\"https:\/\/i0.wp.com\/kirstengomez.es\/bodas\/wp-content\/uploads\/2016\/01\/12651249_984600524921488_4734173242612739253_n.jpg?resize=960%2C639\" alt=\"12651249_984600524921488_4734173242612739253_n\" width=\"960\" height=\"639\" srcset=\"https:\/\/i0.wp.com\/kirstengomez.es\/bodas\/wp-content\/uploads\/2016\/01\/12651249_984600524921488_4734173242612739253_n.jpg?w=960 960w, https:\/\/i0.wp.com\/kirstengomez.es\/bodas\/wp-content\/uploads\/2016\/01\/12651249_984600524921488_4734173242612739253_n.jpg?resize=300%2C200 300w, https:\/\/i0.wp.com\/kirstengomez.es\/bodas\/wp-content\/uploads\/2016\/01\/12651249_984600524921488_4734173242612739253_n.jpg?resize=800%2C533 800w, https:\/\/i0.wp.com\/kirstengomez.es\/bodas\/wp-content\/uploads\/2016\/01\/12651249_984600524921488_4734173242612739253_n.jpg?resize=500%2C333 500w\" sizes=\"auto, (max-width: 960px) 100vw, 960px\" \/><\/p>\n","protected":false},"excerpt":{"rendered":"<p>Puede que San Valent\u00edn sea la excusa perfecta para retratar vuestra felicidad juntos. A algunos nos cuesta hacerlo pero creo que hay que dedicar una sesi\u00f3n de fotos a capturar el amor y recordar siempre esa \u00e9poca. Porque cuando os quer\u00e1is dar cuenta tendr\u00e9is muchos Selfies con el Smartphone que no transmiten lo mismo y\/o&#8230;<\/p>\n","protected":false},"author":1,"featured_media":1612,"comment_status":"open","ping_status":"open","sticky":false,"template":"","format":"video","meta":{"jetpack_post_was_ever_published":false,"_jetpack_newsletter_access":"","_jetpack_dont_email_post_to_subs":false,"_jetpack_newsletter_tier_id":0,"_jetpack_memberships_contains_paywalled_content":false,"_jetpack_memberships_contains_paid_content":false,"footnotes":"","jetpack_publicize_message":"","jetpack_publicize_feature_enabled":true,"jetpack_social_post_already_shared":true,"jetpack_social_options":{"image_generator_settings":{"template":"highway","default_image_id":0,"font":"","enabled":false},"version":2}},"categories":[11],"tags":[],"class_list":["post-1611","post","type-post","status-publish","format-video","has-post-thumbnail","hentry","category-fotografia","post_format-post-format-video"],"jetpack_publicize_connections":[],"jetpack_featured_media_url":"https:\/\/i0.wp.com\/kirstengomez.es\/bodas\/wp-content\/uploads\/2016\/01\/love.png?fit=1100%2C733","jetpack_sharing_enabled":true,"jetpack_shortlink":"https:\/\/wp.me\/p5ZDAn-pZ","_links":{"self":[{"href":"http:\/\/kirstengomez.es\/bodas\/index.php?rest_route=\/wp\/v2\/posts\/1611","targetHints":{"allow":["GET"]}}],"collection":[{"href":"http:\/\/kirstengomez.es\/bodas\/index.php?rest_route=\/wp\/v2\/posts"}],"about":[{"href":"http:\/\/kirstengomez.es\/bodas\/index.php?rest_route=\/wp\/v2\/types\/post"}],"author":[{"embeddable":true,"href":"http:\/\/kirstengomez.es\/bodas\/index.php?rest_route=\/wp\/v2\/users\/1"}],"replies":[{"embeddable":true,"href":"http:\/\/kirstengomez.es\/bodas\/index.php?rest_route=%2Fwp%2Fv2%2Fcomments&post=1611"}],"version-history":[{"count":4,"href":"http:\/\/kirstengomez.es\/bodas\/index.php?rest_route=\/wp\/v2\/posts\/1611\/revisions"}],"predecessor-version":[{"id":2329,"href":"http:\/\/kirstengomez.es\/bodas\/index.php?rest_route=\/wp\/v2\/posts\/1611\/revisions\/2329"}],"wp:featuredmedia":[{"embeddable":true,"href":"http:\/\/kirstengomez.es\/bodas\/index.php?rest_route=\/wp\/v2\/media\/1612"}],"wp:attachment":[{"href":"http:\/\/kirstengomez.es\/bodas\/index.php?rest_route=%2Fwp%2Fv2%2Fmedia&parent=1611"}],"wp:term":[{"taxonomy":"category","embeddable":true,"href":"http:\/\/kirstengomez.es\/bodas\/index.php?rest_route=%2Fwp%2Fv2%2Fcategories&post=1611"},{"taxonomy":"post_tag","embeddable":true,"href":"http:\/\/kirstengomez.es\/bodas\/index.php?rest_route=%2Fwp%2Fv2%2Ftags&post=1611"}],"curies":[{"name":"wp","href":"https:\/\/api.w.org\/{rel}","templated":true}]}}