{"id":1412,"date":"2015-10-08T16:59:27","date_gmt":"2015-10-08T16:59:27","guid":{"rendered":"http:\/\/kirstengomez.es\/bodas\/?p=1412"},"modified":"2015-10-08T18:11:24","modified_gmt":"2015-10-08T18:11:24","slug":"1412","status":"publish","type":"post","link":"http:\/\/kirstengomez.es\/bodas\/?p=1412","title":{"rendered":"A &#038; J &#8211; Contra viento y marea"},"content":{"rendered":"<p style=\"text-align: justify;\">\u00bfPor qu\u00e9 \u00abContra viento y marea\u00bb?<br \/>\nPor una sencilla raz\u00f3n. El d\u00eda que A &amp; J se casaron hizo una tramuntana impresionante. Algo habitual por la zona de Torroella de Montgr\u00ed, pero claro, resulta molesta si quieres hacer algo al aire libre.<\/p>\n<p style=\"text-align: justify;\">Cuando te casas tienes algo muy claro, la fecha. No obstante no eliges el tiempo que har\u00e1, es totalmente impredecible. Y as\u00ed fue en su boda. Pero las cosas siempre tienen su lado positivo y es que no llovi\u00f3. Lo m\u00e1s importante de todo, salieron unas fotos estupendas y lo pasaron genial.<\/p>\n<p style=\"text-align: justify;\">La novia se cambi\u00f3 en la suite preparada para ellos en el <a href=\"http:\/\/www.palaulomirador.com\" target=\"_blank\">hotel Palau Lo mirador<\/a>. Se puso un precioso vestido de <a href=\"http:\/\/www.sinovias.es\/es\/sinovias-gerona-sinuvies-girona.aspx\" target=\"_blank\">Sinovias Uomo Girona<\/a>.<\/p>\n<p><img data-recalc-dims=\"1\" loading=\"lazy\" decoding=\"async\" data-attachment-id=\"1350\" data-permalink=\"http:\/\/kirstengomez.es\/bodas\/?attachment_id=1350\" data-orig-file=\"https:\/\/i0.wp.com\/kirstengomez.es\/bodas\/wp-content\/uploads\/2015\/10\/ja-11.jpg?fit=700%2C467\" data-orig-size=\"700,467\" data-comments-opened=\"1\" data-image-meta=\"{&quot;aperture&quot;:&quot;1.4&quot;,&quot;credit&quot;:&quot;Kirsten G\\u00f3mez&quot;,&quot;camera&quot;:&quot;Canon EOS 5D Mark III&quot;,&quot;caption&quot;:&quot;&quot;,&quot;created_timestamp&quot;:&quot;1431794160&quot;,&quot;copyright&quot;:&quot;&quot;,&quot;focal_length&quot;:&quot;50&quot;,&quot;iso&quot;:&quot;1000&quot;,&quot;shutter_speed&quot;:&quot;0.01&quot;,&quot;title&quot;:&quot;&quot;,&quot;orientation&quot;:&quot;1&quot;}\" data-image-title=\"J&amp;#038;A-11\" data-image-description=\"\" data-image-caption=\"\" data-large-file=\"https:\/\/i0.wp.com\/kirstengomez.es\/bodas\/wp-content\/uploads\/2015\/10\/ja-11.jpg?fit=700%2C467\" class=\"alignleft size-large wp-image-1350\" src=\"https:\/\/i0.wp.com\/kirstengomez.es\/bodas\/wp-content\/uploads\/2015\/10\/ja-11.jpg?resize=700%2C467\" alt=\"J&amp;A-11\" width=\"700\" height=\"467\" srcset=\"https:\/\/i0.wp.com\/kirstengomez.es\/bodas\/wp-content\/uploads\/2015\/10\/ja-11.jpg?w=700 700w, https:\/\/i0.wp.com\/kirstengomez.es\/bodas\/wp-content\/uploads\/2015\/10\/ja-11.jpg?resize=300%2C200 300w, https:\/\/i0.wp.com\/kirstengomez.es\/bodas\/wp-content\/uploads\/2015\/10\/ja-11.jpg?resize=500%2C334 500w\" sizes=\"auto, (max-width: 700px) 100vw, 700px\" \/><\/p>\n<p><img data-recalc-dims=\"1\" loading=\"lazy\" decoding=\"async\" data-attachment-id=\"1345\" data-permalink=\"http:\/\/kirstengomez.es\/bodas\/?attachment_id=1345\" data-orig-file=\"https:\/\/i0.wp.com\/kirstengomez.es\/bodas\/wp-content\/uploads\/2015\/10\/ja-3.jpg?fit=700%2C467\" data-orig-size=\"700,467\" data-comments-opened=\"1\" data-image-meta=\"{&quot;aperture&quot;:&quot;1.6&quot;,&quot;credit&quot;:&quot;Kirsten G\\u00f3mez&quot;,&quot;camera&quot;:&quot;Canon EOS 5D Mark III&quot;,&quot;caption&quot;:&quot;&quot;,&quot;created_timestamp&quot;:&quot;1431792314&quot;,&quot;copyright&quot;:&quot;&quot;,&quot;focal_length&quot;:&quot;50&quot;,&quot;iso&quot;:&quot;800&quot;,&quot;shutter_speed&quot;:&quot;0.008&quot;,&quot;title&quot;:&quot;&quot;,&quot;orientation&quot;:&quot;1&quot;}\" data-image-title=\"J&amp;#038;A-3\" data-image-description=\"\" data-image-caption=\"\" data-large-file=\"https:\/\/i0.wp.com\/kirstengomez.es\/bodas\/wp-content\/uploads\/2015\/10\/ja-3.jpg?fit=700%2C467\" class=\"alignleft size-full wp-image-1345\" src=\"https:\/\/i0.wp.com\/kirstengomez.es\/bodas\/wp-content\/uploads\/2015\/10\/ja-3.jpg?resize=700%2C467\" alt=\"J&amp;A-3\" width=\"700\" height=\"467\" srcset=\"https:\/\/i0.wp.com\/kirstengomez.es\/bodas\/wp-content\/uploads\/2015\/10\/ja-3.jpg?w=700 700w, https:\/\/i0.wp.com\/kirstengomez.es\/bodas\/wp-content\/uploads\/2015\/10\/ja-3.jpg?resize=300%2C200 300w, https:\/\/i0.wp.com\/kirstengomez.es\/bodas\/wp-content\/uploads\/2015\/10\/ja-3.jpg?resize=500%2C334 500w\" sizes=\"auto, (max-width: 700px) 100vw, 700px\" \/><\/p>\n<p><img data-recalc-dims=\"1\" loading=\"lazy\" decoding=\"async\" data-attachment-id=\"1331\" data-permalink=\"http:\/\/kirstengomez.es\/bodas\/?attachment_id=1331\" data-orig-file=\"https:\/\/i0.wp.com\/kirstengomez.es\/bodas\/wp-content\/uploads\/2015\/10\/aj001.png?fit=700%2C517\" data-orig-size=\"700,517\" data-comments-opened=\"1\" data-image-meta=\"{&quot;aperture&quot;:&quot;0&quot;,&quot;credit&quot;:&quot;&quot;,&quot;camera&quot;:&quot;&quot;,&quot;caption&quot;:&quot;&quot;,&quot;created_timestamp&quot;:&quot;0&quot;,&quot;copyright&quot;:&quot;&quot;,&quot;focal_length&quot;:&quot;0&quot;,&quot;iso&quot;:&quot;0&quot;,&quot;shutter_speed&quot;:&quot;0&quot;,&quot;title&quot;:&quot;&quot;,&quot;orientation&quot;:&quot;0&quot;}\" data-image-title=\"A&amp;#038;J001\" data-image-description=\"\" data-image-caption=\"\" data-large-file=\"https:\/\/i0.wp.com\/kirstengomez.es\/bodas\/wp-content\/uploads\/2015\/10\/aj001.png?fit=700%2C517\" class=\"alignleft size-full wp-image-1331\" src=\"https:\/\/i0.wp.com\/kirstengomez.es\/bodas\/wp-content\/uploads\/2015\/10\/aj001.png?resize=700%2C517\" alt=\"A&amp;J001\" width=\"700\" height=\"517\" srcset=\"https:\/\/i0.wp.com\/kirstengomez.es\/bodas\/wp-content\/uploads\/2015\/10\/aj001.png?w=700 700w, https:\/\/i0.wp.com\/kirstengomez.es\/bodas\/wp-content\/uploads\/2015\/10\/aj001.png?resize=300%2C222 300w, https:\/\/i0.wp.com\/kirstengomez.es\/bodas\/wp-content\/uploads\/2015\/10\/aj001.png?resize=500%2C369 500w\" sizes=\"auto, (max-width: 700px) 100vw, 700px\" \/><\/p>\n<p><img data-recalc-dims=\"1\" loading=\"lazy\" decoding=\"async\" data-attachment-id=\"1346\" data-permalink=\"http:\/\/kirstengomez.es\/bodas\/?attachment_id=1346\" data-orig-file=\"https:\/\/i0.wp.com\/kirstengomez.es\/bodas\/wp-content\/uploads\/2015\/10\/ja-4.jpg?fit=700%2C467\" data-orig-size=\"700,467\" data-comments-opened=\"1\" data-image-meta=\"{&quot;aperture&quot;:&quot;1.8&quot;,&quot;credit&quot;:&quot;Kirsten G\\u00f3mez&quot;,&quot;camera&quot;:&quot;Canon EOS 5D Mark III&quot;,&quot;caption&quot;:&quot;&quot;,&quot;created_timestamp&quot;:&quot;1431792787&quot;,&quot;copyright&quot;:&quot;&quot;,&quot;focal_length&quot;:&quot;50&quot;,&quot;iso&quot;:&quot;400&quot;,&quot;shutter_speed&quot;:&quot;0.008&quot;,&quot;title&quot;:&quot;&quot;,&quot;orientation&quot;:&quot;1&quot;}\" data-image-title=\"J&amp;#038;A-4\" data-image-description=\"\" data-image-caption=\"\" data-large-file=\"https:\/\/i0.wp.com\/kirstengomez.es\/bodas\/wp-content\/uploads\/2015\/10\/ja-4.jpg?fit=700%2C467\" class=\"alignleft size-large wp-image-1346\" src=\"https:\/\/i0.wp.com\/kirstengomez.es\/bodas\/wp-content\/uploads\/2015\/10\/ja-4.jpg?resize=700%2C467\" alt=\"J&amp;A-4\" width=\"700\" height=\"467\" srcset=\"https:\/\/i0.wp.com\/kirstengomez.es\/bodas\/wp-content\/uploads\/2015\/10\/ja-4.jpg?w=700 700w, https:\/\/i0.wp.com\/kirstengomez.es\/bodas\/wp-content\/uploads\/2015\/10\/ja-4.jpg?resize=300%2C200 300w, https:\/\/i0.wp.com\/kirstengomez.es\/bodas\/wp-content\/uploads\/2015\/10\/ja-4.jpg?resize=500%2C334 500w\" sizes=\"auto, (max-width: 700px) 100vw, 700px\" \/><img data-recalc-dims=\"1\" loading=\"lazy\" decoding=\"async\" data-attachment-id=\"1332\" data-permalink=\"http:\/\/kirstengomez.es\/bodas\/?attachment_id=1332\" data-orig-file=\"https:\/\/i0.wp.com\/kirstengomez.es\/bodas\/wp-content\/uploads\/2015\/10\/aj002.png?fit=700%2C517\" data-orig-size=\"700,517\" data-comments-opened=\"1\" data-image-meta=\"{&quot;aperture&quot;:&quot;0&quot;,&quot;credit&quot;:&quot;&quot;,&quot;camera&quot;:&quot;&quot;,&quot;caption&quot;:&quot;&quot;,&quot;created_timestamp&quot;:&quot;0&quot;,&quot;copyright&quot;:&quot;&quot;,&quot;focal_length&quot;:&quot;0&quot;,&quot;iso&quot;:&quot;0&quot;,&quot;shutter_speed&quot;:&quot;0&quot;,&quot;title&quot;:&quot;&quot;,&quot;orientation&quot;:&quot;0&quot;}\" data-image-title=\"A&amp;#038;J002\" data-image-description=\"\" data-image-caption=\"\" data-large-file=\"https:\/\/i0.wp.com\/kirstengomez.es\/bodas\/wp-content\/uploads\/2015\/10\/aj002.png?fit=700%2C517\" class=\"alignleft size-full wp-image-1332\" src=\"https:\/\/i0.wp.com\/kirstengomez.es\/bodas\/wp-content\/uploads\/2015\/10\/aj002.png?resize=700%2C517\" alt=\"A&amp;J002\" width=\"700\" height=\"517\" srcset=\"https:\/\/i0.wp.com\/kirstengomez.es\/bodas\/wp-content\/uploads\/2015\/10\/aj002.png?w=700 700w, https:\/\/i0.wp.com\/kirstengomez.es\/bodas\/wp-content\/uploads\/2015\/10\/aj002.png?resize=300%2C222 300w, https:\/\/i0.wp.com\/kirstengomez.es\/bodas\/wp-content\/uploads\/2015\/10\/aj002.png?resize=500%2C369 500w\" sizes=\"auto, (max-width: 700px) 100vw, 700px\" \/><\/p>\n<p><img data-recalc-dims=\"1\" loading=\"lazy\" decoding=\"async\" data-attachment-id=\"1347\" data-permalink=\"http:\/\/kirstengomez.es\/bodas\/?attachment_id=1347\" data-orig-file=\"https:\/\/i0.wp.com\/kirstengomez.es\/bodas\/wp-content\/uploads\/2015\/10\/ja-7.jpg?fit=700%2C467\" data-orig-size=\"700,467\" data-comments-opened=\"1\" data-image-meta=\"{&quot;aperture&quot;:&quot;1.4&quot;,&quot;credit&quot;:&quot;Kirsten G\\u00f3mez&quot;,&quot;camera&quot;:&quot;Canon EOS 5D Mark III&quot;,&quot;caption&quot;:&quot;&quot;,&quot;created_timestamp&quot;:&quot;1431793632&quot;,&quot;copyright&quot;:&quot;&quot;,&quot;focal_length&quot;:&quot;50&quot;,&quot;iso&quot;:&quot;640&quot;,&quot;shutter_speed&quot;:&quot;0.008&quot;,&quot;title&quot;:&quot;&quot;,&quot;orientation&quot;:&quot;1&quot;}\" data-image-title=\"J&amp;#038;A-7\" data-image-description=\"\" data-image-caption=\"\" data-large-file=\"https:\/\/i0.wp.com\/kirstengomez.es\/bodas\/wp-content\/uploads\/2015\/10\/ja-7.jpg?fit=700%2C467\" class=\"alignleft size-large wp-image-1347\" src=\"https:\/\/i0.wp.com\/kirstengomez.es\/bodas\/wp-content\/uploads\/2015\/10\/ja-7.jpg?resize=700%2C467\" alt=\"J&amp;A-7\" width=\"700\" height=\"467\" srcset=\"https:\/\/i0.wp.com\/kirstengomez.es\/bodas\/wp-content\/uploads\/2015\/10\/ja-7.jpg?w=700 700w, https:\/\/i0.wp.com\/kirstengomez.es\/bodas\/wp-content\/uploads\/2015\/10\/ja-7.jpg?resize=300%2C200 300w, https:\/\/i0.wp.com\/kirstengomez.es\/bodas\/wp-content\/uploads\/2015\/10\/ja-7.jpg?resize=500%2C334 500w\" sizes=\"auto, (max-width: 700px) 100vw, 700px\" \/><img data-recalc-dims=\"1\" loading=\"lazy\" decoding=\"async\" data-attachment-id=\"1351\" data-permalink=\"http:\/\/kirstengomez.es\/bodas\/?attachment_id=1351\" data-orig-file=\"https:\/\/i0.wp.com\/kirstengomez.es\/bodas\/wp-content\/uploads\/2015\/10\/ja-12.jpg?fit=700%2C467\" data-orig-size=\"700,467\" data-comments-opened=\"1\" data-image-meta=\"{&quot;aperture&quot;:&quot;2&quot;,&quot;credit&quot;:&quot;Kirsten G\\u00f3mez&quot;,&quot;camera&quot;:&quot;Canon EOS 5D Mark III&quot;,&quot;caption&quot;:&quot;&quot;,&quot;created_timestamp&quot;:&quot;1431794345&quot;,&quot;copyright&quot;:&quot;&quot;,&quot;focal_length&quot;:&quot;50&quot;,&quot;iso&quot;:&quot;640&quot;,&quot;shutter_speed&quot;:&quot;0.008&quot;,&quot;title&quot;:&quot;&quot;,&quot;orientation&quot;:&quot;1&quot;}\" data-image-title=\"J&amp;#038;A-12\" data-image-description=\"\" data-image-caption=\"\" data-large-file=\"https:\/\/i0.wp.com\/kirstengomez.es\/bodas\/wp-content\/uploads\/2015\/10\/ja-12.jpg?fit=700%2C467\" class=\"alignleft size-full wp-image-1351\" src=\"https:\/\/i0.wp.com\/kirstengomez.es\/bodas\/wp-content\/uploads\/2015\/10\/ja-12.jpg?resize=700%2C467\" alt=\"J&amp;A-12\" width=\"700\" height=\"467\" srcset=\"https:\/\/i0.wp.com\/kirstengomez.es\/bodas\/wp-content\/uploads\/2015\/10\/ja-12.jpg?w=700 700w, https:\/\/i0.wp.com\/kirstengomez.es\/bodas\/wp-content\/uploads\/2015\/10\/ja-12.jpg?resize=300%2C200 300w, https:\/\/i0.wp.com\/kirstengomez.es\/bodas\/wp-content\/uploads\/2015\/10\/ja-12.jpg?resize=500%2C334 500w\" sizes=\"auto, (max-width: 700px) 100vw, 700px\" \/><\/p>\n<p><img data-recalc-dims=\"1\" loading=\"lazy\" decoding=\"async\" data-attachment-id=\"1349\" data-permalink=\"http:\/\/kirstengomez.es\/bodas\/?attachment_id=1349\" data-orig-file=\"https:\/\/i0.wp.com\/kirstengomez.es\/bodas\/wp-content\/uploads\/2015\/10\/ja-9.jpg?fit=700%2C467\" data-orig-size=\"700,467\" data-comments-opened=\"1\" data-image-meta=\"{&quot;aperture&quot;:&quot;1.8&quot;,&quot;credit&quot;:&quot;Kirsten G\\u00f3mez&quot;,&quot;camera&quot;:&quot;Canon EOS 5D Mark III&quot;,&quot;caption&quot;:&quot;&quot;,&quot;created_timestamp&quot;:&quot;1431793867&quot;,&quot;copyright&quot;:&quot;&quot;,&quot;focal_length&quot;:&quot;50&quot;,&quot;iso&quot;:&quot;200&quot;,&quot;shutter_speed&quot;:&quot;0.008&quot;,&quot;title&quot;:&quot;&quot;,&quot;orientation&quot;:&quot;1&quot;}\" data-image-title=\"J&amp;#038;A-9\" data-image-description=\"\" data-image-caption=\"\" data-large-file=\"https:\/\/i0.wp.com\/kirstengomez.es\/bodas\/wp-content\/uploads\/2015\/10\/ja-9.jpg?fit=700%2C467\" class=\"alignleft size-full wp-image-1349\" src=\"https:\/\/i0.wp.com\/kirstengomez.es\/bodas\/wp-content\/uploads\/2015\/10\/ja-9.jpg?resize=700%2C467\" alt=\"J&amp;A-9\" width=\"700\" height=\"467\" srcset=\"https:\/\/i0.wp.com\/kirstengomez.es\/bodas\/wp-content\/uploads\/2015\/10\/ja-9.jpg?w=700 700w, https:\/\/i0.wp.com\/kirstengomez.es\/bodas\/wp-content\/uploads\/2015\/10\/ja-9.jpg?resize=300%2C200 300w, https:\/\/i0.wp.com\/kirstengomez.es\/bodas\/wp-content\/uploads\/2015\/10\/ja-9.jpg?resize=500%2C334 500w\" sizes=\"auto, (max-width: 700px) 100vw, 700px\" \/><\/p>\n<p><img data-recalc-dims=\"1\" loading=\"lazy\" decoding=\"async\" data-attachment-id=\"1348\" data-permalink=\"http:\/\/kirstengomez.es\/bodas\/?attachment_id=1348\" data-orig-file=\"https:\/\/i0.wp.com\/kirstengomez.es\/bodas\/wp-content\/uploads\/2015\/10\/ja-8.jpg?fit=700%2C467\" data-orig-size=\"700,467\" data-comments-opened=\"1\" data-image-meta=\"{&quot;aperture&quot;:&quot;1.4&quot;,&quot;credit&quot;:&quot;Kirsten G\\u00f3mez&quot;,&quot;camera&quot;:&quot;Canon EOS 5D Mark III&quot;,&quot;caption&quot;:&quot;&quot;,&quot;created_timestamp&quot;:&quot;1431793810&quot;,&quot;copyright&quot;:&quot;&quot;,&quot;focal_length&quot;:&quot;50&quot;,&quot;iso&quot;:&quot;320&quot;,&quot;shutter_speed&quot;:&quot;0.008&quot;,&quot;title&quot;:&quot;&quot;,&quot;orientation&quot;:&quot;1&quot;}\" data-image-title=\"J&amp;#038;A-8\" data-image-description=\"\" data-image-caption=\"\" data-large-file=\"https:\/\/i0.wp.com\/kirstengomez.es\/bodas\/wp-content\/uploads\/2015\/10\/ja-8.jpg?fit=700%2C467\" class=\"alignleft size-large wp-image-1348\" src=\"https:\/\/i0.wp.com\/kirstengomez.es\/bodas\/wp-content\/uploads\/2015\/10\/ja-8.jpg?resize=700%2C467\" alt=\"J&amp;A-8\" width=\"700\" height=\"467\" srcset=\"https:\/\/i0.wp.com\/kirstengomez.es\/bodas\/wp-content\/uploads\/2015\/10\/ja-8.jpg?w=700 700w, https:\/\/i0.wp.com\/kirstengomez.es\/bodas\/wp-content\/uploads\/2015\/10\/ja-8.jpg?resize=300%2C200 300w, https:\/\/i0.wp.com\/kirstengomez.es\/bodas\/wp-content\/uploads\/2015\/10\/ja-8.jpg?resize=500%2C334 500w\" sizes=\"auto, (max-width: 700px) 100vw, 700px\" \/><br \/>\nEsta foto de aqu\u00ed abajo es lo que llamo yo un \u00abSelfie\u00bb y no me hace falta ning\u00fan palo \ud83d\ude09<br \/>\n\u00bfMe v\u00e9is?<\/p>\n<p>&nbsp;<\/p>\n<p>&nbsp;<\/p>\n<p><img data-recalc-dims=\"1\" loading=\"lazy\" decoding=\"async\" data-attachment-id=\"1352\" data-permalink=\"http:\/\/kirstengomez.es\/bodas\/?attachment_id=1352\" data-orig-file=\"https:\/\/i0.wp.com\/kirstengomez.es\/bodas\/wp-content\/uploads\/2015\/10\/ja-13.jpg?fit=700%2C467\" data-orig-size=\"700,467\" data-comments-opened=\"1\" data-image-meta=\"{&quot;aperture&quot;:&quot;2&quot;,&quot;credit&quot;:&quot;Kirsten G\\u00f3mez&quot;,&quot;camera&quot;:&quot;Canon EOS 5D Mark III&quot;,&quot;caption&quot;:&quot;&quot;,&quot;created_timestamp&quot;:&quot;1431794358&quot;,&quot;copyright&quot;:&quot;&quot;,&quot;focal_length&quot;:&quot;50&quot;,&quot;iso&quot;:&quot;640&quot;,&quot;shutter_speed&quot;:&quot;0.008&quot;,&quot;title&quot;:&quot;&quot;,&quot;orientation&quot;:&quot;1&quot;}\" data-image-title=\"J&amp;#038;A-13\" data-image-description=\"\" data-image-caption=\"\" data-large-file=\"https:\/\/i0.wp.com\/kirstengomez.es\/bodas\/wp-content\/uploads\/2015\/10\/ja-13.jpg?fit=700%2C467\" class=\"alignleft size-full wp-image-1352\" src=\"https:\/\/i0.wp.com\/kirstengomez.es\/bodas\/wp-content\/uploads\/2015\/10\/ja-13.jpg?resize=700%2C467\" alt=\"J&amp;A-13\" width=\"700\" height=\"467\" srcset=\"https:\/\/i0.wp.com\/kirstengomez.es\/bodas\/wp-content\/uploads\/2015\/10\/ja-13.jpg?w=700 700w, https:\/\/i0.wp.com\/kirstengomez.es\/bodas\/wp-content\/uploads\/2015\/10\/ja-13.jpg?resize=300%2C200 300w, https:\/\/i0.wp.com\/kirstengomez.es\/bodas\/wp-content\/uploads\/2015\/10\/ja-13.jpg?resize=500%2C334 500w\" sizes=\"auto, (max-width: 700px) 100vw, 700px\" \/><\/p>\n<p>&nbsp;<\/p>\n<p>&nbsp;<\/p>\n<p>Como el novio se cambi\u00f3 all\u00ed mismo tambi\u00e9n, hicimos lo posible por no hacerlos coincidir. Y aprovechamos todos los rinconces de ese bonito lugar.\u00a0El traje del novio es de <a href=\"http:\/\/www.traccionuvis.com\/ca\/\" target=\"_blank\">Tracci\u00f3n Novios (Banyoles)<\/a> hecho a medida para \u00e9l con un tejido muy\u00a0bonito.<\/p>\n<p>&nbsp;<\/p>\n<p>&nbsp;<\/p>\n<p><img data-recalc-dims=\"1\" loading=\"lazy\" decoding=\"async\" data-attachment-id=\"1353\" data-permalink=\"http:\/\/kirstengomez.es\/bodas\/?attachment_id=1353\" data-orig-file=\"https:\/\/i0.wp.com\/kirstengomez.es\/bodas\/wp-content\/uploads\/2015\/10\/ja-14.jpg?fit=700%2C467\" data-orig-size=\"700,467\" data-comments-opened=\"1\" data-image-meta=\"{&quot;aperture&quot;:&quot;2&quot;,&quot;credit&quot;:&quot;Kirsten G\\u00f3mez&quot;,&quot;camera&quot;:&quot;Canon EOS 5D Mark III&quot;,&quot;caption&quot;:&quot;&quot;,&quot;created_timestamp&quot;:&quot;1431794627&quot;,&quot;copyright&quot;:&quot;&quot;,&quot;focal_length&quot;:&quot;50&quot;,&quot;iso&quot;:&quot;640&quot;,&quot;shutter_speed&quot;:&quot;0.008&quot;,&quot;title&quot;:&quot;&quot;,&quot;orientation&quot;:&quot;1&quot;}\" data-image-title=\"J&amp;#038;A-14\" data-image-description=\"\" data-image-caption=\"\" data-large-file=\"https:\/\/i0.wp.com\/kirstengomez.es\/bodas\/wp-content\/uploads\/2015\/10\/ja-14.jpg?fit=700%2C467\" class=\"alignleft size-full wp-image-1353\" src=\"https:\/\/i0.wp.com\/kirstengomez.es\/bodas\/wp-content\/uploads\/2015\/10\/ja-14.jpg?resize=700%2C467\" alt=\"J&amp;A-14\" width=\"700\" height=\"467\" srcset=\"https:\/\/i0.wp.com\/kirstengomez.es\/bodas\/wp-content\/uploads\/2015\/10\/ja-14.jpg?w=700 700w, https:\/\/i0.wp.com\/kirstengomez.es\/bodas\/wp-content\/uploads\/2015\/10\/ja-14.jpg?resize=300%2C200 300w, https:\/\/i0.wp.com\/kirstengomez.es\/bodas\/wp-content\/uploads\/2015\/10\/ja-14.jpg?resize=500%2C334 500w\" sizes=\"auto, (max-width: 700px) 100vw, 700px\" \/><img data-recalc-dims=\"1\" loading=\"lazy\" decoding=\"async\" data-attachment-id=\"1354\" data-permalink=\"http:\/\/kirstengomez.es\/bodas\/?attachment_id=1354\" data-orig-file=\"https:\/\/i0.wp.com\/kirstengomez.es\/bodas\/wp-content\/uploads\/2015\/10\/ja-15.jpg?fit=700%2C467\" data-orig-size=\"700,467\" data-comments-opened=\"1\" data-image-meta=\"{&quot;aperture&quot;:&quot;2&quot;,&quot;credit&quot;:&quot;Kirsten G\\u00f3mez&quot;,&quot;camera&quot;:&quot;Canon EOS 5D Mark III&quot;,&quot;caption&quot;:&quot;&quot;,&quot;created_timestamp&quot;:&quot;1431794636&quot;,&quot;copyright&quot;:&quot;&quot;,&quot;focal_length&quot;:&quot;50&quot;,&quot;iso&quot;:&quot;640&quot;,&quot;shutter_speed&quot;:&quot;0.008&quot;,&quot;title&quot;:&quot;&quot;,&quot;orientation&quot;:&quot;1&quot;}\" data-image-title=\"J&amp;#038;A-15\" data-image-description=\"\" data-image-caption=\"\" data-large-file=\"https:\/\/i0.wp.com\/kirstengomez.es\/bodas\/wp-content\/uploads\/2015\/10\/ja-15.jpg?fit=700%2C467\" class=\"alignleft size-large wp-image-1354\" src=\"https:\/\/i0.wp.com\/kirstengomez.es\/bodas\/wp-content\/uploads\/2015\/10\/ja-15.jpg?resize=700%2C467\" alt=\"J&amp;A-15\" width=\"700\" height=\"467\" srcset=\"https:\/\/i0.wp.com\/kirstengomez.es\/bodas\/wp-content\/uploads\/2015\/10\/ja-15.jpg?w=700 700w, https:\/\/i0.wp.com\/kirstengomez.es\/bodas\/wp-content\/uploads\/2015\/10\/ja-15.jpg?resize=300%2C200 300w, https:\/\/i0.wp.com\/kirstengomez.es\/bodas\/wp-content\/uploads\/2015\/10\/ja-15.jpg?resize=500%2C334 500w\" sizes=\"auto, (max-width: 700px) 100vw, 700px\" \/><img data-recalc-dims=\"1\" loading=\"lazy\" decoding=\"async\" data-attachment-id=\"1333\" data-permalink=\"http:\/\/kirstengomez.es\/bodas\/?attachment_id=1333\" data-orig-file=\"https:\/\/i0.wp.com\/kirstengomez.es\/bodas\/wp-content\/uploads\/2015\/10\/aj003.png?fit=700%2C517\" data-orig-size=\"700,517\" data-comments-opened=\"1\" data-image-meta=\"{&quot;aperture&quot;:&quot;0&quot;,&quot;credit&quot;:&quot;&quot;,&quot;camera&quot;:&quot;&quot;,&quot;caption&quot;:&quot;&quot;,&quot;created_timestamp&quot;:&quot;0&quot;,&quot;copyright&quot;:&quot;&quot;,&quot;focal_length&quot;:&quot;0&quot;,&quot;iso&quot;:&quot;0&quot;,&quot;shutter_speed&quot;:&quot;0&quot;,&quot;title&quot;:&quot;&quot;,&quot;orientation&quot;:&quot;0&quot;}\" data-image-title=\"A&amp;#038;J003\" data-image-description=\"\" data-image-caption=\"\" data-large-file=\"https:\/\/i0.wp.com\/kirstengomez.es\/bodas\/wp-content\/uploads\/2015\/10\/aj003.png?fit=700%2C517\" class=\"alignleft size-full wp-image-1333\" src=\"https:\/\/i0.wp.com\/kirstengomez.es\/bodas\/wp-content\/uploads\/2015\/10\/aj003.png?resize=700%2C517\" alt=\"A&amp;J003\" width=\"700\" height=\"517\" srcset=\"https:\/\/i0.wp.com\/kirstengomez.es\/bodas\/wp-content\/uploads\/2015\/10\/aj003.png?w=700 700w, https:\/\/i0.wp.com\/kirstengomez.es\/bodas\/wp-content\/uploads\/2015\/10\/aj003.png?resize=300%2C222 300w, https:\/\/i0.wp.com\/kirstengomez.es\/bodas\/wp-content\/uploads\/2015\/10\/aj003.png?resize=500%2C369 500w\" sizes=\"auto, (max-width: 700px) 100vw, 700px\" \/><\/p>\n<p><img data-recalc-dims=\"1\" loading=\"lazy\" decoding=\"async\" data-attachment-id=\"1355\" data-permalink=\"http:\/\/kirstengomez.es\/bodas\/?attachment_id=1355\" data-orig-file=\"https:\/\/i0.wp.com\/kirstengomez.es\/bodas\/wp-content\/uploads\/2015\/10\/ja-17.jpg?fit=700%2C467\" data-orig-size=\"700,467\" data-comments-opened=\"1\" data-image-meta=\"{&quot;aperture&quot;:&quot;1.4&quot;,&quot;credit&quot;:&quot;Kirsten G\\u00f3mez&quot;,&quot;camera&quot;:&quot;Canon EOS 5D Mark III&quot;,&quot;caption&quot;:&quot;&quot;,&quot;created_timestamp&quot;:&quot;1431794899&quot;,&quot;copyright&quot;:&quot;&quot;,&quot;focal_length&quot;:&quot;50&quot;,&quot;iso&quot;:&quot;640&quot;,&quot;shutter_speed&quot;:&quot;0.008&quot;,&quot;title&quot;:&quot;&quot;,&quot;orientation&quot;:&quot;1&quot;}\" data-image-title=\"J&amp;#038;A-17\" data-image-description=\"\" data-image-caption=\"\" data-large-file=\"https:\/\/i0.wp.com\/kirstengomez.es\/bodas\/wp-content\/uploads\/2015\/10\/ja-17.jpg?fit=700%2C467\" class=\"alignleft size-large wp-image-1355\" src=\"https:\/\/i0.wp.com\/kirstengomez.es\/bodas\/wp-content\/uploads\/2015\/10\/ja-17.jpg?resize=700%2C467\" alt=\"J&amp;A-17\" width=\"700\" height=\"467\" srcset=\"https:\/\/i0.wp.com\/kirstengomez.es\/bodas\/wp-content\/uploads\/2015\/10\/ja-17.jpg?w=700 700w, https:\/\/i0.wp.com\/kirstengomez.es\/bodas\/wp-content\/uploads\/2015\/10\/ja-17.jpg?resize=300%2C200 300w, https:\/\/i0.wp.com\/kirstengomez.es\/bodas\/wp-content\/uploads\/2015\/10\/ja-17.jpg?resize=500%2C334 500w\" sizes=\"auto, (max-width: 700px) 100vw, 700px\" \/><img data-recalc-dims=\"1\" loading=\"lazy\" decoding=\"async\" data-attachment-id=\"1356\" data-permalink=\"http:\/\/kirstengomez.es\/bodas\/?attachment_id=1356\" data-orig-file=\"https:\/\/i0.wp.com\/kirstengomez.es\/bodas\/wp-content\/uploads\/2015\/10\/ja-19.jpg?fit=700%2C467\" data-orig-size=\"700,467\" data-comments-opened=\"1\" data-image-meta=\"{&quot;aperture&quot;:&quot;4&quot;,&quot;credit&quot;:&quot;Kirsten G\\u00f3mez&quot;,&quot;camera&quot;:&quot;Canon EOS 5D Mark III&quot;,&quot;caption&quot;:&quot;&quot;,&quot;created_timestamp&quot;:&quot;1431795113&quot;,&quot;copyright&quot;:&quot;&quot;,&quot;focal_length&quot;:&quot;50&quot;,&quot;iso&quot;:&quot;250&quot;,&quot;shutter_speed&quot;:&quot;0.008&quot;,&quot;title&quot;:&quot;&quot;,&quot;orientation&quot;:&quot;1&quot;}\" data-image-title=\"J&amp;#038;A-19\" data-image-description=\"\" data-image-caption=\"\" data-large-file=\"https:\/\/i0.wp.com\/kirstengomez.es\/bodas\/wp-content\/uploads\/2015\/10\/ja-19.jpg?fit=700%2C467\" class=\"alignleft size-full wp-image-1356\" src=\"https:\/\/i0.wp.com\/kirstengomez.es\/bodas\/wp-content\/uploads\/2015\/10\/ja-19.jpg?resize=700%2C467\" alt=\"J&amp;A-19\" width=\"700\" height=\"467\" srcset=\"https:\/\/i0.wp.com\/kirstengomez.es\/bodas\/wp-content\/uploads\/2015\/10\/ja-19.jpg?w=700 700w, https:\/\/i0.wp.com\/kirstengomez.es\/bodas\/wp-content\/uploads\/2015\/10\/ja-19.jpg?resize=300%2C200 300w, https:\/\/i0.wp.com\/kirstengomez.es\/bodas\/wp-content\/uploads\/2015\/10\/ja-19.jpg?resize=500%2C334 500w\" sizes=\"auto, (max-width: 700px) 100vw, 700px\" \/><img data-recalc-dims=\"1\" loading=\"lazy\" decoding=\"async\" data-attachment-id=\"1334\" data-permalink=\"http:\/\/kirstengomez.es\/bodas\/?attachment_id=1334\" data-orig-file=\"https:\/\/i0.wp.com\/kirstengomez.es\/bodas\/wp-content\/uploads\/2015\/10\/aj004.png?fit=700%2C517\" data-orig-size=\"700,517\" data-comments-opened=\"1\" data-image-meta=\"{&quot;aperture&quot;:&quot;0&quot;,&quot;credit&quot;:&quot;&quot;,&quot;camera&quot;:&quot;&quot;,&quot;caption&quot;:&quot;&quot;,&quot;created_timestamp&quot;:&quot;0&quot;,&quot;copyright&quot;:&quot;&quot;,&quot;focal_length&quot;:&quot;0&quot;,&quot;iso&quot;:&quot;0&quot;,&quot;shutter_speed&quot;:&quot;0&quot;,&quot;title&quot;:&quot;&quot;,&quot;orientation&quot;:&quot;0&quot;}\" data-image-title=\"A&amp;#038;J004\" data-image-description=\"\" data-image-caption=\"\" data-large-file=\"https:\/\/i0.wp.com\/kirstengomez.es\/bodas\/wp-content\/uploads\/2015\/10\/aj004.png?fit=700%2C517\" class=\"alignleft size-full wp-image-1334\" src=\"https:\/\/i0.wp.com\/kirstengomez.es\/bodas\/wp-content\/uploads\/2015\/10\/aj004.png?resize=700%2C517\" alt=\"A&amp;J004\" width=\"700\" height=\"517\" srcset=\"https:\/\/i0.wp.com\/kirstengomez.es\/bodas\/wp-content\/uploads\/2015\/10\/aj004.png?w=700 700w, https:\/\/i0.wp.com\/kirstengomez.es\/bodas\/wp-content\/uploads\/2015\/10\/aj004.png?resize=300%2C222 300w, https:\/\/i0.wp.com\/kirstengomez.es\/bodas\/wp-content\/uploads\/2015\/10\/aj004.png?resize=500%2C369 500w\" sizes=\"auto, (max-width: 700px) 100vw, 700px\" \/><\/p>\n<p>&nbsp;<\/p>\n<p>&nbsp;<\/p>\n<p>Hicieron la ceremonia en la igl\u00e9sia de all\u00ed mismo y no tuvieron que desplazarse en coche.<br \/>\nUna ventaja para todos los invitados que lo tenian todo m\u00e1s a mano.<\/p>\n<p>&nbsp;<\/p>\n<p>&nbsp;<\/p>\n<p><img data-recalc-dims=\"1\" loading=\"lazy\" decoding=\"async\" data-attachment-id=\"1357\" data-permalink=\"http:\/\/kirstengomez.es\/bodas\/?attachment_id=1357\" data-orig-file=\"https:\/\/i0.wp.com\/kirstengomez.es\/bodas\/wp-content\/uploads\/2015\/10\/ja-21.jpg?fit=700%2C467\" data-orig-size=\"700,467\" data-comments-opened=\"1\" data-image-meta=\"{&quot;aperture&quot;:&quot;1.4&quot;,&quot;credit&quot;:&quot;Kirsten G\\u00f3mez&quot;,&quot;camera&quot;:&quot;Canon EOS 5D Mark III&quot;,&quot;caption&quot;:&quot;&quot;,&quot;created_timestamp&quot;:&quot;1431795884&quot;,&quot;copyright&quot;:&quot;&quot;,&quot;focal_length&quot;:&quot;50&quot;,&quot;iso&quot;:&quot;1000&quot;,&quot;shutter_speed&quot;:&quot;0.008&quot;,&quot;title&quot;:&quot;&quot;,&quot;orientation&quot;:&quot;1&quot;}\" data-image-title=\"J&amp;#038;A-21\" data-image-description=\"\" data-image-caption=\"\" data-large-file=\"https:\/\/i0.wp.com\/kirstengomez.es\/bodas\/wp-content\/uploads\/2015\/10\/ja-21.jpg?fit=700%2C467\" class=\"alignleft size-full wp-image-1357\" src=\"https:\/\/i0.wp.com\/kirstengomez.es\/bodas\/wp-content\/uploads\/2015\/10\/ja-21.jpg?resize=700%2C467\" alt=\"J&amp;A-21\" width=\"700\" height=\"467\" srcset=\"https:\/\/i0.wp.com\/kirstengomez.es\/bodas\/wp-content\/uploads\/2015\/10\/ja-21.jpg?w=700 700w, https:\/\/i0.wp.com\/kirstengomez.es\/bodas\/wp-content\/uploads\/2015\/10\/ja-21.jpg?resize=300%2C200 300w, https:\/\/i0.wp.com\/kirstengomez.es\/bodas\/wp-content\/uploads\/2015\/10\/ja-21.jpg?resize=500%2C334 500w\" sizes=\"auto, (max-width: 700px) 100vw, 700px\" \/><img data-recalc-dims=\"1\" loading=\"lazy\" decoding=\"async\" data-attachment-id=\"1358\" data-permalink=\"http:\/\/kirstengomez.es\/bodas\/?attachment_id=1358\" data-orig-file=\"https:\/\/i0.wp.com\/kirstengomez.es\/bodas\/wp-content\/uploads\/2015\/10\/ja-23.jpg?fit=700%2C467\" data-orig-size=\"700,467\" data-comments-opened=\"1\" data-image-meta=\"{&quot;aperture&quot;:&quot;1.4&quot;,&quot;credit&quot;:&quot;Kirsten G\\u00f3mez&quot;,&quot;camera&quot;:&quot;Canon EOS 5D Mark III&quot;,&quot;caption&quot;:&quot;&quot;,&quot;created_timestamp&quot;:&quot;1431796120&quot;,&quot;copyright&quot;:&quot;&quot;,&quot;focal_length&quot;:&quot;50&quot;,&quot;iso&quot;:&quot;1000&quot;,&quot;shutter_speed&quot;:&quot;0.008&quot;,&quot;title&quot;:&quot;&quot;,&quot;orientation&quot;:&quot;1&quot;}\" data-image-title=\"J&amp;#038;A-23\" data-image-description=\"\" data-image-caption=\"\" data-large-file=\"https:\/\/i0.wp.com\/kirstengomez.es\/bodas\/wp-content\/uploads\/2015\/10\/ja-23.jpg?fit=700%2C467\" class=\"alignleft size-full wp-image-1358\" src=\"https:\/\/i0.wp.com\/kirstengomez.es\/bodas\/wp-content\/uploads\/2015\/10\/ja-23.jpg?resize=700%2C467\" alt=\"J&amp;A-23\" width=\"700\" height=\"467\" srcset=\"https:\/\/i0.wp.com\/kirstengomez.es\/bodas\/wp-content\/uploads\/2015\/10\/ja-23.jpg?w=700 700w, https:\/\/i0.wp.com\/kirstengomez.es\/bodas\/wp-content\/uploads\/2015\/10\/ja-23.jpg?resize=300%2C200 300w, https:\/\/i0.wp.com\/kirstengomez.es\/bodas\/wp-content\/uploads\/2015\/10\/ja-23.jpg?resize=500%2C334 500w\" sizes=\"auto, (max-width: 700px) 100vw, 700px\" \/><\/p>\n<p><img data-recalc-dims=\"1\" loading=\"lazy\" decoding=\"async\" data-attachment-id=\"1359\" data-permalink=\"http:\/\/kirstengomez.es\/bodas\/?attachment_id=1359\" data-orig-file=\"https:\/\/i0.wp.com\/kirstengomez.es\/bodas\/wp-content\/uploads\/2015\/10\/ja-24.jpg?fit=700%2C467\" data-orig-size=\"700,467\" data-comments-opened=\"1\" data-image-meta=\"{&quot;aperture&quot;:&quot;1.4&quot;,&quot;credit&quot;:&quot;Kirsten G\\u00f3mez&quot;,&quot;camera&quot;:&quot;Canon EOS 5D Mark III&quot;,&quot;caption&quot;:&quot;&quot;,&quot;created_timestamp&quot;:&quot;1431796131&quot;,&quot;copyright&quot;:&quot;&quot;,&quot;focal_length&quot;:&quot;50&quot;,&quot;iso&quot;:&quot;1000&quot;,&quot;shutter_speed&quot;:&quot;0.008&quot;,&quot;title&quot;:&quot;&quot;,&quot;orientation&quot;:&quot;1&quot;}\" data-image-title=\"J&amp;#038;A-24\" data-image-description=\"\" data-image-caption=\"\" data-large-file=\"https:\/\/i0.wp.com\/kirstengomez.es\/bodas\/wp-content\/uploads\/2015\/10\/ja-24.jpg?fit=700%2C467\" class=\"alignleft size-full wp-image-1359\" src=\"https:\/\/i0.wp.com\/kirstengomez.es\/bodas\/wp-content\/uploads\/2015\/10\/ja-24.jpg?resize=700%2C467\" alt=\"J&amp;A-24\" width=\"700\" height=\"467\" srcset=\"https:\/\/i0.wp.com\/kirstengomez.es\/bodas\/wp-content\/uploads\/2015\/10\/ja-24.jpg?w=700 700w, https:\/\/i0.wp.com\/kirstengomez.es\/bodas\/wp-content\/uploads\/2015\/10\/ja-24.jpg?resize=300%2C200 300w, https:\/\/i0.wp.com\/kirstengomez.es\/bodas\/wp-content\/uploads\/2015\/10\/ja-24.jpg?resize=500%2C334 500w\" sizes=\"auto, (max-width: 700px) 100vw, 700px\" \/><\/p>\n<p><img data-recalc-dims=\"1\" loading=\"lazy\" decoding=\"async\" data-attachment-id=\"1360\" data-permalink=\"http:\/\/kirstengomez.es\/bodas\/?attachment_id=1360\" data-orig-file=\"https:\/\/i0.wp.com\/kirstengomez.es\/bodas\/wp-content\/uploads\/2015\/10\/ja-25.jpg?fit=700%2C467\" data-orig-size=\"700,467\" data-comments-opened=\"1\" data-image-meta=\"{&quot;aperture&quot;:&quot;1.4&quot;,&quot;credit&quot;:&quot;Kirsten G\\u00f3mez&quot;,&quot;camera&quot;:&quot;Canon EOS 5D Mark III&quot;,&quot;caption&quot;:&quot;&quot;,&quot;created_timestamp&quot;:&quot;1431796381&quot;,&quot;copyright&quot;:&quot;&quot;,&quot;focal_length&quot;:&quot;50&quot;,&quot;iso&quot;:&quot;1000&quot;,&quot;shutter_speed&quot;:&quot;0.008&quot;,&quot;title&quot;:&quot;&quot;,&quot;orientation&quot;:&quot;1&quot;}\" data-image-title=\"J&amp;#038;A-25\" data-image-description=\"\" data-image-caption=\"\" data-large-file=\"https:\/\/i0.wp.com\/kirstengomez.es\/bodas\/wp-content\/uploads\/2015\/10\/ja-25.jpg?fit=700%2C467\" class=\"alignleft size-full wp-image-1360\" src=\"https:\/\/i0.wp.com\/kirstengomez.es\/bodas\/wp-content\/uploads\/2015\/10\/ja-25.jpg?resize=700%2C467\" alt=\"J&amp;A-25\" width=\"700\" height=\"467\" srcset=\"https:\/\/i0.wp.com\/kirstengomez.es\/bodas\/wp-content\/uploads\/2015\/10\/ja-25.jpg?w=700 700w, https:\/\/i0.wp.com\/kirstengomez.es\/bodas\/wp-content\/uploads\/2015\/10\/ja-25.jpg?resize=300%2C200 300w, https:\/\/i0.wp.com\/kirstengomez.es\/bodas\/wp-content\/uploads\/2015\/10\/ja-25.jpg?resize=500%2C334 500w\" sizes=\"auto, (max-width: 700px) 100vw, 700px\" \/><\/p>\n<p><img data-recalc-dims=\"1\" loading=\"lazy\" decoding=\"async\" data-attachment-id=\"1361\" data-permalink=\"http:\/\/kirstengomez.es\/bodas\/?attachment_id=1361\" data-orig-file=\"https:\/\/i0.wp.com\/kirstengomez.es\/bodas\/wp-content\/uploads\/2015\/10\/ja-26.jpg?fit=700%2C467\" data-orig-size=\"700,467\" data-comments-opened=\"1\" data-image-meta=\"{&quot;aperture&quot;:&quot;1.4&quot;,&quot;credit&quot;:&quot;Kirsten G\\u00f3mez&quot;,&quot;camera&quot;:&quot;Canon EOS 5D Mark III&quot;,&quot;caption&quot;:&quot;&quot;,&quot;created_timestamp&quot;:&quot;1431797261&quot;,&quot;copyright&quot;:&quot;&quot;,&quot;focal_length&quot;:&quot;50&quot;,&quot;iso&quot;:&quot;800&quot;,&quot;shutter_speed&quot;:&quot;0.008&quot;,&quot;title&quot;:&quot;&quot;,&quot;orientation&quot;:&quot;1&quot;}\" data-image-title=\"J&amp;#038;A-26\" data-image-description=\"\" data-image-caption=\"\" data-large-file=\"https:\/\/i0.wp.com\/kirstengomez.es\/bodas\/wp-content\/uploads\/2015\/10\/ja-26.jpg?fit=700%2C467\" class=\"alignleft size-full wp-image-1361\" src=\"https:\/\/i0.wp.com\/kirstengomez.es\/bodas\/wp-content\/uploads\/2015\/10\/ja-26.jpg?resize=700%2C467\" alt=\"J&amp;A-26\" width=\"700\" height=\"467\" srcset=\"https:\/\/i0.wp.com\/kirstengomez.es\/bodas\/wp-content\/uploads\/2015\/10\/ja-26.jpg?w=700 700w, https:\/\/i0.wp.com\/kirstengomez.es\/bodas\/wp-content\/uploads\/2015\/10\/ja-26.jpg?resize=300%2C200 300w, https:\/\/i0.wp.com\/kirstengomez.es\/bodas\/wp-content\/uploads\/2015\/10\/ja-26.jpg?resize=500%2C334 500w\" sizes=\"auto, (max-width: 700px) 100vw, 700px\" \/><\/p>\n<p><img data-recalc-dims=\"1\" loading=\"lazy\" decoding=\"async\" data-attachment-id=\"1362\" data-permalink=\"http:\/\/kirstengomez.es\/bodas\/?attachment_id=1362\" data-orig-file=\"https:\/\/i0.wp.com\/kirstengomez.es\/bodas\/wp-content\/uploads\/2015\/10\/ja-27.jpg?fit=700%2C454\" data-orig-size=\"700,454\" data-comments-opened=\"1\" data-image-meta=\"{&quot;aperture&quot;:&quot;1.4&quot;,&quot;credit&quot;:&quot;Kirsten G\\u00f3mez&quot;,&quot;camera&quot;:&quot;Canon EOS 5D Mark III&quot;,&quot;caption&quot;:&quot;&quot;,&quot;created_timestamp&quot;:&quot;1431797313&quot;,&quot;copyright&quot;:&quot;&quot;,&quot;focal_length&quot;:&quot;50&quot;,&quot;iso&quot;:&quot;800&quot;,&quot;shutter_speed&quot;:&quot;0.008&quot;,&quot;title&quot;:&quot;&quot;,&quot;orientation&quot;:&quot;1&quot;}\" data-image-title=\"J&amp;#038;A-27\" data-image-description=\"\" data-image-caption=\"\" data-large-file=\"https:\/\/i0.wp.com\/kirstengomez.es\/bodas\/wp-content\/uploads\/2015\/10\/ja-27.jpg?fit=700%2C454\" class=\"alignleft size-full wp-image-1362\" src=\"https:\/\/i0.wp.com\/kirstengomez.es\/bodas\/wp-content\/uploads\/2015\/10\/ja-27.jpg?resize=700%2C454\" alt=\"J&amp;A-27\" width=\"700\" height=\"454\" srcset=\"https:\/\/i0.wp.com\/kirstengomez.es\/bodas\/wp-content\/uploads\/2015\/10\/ja-27.jpg?w=700 700w, https:\/\/i0.wp.com\/kirstengomez.es\/bodas\/wp-content\/uploads\/2015\/10\/ja-27.jpg?resize=300%2C195 300w, https:\/\/i0.wp.com\/kirstengomez.es\/bodas\/wp-content\/uploads\/2015\/10\/ja-27.jpg?resize=500%2C324 500w\" sizes=\"auto, (max-width: 700px) 100vw, 700px\" \/><\/p>\n<p><img data-recalc-dims=\"1\" loading=\"lazy\" decoding=\"async\" data-attachment-id=\"1363\" data-permalink=\"http:\/\/kirstengomez.es\/bodas\/?attachment_id=1363\" data-orig-file=\"https:\/\/i0.wp.com\/kirstengomez.es\/bodas\/wp-content\/uploads\/2015\/10\/ja-28.jpg?fit=700%2C467\" data-orig-size=\"700,467\" data-comments-opened=\"1\" data-image-meta=\"{&quot;aperture&quot;:&quot;1.4&quot;,&quot;credit&quot;:&quot;Kirsten G\\u00f3mez&quot;,&quot;camera&quot;:&quot;Canon EOS 5D Mark III&quot;,&quot;caption&quot;:&quot;&quot;,&quot;created_timestamp&quot;:&quot;1431797365&quot;,&quot;copyright&quot;:&quot;&quot;,&quot;focal_length&quot;:&quot;50&quot;,&quot;iso&quot;:&quot;800&quot;,&quot;shutter_speed&quot;:&quot;0.008&quot;,&quot;title&quot;:&quot;&quot;,&quot;orientation&quot;:&quot;1&quot;}\" data-image-title=\"J&amp;#038;A-28\" data-image-description=\"\" data-image-caption=\"\" data-large-file=\"https:\/\/i0.wp.com\/kirstengomez.es\/bodas\/wp-content\/uploads\/2015\/10\/ja-28.jpg?fit=700%2C467\" class=\"alignleft size-full wp-image-1363\" src=\"https:\/\/i0.wp.com\/kirstengomez.es\/bodas\/wp-content\/uploads\/2015\/10\/ja-28.jpg?resize=700%2C467\" alt=\"J&amp;A-28\" width=\"700\" height=\"467\" srcset=\"https:\/\/i0.wp.com\/kirstengomez.es\/bodas\/wp-content\/uploads\/2015\/10\/ja-28.jpg?w=700 700w, https:\/\/i0.wp.com\/kirstengomez.es\/bodas\/wp-content\/uploads\/2015\/10\/ja-28.jpg?resize=300%2C200 300w, https:\/\/i0.wp.com\/kirstengomez.es\/bodas\/wp-content\/uploads\/2015\/10\/ja-28.jpg?resize=500%2C334 500w\" sizes=\"auto, (max-width: 700px) 100vw, 700px\" \/><\/p>\n<p><img data-recalc-dims=\"1\" loading=\"lazy\" decoding=\"async\" data-attachment-id=\"1364\" data-permalink=\"http:\/\/kirstengomez.es\/bodas\/?attachment_id=1364\" data-orig-file=\"https:\/\/i0.wp.com\/kirstengomez.es\/bodas\/wp-content\/uploads\/2015\/10\/ja-29.jpg?fit=700%2C467\" data-orig-size=\"700,467\" data-comments-opened=\"1\" data-image-meta=\"{&quot;aperture&quot;:&quot;1.4&quot;,&quot;credit&quot;:&quot;Kirsten G\\u00f3mez&quot;,&quot;camera&quot;:&quot;Canon EOS 5D Mark III&quot;,&quot;caption&quot;:&quot;&quot;,&quot;created_timestamp&quot;:&quot;1431797370&quot;,&quot;copyright&quot;:&quot;&quot;,&quot;focal_length&quot;:&quot;50&quot;,&quot;iso&quot;:&quot;800&quot;,&quot;shutter_speed&quot;:&quot;0.008&quot;,&quot;title&quot;:&quot;&quot;,&quot;orientation&quot;:&quot;1&quot;}\" data-image-title=\"J&amp;#038;A-29\" data-image-description=\"\" data-image-caption=\"\" data-large-file=\"https:\/\/i0.wp.com\/kirstengomez.es\/bodas\/wp-content\/uploads\/2015\/10\/ja-29.jpg?fit=700%2C467\" class=\"alignleft size-full wp-image-1364\" src=\"https:\/\/i0.wp.com\/kirstengomez.es\/bodas\/wp-content\/uploads\/2015\/10\/ja-29.jpg?resize=700%2C467\" alt=\"J&amp;A-29\" width=\"700\" height=\"467\" srcset=\"https:\/\/i0.wp.com\/kirstengomez.es\/bodas\/wp-content\/uploads\/2015\/10\/ja-29.jpg?w=700 700w, https:\/\/i0.wp.com\/kirstengomez.es\/bodas\/wp-content\/uploads\/2015\/10\/ja-29.jpg?resize=300%2C200 300w, https:\/\/i0.wp.com\/kirstengomez.es\/bodas\/wp-content\/uploads\/2015\/10\/ja-29.jpg?resize=500%2C334 500w\" sizes=\"auto, (max-width: 700px) 100vw, 700px\" \/><\/p>\n<p><img data-recalc-dims=\"1\" loading=\"lazy\" decoding=\"async\" data-attachment-id=\"1365\" data-permalink=\"http:\/\/kirstengomez.es\/bodas\/?attachment_id=1365\" data-orig-file=\"https:\/\/i0.wp.com\/kirstengomez.es\/bodas\/wp-content\/uploads\/2015\/10\/ja-30.jpg?fit=700%2C467\" data-orig-size=\"700,467\" data-comments-opened=\"1\" data-image-meta=\"{&quot;aperture&quot;:&quot;1.4&quot;,&quot;credit&quot;:&quot;Kirsten G\\u00f3mez&quot;,&quot;camera&quot;:&quot;Canon EOS 5D Mark III&quot;,&quot;caption&quot;:&quot;&quot;,&quot;created_timestamp&quot;:&quot;1431797399&quot;,&quot;copyright&quot;:&quot;&quot;,&quot;focal_length&quot;:&quot;50&quot;,&quot;iso&quot;:&quot;800&quot;,&quot;shutter_speed&quot;:&quot;0.008&quot;,&quot;title&quot;:&quot;&quot;,&quot;orientation&quot;:&quot;1&quot;}\" data-image-title=\"J&amp;#038;A-30\" data-image-description=\"\" data-image-caption=\"\" data-large-file=\"https:\/\/i0.wp.com\/kirstengomez.es\/bodas\/wp-content\/uploads\/2015\/10\/ja-30.jpg?fit=700%2C467\" class=\"alignleft size-full wp-image-1365\" src=\"https:\/\/i0.wp.com\/kirstengomez.es\/bodas\/wp-content\/uploads\/2015\/10\/ja-30.jpg?resize=700%2C467\" alt=\"J&amp;A-30\" width=\"700\" height=\"467\" srcset=\"https:\/\/i0.wp.com\/kirstengomez.es\/bodas\/wp-content\/uploads\/2015\/10\/ja-30.jpg?w=700 700w, https:\/\/i0.wp.com\/kirstengomez.es\/bodas\/wp-content\/uploads\/2015\/10\/ja-30.jpg?resize=300%2C200 300w, https:\/\/i0.wp.com\/kirstengomez.es\/bodas\/wp-content\/uploads\/2015\/10\/ja-30.jpg?resize=500%2C334 500w\" sizes=\"auto, (max-width: 700px) 100vw, 700px\" \/><\/p>\n<p><img data-recalc-dims=\"1\" loading=\"lazy\" decoding=\"async\" data-attachment-id=\"1366\" data-permalink=\"http:\/\/kirstengomez.es\/bodas\/?attachment_id=1366\" data-orig-file=\"https:\/\/i0.wp.com\/kirstengomez.es\/bodas\/wp-content\/uploads\/2015\/10\/ja-31.jpg?fit=700%2C467\" data-orig-size=\"700,467\" data-comments-opened=\"1\" data-image-meta=\"{&quot;aperture&quot;:&quot;2&quot;,&quot;credit&quot;:&quot;Kirsten G\\u00f3mez&quot;,&quot;camera&quot;:&quot;Canon EOS 5D Mark III&quot;,&quot;caption&quot;:&quot;&quot;,&quot;created_timestamp&quot;:&quot;1431797449&quot;,&quot;copyright&quot;:&quot;&quot;,&quot;focal_length&quot;:&quot;50&quot;,&quot;iso&quot;:&quot;800&quot;,&quot;shutter_speed&quot;:&quot;0.008&quot;,&quot;title&quot;:&quot;&quot;,&quot;orientation&quot;:&quot;1&quot;}\" data-image-title=\"J&amp;#038;A-31\" data-image-description=\"\" data-image-caption=\"\" data-large-file=\"https:\/\/i0.wp.com\/kirstengomez.es\/bodas\/wp-content\/uploads\/2015\/10\/ja-31.jpg?fit=700%2C467\" class=\"alignleft size-full wp-image-1366\" src=\"https:\/\/i0.wp.com\/kirstengomez.es\/bodas\/wp-content\/uploads\/2015\/10\/ja-31.jpg?resize=700%2C467\" alt=\"J&amp;A-31\" width=\"700\" height=\"467\" srcset=\"https:\/\/i0.wp.com\/kirstengomez.es\/bodas\/wp-content\/uploads\/2015\/10\/ja-31.jpg?w=700 700w, https:\/\/i0.wp.com\/kirstengomez.es\/bodas\/wp-content\/uploads\/2015\/10\/ja-31.jpg?resize=300%2C200 300w, https:\/\/i0.wp.com\/kirstengomez.es\/bodas\/wp-content\/uploads\/2015\/10\/ja-31.jpg?resize=500%2C334 500w\" sizes=\"auto, (max-width: 700px) 100vw, 700px\" \/><\/p>\n<p><img data-recalc-dims=\"1\" loading=\"lazy\" decoding=\"async\" data-attachment-id=\"1367\" data-permalink=\"http:\/\/kirstengomez.es\/bodas\/?attachment_id=1367\" data-orig-file=\"https:\/\/i0.wp.com\/kirstengomez.es\/bodas\/wp-content\/uploads\/2015\/10\/ja-32.jpg?fit=700%2C467\" data-orig-size=\"700,467\" data-comments-opened=\"1\" data-image-meta=\"{&quot;aperture&quot;:&quot;1.8&quot;,&quot;credit&quot;:&quot;Kirsten G\\u00f3mez&quot;,&quot;camera&quot;:&quot;Canon EOS 5D Mark III&quot;,&quot;caption&quot;:&quot;&quot;,&quot;created_timestamp&quot;:&quot;1431797533&quot;,&quot;copyright&quot;:&quot;&quot;,&quot;focal_length&quot;:&quot;50&quot;,&quot;iso&quot;:&quot;800&quot;,&quot;shutter_speed&quot;:&quot;0.008&quot;,&quot;title&quot;:&quot;&quot;,&quot;orientation&quot;:&quot;1&quot;}\" data-image-title=\"J&amp;#038;A-32\" data-image-description=\"\" data-image-caption=\"\" data-large-file=\"https:\/\/i0.wp.com\/kirstengomez.es\/bodas\/wp-content\/uploads\/2015\/10\/ja-32.jpg?fit=700%2C467\" class=\"alignleft size-full wp-image-1367\" src=\"https:\/\/i0.wp.com\/kirstengomez.es\/bodas\/wp-content\/uploads\/2015\/10\/ja-32.jpg?resize=700%2C467\" alt=\"J&amp;A-32\" width=\"700\" height=\"467\" srcset=\"https:\/\/i0.wp.com\/kirstengomez.es\/bodas\/wp-content\/uploads\/2015\/10\/ja-32.jpg?w=700 700w, https:\/\/i0.wp.com\/kirstengomez.es\/bodas\/wp-content\/uploads\/2015\/10\/ja-32.jpg?resize=300%2C200 300w, https:\/\/i0.wp.com\/kirstengomez.es\/bodas\/wp-content\/uploads\/2015\/10\/ja-32.jpg?resize=500%2C334 500w\" sizes=\"auto, (max-width: 700px) 100vw, 700px\" \/><\/p>\n<p><img data-recalc-dims=\"1\" loading=\"lazy\" decoding=\"async\" data-attachment-id=\"1368\" data-permalink=\"http:\/\/kirstengomez.es\/bodas\/?attachment_id=1368\" data-orig-file=\"https:\/\/i0.wp.com\/kirstengomez.es\/bodas\/wp-content\/uploads\/2015\/10\/ja-33.jpg?fit=700%2C481\" data-orig-size=\"700,481\" data-comments-opened=\"1\" data-image-meta=\"{&quot;aperture&quot;:&quot;1.8&quot;,&quot;credit&quot;:&quot;Kirsten G\\u00f3mez&quot;,&quot;camera&quot;:&quot;Canon EOS 5D Mark III&quot;,&quot;caption&quot;:&quot;&quot;,&quot;created_timestamp&quot;:&quot;1431797539&quot;,&quot;copyright&quot;:&quot;&quot;,&quot;focal_length&quot;:&quot;50&quot;,&quot;iso&quot;:&quot;800&quot;,&quot;shutter_speed&quot;:&quot;0.008&quot;,&quot;title&quot;:&quot;&quot;,&quot;orientation&quot;:&quot;1&quot;}\" data-image-title=\"J&amp;#038;A-33\" data-image-description=\"\" data-image-caption=\"\" data-large-file=\"https:\/\/i0.wp.com\/kirstengomez.es\/bodas\/wp-content\/uploads\/2015\/10\/ja-33.jpg?fit=700%2C481\" class=\"alignleft size-full wp-image-1368\" src=\"https:\/\/i0.wp.com\/kirstengomez.es\/bodas\/wp-content\/uploads\/2015\/10\/ja-33.jpg?resize=700%2C481\" alt=\"J&amp;A-33\" width=\"700\" height=\"481\" srcset=\"https:\/\/i0.wp.com\/kirstengomez.es\/bodas\/wp-content\/uploads\/2015\/10\/ja-33.jpg?w=700 700w, https:\/\/i0.wp.com\/kirstengomez.es\/bodas\/wp-content\/uploads\/2015\/10\/ja-33.jpg?resize=300%2C206 300w, https:\/\/i0.wp.com\/kirstengomez.es\/bodas\/wp-content\/uploads\/2015\/10\/ja-33.jpg?resize=500%2C344 500w\" sizes=\"auto, (max-width: 700px) 100vw, 700px\" \/><\/p>\n<p><img data-recalc-dims=\"1\" loading=\"lazy\" decoding=\"async\" data-attachment-id=\"1369\" data-permalink=\"http:\/\/kirstengomez.es\/bodas\/?attachment_id=1369\" data-orig-file=\"https:\/\/i0.wp.com\/kirstengomez.es\/bodas\/wp-content\/uploads\/2015\/10\/ja-34.jpg?fit=700%2C467\" data-orig-size=\"700,467\" data-comments-opened=\"1\" data-image-meta=\"{&quot;aperture&quot;:&quot;1.8&quot;,&quot;credit&quot;:&quot;Kirsten G\\u00f3mez&quot;,&quot;camera&quot;:&quot;Canon EOS 5D Mark III&quot;,&quot;caption&quot;:&quot;&quot;,&quot;created_timestamp&quot;:&quot;1431797546&quot;,&quot;copyright&quot;:&quot;&quot;,&quot;focal_length&quot;:&quot;50&quot;,&quot;iso&quot;:&quot;800&quot;,&quot;shutter_speed&quot;:&quot;0.008&quot;,&quot;title&quot;:&quot;&quot;,&quot;orientation&quot;:&quot;1&quot;}\" data-image-title=\"J&amp;#038;A-34\" data-image-description=\"\" data-image-caption=\"\" data-large-file=\"https:\/\/i0.wp.com\/kirstengomez.es\/bodas\/wp-content\/uploads\/2015\/10\/ja-34.jpg?fit=700%2C467\" class=\"alignleft size-full wp-image-1369\" src=\"https:\/\/i0.wp.com\/kirstengomez.es\/bodas\/wp-content\/uploads\/2015\/10\/ja-34.jpg?resize=700%2C467\" alt=\"J&amp;A-34\" width=\"700\" height=\"467\" srcset=\"https:\/\/i0.wp.com\/kirstengomez.es\/bodas\/wp-content\/uploads\/2015\/10\/ja-34.jpg?w=700 700w, https:\/\/i0.wp.com\/kirstengomez.es\/bodas\/wp-content\/uploads\/2015\/10\/ja-34.jpg?resize=300%2C200 300w, https:\/\/i0.wp.com\/kirstengomez.es\/bodas\/wp-content\/uploads\/2015\/10\/ja-34.jpg?resize=500%2C334 500w\" sizes=\"auto, (max-width: 700px) 100vw, 700px\" \/><\/p>\n<p><img data-recalc-dims=\"1\" loading=\"lazy\" decoding=\"async\" data-attachment-id=\"1370\" data-permalink=\"http:\/\/kirstengomez.es\/bodas\/?attachment_id=1370\" data-orig-file=\"https:\/\/i0.wp.com\/kirstengomez.es\/bodas\/wp-content\/uploads\/2015\/10\/ja-35.jpg?fit=700%2C467\" data-orig-size=\"700,467\" data-comments-opened=\"1\" data-image-meta=\"{&quot;aperture&quot;:&quot;1.8&quot;,&quot;credit&quot;:&quot;Kirsten G\\u00f3mez&quot;,&quot;camera&quot;:&quot;Canon EOS 5D Mark III&quot;,&quot;caption&quot;:&quot;&quot;,&quot;created_timestamp&quot;:&quot;1431797559&quot;,&quot;copyright&quot;:&quot;&quot;,&quot;focal_length&quot;:&quot;50&quot;,&quot;iso&quot;:&quot;800&quot;,&quot;shutter_speed&quot;:&quot;0.008&quot;,&quot;title&quot;:&quot;&quot;,&quot;orientation&quot;:&quot;1&quot;}\" data-image-title=\"J&amp;#038;A-35\" data-image-description=\"\" data-image-caption=\"\" data-large-file=\"https:\/\/i0.wp.com\/kirstengomez.es\/bodas\/wp-content\/uploads\/2015\/10\/ja-35.jpg?fit=700%2C467\" class=\"alignleft size-full wp-image-1370\" src=\"https:\/\/i0.wp.com\/kirstengomez.es\/bodas\/wp-content\/uploads\/2015\/10\/ja-35.jpg?resize=700%2C467\" alt=\"J&amp;A-35\" width=\"700\" height=\"467\" srcset=\"https:\/\/i0.wp.com\/kirstengomez.es\/bodas\/wp-content\/uploads\/2015\/10\/ja-35.jpg?w=700 700w, https:\/\/i0.wp.com\/kirstengomez.es\/bodas\/wp-content\/uploads\/2015\/10\/ja-35.jpg?resize=300%2C200 300w, https:\/\/i0.wp.com\/kirstengomez.es\/bodas\/wp-content\/uploads\/2015\/10\/ja-35.jpg?resize=500%2C334 500w\" sizes=\"auto, (max-width: 700px) 100vw, 700px\" \/><\/p>\n<p><img data-recalc-dims=\"1\" loading=\"lazy\" decoding=\"async\" data-attachment-id=\"1371\" data-permalink=\"http:\/\/kirstengomez.es\/bodas\/?attachment_id=1371\" data-orig-file=\"https:\/\/i0.wp.com\/kirstengomez.es\/bodas\/wp-content\/uploads\/2015\/10\/ja-37.jpg?fit=700%2C467\" data-orig-size=\"700,467\" data-comments-opened=\"1\" data-image-meta=\"{&quot;aperture&quot;:&quot;1.4&quot;,&quot;credit&quot;:&quot;Kirsten G\\u00f3mez&quot;,&quot;camera&quot;:&quot;Canon EOS 5D Mark III&quot;,&quot;caption&quot;:&quot;&quot;,&quot;created_timestamp&quot;:&quot;1431797873&quot;,&quot;copyright&quot;:&quot;&quot;,&quot;focal_length&quot;:&quot;50&quot;,&quot;iso&quot;:&quot;800&quot;,&quot;shutter_speed&quot;:&quot;0.008&quot;,&quot;title&quot;:&quot;&quot;,&quot;orientation&quot;:&quot;1&quot;}\" data-image-title=\"J&amp;#038;A-37\" data-image-description=\"\" data-image-caption=\"\" data-large-file=\"https:\/\/i0.wp.com\/kirstengomez.es\/bodas\/wp-content\/uploads\/2015\/10\/ja-37.jpg?fit=700%2C467\" class=\"alignleft size-full wp-image-1371\" src=\"https:\/\/i0.wp.com\/kirstengomez.es\/bodas\/wp-content\/uploads\/2015\/10\/ja-37.jpg?resize=700%2C467\" alt=\"J&amp;A-37\" width=\"700\" height=\"467\" srcset=\"https:\/\/i0.wp.com\/kirstengomez.es\/bodas\/wp-content\/uploads\/2015\/10\/ja-37.jpg?w=700 700w, https:\/\/i0.wp.com\/kirstengomez.es\/bodas\/wp-content\/uploads\/2015\/10\/ja-37.jpg?resize=300%2C200 300w, https:\/\/i0.wp.com\/kirstengomez.es\/bodas\/wp-content\/uploads\/2015\/10\/ja-37.jpg?resize=500%2C334 500w\" sizes=\"auto, (max-width: 700px) 100vw, 700px\" \/><\/p>\n<p><img data-recalc-dims=\"1\" loading=\"lazy\" decoding=\"async\" data-attachment-id=\"1334\" data-permalink=\"http:\/\/kirstengomez.es\/bodas\/?attachment_id=1334\" data-orig-file=\"https:\/\/i0.wp.com\/kirstengomez.es\/bodas\/wp-content\/uploads\/2015\/10\/aj004.png?fit=700%2C517\" data-orig-size=\"700,517\" data-comments-opened=\"1\" data-image-meta=\"{&quot;aperture&quot;:&quot;0&quot;,&quot;credit&quot;:&quot;&quot;,&quot;camera&quot;:&quot;&quot;,&quot;caption&quot;:&quot;&quot;,&quot;created_timestamp&quot;:&quot;0&quot;,&quot;copyright&quot;:&quot;&quot;,&quot;focal_length&quot;:&quot;0&quot;,&quot;iso&quot;:&quot;0&quot;,&quot;shutter_speed&quot;:&quot;0&quot;,&quot;title&quot;:&quot;&quot;,&quot;orientation&quot;:&quot;0&quot;}\" data-image-title=\"A&amp;#038;J004\" data-image-description=\"\" data-image-caption=\"\" data-large-file=\"https:\/\/i0.wp.com\/kirstengomez.es\/bodas\/wp-content\/uploads\/2015\/10\/aj004.png?fit=700%2C517\" class=\"alignleft size-full wp-image-1334\" src=\"https:\/\/i0.wp.com\/kirstengomez.es\/bodas\/wp-content\/uploads\/2015\/10\/aj005.png?resize=700%2C517\" alt=\"A&amp;J004\" width=\"700\" height=\"517\" \/><\/p>\n<p><img data-recalc-dims=\"1\" loading=\"lazy\" decoding=\"async\" data-attachment-id=\"1373\" data-permalink=\"http:\/\/kirstengomez.es\/bodas\/?attachment_id=1373\" data-orig-file=\"https:\/\/i0.wp.com\/kirstengomez.es\/bodas\/wp-content\/uploads\/2015\/10\/ja-41.jpg?fit=700%2C467\" data-orig-size=\"700,467\" data-comments-opened=\"1\" data-image-meta=\"{&quot;aperture&quot;:&quot;3.2&quot;,&quot;credit&quot;:&quot;Kirsten G\\u00f3mez&quot;,&quot;camera&quot;:&quot;Canon EOS 5D Mark III&quot;,&quot;caption&quot;:&quot;&quot;,&quot;created_timestamp&quot;:&quot;1431799036&quot;,&quot;copyright&quot;:&quot;&quot;,&quot;focal_length&quot;:&quot;50&quot;,&quot;iso&quot;:&quot;320&quot;,&quot;shutter_speed&quot;:&quot;0.008&quot;,&quot;title&quot;:&quot;&quot;,&quot;orientation&quot;:&quot;1&quot;}\" data-image-title=\"J&amp;#038;A-41\" data-image-description=\"\" data-image-caption=\"\" data-large-file=\"https:\/\/i0.wp.com\/kirstengomez.es\/bodas\/wp-content\/uploads\/2015\/10\/ja-41.jpg?fit=700%2C467\" class=\"alignleft size-full wp-image-1373\" src=\"https:\/\/i0.wp.com\/kirstengomez.es\/bodas\/wp-content\/uploads\/2015\/10\/ja-41.jpg?resize=700%2C467\" alt=\"J&amp;A-41\" width=\"700\" height=\"467\" srcset=\"https:\/\/i0.wp.com\/kirstengomez.es\/bodas\/wp-content\/uploads\/2015\/10\/ja-41.jpg?w=700 700w, https:\/\/i0.wp.com\/kirstengomez.es\/bodas\/wp-content\/uploads\/2015\/10\/ja-41.jpg?resize=300%2C200 300w, https:\/\/i0.wp.com\/kirstengomez.es\/bodas\/wp-content\/uploads\/2015\/10\/ja-41.jpg?resize=500%2C334 500w\" sizes=\"auto, (max-width: 700px) 100vw, 700px\" \/><img data-recalc-dims=\"1\" loading=\"lazy\" decoding=\"async\" data-attachment-id=\"1374\" data-permalink=\"http:\/\/kirstengomez.es\/bodas\/?attachment_id=1374\" data-orig-file=\"https:\/\/i0.wp.com\/kirstengomez.es\/bodas\/wp-content\/uploads\/2015\/10\/ja-44.jpg?fit=700%2C467\" data-orig-size=\"700,467\" data-comments-opened=\"1\" data-image-meta=\"{&quot;aperture&quot;:&quot;4&quot;,&quot;credit&quot;:&quot;Kirsten G\\u00f3mez&quot;,&quot;camera&quot;:&quot;Canon EOS 5D Mark II&quot;,&quot;caption&quot;:&quot;&quot;,&quot;created_timestamp&quot;:&quot;1431799165&quot;,&quot;copyright&quot;:&quot;&quot;,&quot;focal_length&quot;:&quot;39&quot;,&quot;iso&quot;:&quot;250&quot;,&quot;shutter_speed&quot;:&quot;0.008&quot;,&quot;title&quot;:&quot;&quot;,&quot;orientation&quot;:&quot;1&quot;}\" data-image-title=\"J&amp;#038;A-44\" data-image-description=\"\" data-image-caption=\"\" data-large-file=\"https:\/\/i0.wp.com\/kirstengomez.es\/bodas\/wp-content\/uploads\/2015\/10\/ja-44.jpg?fit=700%2C467\" class=\"alignleft size-full wp-image-1374\" src=\"https:\/\/i0.wp.com\/kirstengomez.es\/bodas\/wp-content\/uploads\/2015\/10\/ja-44.jpg?resize=700%2C467\" alt=\"J&amp;A-44\" width=\"700\" height=\"467\" srcset=\"https:\/\/i0.wp.com\/kirstengomez.es\/bodas\/wp-content\/uploads\/2015\/10\/ja-44.jpg?w=700 700w, https:\/\/i0.wp.com\/kirstengomez.es\/bodas\/wp-content\/uploads\/2015\/10\/ja-44.jpg?resize=300%2C200 300w, https:\/\/i0.wp.com\/kirstengomez.es\/bodas\/wp-content\/uploads\/2015\/10\/ja-44.jpg?resize=500%2C334 500w\" sizes=\"auto, (max-width: 700px) 100vw, 700px\" \/><img data-recalc-dims=\"1\" loading=\"lazy\" decoding=\"async\" data-attachment-id=\"1333\" data-permalink=\"http:\/\/kirstengomez.es\/bodas\/?attachment_id=1333\" data-orig-file=\"https:\/\/i0.wp.com\/kirstengomez.es\/bodas\/wp-content\/uploads\/2015\/10\/aj003.png?fit=700%2C517\" data-orig-size=\"700,517\" data-comments-opened=\"1\" data-image-meta=\"{&quot;aperture&quot;:&quot;0&quot;,&quot;credit&quot;:&quot;&quot;,&quot;camera&quot;:&quot;&quot;,&quot;caption&quot;:&quot;&quot;,&quot;created_timestamp&quot;:&quot;0&quot;,&quot;copyright&quot;:&quot;&quot;,&quot;focal_length&quot;:&quot;0&quot;,&quot;iso&quot;:&quot;0&quot;,&quot;shutter_speed&quot;:&quot;0&quot;,&quot;title&quot;:&quot;&quot;,&quot;orientation&quot;:&quot;0&quot;}\" data-image-title=\"A&amp;#038;J003\" data-image-description=\"\" data-image-caption=\"\" data-large-file=\"https:\/\/i0.wp.com\/kirstengomez.es\/bodas\/wp-content\/uploads\/2015\/10\/aj003.png?fit=700%2C517\" class=\"alignleft size-full wp-image-1333\" src=\"https:\/\/i0.wp.com\/kirstengomez.es\/bodas\/wp-content\/uploads\/2015\/10\/aj006.png?resize=700%2C517\" alt=\"A&amp;J003\" width=\"700\" height=\"517\" \/><img data-recalc-dims=\"1\" loading=\"lazy\" decoding=\"async\" data-attachment-id=\"1375\" data-permalink=\"http:\/\/kirstengomez.es\/bodas\/?attachment_id=1375\" data-orig-file=\"https:\/\/i0.wp.com\/kirstengomez.es\/bodas\/wp-content\/uploads\/2015\/10\/ja-45.jpg?fit=700%2C467\" data-orig-size=\"700,467\" data-comments-opened=\"1\" data-image-meta=\"{&quot;aperture&quot;:&quot;1.4&quot;,&quot;credit&quot;:&quot;Kirsten G\\u00f3mez&quot;,&quot;camera&quot;:&quot;Canon EOS 5D Mark III&quot;,&quot;caption&quot;:&quot;&quot;,&quot;created_timestamp&quot;:&quot;1431799642&quot;,&quot;copyright&quot;:&quot;&quot;,&quot;focal_length&quot;:&quot;50&quot;,&quot;iso&quot;:&quot;640&quot;,&quot;shutter_speed&quot;:&quot;0.008&quot;,&quot;title&quot;:&quot;&quot;,&quot;orientation&quot;:&quot;1&quot;}\" data-image-title=\"J&amp;#038;A-45\" data-image-description=\"\" data-image-caption=\"\" data-large-file=\"https:\/\/i0.wp.com\/kirstengomez.es\/bodas\/wp-content\/uploads\/2015\/10\/ja-45.jpg?fit=700%2C467\" class=\"alignleft size-large wp-image-1375\" src=\"https:\/\/i0.wp.com\/kirstengomez.es\/bodas\/wp-content\/uploads\/2015\/10\/ja-45.jpg?resize=700%2C467\" alt=\"J&amp;A-45\" width=\"700\" height=\"467\" srcset=\"https:\/\/i0.wp.com\/kirstengomez.es\/bodas\/wp-content\/uploads\/2015\/10\/ja-45.jpg?w=700 700w, https:\/\/i0.wp.com\/kirstengomez.es\/bodas\/wp-content\/uploads\/2015\/10\/ja-45.jpg?resize=300%2C200 300w, https:\/\/i0.wp.com\/kirstengomez.es\/bodas\/wp-content\/uploads\/2015\/10\/ja-45.jpg?resize=500%2C334 500w\" sizes=\"auto, (max-width: 700px) 100vw, 700px\" \/><img data-recalc-dims=\"1\" loading=\"lazy\" decoding=\"async\" data-attachment-id=\"1377\" data-permalink=\"http:\/\/kirstengomez.es\/bodas\/?attachment_id=1377\" data-orig-file=\"https:\/\/i0.wp.com\/kirstengomez.es\/bodas\/wp-content\/uploads\/2015\/10\/ja-47.jpg?fit=700%2C467\" data-orig-size=\"700,467\" data-comments-opened=\"1\" data-image-meta=\"{&quot;aperture&quot;:&quot;1.4&quot;,&quot;credit&quot;:&quot;Kirsten G\\u00f3mez&quot;,&quot;camera&quot;:&quot;Canon EOS 5D Mark III&quot;,&quot;caption&quot;:&quot;&quot;,&quot;created_timestamp&quot;:&quot;1431800174&quot;,&quot;copyright&quot;:&quot;&quot;,&quot;focal_length&quot;:&quot;50&quot;,&quot;iso&quot;:&quot;800&quot;,&quot;shutter_speed&quot;:&quot;0.008&quot;,&quot;title&quot;:&quot;&quot;,&quot;orientation&quot;:&quot;1&quot;}\" data-image-title=\"J&amp;#038;A-47\" data-image-description=\"\" data-image-caption=\"\" data-large-file=\"https:\/\/i0.wp.com\/kirstengomez.es\/bodas\/wp-content\/uploads\/2015\/10\/ja-47.jpg?fit=700%2C467\" class=\"alignleft size-full wp-image-1377\" src=\"https:\/\/i0.wp.com\/kirstengomez.es\/bodas\/wp-content\/uploads\/2015\/10\/ja-47.jpg?resize=700%2C467\" alt=\"J&amp;A-47\" width=\"700\" height=\"467\" srcset=\"https:\/\/i0.wp.com\/kirstengomez.es\/bodas\/wp-content\/uploads\/2015\/10\/ja-47.jpg?w=700 700w, https:\/\/i0.wp.com\/kirstengomez.es\/bodas\/wp-content\/uploads\/2015\/10\/ja-47.jpg?resize=300%2C200 300w, https:\/\/i0.wp.com\/kirstengomez.es\/bodas\/wp-content\/uploads\/2015\/10\/ja-47.jpg?resize=500%2C334 500w\" sizes=\"auto, (max-width: 700px) 100vw, 700px\" \/><\/p>\n<p><img data-recalc-dims=\"1\" loading=\"lazy\" decoding=\"async\" data-attachment-id=\"1376\" data-permalink=\"http:\/\/kirstengomez.es\/bodas\/?attachment_id=1376\" data-orig-file=\"https:\/\/i0.wp.com\/kirstengomez.es\/bodas\/wp-content\/uploads\/2015\/10\/ja-46.jpg?fit=700%2C467\" data-orig-size=\"700,467\" data-comments-opened=\"1\" data-image-meta=\"{&quot;aperture&quot;:&quot;1.4&quot;,&quot;credit&quot;:&quot;Kirsten G\\u00f3mez&quot;,&quot;camera&quot;:&quot;Canon EOS 5D Mark III&quot;,&quot;caption&quot;:&quot;&quot;,&quot;created_timestamp&quot;:&quot;1431799664&quot;,&quot;copyright&quot;:&quot;&quot;,&quot;focal_length&quot;:&quot;50&quot;,&quot;iso&quot;:&quot;640&quot;,&quot;shutter_speed&quot;:&quot;0.008&quot;,&quot;title&quot;:&quot;&quot;,&quot;orientation&quot;:&quot;1&quot;}\" data-image-title=\"J&amp;#038;A-46\" data-image-description=\"\" data-image-caption=\"\" data-large-file=\"https:\/\/i0.wp.com\/kirstengomez.es\/bodas\/wp-content\/uploads\/2015\/10\/ja-46.jpg?fit=700%2C467\" class=\"alignleft size-large wp-image-1376\" src=\"https:\/\/i0.wp.com\/kirstengomez.es\/bodas\/wp-content\/uploads\/2015\/10\/ja-46.jpg?resize=700%2C467\" alt=\"J&amp;A-46\" width=\"700\" height=\"467\" srcset=\"https:\/\/i0.wp.com\/kirstengomez.es\/bodas\/wp-content\/uploads\/2015\/10\/ja-46.jpg?w=700 700w, https:\/\/i0.wp.com\/kirstengomez.es\/bodas\/wp-content\/uploads\/2015\/10\/ja-46.jpg?resize=300%2C200 300w, https:\/\/i0.wp.com\/kirstengomez.es\/bodas\/wp-content\/uploads\/2015\/10\/ja-46.jpg?resize=500%2C334 500w\" sizes=\"auto, (max-width: 700px) 100vw, 700px\" \/><br \/>\n<img data-recalc-dims=\"1\" loading=\"lazy\" decoding=\"async\" data-attachment-id=\"1378\" data-permalink=\"http:\/\/kirstengomez.es\/bodas\/?attachment_id=1378\" data-orig-file=\"https:\/\/i0.wp.com\/kirstengomez.es\/bodas\/wp-content\/uploads\/2015\/10\/ja-48.jpg?fit=700%2C467\" data-orig-size=\"700,467\" data-comments-opened=\"1\" data-image-meta=\"{&quot;aperture&quot;:&quot;1.4&quot;,&quot;credit&quot;:&quot;Kirsten G\\u00f3mez&quot;,&quot;camera&quot;:&quot;Canon EOS 5D Mark III&quot;,&quot;caption&quot;:&quot;&quot;,&quot;created_timestamp&quot;:&quot;1431800224&quot;,&quot;copyright&quot;:&quot;&quot;,&quot;focal_length&quot;:&quot;50&quot;,&quot;iso&quot;:&quot;800&quot;,&quot;shutter_speed&quot;:&quot;0.008&quot;,&quot;title&quot;:&quot;&quot;,&quot;orientation&quot;:&quot;1&quot;}\" data-image-title=\"J&amp;#038;A-48\" data-image-description=\"\" data-image-caption=\"\" data-large-file=\"https:\/\/i0.wp.com\/kirstengomez.es\/bodas\/wp-content\/uploads\/2015\/10\/ja-48.jpg?fit=700%2C467\" class=\"alignleft size-full wp-image-1378\" src=\"https:\/\/i0.wp.com\/kirstengomez.es\/bodas\/wp-content\/uploads\/2015\/10\/ja-48.jpg?resize=700%2C467\" alt=\"J&amp;A-48\" width=\"700\" height=\"467\" srcset=\"https:\/\/i0.wp.com\/kirstengomez.es\/bodas\/wp-content\/uploads\/2015\/10\/ja-48.jpg?w=700 700w, https:\/\/i0.wp.com\/kirstengomez.es\/bodas\/wp-content\/uploads\/2015\/10\/ja-48.jpg?resize=300%2C200 300w, https:\/\/i0.wp.com\/kirstengomez.es\/bodas\/wp-content\/uploads\/2015\/10\/ja-48.jpg?resize=500%2C334 500w\" sizes=\"auto, (max-width: 700px) 100vw, 700px\" \/><\/p>\n<p><img data-recalc-dims=\"1\" loading=\"lazy\" decoding=\"async\" data-attachment-id=\"1379\" data-permalink=\"http:\/\/kirstengomez.es\/bodas\/?attachment_id=1379\" data-orig-file=\"https:\/\/i0.wp.com\/kirstengomez.es\/bodas\/wp-content\/uploads\/2015\/10\/ja-49.jpg?fit=700%2C467\" data-orig-size=\"700,467\" data-comments-opened=\"1\" data-image-meta=\"{&quot;aperture&quot;:&quot;1.4&quot;,&quot;credit&quot;:&quot;Kirsten G\\u00f3mez&quot;,&quot;camera&quot;:&quot;Canon EOS 5D Mark III&quot;,&quot;caption&quot;:&quot;&quot;,&quot;created_timestamp&quot;:&quot;1431800243&quot;,&quot;copyright&quot;:&quot;&quot;,&quot;focal_length&quot;:&quot;50&quot;,&quot;iso&quot;:&quot;800&quot;,&quot;shutter_speed&quot;:&quot;0.008&quot;,&quot;title&quot;:&quot;&quot;,&quot;orientation&quot;:&quot;1&quot;}\" data-image-title=\"J&amp;#038;A-49\" data-image-description=\"\" data-image-caption=\"\" data-large-file=\"https:\/\/i0.wp.com\/kirstengomez.es\/bodas\/wp-content\/uploads\/2015\/10\/ja-49.jpg?fit=700%2C467\" class=\"alignleft size-large wp-image-1379\" src=\"https:\/\/i0.wp.com\/kirstengomez.es\/bodas\/wp-content\/uploads\/2015\/10\/ja-49.jpg?resize=700%2C467\" alt=\"J&amp;A-49\" width=\"700\" height=\"467\" srcset=\"https:\/\/i0.wp.com\/kirstengomez.es\/bodas\/wp-content\/uploads\/2015\/10\/ja-49.jpg?w=700 700w, https:\/\/i0.wp.com\/kirstengomez.es\/bodas\/wp-content\/uploads\/2015\/10\/ja-49.jpg?resize=300%2C200 300w, https:\/\/i0.wp.com\/kirstengomez.es\/bodas\/wp-content\/uploads\/2015\/10\/ja-49.jpg?resize=500%2C334 500w\" sizes=\"auto, (max-width: 700px) 100vw, 700px\" \/><img data-recalc-dims=\"1\" loading=\"lazy\" decoding=\"async\" data-attachment-id=\"1381\" data-permalink=\"http:\/\/kirstengomez.es\/bodas\/?attachment_id=1381\" data-orig-file=\"https:\/\/i0.wp.com\/kirstengomez.es\/bodas\/wp-content\/uploads\/2015\/10\/ja-53.jpg?fit=700%2C467\" data-orig-size=\"700,467\" data-comments-opened=\"1\" data-image-meta=\"{&quot;aperture&quot;:&quot;3.2&quot;,&quot;credit&quot;:&quot;Kirsten G\\u00f3mez&quot;,&quot;camera&quot;:&quot;Canon EOS 5D Mark III&quot;,&quot;caption&quot;:&quot;&quot;,&quot;created_timestamp&quot;:&quot;1431801013&quot;,&quot;copyright&quot;:&quot;&quot;,&quot;focal_length&quot;:&quot;50&quot;,&quot;iso&quot;:&quot;160&quot;,&quot;shutter_speed&quot;:&quot;0.008&quot;,&quot;title&quot;:&quot;&quot;,&quot;orientation&quot;:&quot;1&quot;}\" data-image-title=\"J&amp;#038;A-53\" data-image-description=\"\" data-image-caption=\"\" data-large-file=\"https:\/\/i0.wp.com\/kirstengomez.es\/bodas\/wp-content\/uploads\/2015\/10\/ja-53.jpg?fit=700%2C467\" class=\"alignleft size-large wp-image-1381\" src=\"https:\/\/i0.wp.com\/kirstengomez.es\/bodas\/wp-content\/uploads\/2015\/10\/ja-53.jpg?resize=700%2C467\" alt=\"J&amp;A-53\" width=\"700\" height=\"467\" srcset=\"https:\/\/i0.wp.com\/kirstengomez.es\/bodas\/wp-content\/uploads\/2015\/10\/ja-53.jpg?w=700 700w, https:\/\/i0.wp.com\/kirstengomez.es\/bodas\/wp-content\/uploads\/2015\/10\/ja-53.jpg?resize=300%2C200 300w, https:\/\/i0.wp.com\/kirstengomez.es\/bodas\/wp-content\/uploads\/2015\/10\/ja-53.jpg?resize=500%2C334 500w\" sizes=\"auto, (max-width: 700px) 100vw, 700px\" \/><img data-recalc-dims=\"1\" loading=\"lazy\" decoding=\"async\" data-attachment-id=\"1385\" data-permalink=\"http:\/\/kirstengomez.es\/bodas\/?attachment_id=1385\" data-orig-file=\"https:\/\/i0.wp.com\/kirstengomez.es\/bodas\/wp-content\/uploads\/2015\/10\/ja-61.jpg?fit=700%2C467\" data-orig-size=\"700,467\" data-comments-opened=\"1\" data-image-meta=\"{&quot;aperture&quot;:&quot;3.5&quot;,&quot;credit&quot;:&quot;Kirsten G\\u00f3mez&quot;,&quot;camera&quot;:&quot;Canon EOS 5D Mark III&quot;,&quot;caption&quot;:&quot;&quot;,&quot;created_timestamp&quot;:&quot;1431801915&quot;,&quot;copyright&quot;:&quot;&quot;,&quot;focal_length&quot;:&quot;50&quot;,&quot;iso&quot;:&quot;160&quot;,&quot;shutter_speed&quot;:&quot;0.00625&quot;,&quot;title&quot;:&quot;&quot;,&quot;orientation&quot;:&quot;1&quot;}\" data-image-title=\"J&amp;#038;A-61\" data-image-description=\"\" data-image-caption=\"\" data-large-file=\"https:\/\/i0.wp.com\/kirstengomez.es\/bodas\/wp-content\/uploads\/2015\/10\/ja-61.jpg?fit=700%2C467\" class=\"alignleft size-full wp-image-1385\" src=\"https:\/\/i0.wp.com\/kirstengomez.es\/bodas\/wp-content\/uploads\/2015\/10\/ja-61.jpg?resize=700%2C467\" alt=\"J&amp;A-61\" width=\"700\" height=\"467\" srcset=\"https:\/\/i0.wp.com\/kirstengomez.es\/bodas\/wp-content\/uploads\/2015\/10\/ja-61.jpg?w=700 700w, https:\/\/i0.wp.com\/kirstengomez.es\/bodas\/wp-content\/uploads\/2015\/10\/ja-61.jpg?resize=300%2C200 300w, https:\/\/i0.wp.com\/kirstengomez.es\/bodas\/wp-content\/uploads\/2015\/10\/ja-61.jpg?resize=500%2C334 500w\" sizes=\"auto, (max-width: 700px) 100vw, 700px\" \/><br \/>\n<img data-recalc-dims=\"1\" loading=\"lazy\" decoding=\"async\" data-attachment-id=\"1384\" data-permalink=\"http:\/\/kirstengomez.es\/bodas\/?attachment_id=1384\" data-orig-file=\"https:\/\/i0.wp.com\/kirstengomez.es\/bodas\/wp-content\/uploads\/2015\/10\/ja-59.jpg?fit=700%2C467\" data-orig-size=\"700,467\" data-comments-opened=\"1\" data-image-meta=\"{&quot;aperture&quot;:&quot;5.6&quot;,&quot;credit&quot;:&quot;Kirsten G\\u00f3mez&quot;,&quot;camera&quot;:&quot;Canon EOS 5D Mark III&quot;,&quot;caption&quot;:&quot;&quot;,&quot;created_timestamp&quot;:&quot;1431801778&quot;,&quot;copyright&quot;:&quot;&quot;,&quot;focal_length&quot;:&quot;50&quot;,&quot;iso&quot;:&quot;160&quot;,&quot;shutter_speed&quot;:&quot;0.00625&quot;,&quot;title&quot;:&quot;&quot;,&quot;orientation&quot;:&quot;1&quot;}\" data-image-title=\"J&amp;#038;A-59\" data-image-description=\"\" data-image-caption=\"\" data-large-file=\"https:\/\/i0.wp.com\/kirstengomez.es\/bodas\/wp-content\/uploads\/2015\/10\/ja-59.jpg?fit=700%2C467\" class=\"alignleft size-large wp-image-1384\" src=\"https:\/\/i0.wp.com\/kirstengomez.es\/bodas\/wp-content\/uploads\/2015\/10\/ja-59.jpg?resize=700%2C467\" alt=\"J&amp;A-59\" width=\"700\" height=\"467\" srcset=\"https:\/\/i0.wp.com\/kirstengomez.es\/bodas\/wp-content\/uploads\/2015\/10\/ja-59.jpg?w=700 700w, https:\/\/i0.wp.com\/kirstengomez.es\/bodas\/wp-content\/uploads\/2015\/10\/ja-59.jpg?resize=300%2C200 300w, https:\/\/i0.wp.com\/kirstengomez.es\/bodas\/wp-content\/uploads\/2015\/10\/ja-59.jpg?resize=500%2C334 500w\" sizes=\"auto, (max-width: 700px) 100vw, 700px\" \/><img data-recalc-dims=\"1\" loading=\"lazy\" decoding=\"async\" data-attachment-id=\"1334\" data-permalink=\"http:\/\/kirstengomez.es\/bodas\/?attachment_id=1334\" data-orig-file=\"https:\/\/i0.wp.com\/kirstengomez.es\/bodas\/wp-content\/uploads\/2015\/10\/aj004.png?fit=700%2C517\" data-orig-size=\"700,517\" data-comments-opened=\"1\" data-image-meta=\"{&quot;aperture&quot;:&quot;0&quot;,&quot;credit&quot;:&quot;&quot;,&quot;camera&quot;:&quot;&quot;,&quot;caption&quot;:&quot;&quot;,&quot;created_timestamp&quot;:&quot;0&quot;,&quot;copyright&quot;:&quot;&quot;,&quot;focal_length&quot;:&quot;0&quot;,&quot;iso&quot;:&quot;0&quot;,&quot;shutter_speed&quot;:&quot;0&quot;,&quot;title&quot;:&quot;&quot;,&quot;orientation&quot;:&quot;0&quot;}\" data-image-title=\"A&amp;#038;J004\" data-image-description=\"\" data-image-caption=\"\" data-large-file=\"https:\/\/i0.wp.com\/kirstengomez.es\/bodas\/wp-content\/uploads\/2015\/10\/aj004.png?fit=700%2C517\" class=\"alignleft size-full wp-image-1334\" src=\"https:\/\/i0.wp.com\/kirstengomez.es\/bodas\/wp-content\/uploads\/2015\/10\/aj008.png?resize=700%2C517\" alt=\"A&amp;J004\" width=\"700\" height=\"517\" \/><br \/>\n<img data-recalc-dims=\"1\" loading=\"lazy\" decoding=\"async\" data-attachment-id=\"1383\" data-permalink=\"http:\/\/kirstengomez.es\/bodas\/?attachment_id=1383\" data-orig-file=\"https:\/\/i0.wp.com\/kirstengomez.es\/bodas\/wp-content\/uploads\/2015\/10\/ja-58.jpg?fit=700%2C467\" data-orig-size=\"700,467\" data-comments-opened=\"1\" data-image-meta=\"{&quot;aperture&quot;:&quot;4.5&quot;,&quot;credit&quot;:&quot;Kirsten G\\u00f3mez&quot;,&quot;camera&quot;:&quot;Canon EOS 5D Mark III&quot;,&quot;caption&quot;:&quot;&quot;,&quot;created_timestamp&quot;:&quot;1431801719&quot;,&quot;copyright&quot;:&quot;&quot;,&quot;focal_length&quot;:&quot;50&quot;,&quot;iso&quot;:&quot;160&quot;,&quot;shutter_speed&quot;:&quot;0.00625&quot;,&quot;title&quot;:&quot;&quot;,&quot;orientation&quot;:&quot;1&quot;}\" data-image-title=\"J&amp;#038;A-58\" data-image-description=\"\" data-image-caption=\"\" data-large-file=\"https:\/\/i0.wp.com\/kirstengomez.es\/bodas\/wp-content\/uploads\/2015\/10\/ja-58.jpg?fit=700%2C467\" class=\"alignleft size-large wp-image-1383\" src=\"https:\/\/i0.wp.com\/kirstengomez.es\/bodas\/wp-content\/uploads\/2015\/10\/ja-58.jpg?resize=700%2C467\" alt=\"J&amp;A-58\" width=\"700\" height=\"467\" srcset=\"https:\/\/i0.wp.com\/kirstengomez.es\/bodas\/wp-content\/uploads\/2015\/10\/ja-58.jpg?w=700 700w, https:\/\/i0.wp.com\/kirstengomez.es\/bodas\/wp-content\/uploads\/2015\/10\/ja-58.jpg?resize=300%2C200 300w, https:\/\/i0.wp.com\/kirstengomez.es\/bodas\/wp-content\/uploads\/2015\/10\/ja-58.jpg?resize=500%2C334 500w\" sizes=\"auto, (max-width: 700px) 100vw, 700px\" \/><img data-recalc-dims=\"1\" loading=\"lazy\" decoding=\"async\" data-attachment-id=\"1333\" data-permalink=\"http:\/\/kirstengomez.es\/bodas\/?attachment_id=1333\" data-orig-file=\"https:\/\/i0.wp.com\/kirstengomez.es\/bodas\/wp-content\/uploads\/2015\/10\/aj003.png?fit=700%2C517\" data-orig-size=\"700,517\" data-comments-opened=\"1\" data-image-meta=\"{&quot;aperture&quot;:&quot;0&quot;,&quot;credit&quot;:&quot;&quot;,&quot;camera&quot;:&quot;&quot;,&quot;caption&quot;:&quot;&quot;,&quot;created_timestamp&quot;:&quot;0&quot;,&quot;copyright&quot;:&quot;&quot;,&quot;focal_length&quot;:&quot;0&quot;,&quot;iso&quot;:&quot;0&quot;,&quot;shutter_speed&quot;:&quot;0&quot;,&quot;title&quot;:&quot;&quot;,&quot;orientation&quot;:&quot;0&quot;}\" data-image-title=\"A&amp;#038;J003\" data-image-description=\"\" data-image-caption=\"\" data-large-file=\"https:\/\/i0.wp.com\/kirstengomez.es\/bodas\/wp-content\/uploads\/2015\/10\/aj003.png?fit=700%2C517\" class=\"alignleft size-full wp-image-1333\" src=\"https:\/\/i0.wp.com\/kirstengomez.es\/bodas\/wp-content\/uploads\/2015\/10\/aj009.png?resize=700%2C517\" alt=\"A&amp;J003\" width=\"700\" height=\"517\" \/><\/p>\n<p><img data-recalc-dims=\"1\" loading=\"lazy\" decoding=\"async\" data-attachment-id=\"1382\" data-permalink=\"http:\/\/kirstengomez.es\/bodas\/?attachment_id=1382\" data-orig-file=\"https:\/\/i0.wp.com\/kirstengomez.es\/bodas\/wp-content\/uploads\/2015\/10\/ja-54.jpg?fit=700%2C467\" data-orig-size=\"700,467\" data-comments-opened=\"1\" data-image-meta=\"{&quot;aperture&quot;:&quot;2.8&quot;,&quot;credit&quot;:&quot;Kirsten G\\u00f3mez&quot;,&quot;camera&quot;:&quot;Canon EOS 5D Mark III&quot;,&quot;caption&quot;:&quot;&quot;,&quot;created_timestamp&quot;:&quot;1431801358&quot;,&quot;copyright&quot;:&quot;&quot;,&quot;focal_length&quot;:&quot;50&quot;,&quot;iso&quot;:&quot;160&quot;,&quot;shutter_speed&quot;:&quot;0.008&quot;,&quot;title&quot;:&quot;&quot;,&quot;orientation&quot;:&quot;1&quot;}\" data-image-title=\"J&amp;#038;A-54\" data-image-description=\"\" data-image-caption=\"\" data-large-file=\"https:\/\/i0.wp.com\/kirstengomez.es\/bodas\/wp-content\/uploads\/2015\/10\/ja-54.jpg?fit=700%2C467\" class=\"alignleft size-large wp-image-1382\" src=\"https:\/\/i0.wp.com\/kirstengomez.es\/bodas\/wp-content\/uploads\/2015\/10\/ja-54.jpg?resize=700%2C467\" alt=\"J&amp;A-54\" width=\"700\" height=\"467\" srcset=\"https:\/\/i0.wp.com\/kirstengomez.es\/bodas\/wp-content\/uploads\/2015\/10\/ja-54.jpg?w=700 700w, https:\/\/i0.wp.com\/kirstengomez.es\/bodas\/wp-content\/uploads\/2015\/10\/ja-54.jpg?resize=300%2C200 300w, https:\/\/i0.wp.com\/kirstengomez.es\/bodas\/wp-content\/uploads\/2015\/10\/ja-54.jpg?resize=500%2C334 500w\" sizes=\"auto, (max-width: 700px) 100vw, 700px\" \/><\/p>\n<p><img data-recalc-dims=\"1\" loading=\"lazy\" decoding=\"async\" data-attachment-id=\"1334\" data-permalink=\"http:\/\/kirstengomez.es\/bodas\/?attachment_id=1334\" data-orig-file=\"https:\/\/i0.wp.com\/kirstengomez.es\/bodas\/wp-content\/uploads\/2015\/10\/aj004.png?fit=700%2C517\" data-orig-size=\"700,517\" data-comments-opened=\"1\" data-image-meta=\"{&quot;aperture&quot;:&quot;0&quot;,&quot;credit&quot;:&quot;&quot;,&quot;camera&quot;:&quot;&quot;,&quot;caption&quot;:&quot;&quot;,&quot;created_timestamp&quot;:&quot;0&quot;,&quot;copyright&quot;:&quot;&quot;,&quot;focal_length&quot;:&quot;0&quot;,&quot;iso&quot;:&quot;0&quot;,&quot;shutter_speed&quot;:&quot;0&quot;,&quot;title&quot;:&quot;&quot;,&quot;orientation&quot;:&quot;0&quot;}\" data-image-title=\"A&amp;#038;J004\" data-image-description=\"\" data-image-caption=\"\" data-large-file=\"https:\/\/i0.wp.com\/kirstengomez.es\/bodas\/wp-content\/uploads\/2015\/10\/aj004.png?fit=700%2C517\" class=\"alignleft size-full wp-image-1334\" src=\"https:\/\/i0.wp.com\/kirstengomez.es\/bodas\/wp-content\/uploads\/2015\/10\/aj010.png?resize=700%2C517\" alt=\"A&amp;J004\" width=\"700\" height=\"517\" \/><img data-recalc-dims=\"1\" loading=\"lazy\" decoding=\"async\" data-attachment-id=\"1380\" data-permalink=\"http:\/\/kirstengomez.es\/bodas\/?attachment_id=1380\" data-orig-file=\"https:\/\/i0.wp.com\/kirstengomez.es\/bodas\/wp-content\/uploads\/2015\/10\/ja-50.jpg?fit=700%2C467\" data-orig-size=\"700,467\" data-comments-opened=\"1\" data-image-meta=\"{&quot;aperture&quot;:&quot;1.4&quot;,&quot;credit&quot;:&quot;Kirsten G\\u00f3mez&quot;,&quot;camera&quot;:&quot;Canon EOS 5D Mark III&quot;,&quot;caption&quot;:&quot;&quot;,&quot;created_timestamp&quot;:&quot;1431800418&quot;,&quot;copyright&quot;:&quot;&quot;,&quot;focal_length&quot;:&quot;50&quot;,&quot;iso&quot;:&quot;640&quot;,&quot;shutter_speed&quot;:&quot;0.008&quot;,&quot;title&quot;:&quot;&quot;,&quot;orientation&quot;:&quot;1&quot;}\" data-image-title=\"J&amp;#038;A-50\" data-image-description=\"\" data-image-caption=\"\" data-large-file=\"https:\/\/i0.wp.com\/kirstengomez.es\/bodas\/wp-content\/uploads\/2015\/10\/ja-50.jpg?fit=700%2C467\" class=\"alignleft size-large wp-image-1380\" src=\"https:\/\/i0.wp.com\/kirstengomez.es\/bodas\/wp-content\/uploads\/2015\/10\/ja-50.jpg?resize=700%2C467\" alt=\"J&amp;A-50\" width=\"700\" height=\"467\" srcset=\"https:\/\/i0.wp.com\/kirstengomez.es\/bodas\/wp-content\/uploads\/2015\/10\/ja-50.jpg?w=700 700w, https:\/\/i0.wp.com\/kirstengomez.es\/bodas\/wp-content\/uploads\/2015\/10\/ja-50.jpg?resize=300%2C200 300w, https:\/\/i0.wp.com\/kirstengomez.es\/bodas\/wp-content\/uploads\/2015\/10\/ja-50.jpg?resize=500%2C334 500w\" sizes=\"auto, (max-width: 700px) 100vw, 700px\" \/><img data-recalc-dims=\"1\" loading=\"lazy\" decoding=\"async\" data-attachment-id=\"1334\" data-permalink=\"http:\/\/kirstengomez.es\/bodas\/?attachment_id=1334\" data-orig-file=\"https:\/\/i0.wp.com\/kirstengomez.es\/bodas\/wp-content\/uploads\/2015\/10\/aj004.png?fit=700%2C517\" data-orig-size=\"700,517\" data-comments-opened=\"1\" data-image-meta=\"{&quot;aperture&quot;:&quot;0&quot;,&quot;credit&quot;:&quot;&quot;,&quot;camera&quot;:&quot;&quot;,&quot;caption&quot;:&quot;&quot;,&quot;created_timestamp&quot;:&quot;0&quot;,&quot;copyright&quot;:&quot;&quot;,&quot;focal_length&quot;:&quot;0&quot;,&quot;iso&quot;:&quot;0&quot;,&quot;shutter_speed&quot;:&quot;0&quot;,&quot;title&quot;:&quot;&quot;,&quot;orientation&quot;:&quot;0&quot;}\" data-image-title=\"A&amp;#038;J004\" data-image-description=\"\" data-image-caption=\"\" data-large-file=\"https:\/\/i0.wp.com\/kirstengomez.es\/bodas\/wp-content\/uploads\/2015\/10\/aj004.png?fit=700%2C517\" class=\"alignleft size-full wp-image-1334\" src=\"https:\/\/i0.wp.com\/kirstengomez.es\/bodas\/wp-content\/uploads\/2015\/10\/aj007.png?resize=700%2C517\" alt=\"A&amp;J004\" width=\"700\" height=\"517\" \/><img data-recalc-dims=\"1\" loading=\"lazy\" decoding=\"async\" data-attachment-id=\"1386\" data-permalink=\"http:\/\/kirstengomez.es\/bodas\/?attachment_id=1386\" data-orig-file=\"https:\/\/i0.wp.com\/kirstengomez.es\/bodas\/wp-content\/uploads\/2015\/10\/ja-65.jpg?fit=700%2C467\" data-orig-size=\"700,467\" data-comments-opened=\"1\" data-image-meta=\"{&quot;aperture&quot;:&quot;4&quot;,&quot;credit&quot;:&quot;Kirsten G\\u00f3mez&quot;,&quot;camera&quot;:&quot;Canon EOS 5D Mark III&quot;,&quot;caption&quot;:&quot;&quot;,&quot;created_timestamp&quot;:&quot;1431806316&quot;,&quot;copyright&quot;:&quot;&quot;,&quot;focal_length&quot;:&quot;50&quot;,&quot;iso&quot;:&quot;160&quot;,&quot;shutter_speed&quot;:&quot;0.008&quot;,&quot;title&quot;:&quot;&quot;,&quot;orientation&quot;:&quot;1&quot;}\" data-image-title=\"J&amp;#038;A-65\" data-image-description=\"\" data-image-caption=\"\" data-large-file=\"https:\/\/i0.wp.com\/kirstengomez.es\/bodas\/wp-content\/uploads\/2015\/10\/ja-65.jpg?fit=700%2C467\" class=\"alignleft size-full wp-image-1386\" src=\"https:\/\/i0.wp.com\/kirstengomez.es\/bodas\/wp-content\/uploads\/2015\/10\/ja-65.jpg?resize=700%2C467\" alt=\"J&amp;A-65\" width=\"700\" height=\"467\" srcset=\"https:\/\/i0.wp.com\/kirstengomez.es\/bodas\/wp-content\/uploads\/2015\/10\/ja-65.jpg?w=700 700w, https:\/\/i0.wp.com\/kirstengomez.es\/bodas\/wp-content\/uploads\/2015\/10\/ja-65.jpg?resize=300%2C200 300w, https:\/\/i0.wp.com\/kirstengomez.es\/bodas\/wp-content\/uploads\/2015\/10\/ja-65.jpg?resize=500%2C334 500w\" sizes=\"auto, (max-width: 700px) 100vw, 700px\" \/><img data-recalc-dims=\"1\" loading=\"lazy\" decoding=\"async\" data-attachment-id=\"1333\" data-permalink=\"http:\/\/kirstengomez.es\/bodas\/?attachment_id=1333\" data-orig-file=\"https:\/\/i0.wp.com\/kirstengomez.es\/bodas\/wp-content\/uploads\/2015\/10\/aj003.png?fit=700%2C517\" data-orig-size=\"700,517\" data-comments-opened=\"1\" data-image-meta=\"{&quot;aperture&quot;:&quot;0&quot;,&quot;credit&quot;:&quot;&quot;,&quot;camera&quot;:&quot;&quot;,&quot;caption&quot;:&quot;&quot;,&quot;created_timestamp&quot;:&quot;0&quot;,&quot;copyright&quot;:&quot;&quot;,&quot;focal_length&quot;:&quot;0&quot;,&quot;iso&quot;:&quot;0&quot;,&quot;shutter_speed&quot;:&quot;0&quot;,&quot;title&quot;:&quot;&quot;,&quot;orientation&quot;:&quot;0&quot;}\" data-image-title=\"A&amp;#038;J003\" data-image-description=\"\" data-image-caption=\"\" data-large-file=\"https:\/\/i0.wp.com\/kirstengomez.es\/bodas\/wp-content\/uploads\/2015\/10\/aj003.png?fit=700%2C517\" class=\"alignleft size-full wp-image-1333\" src=\"https:\/\/i0.wp.com\/kirstengomez.es\/bodas\/wp-content\/uploads\/2015\/10\/aj012.png?resize=700%2C517\" alt=\"A&amp;J003\" width=\"700\" height=\"517\" \/><img data-recalc-dims=\"1\" loading=\"lazy\" decoding=\"async\" data-attachment-id=\"1334\" data-permalink=\"http:\/\/kirstengomez.es\/bodas\/?attachment_id=1334\" data-orig-file=\"https:\/\/i0.wp.com\/kirstengomez.es\/bodas\/wp-content\/uploads\/2015\/10\/aj004.png?fit=700%2C517\" data-orig-size=\"700,517\" data-comments-opened=\"1\" data-image-meta=\"{&quot;aperture&quot;:&quot;0&quot;,&quot;credit&quot;:&quot;&quot;,&quot;camera&quot;:&quot;&quot;,&quot;caption&quot;:&quot;&quot;,&quot;created_timestamp&quot;:&quot;0&quot;,&quot;copyright&quot;:&quot;&quot;,&quot;focal_length&quot;:&quot;0&quot;,&quot;iso&quot;:&quot;0&quot;,&quot;shutter_speed&quot;:&quot;0&quot;,&quot;title&quot;:&quot;&quot;,&quot;orientation&quot;:&quot;0&quot;}\" data-image-title=\"A&amp;#038;J004\" data-image-description=\"\" data-image-caption=\"\" data-large-file=\"https:\/\/i0.wp.com\/kirstengomez.es\/bodas\/wp-content\/uploads\/2015\/10\/aj004.png?fit=700%2C517\" class=\"alignleft size-full wp-image-1334\" src=\"https:\/\/i0.wp.com\/kirstengomez.es\/bodas\/wp-content\/uploads\/2015\/10\/aj011.png?resize=700%2C517\" alt=\"A&amp;J004\" width=\"700\" height=\"517\" \/><img data-recalc-dims=\"1\" loading=\"lazy\" decoding=\"async\" data-attachment-id=\"1391\" data-permalink=\"http:\/\/kirstengomez.es\/bodas\/?attachment_id=1391\" data-orig-file=\"https:\/\/i0.wp.com\/kirstengomez.es\/bodas\/wp-content\/uploads\/2015\/10\/ja-72.jpg?fit=700%2C467\" data-orig-size=\"700,467\" data-comments-opened=\"1\" data-image-meta=\"{&quot;aperture&quot;:&quot;2.2&quot;,&quot;credit&quot;:&quot;Kirsten G\\u00f3mez&quot;,&quot;camera&quot;:&quot;Canon EOS 5D Mark III&quot;,&quot;caption&quot;:&quot;&quot;,&quot;created_timestamp&quot;:&quot;1431809765&quot;,&quot;copyright&quot;:&quot;&quot;,&quot;focal_length&quot;:&quot;50&quot;,&quot;iso&quot;:&quot;800&quot;,&quot;shutter_speed&quot;:&quot;0.01&quot;,&quot;title&quot;:&quot;&quot;,&quot;orientation&quot;:&quot;1&quot;}\" data-image-title=\"J&amp;#038;A-72\" data-image-description=\"\" data-image-caption=\"\" data-large-file=\"https:\/\/i0.wp.com\/kirstengomez.es\/bodas\/wp-content\/uploads\/2015\/10\/ja-72.jpg?fit=700%2C467\" class=\"alignleft size-full wp-image-1391\" src=\"https:\/\/i0.wp.com\/kirstengomez.es\/bodas\/wp-content\/uploads\/2015\/10\/ja-72.jpg?resize=700%2C467\" alt=\"J&amp;A-72\" width=\"700\" height=\"467\" srcset=\"https:\/\/i0.wp.com\/kirstengomez.es\/bodas\/wp-content\/uploads\/2015\/10\/ja-72.jpg?w=700 700w, https:\/\/i0.wp.com\/kirstengomez.es\/bodas\/wp-content\/uploads\/2015\/10\/ja-72.jpg?resize=300%2C200 300w, https:\/\/i0.wp.com\/kirstengomez.es\/bodas\/wp-content\/uploads\/2015\/10\/ja-72.jpg?resize=500%2C334 500w\" sizes=\"auto, (max-width: 700px) 100vw, 700px\" \/><img data-recalc-dims=\"1\" loading=\"lazy\" decoding=\"async\" data-attachment-id=\"1390\" data-permalink=\"http:\/\/kirstengomez.es\/bodas\/?attachment_id=1390\" data-orig-file=\"https:\/\/i0.wp.com\/kirstengomez.es\/bodas\/wp-content\/uploads\/2015\/10\/ja-71.jpg?fit=700%2C467\" data-orig-size=\"700,467\" data-comments-opened=\"1\" data-image-meta=\"{&quot;aperture&quot;:&quot;2.2&quot;,&quot;credit&quot;:&quot;Kirsten G\\u00f3mez&quot;,&quot;camera&quot;:&quot;Canon EOS 5D Mark III&quot;,&quot;caption&quot;:&quot;&quot;,&quot;created_timestamp&quot;:&quot;1431809742&quot;,&quot;copyright&quot;:&quot;&quot;,&quot;focal_length&quot;:&quot;50&quot;,&quot;iso&quot;:&quot;800&quot;,&quot;shutter_speed&quot;:&quot;0.01&quot;,&quot;title&quot;:&quot;&quot;,&quot;orientation&quot;:&quot;1&quot;}\" data-image-title=\"J&amp;#038;A-71\" data-image-description=\"\" data-image-caption=\"\" data-large-file=\"https:\/\/i0.wp.com\/kirstengomez.es\/bodas\/wp-content\/uploads\/2015\/10\/ja-71.jpg?fit=700%2C467\" class=\"alignleft size-full wp-image-1390\" src=\"https:\/\/i0.wp.com\/kirstengomez.es\/bodas\/wp-content\/uploads\/2015\/10\/ja-71.jpg?resize=700%2C467\" alt=\"J&amp;A-71\" width=\"700\" height=\"467\" srcset=\"https:\/\/i0.wp.com\/kirstengomez.es\/bodas\/wp-content\/uploads\/2015\/10\/ja-71.jpg?w=700 700w, https:\/\/i0.wp.com\/kirstengomez.es\/bodas\/wp-content\/uploads\/2015\/10\/ja-71.jpg?resize=300%2C200 300w, https:\/\/i0.wp.com\/kirstengomez.es\/bodas\/wp-content\/uploads\/2015\/10\/ja-71.jpg?resize=500%2C334 500w\" sizes=\"auto, (max-width: 700px) 100vw, 700px\" \/><img data-recalc-dims=\"1\" loading=\"lazy\" decoding=\"async\" data-attachment-id=\"1387\" data-permalink=\"http:\/\/kirstengomez.es\/bodas\/?attachment_id=1387\" data-orig-file=\"https:\/\/i0.wp.com\/kirstengomez.es\/bodas\/wp-content\/uploads\/2015\/10\/ja-68.jpg?fit=700%2C467\" data-orig-size=\"700,467\" data-comments-opened=\"1\" data-image-meta=\"{&quot;aperture&quot;:&quot;1.4&quot;,&quot;credit&quot;:&quot;Kirsten G\\u00f3mez&quot;,&quot;camera&quot;:&quot;Canon EOS 5D Mark III&quot;,&quot;caption&quot;:&quot;&quot;,&quot;created_timestamp&quot;:&quot;1431806494&quot;,&quot;copyright&quot;:&quot;&quot;,&quot;focal_length&quot;:&quot;50&quot;,&quot;iso&quot;:&quot;400&quot;,&quot;shutter_speed&quot;:&quot;0.008&quot;,&quot;title&quot;:&quot;&quot;,&quot;orientation&quot;:&quot;1&quot;}\" data-image-title=\"J&amp;#038;A-68\" data-image-description=\"\" data-image-caption=\"\" data-large-file=\"https:\/\/i0.wp.com\/kirstengomez.es\/bodas\/wp-content\/uploads\/2015\/10\/ja-68.jpg?fit=700%2C467\" class=\"alignleft size-full wp-image-1387\" src=\"https:\/\/i0.wp.com\/kirstengomez.es\/bodas\/wp-content\/uploads\/2015\/10\/ja-68.jpg?resize=700%2C467\" alt=\"J&amp;A-68\" width=\"700\" height=\"467\" srcset=\"https:\/\/i0.wp.com\/kirstengomez.es\/bodas\/wp-content\/uploads\/2015\/10\/ja-68.jpg?w=700 700w, https:\/\/i0.wp.com\/kirstengomez.es\/bodas\/wp-content\/uploads\/2015\/10\/ja-68.jpg?resize=300%2C200 300w, https:\/\/i0.wp.com\/kirstengomez.es\/bodas\/wp-content\/uploads\/2015\/10\/ja-68.jpg?resize=500%2C334 500w\" sizes=\"auto, (max-width: 700px) 100vw, 700px\" \/><img data-recalc-dims=\"1\" loading=\"lazy\" decoding=\"async\" data-attachment-id=\"1388\" data-permalink=\"http:\/\/kirstengomez.es\/bodas\/?attachment_id=1388\" data-orig-file=\"https:\/\/i0.wp.com\/kirstengomez.es\/bodas\/wp-content\/uploads\/2015\/10\/ja-69.jpg?fit=700%2C467\" data-orig-size=\"700,467\" data-comments-opened=\"1\" data-image-meta=\"{&quot;aperture&quot;:&quot;1.8&quot;,&quot;credit&quot;:&quot;Kirsten G\\u00f3mez&quot;,&quot;camera&quot;:&quot;Canon EOS 5D Mark III&quot;,&quot;caption&quot;:&quot;&quot;,&quot;created_timestamp&quot;:&quot;1431806660&quot;,&quot;copyright&quot;:&quot;&quot;,&quot;focal_length&quot;:&quot;50&quot;,&quot;iso&quot;:&quot;400&quot;,&quot;shutter_speed&quot;:&quot;0.008&quot;,&quot;title&quot;:&quot;&quot;,&quot;orientation&quot;:&quot;1&quot;}\" data-image-title=\"J&amp;#038;A-69\" data-image-description=\"\" data-image-caption=\"\" data-large-file=\"https:\/\/i0.wp.com\/kirstengomez.es\/bodas\/wp-content\/uploads\/2015\/10\/ja-69.jpg?fit=700%2C467\" class=\"alignleft size-full wp-image-1388\" src=\"https:\/\/i0.wp.com\/kirstengomez.es\/bodas\/wp-content\/uploads\/2015\/10\/ja-69.jpg?resize=700%2C467\" alt=\"J&amp;A-69\" width=\"700\" height=\"467\" srcset=\"https:\/\/i0.wp.com\/kirstengomez.es\/bodas\/wp-content\/uploads\/2015\/10\/ja-69.jpg?w=700 700w, https:\/\/i0.wp.com\/kirstengomez.es\/bodas\/wp-content\/uploads\/2015\/10\/ja-69.jpg?resize=300%2C200 300w, https:\/\/i0.wp.com\/kirstengomez.es\/bodas\/wp-content\/uploads\/2015\/10\/ja-69.jpg?resize=500%2C334 500w\" sizes=\"auto, (max-width: 700px) 100vw, 700px\" \/><img data-recalc-dims=\"1\" loading=\"lazy\" decoding=\"async\" data-attachment-id=\"1392\" data-permalink=\"http:\/\/kirstengomez.es\/bodas\/?attachment_id=1392\" data-orig-file=\"https:\/\/i0.wp.com\/kirstengomez.es\/bodas\/wp-content\/uploads\/2015\/10\/ja-73.jpg?fit=700%2C467\" data-orig-size=\"700,467\" data-comments-opened=\"1\" data-image-meta=\"{&quot;aperture&quot;:&quot;2.2&quot;,&quot;credit&quot;:&quot;Kirsten G\\u00f3mez&quot;,&quot;camera&quot;:&quot;Canon EOS 5D Mark III&quot;,&quot;caption&quot;:&quot;&quot;,&quot;created_timestamp&quot;:&quot;1431810055&quot;,&quot;copyright&quot;:&quot;&quot;,&quot;focal_length&quot;:&quot;50&quot;,&quot;iso&quot;:&quot;800&quot;,&quot;shutter_speed&quot;:&quot;0.01&quot;,&quot;title&quot;:&quot;&quot;,&quot;orientation&quot;:&quot;1&quot;}\" data-image-title=\"J&amp;#038;A-73\" data-image-description=\"\" data-image-caption=\"\" data-large-file=\"https:\/\/i0.wp.com\/kirstengomez.es\/bodas\/wp-content\/uploads\/2015\/10\/ja-73.jpg?fit=700%2C467\" class=\"alignleft size-full wp-image-1392\" src=\"https:\/\/i0.wp.com\/kirstengomez.es\/bodas\/wp-content\/uploads\/2015\/10\/ja-73.jpg?resize=700%2C467\" alt=\"J&amp;A-73\" width=\"700\" height=\"467\" srcset=\"https:\/\/i0.wp.com\/kirstengomez.es\/bodas\/wp-content\/uploads\/2015\/10\/ja-73.jpg?w=700 700w, https:\/\/i0.wp.com\/kirstengomez.es\/bodas\/wp-content\/uploads\/2015\/10\/ja-73.jpg?resize=300%2C200 300w, https:\/\/i0.wp.com\/kirstengomez.es\/bodas\/wp-content\/uploads\/2015\/10\/ja-73.jpg?resize=500%2C334 500w\" sizes=\"auto, (max-width: 700px) 100vw, 700px\" \/><img data-recalc-dims=\"1\" loading=\"lazy\" decoding=\"async\" data-attachment-id=\"1389\" data-permalink=\"http:\/\/kirstengomez.es\/bodas\/?attachment_id=1389\" data-orig-file=\"https:\/\/i0.wp.com\/kirstengomez.es\/bodas\/wp-content\/uploads\/2015\/10\/ja-70.jpg?fit=700%2C467\" data-orig-size=\"700,467\" data-comments-opened=\"1\" data-image-meta=\"{&quot;aperture&quot;:&quot;2.5&quot;,&quot;credit&quot;:&quot;Kirsten G\\u00f3mez&quot;,&quot;camera&quot;:&quot;Canon EOS 5D Mark III&quot;,&quot;caption&quot;:&quot;&quot;,&quot;created_timestamp&quot;:&quot;1431807611&quot;,&quot;copyright&quot;:&quot;&quot;,&quot;focal_length&quot;:&quot;50&quot;,&quot;iso&quot;:&quot;400&quot;,&quot;shutter_speed&quot;:&quot;0.008&quot;,&quot;title&quot;:&quot;&quot;,&quot;orientation&quot;:&quot;1&quot;}\" data-image-title=\"J&amp;#038;A-70\" data-image-description=\"\" data-image-caption=\"\" data-large-file=\"https:\/\/i0.wp.com\/kirstengomez.es\/bodas\/wp-content\/uploads\/2015\/10\/ja-70.jpg?fit=700%2C467\" class=\"alignleft size-full wp-image-1389\" src=\"https:\/\/i0.wp.com\/kirstengomez.es\/bodas\/wp-content\/uploads\/2015\/10\/ja-70.jpg?resize=700%2C467\" alt=\"J&amp;A-70\" width=\"700\" height=\"467\" srcset=\"https:\/\/i0.wp.com\/kirstengomez.es\/bodas\/wp-content\/uploads\/2015\/10\/ja-70.jpg?w=700 700w, https:\/\/i0.wp.com\/kirstengomez.es\/bodas\/wp-content\/uploads\/2015\/10\/ja-70.jpg?resize=300%2C200 300w, https:\/\/i0.wp.com\/kirstengomez.es\/bodas\/wp-content\/uploads\/2015\/10\/ja-70.jpg?resize=500%2C334 500w\" sizes=\"auto, (max-width: 700px) 100vw, 700px\" \/><img data-recalc-dims=\"1\" loading=\"lazy\" decoding=\"async\" data-attachment-id=\"1393\" data-permalink=\"http:\/\/kirstengomez.es\/bodas\/?attachment_id=1393\" data-orig-file=\"https:\/\/i0.wp.com\/kirstengomez.es\/bodas\/wp-content\/uploads\/2015\/10\/ja-74.jpg?fit=700%2C473\" data-orig-size=\"700,473\" data-comments-opened=\"1\" data-image-meta=\"{&quot;aperture&quot;:&quot;4&quot;,&quot;credit&quot;:&quot;Kirsten G\\u00f3mez&quot;,&quot;camera&quot;:&quot;Canon EOS 5D Mark III&quot;,&quot;caption&quot;:&quot;&quot;,&quot;created_timestamp&quot;:&quot;1431814544&quot;,&quot;copyright&quot;:&quot;&quot;,&quot;focal_length&quot;:&quot;50&quot;,&quot;iso&quot;:&quot;400&quot;,&quot;shutter_speed&quot;:&quot;0.05&quot;,&quot;title&quot;:&quot;&quot;,&quot;orientation&quot;:&quot;1&quot;}\" data-image-title=\"J&amp;#038;A-74\" data-image-description=\"\" data-image-caption=\"\" data-large-file=\"https:\/\/i0.wp.com\/kirstengomez.es\/bodas\/wp-content\/uploads\/2015\/10\/ja-74.jpg?fit=700%2C473\" class=\"alignleft size-full wp-image-1393\" src=\"https:\/\/i0.wp.com\/kirstengomez.es\/bodas\/wp-content\/uploads\/2015\/10\/ja-74.jpg?resize=700%2C473\" alt=\"J&amp;A-74\" width=\"700\" height=\"473\" srcset=\"https:\/\/i0.wp.com\/kirstengomez.es\/bodas\/wp-content\/uploads\/2015\/10\/ja-74.jpg?w=700 700w, https:\/\/i0.wp.com\/kirstengomez.es\/bodas\/wp-content\/uploads\/2015\/10\/ja-74.jpg?resize=300%2C203 300w, https:\/\/i0.wp.com\/kirstengomez.es\/bodas\/wp-content\/uploads\/2015\/10\/ja-74.jpg?resize=500%2C338 500w\" sizes=\"auto, (max-width: 700px) 100vw, 700px\" \/><\/p>\n<p><img data-recalc-dims=\"1\" loading=\"lazy\" decoding=\"async\" data-attachment-id=\"1394\" data-permalink=\"http:\/\/kirstengomez.es\/bodas\/?attachment_id=1394\" data-orig-file=\"https:\/\/i0.wp.com\/kirstengomez.es\/bodas\/wp-content\/uploads\/2015\/10\/ja-75.jpg?fit=700%2C467\" data-orig-size=\"700,467\" data-comments-opened=\"1\" data-image-meta=\"{&quot;aperture&quot;:&quot;4&quot;,&quot;credit&quot;:&quot;Kirsten G\\u00f3mez&quot;,&quot;camera&quot;:&quot;Canon EOS 5D Mark III&quot;,&quot;caption&quot;:&quot;&quot;,&quot;created_timestamp&quot;:&quot;1431814623&quot;,&quot;copyright&quot;:&quot;&quot;,&quot;focal_length&quot;:&quot;50&quot;,&quot;iso&quot;:&quot;400&quot;,&quot;shutter_speed&quot;:&quot;0.05&quot;,&quot;title&quot;:&quot;&quot;,&quot;orientation&quot;:&quot;1&quot;}\" data-image-title=\"J&amp;#038;A-75\" data-image-description=\"\" data-image-caption=\"\" data-large-file=\"https:\/\/i0.wp.com\/kirstengomez.es\/bodas\/wp-content\/uploads\/2015\/10\/ja-75.jpg?fit=700%2C467\" class=\"alignleft size-full wp-image-1394\" src=\"https:\/\/i0.wp.com\/kirstengomez.es\/bodas\/wp-content\/uploads\/2015\/10\/ja-75.jpg?resize=700%2C467\" alt=\"J&amp;A-75\" width=\"700\" height=\"467\" srcset=\"https:\/\/i0.wp.com\/kirstengomez.es\/bodas\/wp-content\/uploads\/2015\/10\/ja-75.jpg?w=700 700w, https:\/\/i0.wp.com\/kirstengomez.es\/bodas\/wp-content\/uploads\/2015\/10\/ja-75.jpg?resize=300%2C200 300w, https:\/\/i0.wp.com\/kirstengomez.es\/bodas\/wp-content\/uploads\/2015\/10\/ja-75.jpg?resize=500%2C334 500w\" sizes=\"auto, (max-width: 700px) 100vw, 700px\" \/><\/p>\n<p><img data-recalc-dims=\"1\" loading=\"lazy\" decoding=\"async\" data-attachment-id=\"1397\" data-permalink=\"http:\/\/kirstengomez.es\/bodas\/?attachment_id=1397\" data-orig-file=\"https:\/\/i0.wp.com\/kirstengomez.es\/bodas\/wp-content\/uploads\/2015\/10\/ja-78.jpg?fit=700%2C467\" data-orig-size=\"700,467\" data-comments-opened=\"1\" data-image-meta=\"{&quot;aperture&quot;:&quot;2.8&quot;,&quot;credit&quot;:&quot;Kirsten G\\u00f3mez&quot;,&quot;camera&quot;:&quot;Canon EOS 5D Mark III&quot;,&quot;caption&quot;:&quot;&quot;,&quot;created_timestamp&quot;:&quot;1431815548&quot;,&quot;copyright&quot;:&quot;&quot;,&quot;focal_length&quot;:&quot;50&quot;,&quot;iso&quot;:&quot;250&quot;,&quot;shutter_speed&quot;:&quot;0.025&quot;,&quot;title&quot;:&quot;&quot;,&quot;orientation&quot;:&quot;1&quot;}\" data-image-title=\"J&amp;#038;A-78\" data-image-description=\"\" data-image-caption=\"\" data-large-file=\"https:\/\/i0.wp.com\/kirstengomez.es\/bodas\/wp-content\/uploads\/2015\/10\/ja-78.jpg?fit=700%2C467\" class=\"alignleft size-full wp-image-1397\" src=\"https:\/\/i0.wp.com\/kirstengomez.es\/bodas\/wp-content\/uploads\/2015\/10\/ja-78.jpg?resize=700%2C467\" alt=\"J&amp;A-78\" width=\"700\" height=\"467\" srcset=\"https:\/\/i0.wp.com\/kirstengomez.es\/bodas\/wp-content\/uploads\/2015\/10\/ja-78.jpg?w=700 700w, https:\/\/i0.wp.com\/kirstengomez.es\/bodas\/wp-content\/uploads\/2015\/10\/ja-78.jpg?resize=300%2C200 300w, https:\/\/i0.wp.com\/kirstengomez.es\/bodas\/wp-content\/uploads\/2015\/10\/ja-78.jpg?resize=500%2C334 500w\" sizes=\"auto, (max-width: 700px) 100vw, 700px\" \/><\/p>\n<p>&nbsp;<\/p>\n<p>&nbsp;<\/p>\n<p><img data-recalc-dims=\"1\" loading=\"lazy\" decoding=\"async\" data-attachment-id=\"1404\" data-permalink=\"http:\/\/kirstengomez.es\/bodas\/?attachment_id=1404\" data-orig-file=\"https:\/\/i0.wp.com\/kirstengomez.es\/bodas\/wp-content\/uploads\/2015\/10\/ja-86.jpg?fit=700%2C467\" data-orig-size=\"700,467\" data-comments-opened=\"1\" data-image-meta=\"{&quot;aperture&quot;:&quot;3.2&quot;,&quot;credit&quot;:&quot;Kirsten G\\u00f3mez&quot;,&quot;camera&quot;:&quot;Canon EOS 5D Mark III&quot;,&quot;caption&quot;:&quot;&quot;,&quot;created_timestamp&quot;:&quot;1431817473&quot;,&quot;copyright&quot;:&quot;&quot;,&quot;focal_length&quot;:&quot;50&quot;,&quot;iso&quot;:&quot;320&quot;,&quot;shutter_speed&quot;:&quot;0.0125&quot;,&quot;title&quot;:&quot;&quot;,&quot;orientation&quot;:&quot;1&quot;}\" data-image-title=\"J&amp;#038;A-86\" data-image-description=\"\" data-image-caption=\"\" data-large-file=\"https:\/\/i0.wp.com\/kirstengomez.es\/bodas\/wp-content\/uploads\/2015\/10\/ja-86.jpg?fit=700%2C467\" class=\"alignleft size-full wp-image-1404\" src=\"https:\/\/i0.wp.com\/kirstengomez.es\/bodas\/wp-content\/uploads\/2015\/10\/ja-86.jpg?resize=700%2C467\" alt=\"J&amp;A-86\" width=\"700\" height=\"467\" srcset=\"https:\/\/i0.wp.com\/kirstengomez.es\/bodas\/wp-content\/uploads\/2015\/10\/ja-86.jpg?w=700 700w, https:\/\/i0.wp.com\/kirstengomez.es\/bodas\/wp-content\/uploads\/2015\/10\/ja-86.jpg?resize=300%2C200 300w, https:\/\/i0.wp.com\/kirstengomez.es\/bodas\/wp-content\/uploads\/2015\/10\/ja-86.jpg?resize=500%2C334 500w\" sizes=\"auto, (max-width: 700px) 100vw, 700px\" \/><img data-recalc-dims=\"1\" loading=\"lazy\" decoding=\"async\" data-attachment-id=\"1405\" data-permalink=\"http:\/\/kirstengomez.es\/bodas\/?attachment_id=1405\" data-orig-file=\"https:\/\/i0.wp.com\/kirstengomez.es\/bodas\/wp-content\/uploads\/2015\/10\/ja-87.jpg?fit=700%2C463\" data-orig-size=\"700,463\" data-comments-opened=\"1\" data-image-meta=\"{&quot;aperture&quot;:&quot;2.8&quot;,&quot;credit&quot;:&quot;Kirsten G\\u00f3mez&quot;,&quot;camera&quot;:&quot;Canon EOS 5D Mark III&quot;,&quot;caption&quot;:&quot;&quot;,&quot;created_timestamp&quot;:&quot;1431817499&quot;,&quot;copyright&quot;:&quot;&quot;,&quot;focal_length&quot;:&quot;50&quot;,&quot;iso&quot;:&quot;400&quot;,&quot;shutter_speed&quot;:&quot;0.0125&quot;,&quot;title&quot;:&quot;&quot;,&quot;orientation&quot;:&quot;1&quot;}\" data-image-title=\"J&amp;#038;A-87\" data-image-description=\"\" data-image-caption=\"\" data-large-file=\"https:\/\/i0.wp.com\/kirstengomez.es\/bodas\/wp-content\/uploads\/2015\/10\/ja-87.jpg?fit=700%2C463\" class=\"alignleft size-full wp-image-1405\" src=\"https:\/\/i0.wp.com\/kirstengomez.es\/bodas\/wp-content\/uploads\/2015\/10\/ja-87.jpg?resize=700%2C463\" alt=\"J&amp;A-87\" width=\"700\" height=\"463\" srcset=\"https:\/\/i0.wp.com\/kirstengomez.es\/bodas\/wp-content\/uploads\/2015\/10\/ja-87.jpg?w=700 700w, https:\/\/i0.wp.com\/kirstengomez.es\/bodas\/wp-content\/uploads\/2015\/10\/ja-87.jpg?resize=300%2C198 300w, https:\/\/i0.wp.com\/kirstengomez.es\/bodas\/wp-content\/uploads\/2015\/10\/ja-87.jpg?resize=500%2C331 500w\" sizes=\"auto, (max-width: 700px) 100vw, 700px\" \/><img data-recalc-dims=\"1\" loading=\"lazy\" decoding=\"async\" data-attachment-id=\"1334\" data-permalink=\"http:\/\/kirstengomez.es\/bodas\/?attachment_id=1334\" data-orig-file=\"https:\/\/i0.wp.com\/kirstengomez.es\/bodas\/wp-content\/uploads\/2015\/10\/aj004.png?fit=700%2C517\" data-orig-size=\"700,517\" data-comments-opened=\"1\" data-image-meta=\"{&quot;aperture&quot;:&quot;0&quot;,&quot;credit&quot;:&quot;&quot;,&quot;camera&quot;:&quot;&quot;,&quot;caption&quot;:&quot;&quot;,&quot;created_timestamp&quot;:&quot;0&quot;,&quot;copyright&quot;:&quot;&quot;,&quot;focal_length&quot;:&quot;0&quot;,&quot;iso&quot;:&quot;0&quot;,&quot;shutter_speed&quot;:&quot;0&quot;,&quot;title&quot;:&quot;&quot;,&quot;orientation&quot;:&quot;0&quot;}\" data-image-title=\"A&amp;#038;J004\" data-image-description=\"\" data-image-caption=\"\" data-large-file=\"https:\/\/i0.wp.com\/kirstengomez.es\/bodas\/wp-content\/uploads\/2015\/10\/aj004.png?fit=700%2C517\" class=\"alignleft size-full wp-image-1334\" src=\"https:\/\/i0.wp.com\/kirstengomez.es\/bodas\/wp-content\/uploads\/2015\/10\/aj013.png?resize=700%2C517\" alt=\"A&amp;J004\" width=\"700\" height=\"517\" \/><\/p>\n<p>&nbsp;<\/p>\n<p><img data-recalc-dims=\"1\" loading=\"lazy\" decoding=\"async\" data-attachment-id=\"1402\" data-permalink=\"http:\/\/kirstengomez.es\/bodas\/?attachment_id=1402\" data-orig-file=\"https:\/\/i0.wp.com\/kirstengomez.es\/bodas\/wp-content\/uploads\/2015\/10\/ja-83.jpg?fit=700%2C467\" data-orig-size=\"700,467\" data-comments-opened=\"1\" data-image-meta=\"{&quot;aperture&quot;:&quot;3.5&quot;,&quot;credit&quot;:&quot;Kirsten G\\u00f3mez&quot;,&quot;camera&quot;:&quot;Canon EOS 5D Mark III&quot;,&quot;caption&quot;:&quot;&quot;,&quot;created_timestamp&quot;:&quot;1431816516&quot;,&quot;copyright&quot;:&quot;&quot;,&quot;focal_length&quot;:&quot;50&quot;,&quot;iso&quot;:&quot;320&quot;,&quot;shutter_speed&quot;:&quot;0.016666666666667&quot;,&quot;title&quot;:&quot;&quot;,&quot;orientation&quot;:&quot;1&quot;}\" data-image-title=\"J&amp;#038;A-83\" data-image-description=\"\" data-image-caption=\"\" data-large-file=\"https:\/\/i0.wp.com\/kirstengomez.es\/bodas\/wp-content\/uploads\/2015\/10\/ja-83.jpg?fit=700%2C467\" class=\"alignleft size-full wp-image-1402\" src=\"https:\/\/i0.wp.com\/kirstengomez.es\/bodas\/wp-content\/uploads\/2015\/10\/ja-83.jpg?resize=700%2C467\" alt=\"J&amp;A-83\" width=\"700\" height=\"467\" srcset=\"https:\/\/i0.wp.com\/kirstengomez.es\/bodas\/wp-content\/uploads\/2015\/10\/ja-83.jpg?w=700 700w, https:\/\/i0.wp.com\/kirstengomez.es\/bodas\/wp-content\/uploads\/2015\/10\/ja-83.jpg?resize=300%2C200 300w, https:\/\/i0.wp.com\/kirstengomez.es\/bodas\/wp-content\/uploads\/2015\/10\/ja-83.jpg?resize=500%2C334 500w\" sizes=\"auto, (max-width: 700px) 100vw, 700px\" \/><img data-recalc-dims=\"1\" loading=\"lazy\" decoding=\"async\" data-attachment-id=\"1395\" data-permalink=\"http:\/\/kirstengomez.es\/bodas\/?attachment_id=1395\" data-orig-file=\"https:\/\/i0.wp.com\/kirstengomez.es\/bodas\/wp-content\/uploads\/2015\/10\/ja-76.jpg?fit=700%2C467\" data-orig-size=\"700,467\" data-comments-opened=\"1\" data-image-meta=\"{&quot;aperture&quot;:&quot;2.2&quot;,&quot;credit&quot;:&quot;Kirsten G\\u00f3mez&quot;,&quot;camera&quot;:&quot;Canon EOS 5D Mark III&quot;,&quot;caption&quot;:&quot;&quot;,&quot;created_timestamp&quot;:&quot;1431814963&quot;,&quot;copyright&quot;:&quot;&quot;,&quot;focal_length&quot;:&quot;50&quot;,&quot;iso&quot;:&quot;320&quot;,&quot;shutter_speed&quot;:&quot;0.016666666666667&quot;,&quot;title&quot;:&quot;&quot;,&quot;orientation&quot;:&quot;1&quot;}\" data-image-title=\"J&amp;#038;A-76\" data-image-description=\"\" data-image-caption=\"\" data-large-file=\"https:\/\/i0.wp.com\/kirstengomez.es\/bodas\/wp-content\/uploads\/2015\/10\/ja-76.jpg?fit=700%2C467\" class=\"alignleft size-full wp-image-1395\" src=\"https:\/\/i0.wp.com\/kirstengomez.es\/bodas\/wp-content\/uploads\/2015\/10\/ja-76.jpg?resize=700%2C467\" alt=\"J&amp;A-76\" width=\"700\" height=\"467\" srcset=\"https:\/\/i0.wp.com\/kirstengomez.es\/bodas\/wp-content\/uploads\/2015\/10\/ja-76.jpg?w=700 700w, https:\/\/i0.wp.com\/kirstengomez.es\/bodas\/wp-content\/uploads\/2015\/10\/ja-76.jpg?resize=300%2C200 300w, https:\/\/i0.wp.com\/kirstengomez.es\/bodas\/wp-content\/uploads\/2015\/10\/ja-76.jpg?resize=500%2C334 500w\" sizes=\"auto, (max-width: 700px) 100vw, 700px\" \/><img data-recalc-dims=\"1\" loading=\"lazy\" decoding=\"async\" data-attachment-id=\"1396\" data-permalink=\"http:\/\/kirstengomez.es\/bodas\/?attachment_id=1396\" data-orig-file=\"https:\/\/i0.wp.com\/kirstengomez.es\/bodas\/wp-content\/uploads\/2015\/10\/ja-77.jpg?fit=700%2C467\" data-orig-size=\"700,467\" data-comments-opened=\"1\" data-image-meta=\"{&quot;aperture&quot;:&quot;2.2&quot;,&quot;credit&quot;:&quot;Kirsten G\\u00f3mez&quot;,&quot;camera&quot;:&quot;Canon EOS 5D Mark III&quot;,&quot;caption&quot;:&quot;&quot;,&quot;created_timestamp&quot;:&quot;1431814986&quot;,&quot;copyright&quot;:&quot;&quot;,&quot;focal_length&quot;:&quot;50&quot;,&quot;iso&quot;:&quot;320&quot;,&quot;shutter_speed&quot;:&quot;0.016666666666667&quot;,&quot;title&quot;:&quot;&quot;,&quot;orientation&quot;:&quot;1&quot;}\" data-image-title=\"J&amp;#038;A-77\" data-image-description=\"\" data-image-caption=\"\" data-large-file=\"https:\/\/i0.wp.com\/kirstengomez.es\/bodas\/wp-content\/uploads\/2015\/10\/ja-77.jpg?fit=700%2C467\" class=\"alignleft size-full wp-image-1396\" src=\"https:\/\/i0.wp.com\/kirstengomez.es\/bodas\/wp-content\/uploads\/2015\/10\/ja-77.jpg?resize=700%2C467\" alt=\"J&amp;A-77\" width=\"700\" height=\"467\" srcset=\"https:\/\/i0.wp.com\/kirstengomez.es\/bodas\/wp-content\/uploads\/2015\/10\/ja-77.jpg?w=700 700w, https:\/\/i0.wp.com\/kirstengomez.es\/bodas\/wp-content\/uploads\/2015\/10\/ja-77.jpg?resize=300%2C200 300w, https:\/\/i0.wp.com\/kirstengomez.es\/bodas\/wp-content\/uploads\/2015\/10\/ja-77.jpg?resize=500%2C334 500w\" sizes=\"auto, (max-width: 700px) 100vw, 700px\" \/><img data-recalc-dims=\"1\" loading=\"lazy\" decoding=\"async\" data-attachment-id=\"1398\" data-permalink=\"http:\/\/kirstengomez.es\/bodas\/?attachment_id=1398\" data-orig-file=\"https:\/\/i0.wp.com\/kirstengomez.es\/bodas\/wp-content\/uploads\/2015\/10\/ja-79.jpg?fit=700%2C467\" data-orig-size=\"700,467\" data-comments-opened=\"1\" data-image-meta=\"{&quot;aperture&quot;:&quot;1.4&quot;,&quot;credit&quot;:&quot;Kirsten G\\u00f3mez&quot;,&quot;camera&quot;:&quot;Canon EOS 5D Mark III&quot;,&quot;caption&quot;:&quot;&quot;,&quot;created_timestamp&quot;:&quot;1431816024&quot;,&quot;copyright&quot;:&quot;&quot;,&quot;focal_length&quot;:&quot;50&quot;,&quot;iso&quot;:&quot;500&quot;,&quot;shutter_speed&quot;:&quot;0.008&quot;,&quot;title&quot;:&quot;&quot;,&quot;orientation&quot;:&quot;1&quot;}\" data-image-title=\"J&amp;#038;A-79\" data-image-description=\"\" data-image-caption=\"\" data-large-file=\"https:\/\/i0.wp.com\/kirstengomez.es\/bodas\/wp-content\/uploads\/2015\/10\/ja-79.jpg?fit=700%2C467\" class=\"alignleft size-full wp-image-1398\" src=\"https:\/\/i0.wp.com\/kirstengomez.es\/bodas\/wp-content\/uploads\/2015\/10\/ja-79.jpg?resize=700%2C467\" alt=\"J&amp;A-79\" width=\"700\" height=\"467\" srcset=\"https:\/\/i0.wp.com\/kirstengomez.es\/bodas\/wp-content\/uploads\/2015\/10\/ja-79.jpg?w=700 700w, https:\/\/i0.wp.com\/kirstengomez.es\/bodas\/wp-content\/uploads\/2015\/10\/ja-79.jpg?resize=300%2C200 300w, https:\/\/i0.wp.com\/kirstengomez.es\/bodas\/wp-content\/uploads\/2015\/10\/ja-79.jpg?resize=500%2C334 500w\" sizes=\"auto, (max-width: 700px) 100vw, 700px\" \/><img data-recalc-dims=\"1\" loading=\"lazy\" decoding=\"async\" data-attachment-id=\"1400\" data-permalink=\"http:\/\/kirstengomez.es\/bodas\/?attachment_id=1400\" data-orig-file=\"https:\/\/i0.wp.com\/kirstengomez.es\/bodas\/wp-content\/uploads\/2015\/10\/ja-81.jpg?fit=700%2C467\" data-orig-size=\"700,467\" data-comments-opened=\"1\" data-image-meta=\"{&quot;aperture&quot;:&quot;1.6&quot;,&quot;credit&quot;:&quot;Kirsten G\\u00f3mez&quot;,&quot;camera&quot;:&quot;Canon EOS 5D Mark III&quot;,&quot;caption&quot;:&quot;&quot;,&quot;created_timestamp&quot;:&quot;1431816274&quot;,&quot;copyright&quot;:&quot;&quot;,&quot;focal_length&quot;:&quot;50&quot;,&quot;iso&quot;:&quot;640&quot;,&quot;shutter_speed&quot;:&quot;0.01&quot;,&quot;title&quot;:&quot;&quot;,&quot;orientation&quot;:&quot;1&quot;}\" data-image-title=\"J&amp;#038;A-81\" data-image-description=\"\" data-image-caption=\"\" data-large-file=\"https:\/\/i0.wp.com\/kirstengomez.es\/bodas\/wp-content\/uploads\/2015\/10\/ja-81.jpg?fit=700%2C467\" class=\"alignleft size-full wp-image-1400\" src=\"https:\/\/i0.wp.com\/kirstengomez.es\/bodas\/wp-content\/uploads\/2015\/10\/ja-81.jpg?resize=700%2C467\" alt=\"J&amp;A-81\" width=\"700\" height=\"467\" srcset=\"https:\/\/i0.wp.com\/kirstengomez.es\/bodas\/wp-content\/uploads\/2015\/10\/ja-81.jpg?w=700 700w, https:\/\/i0.wp.com\/kirstengomez.es\/bodas\/wp-content\/uploads\/2015\/10\/ja-81.jpg?resize=300%2C200 300w, https:\/\/i0.wp.com\/kirstengomez.es\/bodas\/wp-content\/uploads\/2015\/10\/ja-81.jpg?resize=500%2C334 500w\" sizes=\"auto, (max-width: 700px) 100vw, 700px\" \/><img data-recalc-dims=\"1\" loading=\"lazy\" decoding=\"async\" data-attachment-id=\"1399\" data-permalink=\"http:\/\/kirstengomez.es\/bodas\/?attachment_id=1399\" data-orig-file=\"https:\/\/i0.wp.com\/kirstengomez.es\/bodas\/wp-content\/uploads\/2015\/10\/ja-80.jpg?fit=700%2C467\" data-orig-size=\"700,467\" data-comments-opened=\"1\" data-image-meta=\"{&quot;aperture&quot;:&quot;2.8&quot;,&quot;credit&quot;:&quot;Kirsten G\\u00f3mez&quot;,&quot;camera&quot;:&quot;Canon EOS 5D Mark III&quot;,&quot;caption&quot;:&quot;&quot;,&quot;created_timestamp&quot;:&quot;1431816089&quot;,&quot;copyright&quot;:&quot;&quot;,&quot;focal_length&quot;:&quot;50&quot;,&quot;iso&quot;:&quot;320&quot;,&quot;shutter_speed&quot;:&quot;0.008&quot;,&quot;title&quot;:&quot;&quot;,&quot;orientation&quot;:&quot;1&quot;}\" data-image-title=\"J&amp;#038;A-80\" data-image-description=\"\" data-image-caption=\"\" data-large-file=\"https:\/\/i0.wp.com\/kirstengomez.es\/bodas\/wp-content\/uploads\/2015\/10\/ja-80.jpg?fit=700%2C467\" class=\"alignleft size-full wp-image-1399\" src=\"https:\/\/i0.wp.com\/kirstengomez.es\/bodas\/wp-content\/uploads\/2015\/10\/ja-80.jpg?resize=700%2C467\" alt=\"J&amp;A-80\" width=\"700\" height=\"467\" srcset=\"https:\/\/i0.wp.com\/kirstengomez.es\/bodas\/wp-content\/uploads\/2015\/10\/ja-80.jpg?w=700 700w, https:\/\/i0.wp.com\/kirstengomez.es\/bodas\/wp-content\/uploads\/2015\/10\/ja-80.jpg?resize=300%2C200 300w, https:\/\/i0.wp.com\/kirstengomez.es\/bodas\/wp-content\/uploads\/2015\/10\/ja-80.jpg?resize=500%2C334 500w\" sizes=\"auto, (max-width: 700px) 100vw, 700px\" \/><img data-recalc-dims=\"1\" loading=\"lazy\" decoding=\"async\" data-attachment-id=\"1401\" data-permalink=\"http:\/\/kirstengomez.es\/bodas\/?attachment_id=1401\" data-orig-file=\"https:\/\/i0.wp.com\/kirstengomez.es\/bodas\/wp-content\/uploads\/2015\/10\/ja-82.jpg?fit=700%2C467\" data-orig-size=\"700,467\" data-comments-opened=\"1\" data-image-meta=\"{&quot;aperture&quot;:&quot;2.2&quot;,&quot;credit&quot;:&quot;Kirsten G\\u00f3mez&quot;,&quot;camera&quot;:&quot;Canon EOS 5D Mark III&quot;,&quot;caption&quot;:&quot;&quot;,&quot;created_timestamp&quot;:&quot;1431816345&quot;,&quot;copyright&quot;:&quot;&quot;,&quot;focal_length&quot;:&quot;50&quot;,&quot;iso&quot;:&quot;640&quot;,&quot;shutter_speed&quot;:&quot;0.01&quot;,&quot;title&quot;:&quot;&quot;,&quot;orientation&quot;:&quot;1&quot;}\" data-image-title=\"J&amp;#038;A-82\" data-image-description=\"\" data-image-caption=\"\" data-large-file=\"https:\/\/i0.wp.com\/kirstengomez.es\/bodas\/wp-content\/uploads\/2015\/10\/ja-82.jpg?fit=700%2C467\" class=\"alignleft size-full wp-image-1401\" src=\"https:\/\/i0.wp.com\/kirstengomez.es\/bodas\/wp-content\/uploads\/2015\/10\/ja-82.jpg?resize=700%2C467\" alt=\"J&amp;A-82\" width=\"700\" height=\"467\" srcset=\"https:\/\/i0.wp.com\/kirstengomez.es\/bodas\/wp-content\/uploads\/2015\/10\/ja-82.jpg?w=700 700w, https:\/\/i0.wp.com\/kirstengomez.es\/bodas\/wp-content\/uploads\/2015\/10\/ja-82.jpg?resize=300%2C200 300w, https:\/\/i0.wp.com\/kirstengomez.es\/bodas\/wp-content\/uploads\/2015\/10\/ja-82.jpg?resize=500%2C334 500w\" sizes=\"auto, (max-width: 700px) 100vw, 700px\" \/><img data-recalc-dims=\"1\" loading=\"lazy\" decoding=\"async\" data-attachment-id=\"1403\" data-permalink=\"http:\/\/kirstengomez.es\/bodas\/?attachment_id=1403\" data-orig-file=\"https:\/\/i0.wp.com\/kirstengomez.es\/bodas\/wp-content\/uploads\/2015\/10\/ja-84.jpg?fit=700%2C466\" data-orig-size=\"700,466\" data-comments-opened=\"1\" data-image-meta=\"{&quot;aperture&quot;:&quot;1.8&quot;,&quot;credit&quot;:&quot;Kirsten G\\u00f3mez&quot;,&quot;camera&quot;:&quot;Canon EOS 5D Mark III&quot;,&quot;caption&quot;:&quot;&quot;,&quot;created_timestamp&quot;:&quot;1431817259&quot;,&quot;copyright&quot;:&quot;&quot;,&quot;focal_length&quot;:&quot;50&quot;,&quot;iso&quot;:&quot;640&quot;,&quot;shutter_speed&quot;:&quot;0.00625&quot;,&quot;title&quot;:&quot;&quot;,&quot;orientation&quot;:&quot;1&quot;}\" data-image-title=\"J&amp;#038;A-84\" data-image-description=\"\" data-image-caption=\"\" data-large-file=\"https:\/\/i0.wp.com\/kirstengomez.es\/bodas\/wp-content\/uploads\/2015\/10\/ja-84.jpg?fit=700%2C466\" class=\"alignleft size-full wp-image-1403\" src=\"https:\/\/i0.wp.com\/kirstengomez.es\/bodas\/wp-content\/uploads\/2015\/10\/ja-84.jpg?resize=700%2C466\" alt=\"J&amp;A-84\" width=\"700\" height=\"466\" srcset=\"https:\/\/i0.wp.com\/kirstengomez.es\/bodas\/wp-content\/uploads\/2015\/10\/ja-84.jpg?w=700 700w, https:\/\/i0.wp.com\/kirstengomez.es\/bodas\/wp-content\/uploads\/2015\/10\/ja-84.jpg?resize=300%2C200 300w, https:\/\/i0.wp.com\/kirstengomez.es\/bodas\/wp-content\/uploads\/2015\/10\/ja-84.jpg?resize=500%2C333 500w\" sizes=\"auto, (max-width: 700px) 100vw, 700px\" \/><img data-recalc-dims=\"1\" loading=\"lazy\" decoding=\"async\" data-attachment-id=\"1334\" data-permalink=\"http:\/\/kirstengomez.es\/bodas\/?attachment_id=1334\" data-orig-file=\"https:\/\/i0.wp.com\/kirstengomez.es\/bodas\/wp-content\/uploads\/2015\/10\/aj004.png?fit=700%2C517\" data-orig-size=\"700,517\" data-comments-opened=\"1\" data-image-meta=\"{&quot;aperture&quot;:&quot;0&quot;,&quot;credit&quot;:&quot;&quot;,&quot;camera&quot;:&quot;&quot;,&quot;caption&quot;:&quot;&quot;,&quot;created_timestamp&quot;:&quot;0&quot;,&quot;copyright&quot;:&quot;&quot;,&quot;focal_length&quot;:&quot;0&quot;,&quot;iso&quot;:&quot;0&quot;,&quot;shutter_speed&quot;:&quot;0&quot;,&quot;title&quot;:&quot;&quot;,&quot;orientation&quot;:&quot;0&quot;}\" data-image-title=\"A&amp;#038;J004\" data-image-description=\"\" data-image-caption=\"\" data-large-file=\"https:\/\/i0.wp.com\/kirstengomez.es\/bodas\/wp-content\/uploads\/2015\/10\/aj004.png?fit=700%2C517\" class=\"alignleft size-full wp-image-1334\" src=\"https:\/\/i0.wp.com\/kirstengomez.es\/bodas\/wp-content\/uploads\/2015\/10\/aj014.png?resize=700%2C517\" alt=\"A&amp;J004\" width=\"700\" height=\"517\" \/><img data-recalc-dims=\"1\" loading=\"lazy\" decoding=\"async\" data-attachment-id=\"1408\" data-permalink=\"http:\/\/kirstengomez.es\/bodas\/?attachment_id=1408\" data-orig-file=\"https:\/\/i0.wp.com\/kirstengomez.es\/bodas\/wp-content\/uploads\/2015\/10\/ja-91.jpg?fit=700%2C467\" data-orig-size=\"700,467\" data-comments-opened=\"1\" data-image-meta=\"{&quot;aperture&quot;:&quot;4&quot;,&quot;credit&quot;:&quot;Kirsten G\\u00f3mez&quot;,&quot;camera&quot;:&quot;Canon EOS 5D Mark III&quot;,&quot;caption&quot;:&quot;&quot;,&quot;created_timestamp&quot;:&quot;1431817958&quot;,&quot;copyright&quot;:&quot;&quot;,&quot;focal_length&quot;:&quot;50&quot;,&quot;iso&quot;:&quot;320&quot;,&quot;shutter_speed&quot;:&quot;0.066666666666667&quot;,&quot;title&quot;:&quot;&quot;,&quot;orientation&quot;:&quot;1&quot;}\" data-image-title=\"J&amp;#038;A-91\" data-image-description=\"\" data-image-caption=\"\" data-large-file=\"https:\/\/i0.wp.com\/kirstengomez.es\/bodas\/wp-content\/uploads\/2015\/10\/ja-91.jpg?fit=700%2C467\" class=\"alignleft size-full wp-image-1408\" src=\"https:\/\/i0.wp.com\/kirstengomez.es\/bodas\/wp-content\/uploads\/2015\/10\/ja-91.jpg?resize=700%2C467\" alt=\"J&amp;A-91\" width=\"700\" height=\"467\" srcset=\"https:\/\/i0.wp.com\/kirstengomez.es\/bodas\/wp-content\/uploads\/2015\/10\/ja-91.jpg?w=700 700w, https:\/\/i0.wp.com\/kirstengomez.es\/bodas\/wp-content\/uploads\/2015\/10\/ja-91.jpg?resize=300%2C200 300w, https:\/\/i0.wp.com\/kirstengomez.es\/bodas\/wp-content\/uploads\/2015\/10\/ja-91.jpg?resize=500%2C334 500w\" sizes=\"auto, (max-width: 700px) 100vw, 700px\" \/><img data-recalc-dims=\"1\" loading=\"lazy\" decoding=\"async\" data-attachment-id=\"1409\" data-permalink=\"http:\/\/kirstengomez.es\/bodas\/?attachment_id=1409\" data-orig-file=\"https:\/\/i0.wp.com\/kirstengomez.es\/bodas\/wp-content\/uploads\/2015\/10\/ja-93.jpg?fit=700%2C467\" data-orig-size=\"700,467\" data-comments-opened=\"1\" data-image-meta=\"{&quot;aperture&quot;:&quot;4&quot;,&quot;credit&quot;:&quot;Kirsten G\\u00f3mez&quot;,&quot;camera&quot;:&quot;Canon EOS 5D Mark III&quot;,&quot;caption&quot;:&quot;&quot;,&quot;created_timestamp&quot;:&quot;1431820068&quot;,&quot;copyright&quot;:&quot;&quot;,&quot;focal_length&quot;:&quot;50&quot;,&quot;iso&quot;:&quot;320&quot;,&quot;shutter_speed&quot;:&quot;0.076923076923077&quot;,&quot;title&quot;:&quot;&quot;,&quot;orientation&quot;:&quot;1&quot;}\" data-image-title=\"J&amp;#038;A-93\" data-image-description=\"\" data-image-caption=\"\" data-large-file=\"https:\/\/i0.wp.com\/kirstengomez.es\/bodas\/wp-content\/uploads\/2015\/10\/ja-93.jpg?fit=700%2C467\" class=\"alignleft size-full wp-image-1409\" src=\"https:\/\/i0.wp.com\/kirstengomez.es\/bodas\/wp-content\/uploads\/2015\/10\/ja-93.jpg?resize=700%2C467\" alt=\"J&amp;A-93\" width=\"700\" height=\"467\" srcset=\"https:\/\/i0.wp.com\/kirstengomez.es\/bodas\/wp-content\/uploads\/2015\/10\/ja-93.jpg?w=700 700w, https:\/\/i0.wp.com\/kirstengomez.es\/bodas\/wp-content\/uploads\/2015\/10\/ja-93.jpg?resize=300%2C200 300w, https:\/\/i0.wp.com\/kirstengomez.es\/bodas\/wp-content\/uploads\/2015\/10\/ja-93.jpg?resize=500%2C334 500w\" sizes=\"auto, (max-width: 700px) 100vw, 700px\" \/><img data-recalc-dims=\"1\" loading=\"lazy\" decoding=\"async\" data-attachment-id=\"1407\" data-permalink=\"http:\/\/kirstengomez.es\/bodas\/?attachment_id=1407\" data-orig-file=\"https:\/\/i0.wp.com\/kirstengomez.es\/bodas\/wp-content\/uploads\/2015\/10\/ja-90.jpg?fit=700%2C467\" data-orig-size=\"700,467\" data-comments-opened=\"1\" data-image-meta=\"{&quot;aperture&quot;:&quot;4&quot;,&quot;credit&quot;:&quot;Kirsten G\\u00f3mez&quot;,&quot;camera&quot;:&quot;Canon EOS 5D Mark III&quot;,&quot;caption&quot;:&quot;&quot;,&quot;created_timestamp&quot;:&quot;1431817920&quot;,&quot;copyright&quot;:&quot;&quot;,&quot;focal_length&quot;:&quot;50&quot;,&quot;iso&quot;:&quot;320&quot;,&quot;shutter_speed&quot;:&quot;0.05&quot;,&quot;title&quot;:&quot;&quot;,&quot;orientation&quot;:&quot;1&quot;}\" data-image-title=\"J&amp;#038;A-90\" data-image-description=\"\" data-image-caption=\"\" data-large-file=\"https:\/\/i0.wp.com\/kirstengomez.es\/bodas\/wp-content\/uploads\/2015\/10\/ja-90.jpg?fit=700%2C467\" class=\"alignleft size-full wp-image-1407\" src=\"https:\/\/i0.wp.com\/kirstengomez.es\/bodas\/wp-content\/uploads\/2015\/10\/ja-90.jpg?resize=700%2C467\" alt=\"J&amp;A-90\" width=\"700\" height=\"467\" srcset=\"https:\/\/i0.wp.com\/kirstengomez.es\/bodas\/wp-content\/uploads\/2015\/10\/ja-90.jpg?w=700 700w, https:\/\/i0.wp.com\/kirstengomez.es\/bodas\/wp-content\/uploads\/2015\/10\/ja-90.jpg?resize=300%2C200 300w, https:\/\/i0.wp.com\/kirstengomez.es\/bodas\/wp-content\/uploads\/2015\/10\/ja-90.jpg?resize=500%2C334 500w\" sizes=\"auto, (max-width: 700px) 100vw, 700px\" \/><img data-recalc-dims=\"1\" loading=\"lazy\" decoding=\"async\" data-attachment-id=\"1406\" data-permalink=\"http:\/\/kirstengomez.es\/bodas\/?attachment_id=1406\" data-orig-file=\"https:\/\/i0.wp.com\/kirstengomez.es\/bodas\/wp-content\/uploads\/2015\/10\/ja-89.jpg?fit=700%2C467\" data-orig-size=\"700,467\" data-comments-opened=\"1\" data-image-meta=\"{&quot;aperture&quot;:&quot;4&quot;,&quot;credit&quot;:&quot;Kirsten G\\u00f3mez&quot;,&quot;camera&quot;:&quot;Canon EOS 5D Mark III&quot;,&quot;caption&quot;:&quot;&quot;,&quot;created_timestamp&quot;:&quot;1431817909&quot;,&quot;copyright&quot;:&quot;&quot;,&quot;focal_length&quot;:&quot;50&quot;,&quot;iso&quot;:&quot;320&quot;,&quot;shutter_speed&quot;:&quot;0.05&quot;,&quot;title&quot;:&quot;&quot;,&quot;orientation&quot;:&quot;1&quot;}\" data-image-title=\"J&amp;#038;A-89\" data-image-description=\"\" data-image-caption=\"\" data-large-file=\"https:\/\/i0.wp.com\/kirstengomez.es\/bodas\/wp-content\/uploads\/2015\/10\/ja-89.jpg?fit=700%2C467\" class=\"alignleft size-full wp-image-1406\" src=\"https:\/\/i0.wp.com\/kirstengomez.es\/bodas\/wp-content\/uploads\/2015\/10\/ja-89.jpg?resize=700%2C467\" alt=\"J&amp;A-89\" width=\"700\" height=\"467\" srcset=\"https:\/\/i0.wp.com\/kirstengomez.es\/bodas\/wp-content\/uploads\/2015\/10\/ja-89.jpg?w=700 700w, https:\/\/i0.wp.com\/kirstengomez.es\/bodas\/wp-content\/uploads\/2015\/10\/ja-89.jpg?resize=300%2C200 300w, https:\/\/i0.wp.com\/kirstengomez.es\/bodas\/wp-content\/uploads\/2015\/10\/ja-89.jpg?resize=500%2C334 500w\" sizes=\"auto, (max-width: 700px) 100vw, 700px\" \/><\/p>\n","protected":false},"excerpt":{"rendered":"<p>\u00bfPor qu\u00e9 \u00abContra viento y marea\u00bb? Por una sencilla raz\u00f3n. El d\u00eda que A &amp; J se casaron hizo una tramuntana impresionante. Algo habitual por la zona de Torroella de Montgr\u00ed, pero claro, resulta molesta si quieres hacer algo al aire libre. Cuando te casas tienes algo muy claro, la fecha. No obstante no eliges&#8230;<\/p>\n","protected":false},"author":1,"featured_media":1413,"comment_status":"open","ping_status":"open","sticky":false,"template":"","format":"image","meta":{"jetpack_post_was_ever_published":false,"_jetpack_newsletter_access":"","_jetpack_dont_email_post_to_subs":false,"_jetpack_newsletter_tier_id":0,"_jetpack_memberships_contains_paywalled_content":false,"_jetpack_memberships_contains_paid_content":false,"footnotes":"","jetpack_publicize_message":"","jetpack_publicize_feature_enabled":true,"jetpack_social_post_already_shared":true,"jetpack_social_options":{"image_generator_settings":{"template":"highway","default_image_id":0,"font":"","enabled":false},"version":2}},"categories":[11],"tags":[3,5,21,17,22,51,4],"class_list":["post-1412","post","type-post","status-publish","format-image","has-post-thumbnail","hentry","category-fotografia","tag-boda","tag-casament","tag-casament-girona","tag-girona","tag-kirsten-gomez","tag-kirstengomez","tag-wedding","post_format-post-format-image"],"jetpack_publicize_connections":[],"jetpack_featured_media_url":"https:\/\/i0.wp.com\/kirstengomez.es\/bodas\/wp-content\/uploads\/2015\/10\/ja-581.jpg?fit=1000%2C667","jetpack_sharing_enabled":true,"jetpack_shortlink":"https:\/\/wp.me\/s5ZDAn-1412","_links":{"self":[{"href":"http:\/\/kirstengomez.es\/bodas\/index.php?rest_route=\/wp\/v2\/posts\/1412","targetHints":{"allow":["GET"]}}],"collection":[{"href":"http:\/\/kirstengomez.es\/bodas\/index.php?rest_route=\/wp\/v2\/posts"}],"about":[{"href":"http:\/\/kirstengomez.es\/bodas\/index.php?rest_route=\/wp\/v2\/types\/post"}],"author":[{"embeddable":true,"href":"http:\/\/kirstengomez.es\/bodas\/index.php?rest_route=\/wp\/v2\/users\/1"}],"replies":[{"embeddable":true,"href":"http:\/\/kirstengomez.es\/bodas\/index.php?rest_route=%2Fwp%2Fv2%2Fcomments&post=1412"}],"version-history":[{"count":9,"href":"http:\/\/kirstengomez.es\/bodas\/index.php?rest_route=\/wp\/v2\/posts\/1412\/revisions"}],"predecessor-version":[{"id":1425,"href":"http:\/\/kirstengomez.es\/bodas\/index.php?rest_route=\/wp\/v2\/posts\/1412\/revisions\/1425"}],"wp:featuredmedia":[{"embeddable":true,"href":"http:\/\/kirstengomez.es\/bodas\/index.php?rest_route=\/wp\/v2\/media\/1413"}],"wp:attachment":[{"href":"http:\/\/kirstengomez.es\/bodas\/index.php?rest_route=%2Fwp%2Fv2%2Fmedia&parent=1412"}],"wp:term":[{"taxonomy":"category","embeddable":true,"href":"http:\/\/kirstengomez.es\/bodas\/index.php?rest_route=%2Fwp%2Fv2%2Fcategories&post=1412"},{"taxonomy":"post_tag","embeddable":true,"href":"http:\/\/kirstengomez.es\/bodas\/index.php?rest_route=%2Fwp%2Fv2%2Ftags&post=1412"}],"curies":[{"name":"wp","href":"https:\/\/api.w.org\/{rel}","templated":true}]}}