{"id":1170,"date":"2015-06-12T09:40:09","date_gmt":"2015-06-12T09:40:09","guid":{"rendered":"http:\/\/kirstengomez.es\/bodas\/?p=1170"},"modified":"2015-06-12T09:56:21","modified_gmt":"2015-06-12T09:56:21","slug":"pre-boda-j-j","status":"publish","type":"post","link":"http:\/\/kirstengomez.es\/bodas\/?p=1170","title":{"rendered":"Pre-boda J &#038; J"},"content":{"rendered":"<p style=\"text-align: justify;\">La pre boda de J &amp; J la hicimos en un mirador con vistas al \u00abEstany de Banyoles\u00bb y luego nos fuimos a una preciosa masia que se llama <a href=\"http:\/\/www.facebook.com\/MASROCAESPONELLA?fref=ts\" target=\"_blank\">MAS ROCA<\/a>.<\/p>\n<p style=\"text-align: justify;\">Realmente me sorprendieron los detalles que han preparado con tanto cari\u00f1o para el d\u00eda de la boda, \u00a1son una monada! Fue una sesi\u00f3n para conocerles mejor y fue un placer compartir ese momento con ellos. Ahora s\u00f3lo queda esperar al gran d\u00eda&#8230; \u00a1que falta muy poquito!<\/p>\n<p>&nbsp;<\/p>\n<p><img data-recalc-dims=\"1\" loading=\"lazy\" decoding=\"async\" data-attachment-id=\"1195\" data-permalink=\"http:\/\/kirstengomez.es\/bodas\/?attachment_id=1195\" data-orig-file=\"https:\/\/i0.wp.com\/kirstengomez.es\/bodas\/wp-content\/uploads\/2015\/06\/prebodajj5.jpg?fit=700%2C516\" data-orig-size=\"700,516\" data-comments-opened=\"1\" data-image-meta=\"{&quot;aperture&quot;:&quot;0&quot;,&quot;credit&quot;:&quot;&quot;,&quot;camera&quot;:&quot;&quot;,&quot;caption&quot;:&quot;&quot;,&quot;created_timestamp&quot;:&quot;0&quot;,&quot;copyright&quot;:&quot;&quot;,&quot;focal_length&quot;:&quot;0&quot;,&quot;iso&quot;:&quot;0&quot;,&quot;shutter_speed&quot;:&quot;0&quot;,&quot;title&quot;:&quot;&quot;,&quot;orientation&quot;:&quot;1&quot;}\" data-image-title=\"prebodaJ&amp;#038;J\" data-image-description=\"\" data-image-caption=\"\" data-large-file=\"https:\/\/i0.wp.com\/kirstengomez.es\/bodas\/wp-content\/uploads\/2015\/06\/prebodajj5.jpg?fit=700%2C516\" class=\"alignleft size-full wp-image-1195\" src=\"https:\/\/i0.wp.com\/kirstengomez.es\/bodas\/wp-content\/uploads\/2015\/06\/prebodajj5.jpg?resize=700%2C516\" alt=\"prebodaJ&amp;J\" width=\"700\" height=\"516\" srcset=\"https:\/\/i0.wp.com\/kirstengomez.es\/bodas\/wp-content\/uploads\/2015\/06\/prebodajj5.jpg?w=700 700w, https:\/\/i0.wp.com\/kirstengomez.es\/bodas\/wp-content\/uploads\/2015\/06\/prebodajj5.jpg?resize=300%2C221 300w, https:\/\/i0.wp.com\/kirstengomez.es\/bodas\/wp-content\/uploads\/2015\/06\/prebodajj5.jpg?resize=500%2C369 500w\" sizes=\"auto, (max-width: 700px) 100vw, 700px\" \/><br \/>\n<img data-recalc-dims=\"1\" loading=\"lazy\" decoding=\"async\" data-attachment-id=\"1173\" data-permalink=\"http:\/\/kirstengomez.es\/bodas\/?attachment_id=1173\" data-orig-file=\"https:\/\/i0.wp.com\/kirstengomez.es\/bodas\/wp-content\/uploads\/2015\/06\/jj-5.jpg?fit=700%2C467\" data-orig-size=\"700,467\" data-comments-opened=\"1\" data-image-meta=\"{&quot;aperture&quot;:&quot;3.5&quot;,&quot;credit&quot;:&quot;Kirsten G\\u00f3mez&quot;,&quot;camera&quot;:&quot;Canon EOS 5D Mark II&quot;,&quot;caption&quot;:&quot;&quot;,&quot;created_timestamp&quot;:&quot;1431279858&quot;,&quot;copyright&quot;:&quot;&quot;,&quot;focal_length&quot;:&quot;50&quot;,&quot;iso&quot;:&quot;125&quot;,&quot;shutter_speed&quot;:&quot;0.0025&quot;,&quot;title&quot;:&quot;&quot;,&quot;orientation&quot;:&quot;1&quot;}\" data-image-title=\"J&amp;#038;J\" data-image-description=\"\" data-image-caption=\"\" data-large-file=\"https:\/\/i0.wp.com\/kirstengomez.es\/bodas\/wp-content\/uploads\/2015\/06\/jj-5.jpg?fit=700%2C467\" class=\"alignleft size-full wp-image-1173\" src=\"https:\/\/i0.wp.com\/kirstengomez.es\/bodas\/wp-content\/uploads\/2015\/06\/jj-5.jpg?resize=700%2C467\" alt=\"J&amp;J\" width=\"700\" height=\"467\" srcset=\"https:\/\/i0.wp.com\/kirstengomez.es\/bodas\/wp-content\/uploads\/2015\/06\/jj-5.jpg?w=700 700w, https:\/\/i0.wp.com\/kirstengomez.es\/bodas\/wp-content\/uploads\/2015\/06\/jj-5.jpg?resize=300%2C200 300w, https:\/\/i0.wp.com\/kirstengomez.es\/bodas\/wp-content\/uploads\/2015\/06\/jj-5.jpg?resize=500%2C334 500w\" sizes=\"auto, (max-width: 700px) 100vw, 700px\" \/><br \/>\n<img data-recalc-dims=\"1\" loading=\"lazy\" decoding=\"async\" data-attachment-id=\"1174\" data-permalink=\"http:\/\/kirstengomez.es\/bodas\/?attachment_id=1174\" data-orig-file=\"https:\/\/i0.wp.com\/kirstengomez.es\/bodas\/wp-content\/uploads\/2015\/06\/jj-6.jpg?fit=700%2C467\" data-orig-size=\"700,467\" data-comments-opened=\"1\" data-image-meta=\"{&quot;aperture&quot;:&quot;3.2&quot;,&quot;credit&quot;:&quot;Kirsten G\\u00f3mez&quot;,&quot;camera&quot;:&quot;Canon EOS 5D Mark II&quot;,&quot;caption&quot;:&quot;&quot;,&quot;created_timestamp&quot;:&quot;1431280489&quot;,&quot;copyright&quot;:&quot;&quot;,&quot;focal_length&quot;:&quot;50&quot;,&quot;iso&quot;:&quot;125&quot;,&quot;shutter_speed&quot;:&quot;0.008&quot;,&quot;title&quot;:&quot;&quot;,&quot;orientation&quot;:&quot;1&quot;}\" data-image-title=\"J&amp;#038;J\" data-image-description=\"\" data-image-caption=\"\" data-large-file=\"https:\/\/i0.wp.com\/kirstengomez.es\/bodas\/wp-content\/uploads\/2015\/06\/jj-6.jpg?fit=700%2C467\" class=\"alignleft size-full wp-image-1174\" src=\"https:\/\/i0.wp.com\/kirstengomez.es\/bodas\/wp-content\/uploads\/2015\/06\/jj-6.jpg?resize=700%2C467\" alt=\"J&amp;J\" width=\"700\" height=\"467\" srcset=\"https:\/\/i0.wp.com\/kirstengomez.es\/bodas\/wp-content\/uploads\/2015\/06\/jj-6.jpg?w=700 700w, https:\/\/i0.wp.com\/kirstengomez.es\/bodas\/wp-content\/uploads\/2015\/06\/jj-6.jpg?resize=300%2C200 300w, https:\/\/i0.wp.com\/kirstengomez.es\/bodas\/wp-content\/uploads\/2015\/06\/jj-6.jpg?resize=500%2C334 500w\" sizes=\"auto, (max-width: 700px) 100vw, 700px\" \/><br \/>\n<img data-recalc-dims=\"1\" loading=\"lazy\" decoding=\"async\" data-attachment-id=\"1178\" data-permalink=\"http:\/\/kirstengomez.es\/bodas\/?attachment_id=1178\" data-orig-file=\"https:\/\/i0.wp.com\/kirstengomez.es\/bodas\/wp-content\/uploads\/2015\/06\/jj-22.jpg?fit=700%2C467\" data-orig-size=\"700,467\" data-comments-opened=\"1\" data-image-meta=\"{&quot;aperture&quot;:&quot;4.5&quot;,&quot;credit&quot;:&quot;Kirsten G\\u00f3mez&quot;,&quot;camera&quot;:&quot;Canon EOS 5D Mark II&quot;,&quot;caption&quot;:&quot;&quot;,&quot;created_timestamp&quot;:&quot;1431280645&quot;,&quot;copyright&quot;:&quot;&quot;,&quot;focal_length&quot;:&quot;50&quot;,&quot;iso&quot;:&quot;125&quot;,&quot;shutter_speed&quot;:&quot;0.008&quot;,&quot;title&quot;:&quot;&quot;,&quot;orientation&quot;:&quot;1&quot;}\" data-image-title=\"J&amp;#038;J\" data-image-description=\"\" data-image-caption=\"\" data-large-file=\"https:\/\/i0.wp.com\/kirstengomez.es\/bodas\/wp-content\/uploads\/2015\/06\/jj-22.jpg?fit=700%2C467\" class=\"alignleft size-full wp-image-1178\" src=\"https:\/\/i0.wp.com\/kirstengomez.es\/bodas\/wp-content\/uploads\/2015\/06\/jj-22.jpg?resize=700%2C467\" alt=\"J&amp;J\" width=\"700\" height=\"467\" srcset=\"https:\/\/i0.wp.com\/kirstengomez.es\/bodas\/wp-content\/uploads\/2015\/06\/jj-22.jpg?w=700 700w, https:\/\/i0.wp.com\/kirstengomez.es\/bodas\/wp-content\/uploads\/2015\/06\/jj-22.jpg?resize=300%2C200 300w, https:\/\/i0.wp.com\/kirstengomez.es\/bodas\/wp-content\/uploads\/2015\/06\/jj-22.jpg?resize=500%2C334 500w\" sizes=\"auto, (max-width: 700px) 100vw, 700px\" \/><br \/>\n<img data-recalc-dims=\"1\" loading=\"lazy\" decoding=\"async\" data-attachment-id=\"1172\" data-permalink=\"http:\/\/kirstengomez.es\/bodas\/?attachment_id=1172\" data-orig-file=\"https:\/\/i0.wp.com\/kirstengomez.es\/bodas\/wp-content\/uploads\/2015\/06\/jj-4.jpg?fit=700%2C467\" data-orig-size=\"700,467\" data-comments-opened=\"1\" data-image-meta=\"{&quot;aperture&quot;:&quot;2.8&quot;,&quot;credit&quot;:&quot;Kirsten G\\u00f3mez&quot;,&quot;camera&quot;:&quot;Canon EOS 5D Mark II&quot;,&quot;caption&quot;:&quot;&quot;,&quot;created_timestamp&quot;:&quot;1431279972&quot;,&quot;copyright&quot;:&quot;&quot;,&quot;focal_length&quot;:&quot;50&quot;,&quot;iso&quot;:&quot;125&quot;,&quot;shutter_speed&quot;:&quot;0.0025&quot;,&quot;title&quot;:&quot;&quot;,&quot;orientation&quot;:&quot;1&quot;}\" data-image-title=\"J&amp;#038;J\" data-image-description=\"\" data-image-caption=\"\" data-large-file=\"https:\/\/i0.wp.com\/kirstengomez.es\/bodas\/wp-content\/uploads\/2015\/06\/jj-4.jpg?fit=700%2C467\" class=\"alignleft size-full wp-image-1172\" src=\"https:\/\/i0.wp.com\/kirstengomez.es\/bodas\/wp-content\/uploads\/2015\/06\/jj-4.jpg?resize=700%2C467\" alt=\"J&amp;J\" width=\"700\" height=\"467\" srcset=\"https:\/\/i0.wp.com\/kirstengomez.es\/bodas\/wp-content\/uploads\/2015\/06\/jj-4.jpg?w=700 700w, https:\/\/i0.wp.com\/kirstengomez.es\/bodas\/wp-content\/uploads\/2015\/06\/jj-4.jpg?resize=300%2C200 300w, https:\/\/i0.wp.com\/kirstengomez.es\/bodas\/wp-content\/uploads\/2015\/06\/jj-4.jpg?resize=500%2C334 500w\" sizes=\"auto, (max-width: 700px) 100vw, 700px\" \/><br \/>\n<img data-recalc-dims=\"1\" loading=\"lazy\" decoding=\"async\" data-attachment-id=\"1186\" data-permalink=\"http:\/\/kirstengomez.es\/bodas\/?attachment_id=1186\" data-orig-file=\"https:\/\/i0.wp.com\/kirstengomez.es\/bodas\/wp-content\/uploads\/2015\/06\/jj-39.jpg?fit=700%2C467\" data-orig-size=\"700,467\" data-comments-opened=\"1\" data-image-meta=\"{&quot;aperture&quot;:&quot;4.5&quot;,&quot;credit&quot;:&quot;Kirsten G\\u00f3mez&quot;,&quot;camera&quot;:&quot;Canon EOS 5D Mark II&quot;,&quot;caption&quot;:&quot;&quot;,&quot;created_timestamp&quot;:&quot;1431282519&quot;,&quot;copyright&quot;:&quot;&quot;,&quot;focal_length&quot;:&quot;50&quot;,&quot;iso&quot;:&quot;125&quot;,&quot;shutter_speed&quot;:&quot;0.00625&quot;,&quot;title&quot;:&quot;&quot;,&quot;orientation&quot;:&quot;1&quot;}\" data-image-title=\"J&amp;#038;J\" data-image-description=\"\" data-image-caption=\"\" data-large-file=\"https:\/\/i0.wp.com\/kirstengomez.es\/bodas\/wp-content\/uploads\/2015\/06\/jj-39.jpg?fit=700%2C467\" class=\"alignleft size-full wp-image-1186\" src=\"https:\/\/i0.wp.com\/kirstengomez.es\/bodas\/wp-content\/uploads\/2015\/06\/jj-39.jpg?resize=700%2C467\" alt=\"J&amp;J\" width=\"700\" height=\"467\" srcset=\"https:\/\/i0.wp.com\/kirstengomez.es\/bodas\/wp-content\/uploads\/2015\/06\/jj-39.jpg?w=700 700w, https:\/\/i0.wp.com\/kirstengomez.es\/bodas\/wp-content\/uploads\/2015\/06\/jj-39.jpg?resize=300%2C200 300w, https:\/\/i0.wp.com\/kirstengomez.es\/bodas\/wp-content\/uploads\/2015\/06\/jj-39.jpg?resize=500%2C334 500w\" sizes=\"auto, (max-width: 700px) 100vw, 700px\" \/><br \/>\n<img data-recalc-dims=\"1\" loading=\"lazy\" decoding=\"async\" data-attachment-id=\"1183\" data-permalink=\"http:\/\/kirstengomez.es\/bodas\/?attachment_id=1183\" data-orig-file=\"https:\/\/i0.wp.com\/kirstengomez.es\/bodas\/wp-content\/uploads\/2015\/06\/jj-34.jpg?fit=700%2C467\" data-orig-size=\"700,467\" data-comments-opened=\"1\" data-image-meta=\"{&quot;aperture&quot;:&quot;4&quot;,&quot;credit&quot;:&quot;Kirsten G\\u00f3mez&quot;,&quot;camera&quot;:&quot;Canon EOS 5D Mark II&quot;,&quot;caption&quot;:&quot;&quot;,&quot;created_timestamp&quot;:&quot;1431282078&quot;,&quot;copyright&quot;:&quot;&quot;,&quot;focal_length&quot;:&quot;50&quot;,&quot;iso&quot;:&quot;125&quot;,&quot;shutter_speed&quot;:&quot;0.00625&quot;,&quot;title&quot;:&quot;&quot;,&quot;orientation&quot;:&quot;1&quot;}\" data-image-title=\"J&amp;#038;J\" data-image-description=\"\" data-image-caption=\"\" data-large-file=\"https:\/\/i0.wp.com\/kirstengomez.es\/bodas\/wp-content\/uploads\/2015\/06\/jj-34.jpg?fit=700%2C467\" class=\"alignleft size-full wp-image-1183\" src=\"https:\/\/i0.wp.com\/kirstengomez.es\/bodas\/wp-content\/uploads\/2015\/06\/jj-34.jpg?resize=700%2C467\" alt=\"J&amp;J\" width=\"700\" height=\"467\" srcset=\"https:\/\/i0.wp.com\/kirstengomez.es\/bodas\/wp-content\/uploads\/2015\/06\/jj-34.jpg?w=700 700w, https:\/\/i0.wp.com\/kirstengomez.es\/bodas\/wp-content\/uploads\/2015\/06\/jj-34.jpg?resize=300%2C200 300w, https:\/\/i0.wp.com\/kirstengomez.es\/bodas\/wp-content\/uploads\/2015\/06\/jj-34.jpg?resize=500%2C334 500w\" sizes=\"auto, (max-width: 700px) 100vw, 700px\" \/><br \/>\n<img data-recalc-dims=\"1\" loading=\"lazy\" decoding=\"async\" data-attachment-id=\"1185\" data-permalink=\"http:\/\/kirstengomez.es\/bodas\/?attachment_id=1185\" data-orig-file=\"https:\/\/i0.wp.com\/kirstengomez.es\/bodas\/wp-content\/uploads\/2015\/06\/jj-36.jpg?fit=700%2C467\" data-orig-size=\"700,467\" data-comments-opened=\"1\" data-image-meta=\"{&quot;aperture&quot;:&quot;4&quot;,&quot;credit&quot;:&quot;Kirsten G\\u00f3mez&quot;,&quot;camera&quot;:&quot;Canon EOS 5D Mark II&quot;,&quot;caption&quot;:&quot;&quot;,&quot;created_timestamp&quot;:&quot;1431282343&quot;,&quot;copyright&quot;:&quot;&quot;,&quot;focal_length&quot;:&quot;50&quot;,&quot;iso&quot;:&quot;125&quot;,&quot;shutter_speed&quot;:&quot;0.00625&quot;,&quot;title&quot;:&quot;&quot;,&quot;orientation&quot;:&quot;1&quot;}\" data-image-title=\"J&amp;#038;J\" data-image-description=\"\" data-image-caption=\"\" data-large-file=\"https:\/\/i0.wp.com\/kirstengomez.es\/bodas\/wp-content\/uploads\/2015\/06\/jj-36.jpg?fit=700%2C467\" class=\"alignleft size-full wp-image-1185\" src=\"https:\/\/i0.wp.com\/kirstengomez.es\/bodas\/wp-content\/uploads\/2015\/06\/jj-36.jpg?resize=700%2C467\" alt=\"J&amp;J\" width=\"700\" height=\"467\" srcset=\"https:\/\/i0.wp.com\/kirstengomez.es\/bodas\/wp-content\/uploads\/2015\/06\/jj-36.jpg?w=700 700w, https:\/\/i0.wp.com\/kirstengomez.es\/bodas\/wp-content\/uploads\/2015\/06\/jj-36.jpg?resize=300%2C200 300w, https:\/\/i0.wp.com\/kirstengomez.es\/bodas\/wp-content\/uploads\/2015\/06\/jj-36.jpg?resize=500%2C334 500w\" sizes=\"auto, (max-width: 700px) 100vw, 700px\" \/><br \/>\n<img data-recalc-dims=\"1\" loading=\"lazy\" decoding=\"async\" data-attachment-id=\"1187\" data-permalink=\"http:\/\/kirstengomez.es\/bodas\/?attachment_id=1187\" data-orig-file=\"https:\/\/i0.wp.com\/kirstengomez.es\/bodas\/wp-content\/uploads\/2015\/06\/jj-40.jpg?fit=700%2C467\" data-orig-size=\"700,467\" data-comments-opened=\"1\" data-image-meta=\"{&quot;aperture&quot;:&quot;4.5&quot;,&quot;credit&quot;:&quot;Kirsten G\\u00f3mez&quot;,&quot;camera&quot;:&quot;Canon EOS 5D Mark II&quot;,&quot;caption&quot;:&quot;&quot;,&quot;created_timestamp&quot;:&quot;1431282479&quot;,&quot;copyright&quot;:&quot;&quot;,&quot;focal_length&quot;:&quot;50&quot;,&quot;iso&quot;:&quot;125&quot;,&quot;shutter_speed&quot;:&quot;0.00625&quot;,&quot;title&quot;:&quot;&quot;,&quot;orientation&quot;:&quot;1&quot;}\" data-image-title=\"J&amp;#038;J\" data-image-description=\"\" data-image-caption=\"\" data-large-file=\"https:\/\/i0.wp.com\/kirstengomez.es\/bodas\/wp-content\/uploads\/2015\/06\/jj-40.jpg?fit=700%2C467\" class=\"alignleft size-full wp-image-1187\" src=\"https:\/\/i0.wp.com\/kirstengomez.es\/bodas\/wp-content\/uploads\/2015\/06\/jj-40.jpg?resize=700%2C467\" alt=\"J&amp;J\" width=\"700\" height=\"467\" srcset=\"https:\/\/i0.wp.com\/kirstengomez.es\/bodas\/wp-content\/uploads\/2015\/06\/jj-40.jpg?w=700 700w, https:\/\/i0.wp.com\/kirstengomez.es\/bodas\/wp-content\/uploads\/2015\/06\/jj-40.jpg?resize=300%2C200 300w, https:\/\/i0.wp.com\/kirstengomez.es\/bodas\/wp-content\/uploads\/2015\/06\/jj-40.jpg?resize=500%2C334 500w\" sizes=\"auto, (max-width: 700px) 100vw, 700px\" \/><br \/>\n<img data-recalc-dims=\"1\" loading=\"lazy\" decoding=\"async\" data-attachment-id=\"1188\" data-permalink=\"http:\/\/kirstengomez.es\/bodas\/?attachment_id=1188\" data-orig-file=\"https:\/\/i0.wp.com\/kirstengomez.es\/bodas\/wp-content\/uploads\/2015\/06\/jj-44.jpg?fit=700%2C467\" data-orig-size=\"700,467\" data-comments-opened=\"1\" data-image-meta=\"{&quot;aperture&quot;:&quot;4&quot;,&quot;credit&quot;:&quot;Kirsten G\\u00f3mez&quot;,&quot;camera&quot;:&quot;Canon EOS 5D Mark II&quot;,&quot;caption&quot;:&quot;&quot;,&quot;created_timestamp&quot;:&quot;1431279692&quot;,&quot;copyright&quot;:&quot;&quot;,&quot;focal_length&quot;:&quot;50&quot;,&quot;iso&quot;:&quot;125&quot;,&quot;shutter_speed&quot;:&quot;0.0025&quot;,&quot;title&quot;:&quot;&quot;,&quot;orientation&quot;:&quot;1&quot;}\" data-image-title=\"J&amp;#038;J\" data-image-description=\"\" data-image-caption=\"\" data-large-file=\"https:\/\/i0.wp.com\/kirstengomez.es\/bodas\/wp-content\/uploads\/2015\/06\/jj-44.jpg?fit=700%2C467\" class=\"alignleft size-full wp-image-1188\" src=\"https:\/\/i0.wp.com\/kirstengomez.es\/bodas\/wp-content\/uploads\/2015\/06\/jj-44.jpg?resize=700%2C467\" alt=\"J&amp;J\" width=\"700\" height=\"467\" srcset=\"https:\/\/i0.wp.com\/kirstengomez.es\/bodas\/wp-content\/uploads\/2015\/06\/jj-44.jpg?w=700 700w, https:\/\/i0.wp.com\/kirstengomez.es\/bodas\/wp-content\/uploads\/2015\/06\/jj-44.jpg?resize=300%2C200 300w, https:\/\/i0.wp.com\/kirstengomez.es\/bodas\/wp-content\/uploads\/2015\/06\/jj-44.jpg?resize=500%2C334 500w\" sizes=\"auto, (max-width: 700px) 100vw, 700px\" \/><br \/>\n<img data-recalc-dims=\"1\" loading=\"lazy\" decoding=\"async\" data-attachment-id=\"1192\" data-permalink=\"http:\/\/kirstengomez.es\/bodas\/?attachment_id=1192\" data-orig-file=\"https:\/\/i0.wp.com\/kirstengomez.es\/bodas\/wp-content\/uploads\/2015\/06\/prebodajj1.jpg?fit=700%2C516\" data-orig-size=\"700,516\" data-comments-opened=\"1\" data-image-meta=\"{&quot;aperture&quot;:&quot;0&quot;,&quot;credit&quot;:&quot;&quot;,&quot;camera&quot;:&quot;&quot;,&quot;caption&quot;:&quot;&quot;,&quot;created_timestamp&quot;:&quot;0&quot;,&quot;copyright&quot;:&quot;&quot;,&quot;focal_length&quot;:&quot;0&quot;,&quot;iso&quot;:&quot;0&quot;,&quot;shutter_speed&quot;:&quot;0&quot;,&quot;title&quot;:&quot;&quot;,&quot;orientation&quot;:&quot;1&quot;}\" data-image-title=\"prebodaJ&amp;#038;J\" data-image-description=\"\" data-image-caption=\"\" data-large-file=\"https:\/\/i0.wp.com\/kirstengomez.es\/bodas\/wp-content\/uploads\/2015\/06\/prebodajj1.jpg?fit=700%2C516\" class=\"alignleft size-full wp-image-1192\" src=\"https:\/\/i0.wp.com\/kirstengomez.es\/bodas\/wp-content\/uploads\/2015\/06\/prebodajj1.jpg?resize=700%2C516\" alt=\"prebodaJ&amp;J\" width=\"700\" height=\"516\" srcset=\"https:\/\/i0.wp.com\/kirstengomez.es\/bodas\/wp-content\/uploads\/2015\/06\/prebodajj1.jpg?w=700 700w, https:\/\/i0.wp.com\/kirstengomez.es\/bodas\/wp-content\/uploads\/2015\/06\/prebodajj1.jpg?resize=300%2C221 300w, https:\/\/i0.wp.com\/kirstengomez.es\/bodas\/wp-content\/uploads\/2015\/06\/prebodajj1.jpg?resize=500%2C369 500w\" sizes=\"auto, (max-width: 700px) 100vw, 700px\" \/><br \/>\n<img data-recalc-dims=\"1\" loading=\"lazy\" decoding=\"async\" data-attachment-id=\"1193\" data-permalink=\"http:\/\/kirstengomez.es\/bodas\/?attachment_id=1193\" data-orig-file=\"https:\/\/i0.wp.com\/kirstengomez.es\/bodas\/wp-content\/uploads\/2015\/06\/prebodajj3.jpg?fit=700%2C516\" data-orig-size=\"700,516\" data-comments-opened=\"1\" data-image-meta=\"{&quot;aperture&quot;:&quot;0&quot;,&quot;credit&quot;:&quot;&quot;,&quot;camera&quot;:&quot;&quot;,&quot;caption&quot;:&quot;&quot;,&quot;created_timestamp&quot;:&quot;0&quot;,&quot;copyright&quot;:&quot;&quot;,&quot;focal_length&quot;:&quot;0&quot;,&quot;iso&quot;:&quot;0&quot;,&quot;shutter_speed&quot;:&quot;0&quot;,&quot;title&quot;:&quot;&quot;,&quot;orientation&quot;:&quot;1&quot;}\" data-image-title=\"prebodaJ&amp;#038;J\" data-image-description=\"\" data-image-caption=\"\" data-large-file=\"https:\/\/i0.wp.com\/kirstengomez.es\/bodas\/wp-content\/uploads\/2015\/06\/prebodajj3.jpg?fit=700%2C516\" class=\"alignleft size-full wp-image-1193\" src=\"https:\/\/i0.wp.com\/kirstengomez.es\/bodas\/wp-content\/uploads\/2015\/06\/prebodajj3.jpg?resize=700%2C516\" alt=\"prebodaJ&amp;J\" width=\"700\" height=\"516\" srcset=\"https:\/\/i0.wp.com\/kirstengomez.es\/bodas\/wp-content\/uploads\/2015\/06\/prebodajj3.jpg?w=700 700w, https:\/\/i0.wp.com\/kirstengomez.es\/bodas\/wp-content\/uploads\/2015\/06\/prebodajj3.jpg?resize=300%2C221 300w, https:\/\/i0.wp.com\/kirstengomez.es\/bodas\/wp-content\/uploads\/2015\/06\/prebodajj3.jpg?resize=500%2C369 500w\" sizes=\"auto, (max-width: 700px) 100vw, 700px\" \/><br \/>\n<img data-recalc-dims=\"1\" loading=\"lazy\" decoding=\"async\" data-attachment-id=\"1182\" data-permalink=\"http:\/\/kirstengomez.es\/bodas\/?attachment_id=1182\" data-orig-file=\"https:\/\/i0.wp.com\/kirstengomez.es\/bodas\/wp-content\/uploads\/2015\/06\/jj-32.jpg?fit=700%2C467\" data-orig-size=\"700,467\" data-comments-opened=\"1\" data-image-meta=\"{&quot;aperture&quot;:&quot;2.2&quot;,&quot;credit&quot;:&quot;Kirsten G\\u00f3mez&quot;,&quot;camera&quot;:&quot;Canon EOS 5D Mark III&quot;,&quot;caption&quot;:&quot;&quot;,&quot;created_timestamp&quot;:&quot;1431286727&quot;,&quot;copyright&quot;:&quot;&quot;,&quot;focal_length&quot;:&quot;50&quot;,&quot;iso&quot;:&quot;125&quot;,&quot;shutter_speed&quot;:&quot;0.00125&quot;,&quot;title&quot;:&quot;&quot;,&quot;orientation&quot;:&quot;1&quot;}\" data-image-title=\"J&amp;#038;J\" data-image-description=\"\" data-image-caption=\"\" data-large-file=\"https:\/\/i0.wp.com\/kirstengomez.es\/bodas\/wp-content\/uploads\/2015\/06\/jj-32.jpg?fit=700%2C467\" class=\"alignleft size-full wp-image-1182\" src=\"https:\/\/i0.wp.com\/kirstengomez.es\/bodas\/wp-content\/uploads\/2015\/06\/jj-32.jpg?resize=700%2C467\" alt=\"J&amp;J\" width=\"700\" height=\"467\" srcset=\"https:\/\/i0.wp.com\/kirstengomez.es\/bodas\/wp-content\/uploads\/2015\/06\/jj-32.jpg?w=700 700w, https:\/\/i0.wp.com\/kirstengomez.es\/bodas\/wp-content\/uploads\/2015\/06\/jj-32.jpg?resize=300%2C200 300w, https:\/\/i0.wp.com\/kirstengomez.es\/bodas\/wp-content\/uploads\/2015\/06\/jj-32.jpg?resize=500%2C334 500w\" sizes=\"auto, (max-width: 700px) 100vw, 700px\" \/><br \/>\n<img data-recalc-dims=\"1\" loading=\"lazy\" decoding=\"async\" data-attachment-id=\"1180\" data-permalink=\"http:\/\/kirstengomez.es\/bodas\/?attachment_id=1180\" data-orig-file=\"https:\/\/i0.wp.com\/kirstengomez.es\/bodas\/wp-content\/uploads\/2015\/06\/jj-27.jpg?fit=700%2C467\" data-orig-size=\"700,467\" data-comments-opened=\"1\" data-image-meta=\"{&quot;aperture&quot;:&quot;2.2&quot;,&quot;credit&quot;:&quot;Kirsten G\\u00f3mez&quot;,&quot;camera&quot;:&quot;Canon EOS 5D Mark III&quot;,&quot;caption&quot;:&quot;&quot;,&quot;created_timestamp&quot;:&quot;1431286669&quot;,&quot;copyright&quot;:&quot;&quot;,&quot;focal_length&quot;:&quot;50&quot;,&quot;iso&quot;:&quot;125&quot;,&quot;shutter_speed&quot;:&quot;0.00125&quot;,&quot;title&quot;:&quot;&quot;,&quot;orientation&quot;:&quot;1&quot;}\" data-image-title=\"J&amp;#038;J\" data-image-description=\"\" data-image-caption=\"\" data-large-file=\"https:\/\/i0.wp.com\/kirstengomez.es\/bodas\/wp-content\/uploads\/2015\/06\/jj-27.jpg?fit=700%2C467\" class=\"alignleft size-full wp-image-1180\" src=\"https:\/\/i0.wp.com\/kirstengomez.es\/bodas\/wp-content\/uploads\/2015\/06\/jj-27.jpg?resize=700%2C467\" alt=\"J&amp;J\" width=\"700\" height=\"467\" srcset=\"https:\/\/i0.wp.com\/kirstengomez.es\/bodas\/wp-content\/uploads\/2015\/06\/jj-27.jpg?w=700 700w, https:\/\/i0.wp.com\/kirstengomez.es\/bodas\/wp-content\/uploads\/2015\/06\/jj-27.jpg?resize=300%2C200 300w, https:\/\/i0.wp.com\/kirstengomez.es\/bodas\/wp-content\/uploads\/2015\/06\/jj-27.jpg?resize=500%2C334 500w\" sizes=\"auto, (max-width: 700px) 100vw, 700px\" \/><br \/>\n<img data-recalc-dims=\"1\" loading=\"lazy\" decoding=\"async\" data-attachment-id=\"1189\" data-permalink=\"http:\/\/kirstengomez.es\/bodas\/?attachment_id=1189\" data-orig-file=\"https:\/\/i0.wp.com\/kirstengomez.es\/bodas\/wp-content\/uploads\/2015\/06\/jj-46.jpg?fit=700%2C467\" data-orig-size=\"700,467\" data-comments-opened=\"1\" data-image-meta=\"{&quot;aperture&quot;:&quot;4&quot;,&quot;credit&quot;:&quot;Kirsten G\\u00f3mez&quot;,&quot;camera&quot;:&quot;Canon EOS 5D Mark III&quot;,&quot;caption&quot;:&quot;&quot;,&quot;created_timestamp&quot;:&quot;1431288229&quot;,&quot;copyright&quot;:&quot;&quot;,&quot;focal_length&quot;:&quot;50&quot;,&quot;iso&quot;:&quot;125&quot;,&quot;shutter_speed&quot;:&quot;0.01&quot;,&quot;title&quot;:&quot;&quot;,&quot;orientation&quot;:&quot;1&quot;}\" data-image-title=\"J&amp;#038;J\" data-image-description=\"\" data-image-caption=\"\" data-large-file=\"https:\/\/i0.wp.com\/kirstengomez.es\/bodas\/wp-content\/uploads\/2015\/06\/jj-46.jpg?fit=700%2C467\" class=\"alignleft size-full wp-image-1189\" src=\"https:\/\/i0.wp.com\/kirstengomez.es\/bodas\/wp-content\/uploads\/2015\/06\/jj-46.jpg?resize=700%2C467\" alt=\"J&amp;J\" width=\"700\" height=\"467\" srcset=\"https:\/\/i0.wp.com\/kirstengomez.es\/bodas\/wp-content\/uploads\/2015\/06\/jj-46.jpg?w=700 700w, https:\/\/i0.wp.com\/kirstengomez.es\/bodas\/wp-content\/uploads\/2015\/06\/jj-46.jpg?resize=300%2C200 300w, https:\/\/i0.wp.com\/kirstengomez.es\/bodas\/wp-content\/uploads\/2015\/06\/jj-46.jpg?resize=500%2C334 500w\" sizes=\"auto, (max-width: 700px) 100vw, 700px\" \/><br \/>\n<img data-recalc-dims=\"1\" loading=\"lazy\" decoding=\"async\" data-attachment-id=\"1177\" data-permalink=\"http:\/\/kirstengomez.es\/bodas\/?attachment_id=1177\" data-orig-file=\"https:\/\/i0.wp.com\/kirstengomez.es\/bodas\/wp-content\/uploads\/2015\/06\/jj-20.jpg?fit=1000%2C667\" data-orig-size=\"1000,667\" data-comments-opened=\"1\" data-image-meta=\"{&quot;aperture&quot;:&quot;3.2&quot;,&quot;credit&quot;:&quot;Kirsten G\\u00f3mez&quot;,&quot;camera&quot;:&quot;Canon EOS 5D Mark III&quot;,&quot;caption&quot;:&quot;&quot;,&quot;created_timestamp&quot;:&quot;1431288157&quot;,&quot;copyright&quot;:&quot;&quot;,&quot;focal_length&quot;:&quot;50&quot;,&quot;iso&quot;:&quot;125&quot;,&quot;shutter_speed&quot;:&quot;0.01&quot;,&quot;title&quot;:&quot;&quot;,&quot;orientation&quot;:&quot;0&quot;}\" data-image-title=\"J&amp;#038;J\" data-image-description=\"\" data-image-caption=\"\" data-large-file=\"https:\/\/i0.wp.com\/kirstengomez.es\/bodas\/wp-content\/uploads\/2015\/06\/jj-20.jpg?fit=1000%2C667\" class=\"alignleft wp-image-1177\" src=\"https:\/\/i0.wp.com\/kirstengomez.es\/bodas\/wp-content\/uploads\/2015\/06\/jj-20.jpg?resize=700%2C467\" alt=\"J&amp;J\" width=\"700\" height=\"467\" srcset=\"https:\/\/i0.wp.com\/kirstengomez.es\/bodas\/wp-content\/uploads\/2015\/06\/jj-20.jpg?w=1000 1000w, https:\/\/i0.wp.com\/kirstengomez.es\/bodas\/wp-content\/uploads\/2015\/06\/jj-20.jpg?resize=300%2C200 300w, https:\/\/i0.wp.com\/kirstengomez.es\/bodas\/wp-content\/uploads\/2015\/06\/jj-20.jpg?resize=800%2C534 800w, https:\/\/i0.wp.com\/kirstengomez.es\/bodas\/wp-content\/uploads\/2015\/06\/jj-20.jpg?resize=500%2C334 500w\" sizes=\"auto, (max-width: 700px) 100vw, 700px\" \/><br \/>\n<img data-recalc-dims=\"1\" loading=\"lazy\" decoding=\"async\" data-attachment-id=\"1181\" data-permalink=\"http:\/\/kirstengomez.es\/bodas\/?attachment_id=1181\" data-orig-file=\"https:\/\/i0.wp.com\/kirstengomez.es\/bodas\/wp-content\/uploads\/2015\/06\/jj-30.jpg?fit=700%2C467\" data-orig-size=\"700,467\" data-comments-opened=\"1\" data-image-meta=\"{&quot;aperture&quot;:&quot;6.3&quot;,&quot;credit&quot;:&quot;Kirsten G\\u00f3mez&quot;,&quot;camera&quot;:&quot;Canon EOS 5D Mark III&quot;,&quot;caption&quot;:&quot;&quot;,&quot;created_timestamp&quot;:&quot;1431286052&quot;,&quot;copyright&quot;:&quot;&quot;,&quot;focal_length&quot;:&quot;50&quot;,&quot;iso&quot;:&quot;125&quot;,&quot;shutter_speed&quot;:&quot;0.005&quot;,&quot;title&quot;:&quot;&quot;,&quot;orientation&quot;:&quot;1&quot;}\" data-image-title=\"J&amp;#038;J\" data-image-description=\"\" data-image-caption=\"\" data-large-file=\"https:\/\/i0.wp.com\/kirstengomez.es\/bodas\/wp-content\/uploads\/2015\/06\/jj-30.jpg?fit=700%2C467\" class=\"alignleft size-full wp-image-1181\" src=\"https:\/\/i0.wp.com\/kirstengomez.es\/bodas\/wp-content\/uploads\/2015\/06\/jj-30.jpg?resize=700%2C467\" alt=\"J&amp;J\" width=\"700\" height=\"467\" srcset=\"https:\/\/i0.wp.com\/kirstengomez.es\/bodas\/wp-content\/uploads\/2015\/06\/jj-30.jpg?w=700 700w, https:\/\/i0.wp.com\/kirstengomez.es\/bodas\/wp-content\/uploads\/2015\/06\/jj-30.jpg?resize=300%2C200 300w, https:\/\/i0.wp.com\/kirstengomez.es\/bodas\/wp-content\/uploads\/2015\/06\/jj-30.jpg?resize=500%2C334 500w\" sizes=\"auto, (max-width: 700px) 100vw, 700px\" \/><br \/>\n<img data-recalc-dims=\"1\" loading=\"lazy\" decoding=\"async\" data-attachment-id=\"1194\" data-permalink=\"http:\/\/kirstengomez.es\/bodas\/?attachment_id=1194\" data-orig-file=\"https:\/\/i0.wp.com\/kirstengomez.es\/bodas\/wp-content\/uploads\/2015\/06\/prebodajj4.jpg?fit=700%2C516\" data-orig-size=\"700,516\" data-comments-opened=\"1\" data-image-meta=\"{&quot;aperture&quot;:&quot;0&quot;,&quot;credit&quot;:&quot;&quot;,&quot;camera&quot;:&quot;&quot;,&quot;caption&quot;:&quot;&quot;,&quot;created_timestamp&quot;:&quot;0&quot;,&quot;copyright&quot;:&quot;&quot;,&quot;focal_length&quot;:&quot;0&quot;,&quot;iso&quot;:&quot;0&quot;,&quot;shutter_speed&quot;:&quot;0&quot;,&quot;title&quot;:&quot;&quot;,&quot;orientation&quot;:&quot;1&quot;}\" data-image-title=\"prebodaJ&amp;#038;J\" data-image-description=\"\" data-image-caption=\"\" data-large-file=\"https:\/\/i0.wp.com\/kirstengomez.es\/bodas\/wp-content\/uploads\/2015\/06\/prebodajj4.jpg?fit=700%2C516\" class=\"alignleft size-full wp-image-1194\" src=\"https:\/\/i0.wp.com\/kirstengomez.es\/bodas\/wp-content\/uploads\/2015\/06\/prebodajj4.jpg?resize=700%2C516\" alt=\"prebodaJ&amp;J\" width=\"700\" height=\"516\" srcset=\"https:\/\/i0.wp.com\/kirstengomez.es\/bodas\/wp-content\/uploads\/2015\/06\/prebodajj4.jpg?w=700 700w, https:\/\/i0.wp.com\/kirstengomez.es\/bodas\/wp-content\/uploads\/2015\/06\/prebodajj4.jpg?resize=300%2C221 300w, https:\/\/i0.wp.com\/kirstengomez.es\/bodas\/wp-content\/uploads\/2015\/06\/prebodajj4.jpg?resize=500%2C369 500w\" sizes=\"auto, (max-width: 700px) 100vw, 700px\" \/><br \/>\n<img data-recalc-dims=\"1\" loading=\"lazy\" decoding=\"async\" data-attachment-id=\"1179\" data-permalink=\"http:\/\/kirstengomez.es\/bodas\/?attachment_id=1179\" data-orig-file=\"https:\/\/i0.wp.com\/kirstengomez.es\/bodas\/wp-content\/uploads\/2015\/06\/jj-26.jpg?fit=700%2C467\" data-orig-size=\"700,467\" data-comments-opened=\"1\" data-image-meta=\"{&quot;aperture&quot;:&quot;1.4&quot;,&quot;credit&quot;:&quot;Kirsten G\\u00f3mez&quot;,&quot;camera&quot;:&quot;Canon EOS 5D Mark III&quot;,&quot;caption&quot;:&quot;&quot;,&quot;created_timestamp&quot;:&quot;1431291375&quot;,&quot;copyright&quot;:&quot;&quot;,&quot;focal_length&quot;:&quot;50&quot;,&quot;iso&quot;:&quot;400&quot;,&quot;shutter_speed&quot;:&quot;0.008&quot;,&quot;title&quot;:&quot;&quot;,&quot;orientation&quot;:&quot;1&quot;}\" data-image-title=\"J&amp;#038;J\" data-image-description=\"\" data-image-caption=\"\" data-large-file=\"https:\/\/i0.wp.com\/kirstengomez.es\/bodas\/wp-content\/uploads\/2015\/06\/jj-26.jpg?fit=700%2C467\" class=\"alignleft size-full wp-image-1179\" src=\"https:\/\/i0.wp.com\/kirstengomez.es\/bodas\/wp-content\/uploads\/2015\/06\/jj-26.jpg?resize=700%2C467\" alt=\"J&amp;J\" width=\"700\" height=\"467\" srcset=\"https:\/\/i0.wp.com\/kirstengomez.es\/bodas\/wp-content\/uploads\/2015\/06\/jj-26.jpg?w=700 700w, https:\/\/i0.wp.com\/kirstengomez.es\/bodas\/wp-content\/uploads\/2015\/06\/jj-26.jpg?resize=300%2C200 300w, https:\/\/i0.wp.com\/kirstengomez.es\/bodas\/wp-content\/uploads\/2015\/06\/jj-26.jpg?resize=500%2C334 500w\" sizes=\"auto, (max-width: 700px) 100vw, 700px\" \/><br \/>\n<img data-recalc-dims=\"1\" loading=\"lazy\" decoding=\"async\" data-attachment-id=\"1190\" data-permalink=\"http:\/\/kirstengomez.es\/bodas\/?attachment_id=1190\" data-orig-file=\"https:\/\/i0.wp.com\/kirstengomez.es\/bodas\/wp-content\/uploads\/2015\/06\/jj-48.jpg?fit=700%2C467\" data-orig-size=\"700,467\" data-comments-opened=\"1\" data-image-meta=\"{&quot;aperture&quot;:&quot;1.4&quot;,&quot;credit&quot;:&quot;Kirsten G\\u00f3mez&quot;,&quot;camera&quot;:&quot;Canon EOS 5D Mark III&quot;,&quot;caption&quot;:&quot;&quot;,&quot;created_timestamp&quot;:&quot;1431291224&quot;,&quot;copyright&quot;:&quot;&quot;,&quot;focal_length&quot;:&quot;50&quot;,&quot;iso&quot;:&quot;250&quot;,&quot;shutter_speed&quot;:&quot;0.008&quot;,&quot;title&quot;:&quot;&quot;,&quot;orientation&quot;:&quot;1&quot;}\" data-image-title=\"J&amp;#038;J\" data-image-description=\"\" data-image-caption=\"\" data-large-file=\"https:\/\/i0.wp.com\/kirstengomez.es\/bodas\/wp-content\/uploads\/2015\/06\/jj-48.jpg?fit=700%2C467\" class=\"alignleft size-full wp-image-1190\" src=\"https:\/\/i0.wp.com\/kirstengomez.es\/bodas\/wp-content\/uploads\/2015\/06\/jj-48.jpg?resize=700%2C467\" alt=\"J&amp;J\" width=\"700\" height=\"467\" srcset=\"https:\/\/i0.wp.com\/kirstengomez.es\/bodas\/wp-content\/uploads\/2015\/06\/jj-48.jpg?w=700 700w, https:\/\/i0.wp.com\/kirstengomez.es\/bodas\/wp-content\/uploads\/2015\/06\/jj-48.jpg?resize=300%2C200 300w, https:\/\/i0.wp.com\/kirstengomez.es\/bodas\/wp-content\/uploads\/2015\/06\/jj-48.jpg?resize=500%2C334 500w\" sizes=\"auto, (max-width: 700px) 100vw, 700px\" \/><br \/>\n<img data-recalc-dims=\"1\" loading=\"lazy\" decoding=\"async\" data-attachment-id=\"1171\" data-permalink=\"http:\/\/kirstengomez.es\/bodas\/?attachment_id=1171\" data-orig-file=\"https:\/\/i0.wp.com\/kirstengomez.es\/bodas\/wp-content\/uploads\/2015\/06\/jj-3.jpg?fit=700%2C467\" data-orig-size=\"700,467\" data-comments-opened=\"1\" data-image-meta=\"{&quot;aperture&quot;:&quot;14&quot;,&quot;credit&quot;:&quot;Kirsten G\\u00f3mez&quot;,&quot;camera&quot;:&quot;Canon EOS 5D Mark III&quot;,&quot;caption&quot;:&quot;&quot;,&quot;created_timestamp&quot;:&quot;1431285434&quot;,&quot;copyright&quot;:&quot;&quot;,&quot;focal_length&quot;:&quot;50&quot;,&quot;iso&quot;:&quot;320&quot;,&quot;shutter_speed&quot;:&quot;0.002&quot;,&quot;title&quot;:&quot;&quot;,&quot;orientation&quot;:&quot;1&quot;}\" data-image-title=\"J&amp;#038;J\" data-image-description=\"\" data-image-caption=\"\" data-large-file=\"https:\/\/i0.wp.com\/kirstengomez.es\/bodas\/wp-content\/uploads\/2015\/06\/jj-3.jpg?fit=700%2C467\" class=\"alignleft size-full wp-image-1171\" src=\"https:\/\/i0.wp.com\/kirstengomez.es\/bodas\/wp-content\/uploads\/2015\/06\/jj-3.jpg?resize=700%2C467\" alt=\"J&amp;J\" width=\"700\" height=\"467\" srcset=\"https:\/\/i0.wp.com\/kirstengomez.es\/bodas\/wp-content\/uploads\/2015\/06\/jj-3.jpg?w=700 700w, https:\/\/i0.wp.com\/kirstengomez.es\/bodas\/wp-content\/uploads\/2015\/06\/jj-3.jpg?resize=300%2C200 300w, https:\/\/i0.wp.com\/kirstengomez.es\/bodas\/wp-content\/uploads\/2015\/06\/jj-3.jpg?resize=500%2C334 500w\" sizes=\"auto, (max-width: 700px) 100vw, 700px\" \/><br \/>\n<img data-recalc-dims=\"1\" loading=\"lazy\" decoding=\"async\" data-attachment-id=\"1202\" data-permalink=\"http:\/\/kirstengomez.es\/bodas\/?attachment_id=1202\" data-orig-file=\"https:\/\/i0.wp.com\/kirstengomez.es\/bodas\/wp-content\/uploads\/2015\/06\/jj-51.jpg?fit=700%2C467\" data-orig-size=\"700,467\" data-comments-opened=\"1\" data-image-meta=\"{&quot;aperture&quot;:&quot;22&quot;,&quot;credit&quot;:&quot;Kirsten G\\u00f3mez&quot;,&quot;camera&quot;:&quot;Canon EOS 5D Mark III&quot;,&quot;caption&quot;:&quot;&quot;,&quot;created_timestamp&quot;:&quot;1431285915&quot;,&quot;copyright&quot;:&quot;&quot;,&quot;focal_length&quot;:&quot;50&quot;,&quot;iso&quot;:&quot;125&quot;,&quot;shutter_speed&quot;:&quot;0.004&quot;,&quot;title&quot;:&quot;&quot;,&quot;orientation&quot;:&quot;1&quot;}\" data-image-title=\"J&amp;#038;J\" data-image-description=\"\" data-image-caption=\"\" data-large-file=\"https:\/\/i0.wp.com\/kirstengomez.es\/bodas\/wp-content\/uploads\/2015\/06\/jj-51.jpg?fit=700%2C467\" class=\"alignleft size-full wp-image-1202\" src=\"https:\/\/i0.wp.com\/kirstengomez.es\/bodas\/wp-content\/uploads\/2015\/06\/jj-51.jpg?resize=700%2C467\" alt=\"J&amp;J\" width=\"700\" height=\"467\" srcset=\"https:\/\/i0.wp.com\/kirstengomez.es\/bodas\/wp-content\/uploads\/2015\/06\/jj-51.jpg?w=700 700w, https:\/\/i0.wp.com\/kirstengomez.es\/bodas\/wp-content\/uploads\/2015\/06\/jj-51.jpg?resize=300%2C200 300w, https:\/\/i0.wp.com\/kirstengomez.es\/bodas\/wp-content\/uploads\/2015\/06\/jj-51.jpg?resize=500%2C334 500w\" sizes=\"auto, (max-width: 700px) 100vw, 700px\" \/><\/p>\n","protected":false},"excerpt":{"rendered":"<p>La pre boda de J &amp; J la hicimos en un mirador con vistas al \u00abEstany de Banyoles\u00bb y luego nos fuimos a una preciosa masia que se llama MAS ROCA. Realmente me sorprendieron los detalles que han preparado con tanto cari\u00f1o para el d\u00eda de la boda, \u00a1son una monada! Fue una sesi\u00f3n para&#8230;<\/p>\n","protected":false},"author":1,"featured_media":1186,"comment_status":"open","ping_status":"open","sticky":false,"template":"","format":"image","meta":{"jetpack_post_was_ever_published":false,"_jetpack_newsletter_access":"","_jetpack_dont_email_post_to_subs":false,"_jetpack_newsletter_tier_id":0,"_jetpack_memberships_contains_paywalled_content":false,"_jetpack_memberships_contains_paid_content":false,"footnotes":"","jetpack_publicize_message":"","jetpack_publicize_feature_enabled":true,"jetpack_social_post_already_shared":true,"jetpack_social_options":{"image_generator_settings":{"template":"highway","default_image_id":0,"font":"","enabled":false},"version":2}},"categories":[11],"tags":[3,5,35,12,22,49,4],"class_list":["post-1170","post","type-post","status-publish","format-image","has-post-thumbnail","hentry","category-fotografia","tag-boda","tag-casament","tag-enlace","tag-fotografia","tag-kirsten-gomez","tag-preboda","tag-wedding","post_format-post-format-image"],"jetpack_publicize_connections":[],"jetpack_featured_media_url":"https:\/\/i0.wp.com\/kirstengomez.es\/bodas\/wp-content\/uploads\/2015\/06\/jj-39.jpg?fit=700%2C467","jetpack_sharing_enabled":true,"jetpack_shortlink":"https:\/\/wp.me\/p5ZDAn-iS","_links":{"self":[{"href":"http:\/\/kirstengomez.es\/bodas\/index.php?rest_route=\/wp\/v2\/posts\/1170","targetHints":{"allow":["GET"]}}],"collection":[{"href":"http:\/\/kirstengomez.es\/bodas\/index.php?rest_route=\/wp\/v2\/posts"}],"about":[{"href":"http:\/\/kirstengomez.es\/bodas\/index.php?rest_route=\/wp\/v2\/types\/post"}],"author":[{"embeddable":true,"href":"http:\/\/kirstengomez.es\/bodas\/index.php?rest_route=\/wp\/v2\/users\/1"}],"replies":[{"embeddable":true,"href":"http:\/\/kirstengomez.es\/bodas\/index.php?rest_route=%2Fwp%2Fv2%2Fcomments&post=1170"}],"version-history":[{"count":9,"href":"http:\/\/kirstengomez.es\/bodas\/index.php?rest_route=\/wp\/v2\/posts\/1170\/revisions"}],"predecessor-version":[{"id":1205,"href":"http:\/\/kirstengomez.es\/bodas\/index.php?rest_route=\/wp\/v2\/posts\/1170\/revisions\/1205"}],"wp:featuredmedia":[{"embeddable":true,"href":"http:\/\/kirstengomez.es\/bodas\/index.php?rest_route=\/wp\/v2\/media\/1186"}],"wp:attachment":[{"href":"http:\/\/kirstengomez.es\/bodas\/index.php?rest_route=%2Fwp%2Fv2%2Fmedia&parent=1170"}],"wp:term":[{"taxonomy":"category","embeddable":true,"href":"http:\/\/kirstengomez.es\/bodas\/index.php?rest_route=%2Fwp%2Fv2%2Fcategories&post=1170"},{"taxonomy":"post_tag","embeddable":true,"href":"http:\/\/kirstengomez.es\/bodas\/index.php?rest_route=%2Fwp%2Fv2%2Ftags&post=1170"}],"curies":[{"name":"wp","href":"https:\/\/api.w.org\/{rel}","templated":true}]}}